{"id":10002,"date":"2026-08-31T20:20:53","date_gmt":"2026-08-31T23:20:53","guid":{"rendered":"https:\/\/diariodelsurdigital.com.ar\/?p=10002"},"modified":"2026-08-31T20:20:55","modified_gmt":"2026-08-31T23:20:55","slug":"nace-una-nueva-organizacion-en-el-peronismo-entrerriano","status":"publish","type":"post","link":"https:\/\/diariodelsurdigital.com.ar\/?p=10002","title":{"rendered":"Nace una nueva organizaci\u00f3n en el peronismo entrerriano"},"content":{"rendered":"\n<h2 class=\"wp-block-heading\">\u00a0<\/h2>\n\n\n\n<p class=\"wp-block-paragraph\">Se trata de un espacio integrado por personas provenientes de distintas experiencias y \u00e1mbitos de la comunidad: integrantes del Partido Justicialista de Paran\u00e1, profesionales y estudiantes vinculados a la salud mental, comunicadores y periodistas. \u201cPensar distinto y aun as\u00ed tener voluntad de ponernos de acuerdo en determinadas ideas tiene una potencia que entendemos vital para la \u00e9poca\u201d, dice el documento fundacional.\u00a0\u00a0 <\/p>\n\n\n\n<p class=\"wp-block-paragraph\">A las 20.30, hora exacta en aquel 31 de agosto de 1951 en que Eva Per\u00f3n renunci\u00f3 a acompa\u00f1ar a su esposo en la f\u00f3rmula, un nuevo espacio pol\u00edtico dentro del peronismo decidi\u00f3 colgar en sus redes la noticia. Es \u201cOrigen\u201d, una agrupaci\u00f3n pol\u00edtica que nace en Entre R\u00edos a partir de un proceso de encuentros entre militantes, dirigentes, profesionales y personas que, aun sin participar de estructuras partidarias, comparten el inter\u00e9s por involucrarse en la discusi\u00f3n sobre el presente y el futuro de la provincia.<\/p>\n\n\n\n<p class=\"wp-block-paragraph\">La dirigente peronista Stefan\u00eda Cora, una de las referentes del nuevo espacio, explic\u00f3 que la construcci\u00f3n surgi\u00f3 de un proceso de escucha que excedi\u00f3 los \u00e1mbitos tradicionales de la militancia.<\/p>\n\n\n\n<p class=\"wp-block-paragraph\">\u201cHay muchas ganas de ser parte, de pensar e imaginar el futuro. No solamente de comprender un presente que ya es un hecho, sino de preguntarnos c\u00f3mo entendemos los cambios de una sociedad siempre din\u00e1mica, pero atravesada tambi\u00e9n por mayores niveles de exclusi\u00f3n y concentraci\u00f3n de la riqueza\u201d, se\u00f1al\u00f3.<\/p>\n\n\n\n<p class=\"wp-block-paragraph\">En el anuncio se subray\u00f3 la idea de que Origen plantea \u201cla necesidad de volver a interpretar las transformaciones sociales, econ\u00f3micas, culturales y tecnol\u00f3gicas que modificaron profundamente la vida cotidiana, las formas de trabajar, estudiar, producir, comunicarse y participar\u201d.<\/p>\n\n\n\n<p class=\"wp-block-paragraph\">El documento pol\u00edtico, fundacional si se quiere al que tuvo acceso\u00a0<em>P\u00e1gina Pol\u00edtica<\/em>, fue elaborado colectivamente por la agrupaci\u00f3n. All\u00ed el espacio sostiene que \u201cla fidelidad al peronismo no consiste en inmovilizarlo, sino en mantener viva su capacidad creadora\u201d y propone pensar la pol\u00edtica desde Entre R\u00edos y para Entre R\u00edos, partiendo de la realidad concreta de sus comunidades.<\/p>\n\n\n\n<p class=\"wp-block-paragraph\">En Origen confluyen personas provenientes de distintas experiencias y \u00e1mbitos de la comunidad: integrantes del Partido Justicialista de Paran\u00e1, profesionales y estudiantes vinculados a la salud mental, comunicadores y periodistas, representantes de la cultura local, educadores, promotoras de los derechos de las mujeres, autoridades de comisiones vecinales, trabajadores municipales, emprendedoras y personas con experiencia en gesti\u00f3n y planificaci\u00f3n de pol\u00edticas p\u00fablicas.<\/p>\n\n\n\n<p class=\"wp-block-paragraph\">\u201cEsa diversidad, explican desde la agrupaci\u00f3n, no busca ser solamente una caracter\u00edstica de su composici\u00f3n, sino una forma de trabajo. El objetivo es poner en di\u00e1logo conocimientos, generaciones y experiencias diferentes para construir diagn\u00f3sticos y propuestas sobre problemas concretos de la provincia\u201d.<\/p>\n\n\n\n<p class=\"wp-block-paragraph\">\u201cLa riqueza del intercambio y la posibilidad de construir objetivos comunes ayudan a romper con la frustraci\u00f3n y con esa sensaci\u00f3n de que estamos solos frente a un futuro complejo. Pensar distinto y aun as\u00ed tener voluntad de ponernos de acuerdo en determinadas ideas tiene una potencia que entendemos vital para la \u00e9poca. No podemos descansar en que los acuerdos entre dirigentes, por s\u00ed solos, construyan consensos en la sociedad\u201d, sostuvo Cora, que supo tener un lugar relevante en La C\u00e1mpora en la provincia.&nbsp;<\/p>\n\n\n\n<p class=\"wp-block-paragraph\">Entre los temas que ya comenzaron a trabajar aparecen el endeudamiento de las familias, la situaci\u00f3n de las juventudes, la precarizaci\u00f3n laboral, la p\u00e9rdida de expectativas, la problem\u00e1tica del suicidio en Entre R\u00edos, entre otros.&nbsp;<\/p>\n\n\n\n<h2 class=\"wp-block-heading\">Punto de partida<\/h2>\n\n\n\n<p class=\"wp-block-paragraph\">Uno de los ejes centrales de Origen ser\u00e1 la construcci\u00f3n de una agenda pol\u00edtica provincial que coloque especialmente en valor a las comunidades y los gobiernos locales.<\/p>\n\n\n\n<p class=\"wp-block-paragraph\">La agrupaci\u00f3n parte de un diagn\u00f3stico: los municipios enfrentan demandas cada vez m\u00e1s complejas y asumen responsabilidades crecientes en un escenario marcado por restricciones econ\u00f3micas y por una discusi\u00f3n permanente sobre las responsabilidades, los recursos y la autonom\u00eda de los distintos niveles del Estado.<\/p>\n\n\n\n<p class=\"wp-block-paragraph\">\u201cEsto no pretende ser un punto de llegada. Queremos que sea el origen de una conversaci\u00f3n y, fundamentalmente, de una forma de hacer. Creemos que hay much\u00edsimas personas con ganas de participar, aportar, discutir y construir, aunque quiz\u00e1s ya no encuentren d\u00f3nde hacerlo. Origen tambi\u00e9n nace para abrir esa puerta\u201d, concluy\u00f3 Cora.<\/p>\n","protected":false},"excerpt":{"rendered":"<p>\u00a0 Se trata de un espacio integrado por personas provenientes de distintas experiencias y \u00e1mbitos de la comunidad: integrantes del Partido Justicialista de Paran\u00e1, profesionales y estudiantes vinculados a la salud mental, comunicadores y periodistas. \u201cPensar distinto y aun as\u00ed tener voluntad de ponernos de acuerdo en determinadas ideas tiene una potencia que entendemos vital [&hellip;]<\/p>\n","protected":false},"author":2,"featured_media":10003,"comment_status":"open","ping_status":"open","sticky":false,"template":"","format":"standard","meta":{"_jetpack_memberships_contains_paid_content":false,"footnotes":""},"categories":[22,17],"tags":[],"class_list":["post-10002","post","type-post","status-publish","format-standard","has-post-thumbnail","category-politica","category-provinciales"],"yoast_head":"<!-- This site is optimized with the Yoast SEO plugin v27.6 - https:\/\/yoast.com\/product\/yoast-seo-wordpress\/ -->\n<title>Nace una nueva organizaci\u00f3n en el peronismo entrerriano - Diario del Sur<\/title>\n<meta name=\"robots\" content=\"index, follow, max-snippet:-1, max-image-preview:large, max-video-preview:-1\" \/>\n<link rel=\"canonical\" href=\"https:\/\/diariodelsurdigital.com.ar\/?p=10002\" \/>\n<meta property=\"og:locale\" content=\"es_ES\" \/>\n<meta property=\"og:type\" content=\"article\" \/>\n<meta property=\"og:title\" content=\"Nace una nueva organizaci\u00f3n en el peronismo entrerriano - Diario del Sur\" \/>\n<meta property=\"og:description\" content=\"\u00a0 Se trata de un espacio integrado por personas provenientes de distintas experiencias y \u00e1mbitos de la comunidad: integrantes del Partido Justicialista de Paran\u00e1, profesionales y estudiantes vinculados a la salud mental, comunicadores y periodistas. \u201cPensar distinto y aun as\u00ed tener voluntad de ponernos de acuerdo en determinadas ideas tiene una potencia que entendemos vital [&hellip;]\" \/>\n<meta property=\"og:url\" content=\"https:\/\/diariodelsurdigital.com.ar\/?p=10002\" \/>\n<meta property=\"og:site_name\" content=\"Diario del Sur\" \/>\n<meta property=\"article:published_time\" content=\"2026-08-31T23:20:53+00:00\" \/>\n<meta property=\"article:modified_time\" content=\"2026-08-31T23:20:55+00:00\" \/>\n<meta property=\"og:image\" content=\"https:\/\/diariodelsurdigital.com.ar\/wp-content\/uploads\/2026\/08\/cora-plp.jpg\" \/>\n\t<meta property=\"og:image:width\" content=\"449\" \/>\n\t<meta property=\"og:image:height\" content=\"266\" \/>\n\t<meta property=\"og:image:type\" content=\"image\/jpeg\" \/>\n<meta name=\"author\" content=\"Diario del Sur Digital\" \/>\n<meta name=\"twitter:card\" content=\"summary_large_image\" \/>\n<meta name=\"twitter:label1\" content=\"Escrito por\" \/>\n\t<meta name=\"twitter:data1\" content=\"Diario del Sur Digital\" \/>\n\t<meta name=\"twitter:label2\" content=\"Tiempo de lectura\" \/>\n\t<meta name=\"twitter:data2\" content=\"4 minutos\" \/>\n<script type=\"application\/ld+json\" class=\"yoast-schema-graph\">{\"@context\":\"https:\\\/\\\/schema.org\",\"@graph\":[{\"@type\":\"Article\",\"@id\":\"https:\\\/\\\/diariodelsurdigital.com.ar\\\/?p=10002#article\",\"isPartOf\":{\"@id\":\"https:\\\/\\\/diariodelsurdigital.com.ar\\\/?p=10002\"},\"author\":{\"name\":\"Diario del Sur Digital\",\"@id\":\"https:\\\/\\\/diariodelsurdigital.com.ar\\\/#\\\/schema\\\/person\\\/6136a32571657f7dba980b88b04c5465\"},\"headline\":\"Nace una nueva organizaci\u00f3n en el peronismo entrerriano\",\"datePublished\":\"2026-08-31T23:20:53+00:00\",\"dateModified\":\"2026-08-31T23:20:55+00:00\",\"mainEntityOfPage\":{\"@id\":\"https:\\\/\\\/diariodelsurdigital.com.ar\\\/?p=10002\"},\"wordCount\":736,\"commentCount\":0,\"image\":{\"@id\":\"https:\\\/\\\/diariodelsurdigital.com.ar\\\/?p=10002#primaryimage\"},\"thumbnailUrl\":\"https:\\\/\\\/diariodelsurdigital.com.ar\\\/wp-content\\\/uploads\\\/2026\\\/08\\\/cora-plp.jpg\",\"articleSection\":[\"Pol\u00edtica\",\"Provinciales\"],\"inLanguage\":\"es\",\"potentialAction\":[{\"@type\":\"CommentAction\",\"name\":\"Comment\",\"target\":[\"https:\\\/\\\/diariodelsurdigital.com.ar\\\/?p=10002#respond\"]}]},{\"@type\":\"WebPage\",\"@id\":\"https:\\\/\\\/diariodelsurdigital.com.ar\\\/?p=10002\",\"url\":\"https:\\\/\\\/diariodelsurdigital.com.ar\\\/?p=10002\",\"name\":\"Nace una nueva organizaci\u00f3n en el peronismo entrerriano - Diario del Sur\",\"isPartOf\":{\"@id\":\"https:\\\/\\\/diariodelsurdigital.com.ar\\\/#website\"},\"primaryImageOfPage\":{\"@id\":\"https:\\\/\\\/diariodelsurdigital.com.ar\\\/?p=10002#primaryimage\"},\"image\":{\"@id\":\"https:\\\/\\\/diariodelsurdigital.com.ar\\\/?p=10002#primaryimage\"},\"thumbnailUrl\":\"https:\\\/\\\/diariodelsurdigital.com.ar\\\/wp-content\\\/uploads\\\/2026\\\/08\\\/cora-plp.jpg\",\"datePublished\":\"2026-08-31T23:20:53+00:00\",\"dateModified\":\"2026-08-31T23:20:55+00:00\",\"author\":{\"@id\":\"https:\\\/\\\/diariodelsurdigital.com.ar\\\/#\\\/schema\\\/person\\\/6136a32571657f7dba980b88b04c5465\"},\"breadcrumb\":{\"@id\":\"https:\\\/\\\/diariodelsurdigital.com.ar\\\/?p=10002#breadcrumb\"},\"inLanguage\":\"es\",\"potentialAction\":[{\"@type\":\"ReadAction\",\"target\":[\"https:\\\/\\\/diariodelsurdigital.com.ar\\\/?p=10002\"]}]},{\"@type\":\"ImageObject\",\"inLanguage\":\"es\",\"@id\":\"https:\\\/\\\/diariodelsurdigital.com.ar\\\/?p=10002#primaryimage\",\"url\":\"https:\\\/\\\/diariodelsurdigital.com.ar\\\/wp-content\\\/uploads\\\/2026\\\/08\\\/cora-plp.jpg\",\"contentUrl\":\"https:\\\/\\\/diariodelsurdigital.com.ar\\\/wp-content\\\/uploads\\\/2026\\\/08\\\/cora-plp.jpg\",\"width\":449,\"height\":266},{\"@type\":\"BreadcrumbList\",\"@id\":\"https:\\\/\\\/diariodelsurdigital.com.ar\\\/?p=10002#breadcrumb\",\"itemListElement\":[{\"@type\":\"ListItem\",\"position\":1,\"name\":\"Portada\",\"item\":\"https:\\\/\\\/diariodelsurdigital.com.ar\\\/\"},{\"@type\":\"ListItem\",\"position\":2,\"name\":\"Nace una nueva organizaci\u00f3n en el peronismo entrerriano\"}]},{\"@type\":\"WebSite\",\"@id\":\"https:\\\/\\\/diariodelsurdigital.com.ar\\\/#website\",\"url\":\"https:\\\/\\\/diariodelsurdigital.com.ar\\\/\",\"name\":\"Diario del Sur\",\"description\":\"Digital\",\"potentialAction\":[{\"@type\":\"SearchAction\",\"target\":{\"@type\":\"EntryPoint\",\"urlTemplate\":\"https:\\\/\\\/diariodelsurdigital.com.ar\\\/?s={search_term_string}\"},\"query-input\":{\"@type\":\"PropertyValueSpecification\",\"valueRequired\":true,\"valueName\":\"search_term_string\"}}],\"inLanguage\":\"es\"},{\"@type\":\"Person\",\"@id\":\"https:\\\/\\\/diariodelsurdigital.com.ar\\\/#\\\/schema\\\/person\\\/6136a32571657f7dba980b88b04c5465\",\"name\":\"Diario del Sur Digital\",\"image\":{\"@type\":\"ImageObject\",\"inLanguage\":\"es\",\"@id\":\"https:\\\/\\\/secure.gravatar.com\\\/avatar\\\/4c29ceac98541dd42460b2474aaa5dd37594d6ce6cb3cf2c101d09b48ee287ba?s=96&d=mm&r=g\",\"url\":\"https:\\\/\\\/secure.gravatar.com\\\/avatar\\\/4c29ceac98541dd42460b2474aaa5dd37594d6ce6cb3cf2c101d09b48ee287ba?s=96&d=mm&r=g\",\"contentUrl\":\"https:\\\/\\\/secure.gravatar.com\\\/avatar\\\/4c29ceac98541dd42460b2474aaa5dd37594d6ce6cb3cf2c101d09b48ee287ba?s=96&d=mm&r=g\",\"caption\":\"Diario del Sur Digital\"},\"url\":\"https:\\\/\\\/diariodelsurdigital.com.ar\\\/?author=2\"}]}<\/script>\n<!-- \/ Yoast SEO plugin. -->","yoast_head_json":{"title":"Nace una nueva organizaci\u00f3n en el peronismo entrerriano - Diario del Sur","robots":{"index":"index","follow":"follow","max-snippet":"max-snippet:-1","max-image-preview":"max-image-preview:large","max-video-preview":"max-video-preview:-1"},"canonical":"https:\/\/diariodelsurdigital.com.ar\/?p=10002","og_locale":"es_ES","og_type":"article","og_title":"Nace una nueva organizaci\u00f3n en el peronismo entrerriano - Diario del Sur","og_description":"\u00a0 Se trata de un espacio integrado por personas provenientes de distintas experiencias y \u00e1mbitos de la comunidad: integrantes del Partido Justicialista de Paran\u00e1, profesionales y estudiantes vinculados a la salud mental, comunicadores y periodistas. \u201cPensar distinto y aun as\u00ed tener voluntad de ponernos de acuerdo en determinadas ideas tiene una potencia que entendemos vital [&hellip;]","og_url":"https:\/\/diariodelsurdigital.com.ar\/?p=10002","og_site_name":"Diario del Sur","article_published_time":"2026-08-31T23:20:53+00:00","article_modified_time":"2026-08-31T23:20:55+00:00","og_image":[{"width":449,"height":266,"url":"https:\/\/diariodelsurdigital.com.ar\/wp-content\/uploads\/2026\/08\/cora-plp.jpg","type":"image\/jpeg"}],"author":"Diario del Sur Digital","twitter_card":"summary_large_image","twitter_misc":{"Escrito por":"Diario del Sur Digital","Tiempo de lectura":"4 minutos"},"schema":{"@context":"https:\/\/schema.org","@graph":[{"@type":"Article","@id":"https:\/\/diariodelsurdigital.com.ar\/?p=10002#article","isPartOf":{"@id":"https:\/\/diariodelsurdigital.com.ar\/?p=10002"},"author":{"name":"Diario del Sur Digital","@id":"https:\/\/diariodelsurdigital.com.ar\/#\/schema\/person\/6136a32571657f7dba980b88b04c5465"},"headline":"Nace una nueva organizaci\u00f3n en el peronismo entrerriano","datePublished":"2026-08-31T23:20:53+00:00","dateModified":"2026-08-31T23:20:55+00:00","mainEntityOfPage":{"@id":"https:\/\/diariodelsurdigital.com.ar\/?p=10002"},"wordCount":736,"commentCount":0,"image":{"@id":"https:\/\/diariodelsurdigital.com.ar\/?p=10002#primaryimage"},"thumbnailUrl":"https:\/\/diariodelsurdigital.com.ar\/wp-content\/uploads\/2026\/08\/cora-plp.jpg","articleSection":["Pol\u00edtica","Provinciales"],"inLanguage":"es","potentialAction":[{"@type":"CommentAction","name":"Comment","target":["https:\/\/diariodelsurdigital.com.ar\/?p=10002#respond"]}]},{"@type":"WebPage","@id":"https:\/\/diariodelsurdigital.com.ar\/?p=10002","url":"https:\/\/diariodelsurdigital.com.ar\/?p=10002","name":"Nace una nueva organizaci\u00f3n en el peronismo entrerriano - Diario del Sur","isPartOf":{"@id":"https:\/\/diariodelsurdigital.com.ar\/#website"},"primaryImageOfPage":{"@id":"https:\/\/diariodelsurdigital.com.ar\/?p=10002#primaryimage"},"image":{"@id":"https:\/\/diariodelsurdigital.com.ar\/?p=10002#primaryimage"},"thumbnailUrl":"https:\/\/diariodelsurdigital.com.ar\/wp-content\/uploads\/2026\/08\/cora-plp.jpg","datePublished":"2026-08-31T23:20:53+00:00","dateModified":"2026-08-31T23:20:55+00:00","author":{"@id":"https:\/\/diariodelsurdigital.com.ar\/#\/schema\/person\/6136a32571657f7dba980b88b04c5465"},"breadcrumb":{"@id":"https:\/\/diariodelsurdigital.com.ar\/?p=10002#breadcrumb"},"inLanguage":"es","potentialAction":[{"@type":"ReadAction","target":["https:\/\/diariodelsurdigital.com.ar\/?p=10002"]}]},{"@type":"ImageObject","inLanguage":"es","@id":"https:\/\/diariodelsurdigital.com.ar\/?p=10002#primaryimage","url":"https:\/\/diariodelsurdigital.com.ar\/wp-content\/uploads\/2026\/08\/cora-plp.jpg","contentUrl":"https:\/\/diariodelsurdigital.com.ar\/wp-content\/uploads\/2026\/08\/cora-plp.jpg","width":449,"height":266},{"@type":"BreadcrumbList","@id":"https:\/\/diariodelsurdigital.com.ar\/?p=10002#breadcrumb","itemListElement":[{"@type":"ListItem","position":1,"name":"Portada","item":"https:\/\/diariodelsurdigital.com.ar\/"},{"@type":"ListItem","position":2,"name":"Nace una nueva organizaci\u00f3n en el peronismo entrerriano"}]},{"@type":"WebSite","@id":"https:\/\/diariodelsurdigital.com.ar\/#website","url":"https:\/\/diariodelsurdigital.com.ar\/","name":"Diario del Sur","description":"Digital","potentialAction":[{"@type":"SearchAction","target":{"@type":"EntryPoint","urlTemplate":"https:\/\/diariodelsurdigital.com.ar\/?s={search_term_string}"},"query-input":{"@type":"PropertyValueSpecification","valueRequired":true,"valueName":"search_term_string"}}],"inLanguage":"es"},{"@type":"Person","@id":"https:\/\/diariodelsurdigital.com.ar\/#\/schema\/person\/6136a32571657f7dba980b88b04c5465","name":"Diario del Sur Digital","image":{"@type":"ImageObject","inLanguage":"es","@id":"https:\/\/secure.gravatar.com\/avatar\/4c29ceac98541dd42460b2474aaa5dd37594d6ce6cb3cf2c101d09b48ee287ba?s=96&d=mm&r=g","url":"https:\/\/secure.gravatar.com\/avatar\/4c29ceac98541dd42460b2474aaa5dd37594d6ce6cb3cf2c101d09b48ee287ba?s=96&d=mm&r=g","contentUrl":"https:\/\/secure.gravatar.com\/avatar\/4c29ceac98541dd42460b2474aaa5dd37594d6ce6cb3cf2c101d09b48ee287ba?s=96&d=mm&r=g","caption":"Diario del Sur Digital"},"url":"https:\/\/diariodelsurdigital.com.ar\/?author=2"}]}},"jetpack_featured_media_url":"https:\/\/diariodelsurdigital.com.ar\/wp-content\/uploads\/2026\/08\/cora-plp.jpg","jetpack_sharing_enabled":true,"_links":{"self":[{"href":"https:\/\/diariodelsurdigital.com.ar\/index.php?rest_route=\/wp\/v2\/posts\/10002","targetHints":{"allow":["GET"]}}],"collection":[{"href":"https:\/\/diariodelsurdigital.com.ar\/index.php?rest_route=\/wp\/v2\/posts"}],"about":[{"href":"https:\/\/diariodelsurdigital.com.ar\/index.php?rest_route=\/wp\/v2\/types\/post"}],"author":[{"embeddable":true,"href":"https:\/\/diariodelsurdigital.com.ar\/index.php?rest_route=\/wp\/v2\/users\/2"}],"replies":[{"embeddable":true,"href":"https:\/\/diariodelsurdigital.com.ar\/index.php?rest_route=%2Fwp%2Fv2%2Fcomments&post=10002"}],"version-history":[{"count":1,"href":"https:\/\/diariodelsurdigital.com.ar\/index.php?rest_route=\/wp\/v2\/posts\/10002\/revisions"}],"predecessor-version":[{"id":10004,"href":"https:\/\/diariodelsurdigital.com.ar\/index.php?rest_route=\/wp\/v2\/posts\/10002\/revisions\/10004"}],"wp:featuredmedia":[{"embeddable":true,"href":"https:\/\/diariodelsurdigital.com.ar\/index.php?rest_route=\/wp\/v2\/media\/10003"}],"wp:attachment":[{"href":"https:\/\/diariodelsurdigital.com.ar\/index.php?rest_route=%2Fwp%2Fv2%2Fmedia&parent=10002"}],"wp:term":[{"taxonomy":"category","embeddable":true,"href":"https:\/\/diariodelsurdigital.com.ar\/index.php?rest_route=%2Fwp%2Fv2%2Fcategories&post=10002"},{"taxonomy":"post_tag","embeddable":true,"href":"https:\/\/diariodelsurdigital.com.ar\/index.php?rest_route=%2Fwp%2Fv2%2Ftags&post=10002"}],"curies":[{"name":"wp","href":"https:\/\/api.w.org\/{rel}","templated":true}]}}