{"id":10006,"date":"2026-09-01T10:26:28","date_gmt":"2026-09-01T13:26:28","guid":{"rendered":"https:\/\/diariodelsurdigital.com.ar\/?p=10006"},"modified":"2026-09-01T10:26:30","modified_gmt":"2026-09-01T13:26:30","slug":"murio-un-bebe-de-dos-meses-en-el-hospital-de-concepcion-del-uruguay","status":"publish","type":"post","link":"https:\/\/diariodelsurdigital.com.ar\/?p=10006","title":{"rendered":"Muri\u00f3 un beb\u00e9 de dos meses en el hospital de Concepci\u00f3n del Uruguay"},"content":{"rendered":"\n<p class=\"wp-block-paragraph\">Su madre, de 19 a\u00f1os, lo llev\u00f3 de urgencia al ver que no reaccionaba. Sin embargo, al llegar, el peque\u00f1o ya no ten\u00eda signos vitales.<\/p>\n\n\n\n<p class=\"wp-block-paragraph\">Un beb\u00e9 de apenas dos meses muri\u00f3 en las \u00faltimas horas en Concepci\u00f3n del Uruguay, luego de que su madre, una joven de 19 a\u00f1os, lo trasladara de urgencia al Hospital Justo Jos\u00e9 de Urquiza al advertir que no reaccionaba.<\/p>\n\n\n\n<p class=\"wp-block-paragraph\">La mujer llev\u00f3 al peque\u00f1o inmediatamente hasta el centro asistencial. Sin embargo, al llegar, el beb\u00e9 ya no presentaba signos vitales y los profesionales m\u00e9dicos constataron su fallecimiento.<\/p>\n\n\n\n<p class=\"wp-block-paragraph\">Ante la situaci\u00f3n, se dio intervenci\u00f3n a la Polic\u00eda para realizar las actuaciones correspondientes. El procedimiento qued\u00f3 a cargo del personal de la Comisar\u00eda Tercera de Concepci\u00f3n del Uruguay.<\/p>\n\n\n\n<p class=\"wp-block-paragraph\">Las primeras informaciones apuntan a que podr\u00eda tratarse de un fallecimiento repentino, aunque las circunstancias y las causas de la muerte deber\u00e1n establecerse a partir de las diligencias correspondientes, public\u00f3 Ahora.<\/p>\n","protected":false},"excerpt":{"rendered":"<p>Su madre, de 19 a\u00f1os, lo llev\u00f3 de urgencia al ver que no reaccionaba. Sin embargo, al llegar, el peque\u00f1o ya no ten\u00eda signos vitales. Un beb\u00e9 de apenas dos meses muri\u00f3 en las \u00faltimas horas en Concepci\u00f3n del Uruguay, luego de que su madre, una joven de 19 a\u00f1os, lo trasladara de urgencia al [&hellip;]<\/p>\n","protected":false},"author":4,"featured_media":10007,"comment_status":"open","ping_status":"open","sticky":false,"template":"","format":"standard","meta":{"_jetpack_memberships_contains_paid_content":false,"footnotes":""},"categories":[19,17],"tags":[],"class_list":["post-10006","post","type-post","status-publish","format-standard","has-post-thumbnail","category-interes-general","category-provinciales"],"yoast_head":"<!-- This site is optimized with the Yoast SEO plugin v27.6 - https:\/\/yoast.com\/product\/yoast-seo-wordpress\/ -->\n<title>Muri\u00f3 un beb\u00e9 de dos meses en el hospital de Concepci\u00f3n del Uruguay - Diario del Sur<\/title>\n<meta name=\"robots\" content=\"index, follow, max-snippet:-1, max-image-preview:large, max-video-preview:-1\" \/>\n<link rel=\"canonical\" href=\"https:\/\/diariodelsurdigital.com.ar\/?p=10006\" \/>\n<meta property=\"og:locale\" content=\"es_ES\" \/>\n<meta property=\"og:type\" content=\"article\" \/>\n<meta property=\"og:title\" content=\"Muri\u00f3 un beb\u00e9 de dos meses en el hospital de Concepci\u00f3n del Uruguay - Diario del Sur\" \/>\n<meta property=\"og:description\" content=\"Su madre, de 19 a\u00f1os, lo llev\u00f3 de urgencia al ver que no reaccionaba. Sin embargo, al llegar, el peque\u00f1o ya no ten\u00eda signos vitales. Un beb\u00e9 de apenas dos meses muri\u00f3 en las \u00faltimas horas en Concepci\u00f3n del Uruguay, luego de que su madre, una joven de 19 a\u00f1os, lo trasladara de urgencia al [&hellip;]\" \/>\n<meta property=\"og:url\" content=\"https:\/\/diariodelsurdigital.com.ar\/?p=10006\" \/>\n<meta property=\"og:site_name\" content=\"Diario del Sur\" \/>\n<meta property=\"article:published_time\" content=\"2026-09-01T13:26:28+00:00\" \/>\n<meta property=\"article:modified_time\" content=\"2026-09-01T13:26:30+00:00\" \/>\n<meta property=\"og:image\" content=\"https:\/\/diariodelsurdigital.com.ar\/wp-content\/uploads\/2026\/09\/md-2026-09-01T102455.671.webp\" \/>\n\t<meta property=\"og:image:width\" content=\"992\" \/>\n\t<meta property=\"og:image:height\" content=\"661\" \/>\n\t<meta property=\"og:image:type\" content=\"image\/webp\" \/>\n<meta name=\"author\" content=\"Diario del Sur Digital\" \/>\n<meta name=\"twitter:card\" content=\"summary_large_image\" \/>\n<meta name=\"twitter:label1\" content=\"Escrito por\" \/>\n\t<meta name=\"twitter:data1\" content=\"Diario del Sur Digital\" \/>\n\t<meta name=\"twitter:label2\" content=\"Tiempo de lectura\" \/>\n\t<meta name=\"twitter:data2\" content=\"1 minuto\" \/>\n<script type=\"application\/ld+json\" class=\"yoast-schema-graph\">{\"@context\":\"https:\\\/\\\/schema.org\",\"@graph\":[{\"@type\":\"Article\",\"@id\":\"https:\\\/\\\/diariodelsurdigital.com.ar\\\/?p=10006#article\",\"isPartOf\":{\"@id\":\"https:\\\/\\\/diariodelsurdigital.com.ar\\\/?p=10006\"},\"author\":{\"name\":\"Diario del Sur Digital\",\"@id\":\"https:\\\/\\\/diariodelsurdigital.com.ar\\\/#\\\/schema\\\/person\\\/1a4992532ed62965c968031b49195c81\"},\"headline\":\"Muri\u00f3 un beb\u00e9 de dos meses en el hospital de Concepci\u00f3n del Uruguay\",\"datePublished\":\"2026-09-01T13:26:28+00:00\",\"dateModified\":\"2026-09-01T13:26:30+00:00\",\"mainEntityOfPage\":{\"@id\":\"https:\\\/\\\/diariodelsurdigital.com.ar\\\/?p=10006\"},\"wordCount\":179,\"commentCount\":0,\"image\":{\"@id\":\"https:\\\/\\\/diariodelsurdigital.com.ar\\\/?p=10006#primaryimage\"},\"thumbnailUrl\":\"https:\\\/\\\/diariodelsurdigital.com.ar\\\/wp-content\\\/uploads\\\/2026\\\/09\\\/md-2026-09-01T102455.671.webp\",\"articleSection\":[\"Inter\u00e9s General\",\"Provinciales\"],\"inLanguage\":\"es\",\"potentialAction\":[{\"@type\":\"CommentAction\",\"name\":\"Comment\",\"target\":[\"https:\\\/\\\/diariodelsurdigital.com.ar\\\/?p=10006#respond\"]}]},{\"@type\":\"WebPage\",\"@id\":\"https:\\\/\\\/diariodelsurdigital.com.ar\\\/?p=10006\",\"url\":\"https:\\\/\\\/diariodelsurdigital.com.ar\\\/?p=10006\",\"name\":\"Muri\u00f3 un beb\u00e9 de dos meses en el hospital de Concepci\u00f3n del Uruguay - Diario del Sur\",\"isPartOf\":{\"@id\":\"https:\\\/\\\/diariodelsurdigital.com.ar\\\/#website\"},\"primaryImageOfPage\":{\"@id\":\"https:\\\/\\\/diariodelsurdigital.com.ar\\\/?p=10006#primaryimage\"},\"image\":{\"@id\":\"https:\\\/\\\/diariodelsurdigital.com.ar\\\/?p=10006#primaryimage\"},\"thumbnailUrl\":\"https:\\\/\\\/diariodelsurdigital.com.ar\\\/wp-content\\\/uploads\\\/2026\\\/09\\\/md-2026-09-01T102455.671.webp\",\"datePublished\":\"2026-09-01T13:26:28+00:00\",\"dateModified\":\"2026-09-01T13:26:30+00:00\",\"author\":{\"@id\":\"https:\\\/\\\/diariodelsurdigital.com.ar\\\/#\\\/schema\\\/person\\\/1a4992532ed62965c968031b49195c81\"},\"breadcrumb\":{\"@id\":\"https:\\\/\\\/diariodelsurdigital.com.ar\\\/?p=10006#breadcrumb\"},\"inLanguage\":\"es\",\"potentialAction\":[{\"@type\":\"ReadAction\",\"target\":[\"https:\\\/\\\/diariodelsurdigital.com.ar\\\/?p=10006\"]}]},{\"@type\":\"ImageObject\",\"inLanguage\":\"es\",\"@id\":\"https:\\\/\\\/diariodelsurdigital.com.ar\\\/?p=10006#primaryimage\",\"url\":\"https:\\\/\\\/diariodelsurdigital.com.ar\\\/wp-content\\\/uploads\\\/2026\\\/09\\\/md-2026-09-01T102455.671.webp\",\"contentUrl\":\"https:\\\/\\\/diariodelsurdigital.com.ar\\\/wp-content\\\/uploads\\\/2026\\\/09\\\/md-2026-09-01T102455.671.webp\",\"width\":992,\"height\":661},{\"@type\":\"BreadcrumbList\",\"@id\":\"https:\\\/\\\/diariodelsurdigital.com.ar\\\/?p=10006#breadcrumb\",\"itemListElement\":[{\"@type\":\"ListItem\",\"position\":1,\"name\":\"Portada\",\"item\":\"https:\\\/\\\/diariodelsurdigital.com.ar\\\/\"},{\"@type\":\"ListItem\",\"position\":2,\"name\":\"Muri\u00f3 un beb\u00e9 de dos meses en el hospital de Concepci\u00f3n del Uruguay\"}]},{\"@type\":\"WebSite\",\"@id\":\"https:\\\/\\\/diariodelsurdigital.com.ar\\\/#website\",\"url\":\"https:\\\/\\\/diariodelsurdigital.com.ar\\\/\",\"name\":\"Diario del Sur\",\"description\":\"Digital\",\"potentialAction\":[{\"@type\":\"SearchAction\",\"target\":{\"@type\":\"EntryPoint\",\"urlTemplate\":\"https:\\\/\\\/diariodelsurdigital.com.ar\\\/?s={search_term_string}\"},\"query-input\":{\"@type\":\"PropertyValueSpecification\",\"valueRequired\":true,\"valueName\":\"search_term_string\"}}],\"inLanguage\":\"es\"},{\"@type\":\"Person\",\"@id\":\"https:\\\/\\\/diariodelsurdigital.com.ar\\\/#\\\/schema\\\/person\\\/1a4992532ed62965c968031b49195c81\",\"name\":\"Diario del Sur Digital\",\"image\":{\"@type\":\"ImageObject\",\"inLanguage\":\"es\",\"@id\":\"https:\\\/\\\/secure.gravatar.com\\\/avatar\\\/f0c7c47fc7146d19828273b9b8eda651c9c7ab583767e6338d3d3bee825adf76?s=96&d=mm&r=g\",\"url\":\"https:\\\/\\\/secure.gravatar.com\\\/avatar\\\/f0c7c47fc7146d19828273b9b8eda651c9c7ab583767e6338d3d3bee825adf76?s=96&d=mm&r=g\",\"contentUrl\":\"https:\\\/\\\/secure.gravatar.com\\\/avatar\\\/f0c7c47fc7146d19828273b9b8eda651c9c7ab583767e6338d3d3bee825adf76?s=96&d=mm&r=g\",\"caption\":\"Diario del Sur Digital\"},\"url\":\"https:\\\/\\\/diariodelsurdigital.com.ar\\\/?author=4\"}]}<\/script>\n<!-- \/ Yoast SEO plugin. -->","yoast_head_json":{"title":"Muri\u00f3 un beb\u00e9 de dos meses en el hospital de Concepci\u00f3n del Uruguay - Diario del Sur","robots":{"index":"index","follow":"follow","max-snippet":"max-snippet:-1","max-image-preview":"max-image-preview:large","max-video-preview":"max-video-preview:-1"},"canonical":"https:\/\/diariodelsurdigital.com.ar\/?p=10006","og_locale":"es_ES","og_type":"article","og_title":"Muri\u00f3 un beb\u00e9 de dos meses en el hospital de Concepci\u00f3n del Uruguay - Diario del Sur","og_description":"Su madre, de 19 a\u00f1os, lo llev\u00f3 de urgencia al ver que no reaccionaba. Sin embargo, al llegar, el peque\u00f1o ya no ten\u00eda signos vitales. Un beb\u00e9 de apenas dos meses muri\u00f3 en las \u00faltimas horas en Concepci\u00f3n del Uruguay, luego de que su madre, una joven de 19 a\u00f1os, lo trasladara de urgencia al [&hellip;]","og_url":"https:\/\/diariodelsurdigital.com.ar\/?p=10006","og_site_name":"Diario del Sur","article_published_time":"2026-09-01T13:26:28+00:00","article_modified_time":"2026-09-01T13:26:30+00:00","og_image":[{"width":992,"height":661,"url":"https:\/\/diariodelsurdigital.com.ar\/wp-content\/uploads\/2026\/09\/md-2026-09-01T102455.671.webp","type":"image\/webp"}],"author":"Diario del Sur Digital","twitter_card":"summary_large_image","twitter_misc":{"Escrito por":"Diario del Sur Digital","Tiempo de lectura":"1 minuto"},"schema":{"@context":"https:\/\/schema.org","@graph":[{"@type":"Article","@id":"https:\/\/diariodelsurdigital.com.ar\/?p=10006#article","isPartOf":{"@id":"https:\/\/diariodelsurdigital.com.ar\/?p=10006"},"author":{"name":"Diario del Sur Digital","@id":"https:\/\/diariodelsurdigital.com.ar\/#\/schema\/person\/1a4992532ed62965c968031b49195c81"},"headline":"Muri\u00f3 un beb\u00e9 de dos meses en el hospital de Concepci\u00f3n del Uruguay","datePublished":"2026-09-01T13:26:28+00:00","dateModified":"2026-09-01T13:26:30+00:00","mainEntityOfPage":{"@id":"https:\/\/diariodelsurdigital.com.ar\/?p=10006"},"wordCount":179,"commentCount":0,"image":{"@id":"https:\/\/diariodelsurdigital.com.ar\/?p=10006#primaryimage"},"thumbnailUrl":"https:\/\/diariodelsurdigital.com.ar\/wp-content\/uploads\/2026\/09\/md-2026-09-01T102455.671.webp","articleSection":["Inter\u00e9s General","Provinciales"],"inLanguage":"es","potentialAction":[{"@type":"CommentAction","name":"Comment","target":["https:\/\/diariodelsurdigital.com.ar\/?p=10006#respond"]}]},{"@type":"WebPage","@id":"https:\/\/diariodelsurdigital.com.ar\/?p=10006","url":"https:\/\/diariodelsurdigital.com.ar\/?p=10006","name":"Muri\u00f3 un beb\u00e9 de dos meses en el hospital de Concepci\u00f3n del Uruguay - Diario del Sur","isPartOf":{"@id":"https:\/\/diariodelsurdigital.com.ar\/#website"},"primaryImageOfPage":{"@id":"https:\/\/diariodelsurdigital.com.ar\/?p=10006#primaryimage"},"image":{"@id":"https:\/\/diariodelsurdigital.com.ar\/?p=10006#primaryimage"},"thumbnailUrl":"https:\/\/diariodelsurdigital.com.ar\/wp-content\/uploads\/2026\/09\/md-2026-09-01T102455.671.webp","datePublished":"2026-09-01T13:26:28+00:00","dateModified":"2026-09-01T13:26:30+00:00","author":{"@id":"https:\/\/diariodelsurdigital.com.ar\/#\/schema\/person\/1a4992532ed62965c968031b49195c81"},"breadcrumb":{"@id":"https:\/\/diariodelsurdigital.com.ar\/?p=10006#breadcrumb"},"inLanguage":"es","potentialAction":[{"@type":"ReadAction","target":["https:\/\/diariodelsurdigital.com.ar\/?p=10006"]}]},{"@type":"ImageObject","inLanguage":"es","@id":"https:\/\/diariodelsurdigital.com.ar\/?p=10006#primaryimage","url":"https:\/\/diariodelsurdigital.com.ar\/wp-content\/uploads\/2026\/09\/md-2026-09-01T102455.671.webp","contentUrl":"https:\/\/diariodelsurdigital.com.ar\/wp-content\/uploads\/2026\/09\/md-2026-09-01T102455.671.webp","width":992,"height":661},{"@type":"BreadcrumbList","@id":"https:\/\/diariodelsurdigital.com.ar\/?p=10006#breadcrumb","itemListElement":[{"@type":"ListItem","position":1,"name":"Portada","item":"https:\/\/diariodelsurdigital.com.ar\/"},{"@type":"ListItem","position":2,"name":"Muri\u00f3 un beb\u00e9 de dos meses en el hospital de Concepci\u00f3n del Uruguay"}]},{"@type":"WebSite","@id":"https:\/\/diariodelsurdigital.com.ar\/#website","url":"https:\/\/diariodelsurdigital.com.ar\/","name":"Diario del Sur","description":"Digital","potentialAction":[{"@type":"SearchAction","target":{"@type":"EntryPoint","urlTemplate":"https:\/\/diariodelsurdigital.com.ar\/?s={search_term_string}"},"query-input":{"@type":"PropertyValueSpecification","valueRequired":true,"valueName":"search_term_string"}}],"inLanguage":"es"},{"@type":"Person","@id":"https:\/\/diariodelsurdigital.com.ar\/#\/schema\/person\/1a4992532ed62965c968031b49195c81","name":"Diario del Sur Digital","image":{"@type":"ImageObject","inLanguage":"es","@id":"https:\/\/secure.gravatar.com\/avatar\/f0c7c47fc7146d19828273b9b8eda651c9c7ab583767e6338d3d3bee825adf76?s=96&d=mm&r=g","url":"https:\/\/secure.gravatar.com\/avatar\/f0c7c47fc7146d19828273b9b8eda651c9c7ab583767e6338d3d3bee825adf76?s=96&d=mm&r=g","contentUrl":"https:\/\/secure.gravatar.com\/avatar\/f0c7c47fc7146d19828273b9b8eda651c9c7ab583767e6338d3d3bee825adf76?s=96&d=mm&r=g","caption":"Diario del Sur Digital"},"url":"https:\/\/diariodelsurdigital.com.ar\/?author=4"}]}},"jetpack_featured_media_url":"https:\/\/diariodelsurdigital.com.ar\/wp-content\/uploads\/2026\/09\/md-2026-09-01T102455.671.webp","jetpack_sharing_enabled":true,"_links":{"self":[{"href":"https:\/\/diariodelsurdigital.com.ar\/index.php?rest_route=\/wp\/v2\/posts\/10006","targetHints":{"allow":["GET"]}}],"collection":[{"href":"https:\/\/diariodelsurdigital.com.ar\/index.php?rest_route=\/wp\/v2\/posts"}],"about":[{"href":"https:\/\/diariodelsurdigital.com.ar\/index.php?rest_route=\/wp\/v2\/types\/post"}],"author":[{"embeddable":true,"href":"https:\/\/diariodelsurdigital.com.ar\/index.php?rest_route=\/wp\/v2\/users\/4"}],"replies":[{"embeddable":true,"href":"https:\/\/diariodelsurdigital.com.ar\/index.php?rest_route=%2Fwp%2Fv2%2Fcomments&post=10006"}],"version-history":[{"count":1,"href":"https:\/\/diariodelsurdigital.com.ar\/index.php?rest_route=\/wp\/v2\/posts\/10006\/revisions"}],"predecessor-version":[{"id":10008,"href":"https:\/\/diariodelsurdigital.com.ar\/index.php?rest_route=\/wp\/v2\/posts\/10006\/revisions\/10008"}],"wp:featuredmedia":[{"embeddable":true,"href":"https:\/\/diariodelsurdigital.com.ar\/index.php?rest_route=\/wp\/v2\/media\/10007"}],"wp:attachment":[{"href":"https:\/\/diariodelsurdigital.com.ar\/index.php?rest_route=%2Fwp%2Fv2%2Fmedia&parent=10006"}],"wp:term":[{"taxonomy":"category","embeddable":true,"href":"https:\/\/diariodelsurdigital.com.ar\/index.php?rest_route=%2Fwp%2Fv2%2Fcategories&post=10006"},{"taxonomy":"post_tag","embeddable":true,"href":"https:\/\/diariodelsurdigital.com.ar\/index.php?rest_route=%2Fwp%2Fv2%2Ftags&post=10006"}],"curies":[{"name":"wp","href":"https:\/\/api.w.org\/{rel}","templated":true}]}}