{"id":10010,"date":"2026-09-01T10:29:58","date_gmt":"2026-09-01T13:29:58","guid":{"rendered":"https:\/\/diariodelsurdigital.com.ar\/?p=10010"},"modified":"2026-09-01T10:29:59","modified_gmt":"2026-09-01T13:29:59","slug":"nuevos-detalles-de-la-llegada-del-papa-la-misa-central-sera-en-el-monumento-a-los-espanoles-y-se-confirmo-la-visita-al-penal-de-devoto","status":"publish","type":"post","link":"https:\/\/diariodelsurdigital.com.ar\/?p=10010","title":{"rendered":"Nuevos detalles de la llegada del Papa: la misa central ser\u00e1 en el Monumento a los Espa\u00f1oles y se confirm\u00f3 la visita al penal de Devoto"},"content":{"rendered":"\n<p class=\"wp-block-paragraph\">El arzobispo porte\u00f1o confirm\u00f3 que el barrio de Palermo albergar\u00e1 dos de los actos m\u00e1s convocantes de la visita pontificia, descartando estadios que hubieran limitado la concurrencia a decenas de miles de personas.<\/p>\n\n\n\n<p class=\"wp-block-paragraph\"><\/p>\n\n\n\n<p class=\"wp-block-paragraph\">La misa central de la visita del papa Le\u00f3n XIV a Buenos Aires se celebrar\u00e1 en el Monumento a los Espa\u00f1oles, en el barrio porte\u00f1o de Palermo, y el mismo espacio albergar\u00e1 tambi\u00e9n el encuentro con los j\u00f3venes, seg\u00fan confirm\u00f3 el arzobispo de Buenos Aires, Jorge Garc\u00eda Cuerva, en una entrevista concedida al periodista Eduardo Feinmann en Radio Mitre.<\/p>\n\n\n\n<p class=\"wp-block-paragraph\">La decisi\u00f3n descarta definitivamente el uso de estadios cerrados y apunta a un criterio de masividad y austeridad.<\/p>\n\n\n\n<p class=\"wp-block-paragraph\">Garc\u00eda Cuerva explic\u00f3 que la elecci\u00f3n del espacio abierto responde a la experiencia de otras visitas papales: en Madrid, un evento similar convoc\u00f3 a casi 600.000 j\u00f3venes en un lugar sin aforo. \u201c\u00bfC\u00f3mo explic\u00e1bamos a todos los que no pod\u00edan entrar?\u201d, plante\u00f3 el arzobispo para justificar el rechazo a recintos como estadios de f\u00fatbol, que limitan la capacidad a entre 60.000 y 70.000 personas.<\/p>\n\n\n\n<p class=\"wp-block-paragraph\">El escenario mirar\u00eda hacia la calle Olleros, con reutilizaci\u00f3n de la estructura ya instalada<\/p>\n\n\n\n<p class=\"wp-block-paragraph\">Seg\u00fan adelant\u00f3 Garc\u00eda Cuerva, los escenarios estar\u00edan orientados hacia el norte, en direcci\u00f3n a la calle Olleros, aunque aclar\u00f3 que a\u00fan restan precisiones. El arzobispo tambi\u00e9n subray\u00f3 que utilizar el mismo lugar para la misa y el encuentro juvenil env\u00eda \u201cun mensaje claro de austeridad\u201d: evitar\u00eda montar una segunda estructura con pantallas, sonido y escenograf\u00eda adicional. Los costos de la infraestructura en la Ciudad de Buenos Aires estar\u00e1n a cargo del Gobierno nacional y del gobierno de la ciudad.<\/p>\n\n\n\n<p class=\"wp-block-paragraph\">El programa incluye el Cotolengo de Claypole, la c\u00e1rcel de Devoto y el Palacio San Mart\u00edn<\/p>\n\n\n\n<p class=\"wp-block-paragraph\">El itinerario previsto \u2014sujeto a confirmaci\u00f3n final de la Santa Sede\u2014 contempla que la primera actividad del lunes sea una visita al Cotolengo de Claypole. El mi\u00e9rcoles, antes de la Bas\u00edlica de Luj\u00e1n, el Papa recorrer\u00eda la c\u00e1rcel de Devoto; la visita a ese penal ya fue incluida en la agenda de la avanzada vaticana anterior y ser\u00e1 relevada nuevamente el d\u00eda siguiente a la entrevista.<\/p>\n\n\n\n<p class=\"wp-block-paragraph\">Para el Palacio San Mart\u00edn est\u00e1 previsto un encuentro ecum\u00e9nico interreligioso, mientras que en la Plaza San Mart\u00edn el Papa, en su car\u00e1cter de jefe de Estado, rendir\u00e1 homenaje al general Jos\u00e9 de San Mart\u00edn.<\/p>\n\n\n\n<p class=\"wp-block-paragraph\">Garc\u00eda Cuerva es delegado pontificio de la pastoral carcelaria<\/p>\n\n\n\n<p class=\"wp-block-paragraph\">El arzobispo porte\u00f1o tiene un cargo internacional en esa materia, conferido por el propio Le\u00f3n XIV. Record\u00f3 que el Papa visit\u00f3 una c\u00e1rcel en Barcelona y otra durante su viaje a \u00c1frica, en Guinea Ecuatorial, lo que da cuenta de la relevancia que el pont\u00edfice otorga a esa pastoral. La visita a Devoto se inscribe en esa l\u00ednea.<\/p>\n\n\n\n<p class=\"wp-block-paragraph\">La delegaci\u00f3n vaticana que coordina los preparativos est\u00e1 dirigida por monse\u00f1or Salas, sacerdote mexicano con experiencia en viajes apost\u00f3licos, que trabaja en la Secretar\u00eda de Estado del Vaticano. El grupo, m\u00e1s amplio que el que visit\u00f3 el pa\u00eds a fines de junio, incluye personal de la Guardia Suiza y de la Gendarmer\u00eda Italiana.<\/p>\n\n\n\n<p class=\"wp-block-paragraph\">En materia de seguridad, Garc\u00eda Cuerva destac\u00f3 la articulaci\u00f3n entre el Gobierno nacional, la provincia de Buenos Aires, la Ciudad y C\u00f3rdoba, coordinada por la ministra Monteoliva. \u201cLa visita del Santo Padre ya est\u00e1 generando buenos frutos porque nos est\u00e1 sentando en una misma mesa\u201d, se\u00f1al\u00f3. Habr\u00eda dos Papam\u00f3viles \u2014uno para Buenos Aires y otro para C\u00f3rdoba\u2014, ambos provistos por Toyota; la confirmaci\u00f3n final de los veh\u00edculos estaba prevista para esa misma tarde.<\/p>\n\n\n\n<p class=\"wp-block-paragraph\">Quedan 68 d\u00edas y el programa a\u00fan puede tener modificaciones<\/p>\n\n\n\n<p class=\"wp-block-paragraph\">El Papa permanecer\u00e1 en el pa\u00eds del 8 al 11 de noviembre, con paradas en Buenos Aires, C\u00f3rdoba y Luj\u00e1n. Garc\u00eda Cuerva reconoci\u00f3 sentirse \u201cmuy nervioso\u201d por la responsabilidad que implica la organizaci\u00f3n y advirti\u00f3 que, pese al avance de las definiciones, la \u00faltima palabra sobre el itinerario la tiene la Santa Sede, public\u00f3 InfoBae.<\/p>\n\n\n\n<p class=\"wp-block-paragraph\">La propuesta del dirigente social Juan Grabois de incluir una asamblea con cartoneros no fue considerada en las reuniones de trabajo, seg\u00fan indic\u00f3 el arzobispo.<\/p>\n","protected":false},"excerpt":{"rendered":"<p>El arzobispo porte\u00f1o confirm\u00f3 que el barrio de Palermo albergar\u00e1 dos de los actos m\u00e1s convocantes de la visita pontificia, descartando estadios que hubieran limitado la concurrencia a decenas de miles de personas. La misa central de la visita del papa Le\u00f3n XIV a Buenos Aires se celebrar\u00e1 en el Monumento a los Espa\u00f1oles, en [&hellip;]<\/p>\n","protected":false},"author":4,"featured_media":10011,"comment_status":"open","ping_status":"open","sticky":false,"template":"","format":"standard","meta":{"_jetpack_memberships_contains_paid_content":false,"footnotes":""},"categories":[19,18],"tags":[],"class_list":["post-10010","post","type-post","status-publish","format-standard","has-post-thumbnail","category-interes-general","category-nacionales"],"yoast_head":"<!-- This site is optimized with the Yoast SEO plugin v27.6 - https:\/\/yoast.com\/product\/yoast-seo-wordpress\/ -->\n<title>Nuevos detalles de la llegada del Papa: la misa central ser\u00e1 en el Monumento a los Espa\u00f1oles y se confirm\u00f3 la visita al penal de Devoto - Diario del Sur<\/title>\n<meta name=\"robots\" content=\"index, follow, max-snippet:-1, max-image-preview:large, max-video-preview:-1\" \/>\n<link rel=\"canonical\" href=\"https:\/\/diariodelsurdigital.com.ar\/?p=10010\" \/>\n<meta property=\"og:locale\" content=\"es_ES\" \/>\n<meta property=\"og:type\" content=\"article\" \/>\n<meta property=\"og:title\" content=\"Nuevos detalles de la llegada del Papa: la misa central ser\u00e1 en el Monumento a los Espa\u00f1oles y se confirm\u00f3 la visita al penal de Devoto - Diario del Sur\" \/>\n<meta property=\"og:description\" content=\"El arzobispo porte\u00f1o confirm\u00f3 que el barrio de Palermo albergar\u00e1 dos de los actos m\u00e1s convocantes de la visita pontificia, descartando estadios que hubieran limitado la concurrencia a decenas de miles de personas. La misa central de la visita del papa Le\u00f3n XIV a Buenos Aires se celebrar\u00e1 en el Monumento a los Espa\u00f1oles, en [&hellip;]\" \/>\n<meta property=\"og:url\" content=\"https:\/\/diariodelsurdigital.com.ar\/?p=10010\" \/>\n<meta property=\"og:site_name\" content=\"Diario del Sur\" \/>\n<meta property=\"article:published_time\" content=\"2026-09-01T13:29:58+00:00\" \/>\n<meta property=\"article:modified_time\" content=\"2026-09-01T13:29:59+00:00\" \/>\n<meta property=\"og:image\" content=\"https:\/\/diariodelsurdigital.com.ar\/wp-content\/uploads\/2026\/09\/md-2026-09-01T102811.790.webp\" \/>\n\t<meta property=\"og:image:width\" content=\"992\" \/>\n\t<meta property=\"og:image:height\" content=\"674\" \/>\n\t<meta property=\"og:image:type\" content=\"image\/webp\" \/>\n<meta name=\"author\" content=\"Diario del Sur Digital\" \/>\n<meta name=\"twitter:card\" content=\"summary_large_image\" \/>\n<meta name=\"twitter:label1\" content=\"Escrito por\" \/>\n\t<meta name=\"twitter:data1\" content=\"Diario del Sur Digital\" \/>\n\t<meta name=\"twitter:label2\" content=\"Tiempo de lectura\" \/>\n\t<meta name=\"twitter:data2\" content=\"4 minutos\" \/>\n<script type=\"application\/ld+json\" class=\"yoast-schema-graph\">{\"@context\":\"https:\\\/\\\/schema.org\",\"@graph\":[{\"@type\":\"Article\",\"@id\":\"https:\\\/\\\/diariodelsurdigital.com.ar\\\/?p=10010#article\",\"isPartOf\":{\"@id\":\"https:\\\/\\\/diariodelsurdigital.com.ar\\\/?p=10010\"},\"author\":{\"name\":\"Diario del Sur Digital\",\"@id\":\"https:\\\/\\\/diariodelsurdigital.com.ar\\\/#\\\/schema\\\/person\\\/1a4992532ed62965c968031b49195c81\"},\"headline\":\"Nuevos detalles de la llegada del Papa: la misa central ser\u00e1 en el Monumento a los Espa\u00f1oles y se confirm\u00f3 la visita al penal de Devoto\",\"datePublished\":\"2026-09-01T13:29:58+00:00\",\"dateModified\":\"2026-09-01T13:29:59+00:00\",\"mainEntityOfPage\":{\"@id\":\"https:\\\/\\\/diariodelsurdigital.com.ar\\\/?p=10010\"},\"wordCount\":761,\"commentCount\":0,\"image\":{\"@id\":\"https:\\\/\\\/diariodelsurdigital.com.ar\\\/?p=10010#primaryimage\"},\"thumbnailUrl\":\"https:\\\/\\\/diariodelsurdigital.com.ar\\\/wp-content\\\/uploads\\\/2026\\\/09\\\/md-2026-09-01T102811.790.webp\",\"articleSection\":[\"Inter\u00e9s General\",\"Nacionales\"],\"inLanguage\":\"es\",\"potentialAction\":[{\"@type\":\"CommentAction\",\"name\":\"Comment\",\"target\":[\"https:\\\/\\\/diariodelsurdigital.com.ar\\\/?p=10010#respond\"]}]},{\"@type\":\"WebPage\",\"@id\":\"https:\\\/\\\/diariodelsurdigital.com.ar\\\/?p=10010\",\"url\":\"https:\\\/\\\/diariodelsurdigital.com.ar\\\/?p=10010\",\"name\":\"Nuevos detalles de la llegada del Papa: la misa central ser\u00e1 en el Monumento a los Espa\u00f1oles y se confirm\u00f3 la visita al penal de Devoto - Diario del Sur\",\"isPartOf\":{\"@id\":\"https:\\\/\\\/diariodelsurdigital.com.ar\\\/#website\"},\"primaryImageOfPage\":{\"@id\":\"https:\\\/\\\/diariodelsurdigital.com.ar\\\/?p=10010#primaryimage\"},\"image\":{\"@id\":\"https:\\\/\\\/diariodelsurdigital.com.ar\\\/?p=10010#primaryimage\"},\"thumbnailUrl\":\"https:\\\/\\\/diariodelsurdigital.com.ar\\\/wp-content\\\/uploads\\\/2026\\\/09\\\/md-2026-09-01T102811.790.webp\",\"datePublished\":\"2026-09-01T13:29:58+00:00\",\"dateModified\":\"2026-09-01T13:29:59+00:00\",\"author\":{\"@id\":\"https:\\\/\\\/diariodelsurdigital.com.ar\\\/#\\\/schema\\\/person\\\/1a4992532ed62965c968031b49195c81\"},\"breadcrumb\":{\"@id\":\"https:\\\/\\\/diariodelsurdigital.com.ar\\\/?p=10010#breadcrumb\"},\"inLanguage\":\"es\",\"potentialAction\":[{\"@type\":\"ReadAction\",\"target\":[\"https:\\\/\\\/diariodelsurdigital.com.ar\\\/?p=10010\"]}]},{\"@type\":\"ImageObject\",\"inLanguage\":\"es\",\"@id\":\"https:\\\/\\\/diariodelsurdigital.com.ar\\\/?p=10010#primaryimage\",\"url\":\"https:\\\/\\\/diariodelsurdigital.com.ar\\\/wp-content\\\/uploads\\\/2026\\\/09\\\/md-2026-09-01T102811.790.webp\",\"contentUrl\":\"https:\\\/\\\/diariodelsurdigital.com.ar\\\/wp-content\\\/uploads\\\/2026\\\/09\\\/md-2026-09-01T102811.790.webp\",\"width\":992,\"height\":674},{\"@type\":\"BreadcrumbList\",\"@id\":\"https:\\\/\\\/diariodelsurdigital.com.ar\\\/?p=10010#breadcrumb\",\"itemListElement\":[{\"@type\":\"ListItem\",\"position\":1,\"name\":\"Portada\",\"item\":\"https:\\\/\\\/diariodelsurdigital.com.ar\\\/\"},{\"@type\":\"ListItem\",\"position\":2,\"name\":\"Nuevos detalles de la llegada del Papa: la misa central ser\u00e1 en el Monumento a los Espa\u00f1oles y se confirm\u00f3 la visita al penal de Devoto\"}]},{\"@type\":\"WebSite\",\"@id\":\"https:\\\/\\\/diariodelsurdigital.com.ar\\\/#website\",\"url\":\"https:\\\/\\\/diariodelsurdigital.com.ar\\\/\",\"name\":\"Diario del Sur\",\"description\":\"Digital\",\"potentialAction\":[{\"@type\":\"SearchAction\",\"target\":{\"@type\":\"EntryPoint\",\"urlTemplate\":\"https:\\\/\\\/diariodelsurdigital.com.ar\\\/?s={search_term_string}\"},\"query-input\":{\"@type\":\"PropertyValueSpecification\",\"valueRequired\":true,\"valueName\":\"search_term_string\"}}],\"inLanguage\":\"es\"},{\"@type\":\"Person\",\"@id\":\"https:\\\/\\\/diariodelsurdigital.com.ar\\\/#\\\/schema\\\/person\\\/1a4992532ed62965c968031b49195c81\",\"name\":\"Diario del Sur Digital\",\"image\":{\"@type\":\"ImageObject\",\"inLanguage\":\"es\",\"@id\":\"https:\\\/\\\/secure.gravatar.com\\\/avatar\\\/f0c7c47fc7146d19828273b9b8eda651c9c7ab583767e6338d3d3bee825adf76?s=96&d=mm&r=g\",\"url\":\"https:\\\/\\\/secure.gravatar.com\\\/avatar\\\/f0c7c47fc7146d19828273b9b8eda651c9c7ab583767e6338d3d3bee825adf76?s=96&d=mm&r=g\",\"contentUrl\":\"https:\\\/\\\/secure.gravatar.com\\\/avatar\\\/f0c7c47fc7146d19828273b9b8eda651c9c7ab583767e6338d3d3bee825adf76?s=96&d=mm&r=g\",\"caption\":\"Diario del Sur Digital\"},\"url\":\"https:\\\/\\\/diariodelsurdigital.com.ar\\\/?author=4\"}]}<\/script>\n<!-- \/ Yoast SEO plugin. -->","yoast_head_json":{"title":"Nuevos detalles de la llegada del Papa: la misa central ser\u00e1 en el Monumento a los Espa\u00f1oles y se confirm\u00f3 la visita al penal de Devoto - Diario del Sur","robots":{"index":"index","follow":"follow","max-snippet":"max-snippet:-1","max-image-preview":"max-image-preview:large","max-video-preview":"max-video-preview:-1"},"canonical":"https:\/\/diariodelsurdigital.com.ar\/?p=10010","og_locale":"es_ES","og_type":"article","og_title":"Nuevos detalles de la llegada del Papa: la misa central ser\u00e1 en el Monumento a los Espa\u00f1oles y se confirm\u00f3 la visita al penal de Devoto - Diario del Sur","og_description":"El arzobispo porte\u00f1o confirm\u00f3 que el barrio de Palermo albergar\u00e1 dos de los actos m\u00e1s convocantes de la visita pontificia, descartando estadios que hubieran limitado la concurrencia a decenas de miles de personas. La misa central de la visita del papa Le\u00f3n XIV a Buenos Aires se celebrar\u00e1 en el Monumento a los Espa\u00f1oles, en [&hellip;]","og_url":"https:\/\/diariodelsurdigital.com.ar\/?p=10010","og_site_name":"Diario del Sur","article_published_time":"2026-09-01T13:29:58+00:00","article_modified_time":"2026-09-01T13:29:59+00:00","og_image":[{"width":992,"height":674,"url":"https:\/\/diariodelsurdigital.com.ar\/wp-content\/uploads\/2026\/09\/md-2026-09-01T102811.790.webp","type":"image\/webp"}],"author":"Diario del Sur Digital","twitter_card":"summary_large_image","twitter_misc":{"Escrito por":"Diario del Sur Digital","Tiempo de lectura":"4 minutos"},"schema":{"@context":"https:\/\/schema.org","@graph":[{"@type":"Article","@id":"https:\/\/diariodelsurdigital.com.ar\/?p=10010#article","isPartOf":{"@id":"https:\/\/diariodelsurdigital.com.ar\/?p=10010"},"author":{"name":"Diario del Sur Digital","@id":"https:\/\/diariodelsurdigital.com.ar\/#\/schema\/person\/1a4992532ed62965c968031b49195c81"},"headline":"Nuevos detalles de la llegada del Papa: la misa central ser\u00e1 en el Monumento a los Espa\u00f1oles y se confirm\u00f3 la visita al penal de Devoto","datePublished":"2026-09-01T13:29:58+00:00","dateModified":"2026-09-01T13:29:59+00:00","mainEntityOfPage":{"@id":"https:\/\/diariodelsurdigital.com.ar\/?p=10010"},"wordCount":761,"commentCount":0,"image":{"@id":"https:\/\/diariodelsurdigital.com.ar\/?p=10010#primaryimage"},"thumbnailUrl":"https:\/\/diariodelsurdigital.com.ar\/wp-content\/uploads\/2026\/09\/md-2026-09-01T102811.790.webp","articleSection":["Inter\u00e9s General","Nacionales"],"inLanguage":"es","potentialAction":[{"@type":"CommentAction","name":"Comment","target":["https:\/\/diariodelsurdigital.com.ar\/?p=10010#respond"]}]},{"@type":"WebPage","@id":"https:\/\/diariodelsurdigital.com.ar\/?p=10010","url":"https:\/\/diariodelsurdigital.com.ar\/?p=10010","name":"Nuevos detalles de la llegada del Papa: la misa central ser\u00e1 en el Monumento a los Espa\u00f1oles y se confirm\u00f3 la visita al penal de Devoto - Diario del Sur","isPartOf":{"@id":"https:\/\/diariodelsurdigital.com.ar\/#website"},"primaryImageOfPage":{"@id":"https:\/\/diariodelsurdigital.com.ar\/?p=10010#primaryimage"},"image":{"@id":"https:\/\/diariodelsurdigital.com.ar\/?p=10010#primaryimage"},"thumbnailUrl":"https:\/\/diariodelsurdigital.com.ar\/wp-content\/uploads\/2026\/09\/md-2026-09-01T102811.790.webp","datePublished":"2026-09-01T13:29:58+00:00","dateModified":"2026-09-01T13:29:59+00:00","author":{"@id":"https:\/\/diariodelsurdigital.com.ar\/#\/schema\/person\/1a4992532ed62965c968031b49195c81"},"breadcrumb":{"@id":"https:\/\/diariodelsurdigital.com.ar\/?p=10010#breadcrumb"},"inLanguage":"es","potentialAction":[{"@type":"ReadAction","target":["https:\/\/diariodelsurdigital.com.ar\/?p=10010"]}]},{"@type":"ImageObject","inLanguage":"es","@id":"https:\/\/diariodelsurdigital.com.ar\/?p=10010#primaryimage","url":"https:\/\/diariodelsurdigital.com.ar\/wp-content\/uploads\/2026\/09\/md-2026-09-01T102811.790.webp","contentUrl":"https:\/\/diariodelsurdigital.com.ar\/wp-content\/uploads\/2026\/09\/md-2026-09-01T102811.790.webp","width":992,"height":674},{"@type":"BreadcrumbList","@id":"https:\/\/diariodelsurdigital.com.ar\/?p=10010#breadcrumb","itemListElement":[{"@type":"ListItem","position":1,"name":"Portada","item":"https:\/\/diariodelsurdigital.com.ar\/"},{"@type":"ListItem","position":2,"name":"Nuevos detalles de la llegada del Papa: la misa central ser\u00e1 en el Monumento a los Espa\u00f1oles y se confirm\u00f3 la visita al penal de Devoto"}]},{"@type":"WebSite","@id":"https:\/\/diariodelsurdigital.com.ar\/#website","url":"https:\/\/diariodelsurdigital.com.ar\/","name":"Diario del Sur","description":"Digital","potentialAction":[{"@type":"SearchAction","target":{"@type":"EntryPoint","urlTemplate":"https:\/\/diariodelsurdigital.com.ar\/?s={search_term_string}"},"query-input":{"@type":"PropertyValueSpecification","valueRequired":true,"valueName":"search_term_string"}}],"inLanguage":"es"},{"@type":"Person","@id":"https:\/\/diariodelsurdigital.com.ar\/#\/schema\/person\/1a4992532ed62965c968031b49195c81","name":"Diario del Sur Digital","image":{"@type":"ImageObject","inLanguage":"es","@id":"https:\/\/secure.gravatar.com\/avatar\/f0c7c47fc7146d19828273b9b8eda651c9c7ab583767e6338d3d3bee825adf76?s=96&d=mm&r=g","url":"https:\/\/secure.gravatar.com\/avatar\/f0c7c47fc7146d19828273b9b8eda651c9c7ab583767e6338d3d3bee825adf76?s=96&d=mm&r=g","contentUrl":"https:\/\/secure.gravatar.com\/avatar\/f0c7c47fc7146d19828273b9b8eda651c9c7ab583767e6338d3d3bee825adf76?s=96&d=mm&r=g","caption":"Diario del Sur Digital"},"url":"https:\/\/diariodelsurdigital.com.ar\/?author=4"}]}},"jetpack_featured_media_url":"https:\/\/diariodelsurdigital.com.ar\/wp-content\/uploads\/2026\/09\/md-2026-09-01T102811.790.webp","jetpack_sharing_enabled":true,"_links":{"self":[{"href":"https:\/\/diariodelsurdigital.com.ar\/index.php?rest_route=\/wp\/v2\/posts\/10010","targetHints":{"allow":["GET"]}}],"collection":[{"href":"https:\/\/diariodelsurdigital.com.ar\/index.php?rest_route=\/wp\/v2\/posts"}],"about":[{"href":"https:\/\/diariodelsurdigital.com.ar\/index.php?rest_route=\/wp\/v2\/types\/post"}],"author":[{"embeddable":true,"href":"https:\/\/diariodelsurdigital.com.ar\/index.php?rest_route=\/wp\/v2\/users\/4"}],"replies":[{"embeddable":true,"href":"https:\/\/diariodelsurdigital.com.ar\/index.php?rest_route=%2Fwp%2Fv2%2Fcomments&post=10010"}],"version-history":[{"count":1,"href":"https:\/\/diariodelsurdigital.com.ar\/index.php?rest_route=\/wp\/v2\/posts\/10010\/revisions"}],"predecessor-version":[{"id":10012,"href":"https:\/\/diariodelsurdigital.com.ar\/index.php?rest_route=\/wp\/v2\/posts\/10010\/revisions\/10012"}],"wp:featuredmedia":[{"embeddable":true,"href":"https:\/\/diariodelsurdigital.com.ar\/index.php?rest_route=\/wp\/v2\/media\/10011"}],"wp:attachment":[{"href":"https:\/\/diariodelsurdigital.com.ar\/index.php?rest_route=%2Fwp%2Fv2%2Fmedia&parent=10010"}],"wp:term":[{"taxonomy":"category","embeddable":true,"href":"https:\/\/diariodelsurdigital.com.ar\/index.php?rest_route=%2Fwp%2Fv2%2Fcategories&post=10010"},{"taxonomy":"post_tag","embeddable":true,"href":"https:\/\/diariodelsurdigital.com.ar\/index.php?rest_route=%2Fwp%2Fv2%2Ftags&post=10010"}],"curies":[{"name":"wp","href":"https:\/\/api.w.org\/{rel}","templated":true}]}}