{"id":10013,"date":"2026-09-01T10:34:50","date_gmt":"2026-09-01T13:34:50","guid":{"rendered":"https:\/\/diariodelsurdigital.com.ar\/?p=10013"},"modified":"2026-09-01T10:34:52","modified_gmt":"2026-09-01T13:34:52","slug":"futbolista-de-18-anos-se-descompenso-durante-un-partido-en-concordia-y-esta-en-terapia-intensiva","status":"publish","type":"post","link":"https:\/\/diariodelsurdigital.com.ar\/?p=10013","title":{"rendered":"Futbolista de 18 a\u00f1os se descompens\u00f3 durante un partido en Concordia y est\u00e1 en terapia intensiva"},"content":{"rendered":"\n<p class=\"wp-block-paragraph\">Un joven se descompens\u00f3 durante el partido entre La Bianca y Constituci\u00f3n. Hab\u00eda recibido un golpe en la cabeza minutos antes. Permanece en estado cr\u00edtico y con asistencia respiratoria mec\u00e1nica.<\/p>\n\n\n\n<p class=\"wp-block-paragraph\">Un futbolista de 18 a\u00f1os se descompens\u00f3 durante un partido en Concordia y permanece internado en la Unidad de Terapia Intensiva del hospital Delicia Concepci\u00f3n Masvernat. Se trata de Gabriel Carrera, jugador de Constituci\u00f3n, quien se desplom\u00f3 durante el encuentro de Primera Divisi\u00f3n frente a La Bianca.<\/p>\n\n\n\n<p class=\"wp-block-paragraph\">El episodio ocurri\u00f3 este domingo, durante la tercera fecha del Torneo Clausura de la Copa Centenario de la Liga Concordiense de F\u00fatbol. Seg\u00fan inform\u00f3 El Entre R\u00edos, minutos antes de la descompensaci\u00f3n, Carrera hab\u00eda sufrido un golpe en la cabeza durante una jugada.<\/p>\n\n\n\n<p class=\"wp-block-paragraph\">En esa oportunidad, el \u00e1rbitro detuvo el encuentro y el futbolista sali\u00f3 del campo para ser atendido. De acuerdo con la informaci\u00f3n difundida, el joven manifest\u00f3 que pod\u00eda continuar jugando y regres\u00f3 al partido.<\/p>\n\n\n\n<p class=\"wp-block-paragraph\">Unos cinco minutos despu\u00e9s, mientras participaba de un contraataque de Constituci\u00f3n, Carrera se desvaneci\u00f3 en el campo de juego y comenz\u00f3 a convulsionar.<\/p>\n\n\n\n<p class=\"wp-block-paragraph\">La situaci\u00f3n gener\u00f3 momentos de preocupaci\u00f3n entre jugadores y personas que se encontraban en el lugar. Seg\u00fan la informaci\u00f3n publicada, la ambulancia pudo ingresar al terreno de juego unos cinco minutos despu\u00e9s.<\/p>\n\n\n\n<p class=\"wp-block-paragraph\">El joven recibi\u00f3 maniobras de reanimaci\u00f3n antes de ser trasladado de urgencia al hospital Delicia Concepci\u00f3n Masvernat de Concordia, donde posteriormente qued\u00f3 alojado en Terapia Intensiva.<\/p>\n\n\n\n<p class=\"wp-block-paragraph\">El parte m\u00e9dico<br>Horas despu\u00e9s del episodio se conoci\u00f3 un informe m\u00e9dico sobre el estado de salud del futbolista, que contin\u00faa bajo cuidados intensivos.<\/p>\n\n\n\n<p class=\"wp-block-paragraph\">Seg\u00fan el \u00faltimo parte difundido, el joven \u201cpermanece internado en la Unidad de Terapia Intensiva, en estado cr\u00edtico, con asistencia respiratoria mec\u00e1nica\u201d.<\/p>\n\n\n\n<p class=\"wp-block-paragraph\">Piden por la recuperaci\u00f3n del joven<br>Hasta el momento no se inform\u00f3 oficialmente cu\u00e1l fue la causa de la descompensaci\u00f3n ni si existe una relaci\u00f3n m\u00e9dica confirmada con el golpe que Carrera hab\u00eda recibido minutos antes durante el encuentro.<\/p>\n\n\n\n<p class=\"wp-block-paragraph\">La noticia provoc\u00f3 preocupaci\u00f3n en el \u00e1mbito del f\u00fatbol concordiense. Familiares, amigos, compa\u00f1eros e hinchas de diferentes instituciones deportivas comenzaron a expresar mensajes de acompa\u00f1amiento.<\/p>\n\n\n\n<p class=\"wp-block-paragraph\">Adem\u00e1s, allegados al joven pidieron oraciones por su recuperaci\u00f3n mientras permanece internado en estado cr\u00edtico en el hospital Masvernat, public\u00f3 Elonce.<\/p>\n\n\n\n<p class=\"wp-block-paragraph\"><\/p>\n","protected":false},"excerpt":{"rendered":"<p>Un joven se descompens\u00f3 durante el partido entre La Bianca y Constituci\u00f3n. Hab\u00eda recibido un golpe en la cabeza minutos antes. Permanece en estado cr\u00edtico y con asistencia respiratoria mec\u00e1nica. Un futbolista de 18 a\u00f1os se descompens\u00f3 durante un partido en Concordia y permanece internado en la Unidad de Terapia Intensiva del hospital Delicia Concepci\u00f3n [&hellip;]<\/p>\n","protected":false},"author":4,"featured_media":10014,"comment_status":"open","ping_status":"open","sticky":false,"template":"","format":"standard","meta":{"_jetpack_memberships_contains_paid_content":false,"footnotes":""},"categories":[19,16],"tags":[],"class_list":["post-10013","post","type-post","status-publish","format-standard","has-post-thumbnail","category-interes-general","category-locales"],"yoast_head":"<!-- This site is optimized with the Yoast SEO plugin v27.6 - https:\/\/yoast.com\/product\/yoast-seo-wordpress\/ -->\n<title>Futbolista de 18 a\u00f1os se descompens\u00f3 durante un partido en Concordia y est\u00e1 en terapia intensiva - Diario del Sur<\/title>\n<meta name=\"robots\" content=\"index, follow, max-snippet:-1, max-image-preview:large, max-video-preview:-1\" \/>\n<link rel=\"canonical\" href=\"https:\/\/diariodelsurdigital.com.ar\/?p=10013\" \/>\n<meta property=\"og:locale\" content=\"es_ES\" \/>\n<meta property=\"og:type\" content=\"article\" \/>\n<meta property=\"og:title\" content=\"Futbolista de 18 a\u00f1os se descompens\u00f3 durante un partido en Concordia y est\u00e1 en terapia intensiva - Diario del Sur\" \/>\n<meta property=\"og:description\" content=\"Un joven se descompens\u00f3 durante el partido entre La Bianca y Constituci\u00f3n. Hab\u00eda recibido un golpe en la cabeza minutos antes. Permanece en estado cr\u00edtico y con asistencia respiratoria mec\u00e1nica. Un futbolista de 18 a\u00f1os se descompens\u00f3 durante un partido en Concordia y permanece internado en la Unidad de Terapia Intensiva del hospital Delicia Concepci\u00f3n [&hellip;]\" \/>\n<meta property=\"og:url\" content=\"https:\/\/diariodelsurdigital.com.ar\/?p=10013\" \/>\n<meta property=\"og:site_name\" content=\"Diario del Sur\" \/>\n<meta property=\"article:published_time\" content=\"2026-09-01T13:34:50+00:00\" \/>\n<meta property=\"article:modified_time\" content=\"2026-09-01T13:34:52+00:00\" \/>\n<meta property=\"og:image\" content=\"https:\/\/diariodelsurdigital.com.ar\/wp-content\/uploads\/2026\/09\/md-2026-09-01T103309.448.webp\" \/>\n\t<meta property=\"og:image:width\" content=\"992\" \/>\n\t<meta property=\"og:image:height\" content=\"656\" \/>\n\t<meta property=\"og:image:type\" content=\"image\/webp\" \/>\n<meta name=\"author\" content=\"Diario del Sur Digital\" \/>\n<meta name=\"twitter:card\" content=\"summary_large_image\" \/>\n<meta name=\"twitter:label1\" content=\"Escrito por\" \/>\n\t<meta name=\"twitter:data1\" content=\"Diario del Sur Digital\" \/>\n\t<meta name=\"twitter:label2\" content=\"Tiempo de lectura\" \/>\n\t<meta name=\"twitter:data2\" content=\"2 minutos\" \/>\n<script type=\"application\/ld+json\" class=\"yoast-schema-graph\">{\"@context\":\"https:\\\/\\\/schema.org\",\"@graph\":[{\"@type\":\"Article\",\"@id\":\"https:\\\/\\\/diariodelsurdigital.com.ar\\\/?p=10013#article\",\"isPartOf\":{\"@id\":\"https:\\\/\\\/diariodelsurdigital.com.ar\\\/?p=10013\"},\"author\":{\"name\":\"Diario del Sur Digital\",\"@id\":\"https:\\\/\\\/diariodelsurdigital.com.ar\\\/#\\\/schema\\\/person\\\/1a4992532ed62965c968031b49195c81\"},\"headline\":\"Futbolista de 18 a\u00f1os se descompens\u00f3 durante un partido en Concordia y est\u00e1 en terapia intensiva\",\"datePublished\":\"2026-09-01T13:34:50+00:00\",\"dateModified\":\"2026-09-01T13:34:52+00:00\",\"mainEntityOfPage\":{\"@id\":\"https:\\\/\\\/diariodelsurdigital.com.ar\\\/?p=10013\"},\"wordCount\":423,\"commentCount\":0,\"image\":{\"@id\":\"https:\\\/\\\/diariodelsurdigital.com.ar\\\/?p=10013#primaryimage\"},\"thumbnailUrl\":\"https:\\\/\\\/diariodelsurdigital.com.ar\\\/wp-content\\\/uploads\\\/2026\\\/09\\\/md-2026-09-01T103309.448.webp\",\"articleSection\":[\"Inter\u00e9s General\",\"Locales\"],\"inLanguage\":\"es\",\"potentialAction\":[{\"@type\":\"CommentAction\",\"name\":\"Comment\",\"target\":[\"https:\\\/\\\/diariodelsurdigital.com.ar\\\/?p=10013#respond\"]}]},{\"@type\":\"WebPage\",\"@id\":\"https:\\\/\\\/diariodelsurdigital.com.ar\\\/?p=10013\",\"url\":\"https:\\\/\\\/diariodelsurdigital.com.ar\\\/?p=10013\",\"name\":\"Futbolista de 18 a\u00f1os se descompens\u00f3 durante un partido en Concordia y est\u00e1 en terapia intensiva - Diario del Sur\",\"isPartOf\":{\"@id\":\"https:\\\/\\\/diariodelsurdigital.com.ar\\\/#website\"},\"primaryImageOfPage\":{\"@id\":\"https:\\\/\\\/diariodelsurdigital.com.ar\\\/?p=10013#primaryimage\"},\"image\":{\"@id\":\"https:\\\/\\\/diariodelsurdigital.com.ar\\\/?p=10013#primaryimage\"},\"thumbnailUrl\":\"https:\\\/\\\/diariodelsurdigital.com.ar\\\/wp-content\\\/uploads\\\/2026\\\/09\\\/md-2026-09-01T103309.448.webp\",\"datePublished\":\"2026-09-01T13:34:50+00:00\",\"dateModified\":\"2026-09-01T13:34:52+00:00\",\"author\":{\"@id\":\"https:\\\/\\\/diariodelsurdigital.com.ar\\\/#\\\/schema\\\/person\\\/1a4992532ed62965c968031b49195c81\"},\"breadcrumb\":{\"@id\":\"https:\\\/\\\/diariodelsurdigital.com.ar\\\/?p=10013#breadcrumb\"},\"inLanguage\":\"es\",\"potentialAction\":[{\"@type\":\"ReadAction\",\"target\":[\"https:\\\/\\\/diariodelsurdigital.com.ar\\\/?p=10013\"]}]},{\"@type\":\"ImageObject\",\"inLanguage\":\"es\",\"@id\":\"https:\\\/\\\/diariodelsurdigital.com.ar\\\/?p=10013#primaryimage\",\"url\":\"https:\\\/\\\/diariodelsurdigital.com.ar\\\/wp-content\\\/uploads\\\/2026\\\/09\\\/md-2026-09-01T103309.448.webp\",\"contentUrl\":\"https:\\\/\\\/diariodelsurdigital.com.ar\\\/wp-content\\\/uploads\\\/2026\\\/09\\\/md-2026-09-01T103309.448.webp\",\"width\":992,\"height\":656},{\"@type\":\"BreadcrumbList\",\"@id\":\"https:\\\/\\\/diariodelsurdigital.com.ar\\\/?p=10013#breadcrumb\",\"itemListElement\":[{\"@type\":\"ListItem\",\"position\":1,\"name\":\"Portada\",\"item\":\"https:\\\/\\\/diariodelsurdigital.com.ar\\\/\"},{\"@type\":\"ListItem\",\"position\":2,\"name\":\"Futbolista de 18 a\u00f1os se descompens\u00f3 durante un partido en Concordia y est\u00e1 en terapia intensiva\"}]},{\"@type\":\"WebSite\",\"@id\":\"https:\\\/\\\/diariodelsurdigital.com.ar\\\/#website\",\"url\":\"https:\\\/\\\/diariodelsurdigital.com.ar\\\/\",\"name\":\"Diario del Sur\",\"description\":\"Digital\",\"potentialAction\":[{\"@type\":\"SearchAction\",\"target\":{\"@type\":\"EntryPoint\",\"urlTemplate\":\"https:\\\/\\\/diariodelsurdigital.com.ar\\\/?s={search_term_string}\"},\"query-input\":{\"@type\":\"PropertyValueSpecification\",\"valueRequired\":true,\"valueName\":\"search_term_string\"}}],\"inLanguage\":\"es\"},{\"@type\":\"Person\",\"@id\":\"https:\\\/\\\/diariodelsurdigital.com.ar\\\/#\\\/schema\\\/person\\\/1a4992532ed62965c968031b49195c81\",\"name\":\"Diario del Sur Digital\",\"image\":{\"@type\":\"ImageObject\",\"inLanguage\":\"es\",\"@id\":\"https:\\\/\\\/secure.gravatar.com\\\/avatar\\\/f0c7c47fc7146d19828273b9b8eda651c9c7ab583767e6338d3d3bee825adf76?s=96&d=mm&r=g\",\"url\":\"https:\\\/\\\/secure.gravatar.com\\\/avatar\\\/f0c7c47fc7146d19828273b9b8eda651c9c7ab583767e6338d3d3bee825adf76?s=96&d=mm&r=g\",\"contentUrl\":\"https:\\\/\\\/secure.gravatar.com\\\/avatar\\\/f0c7c47fc7146d19828273b9b8eda651c9c7ab583767e6338d3d3bee825adf76?s=96&d=mm&r=g\",\"caption\":\"Diario del Sur Digital\"},\"url\":\"https:\\\/\\\/diariodelsurdigital.com.ar\\\/?author=4\"}]}<\/script>\n<!-- \/ Yoast SEO plugin. -->","yoast_head_json":{"title":"Futbolista de 18 a\u00f1os se descompens\u00f3 durante un partido en Concordia y est\u00e1 en terapia intensiva - Diario del Sur","robots":{"index":"index","follow":"follow","max-snippet":"max-snippet:-1","max-image-preview":"max-image-preview:large","max-video-preview":"max-video-preview:-1"},"canonical":"https:\/\/diariodelsurdigital.com.ar\/?p=10013","og_locale":"es_ES","og_type":"article","og_title":"Futbolista de 18 a\u00f1os se descompens\u00f3 durante un partido en Concordia y est\u00e1 en terapia intensiva - Diario del Sur","og_description":"Un joven se descompens\u00f3 durante el partido entre La Bianca y Constituci\u00f3n. Hab\u00eda recibido un golpe en la cabeza minutos antes. Permanece en estado cr\u00edtico y con asistencia respiratoria mec\u00e1nica. Un futbolista de 18 a\u00f1os se descompens\u00f3 durante un partido en Concordia y permanece internado en la Unidad de Terapia Intensiva del hospital Delicia Concepci\u00f3n [&hellip;]","og_url":"https:\/\/diariodelsurdigital.com.ar\/?p=10013","og_site_name":"Diario del Sur","article_published_time":"2026-09-01T13:34:50+00:00","article_modified_time":"2026-09-01T13:34:52+00:00","og_image":[{"width":992,"height":656,"url":"https:\/\/diariodelsurdigital.com.ar\/wp-content\/uploads\/2026\/09\/md-2026-09-01T103309.448.webp","type":"image\/webp"}],"author":"Diario del Sur Digital","twitter_card":"summary_large_image","twitter_misc":{"Escrito por":"Diario del Sur Digital","Tiempo de lectura":"2 minutos"},"schema":{"@context":"https:\/\/schema.org","@graph":[{"@type":"Article","@id":"https:\/\/diariodelsurdigital.com.ar\/?p=10013#article","isPartOf":{"@id":"https:\/\/diariodelsurdigital.com.ar\/?p=10013"},"author":{"name":"Diario del Sur Digital","@id":"https:\/\/diariodelsurdigital.com.ar\/#\/schema\/person\/1a4992532ed62965c968031b49195c81"},"headline":"Futbolista de 18 a\u00f1os se descompens\u00f3 durante un partido en Concordia y est\u00e1 en terapia intensiva","datePublished":"2026-09-01T13:34:50+00:00","dateModified":"2026-09-01T13:34:52+00:00","mainEntityOfPage":{"@id":"https:\/\/diariodelsurdigital.com.ar\/?p=10013"},"wordCount":423,"commentCount":0,"image":{"@id":"https:\/\/diariodelsurdigital.com.ar\/?p=10013#primaryimage"},"thumbnailUrl":"https:\/\/diariodelsurdigital.com.ar\/wp-content\/uploads\/2026\/09\/md-2026-09-01T103309.448.webp","articleSection":["Inter\u00e9s General","Locales"],"inLanguage":"es","potentialAction":[{"@type":"CommentAction","name":"Comment","target":["https:\/\/diariodelsurdigital.com.ar\/?p=10013#respond"]}]},{"@type":"WebPage","@id":"https:\/\/diariodelsurdigital.com.ar\/?p=10013","url":"https:\/\/diariodelsurdigital.com.ar\/?p=10013","name":"Futbolista de 18 a\u00f1os se descompens\u00f3 durante un partido en Concordia y est\u00e1 en terapia intensiva - Diario del Sur","isPartOf":{"@id":"https:\/\/diariodelsurdigital.com.ar\/#website"},"primaryImageOfPage":{"@id":"https:\/\/diariodelsurdigital.com.ar\/?p=10013#primaryimage"},"image":{"@id":"https:\/\/diariodelsurdigital.com.ar\/?p=10013#primaryimage"},"thumbnailUrl":"https:\/\/diariodelsurdigital.com.ar\/wp-content\/uploads\/2026\/09\/md-2026-09-01T103309.448.webp","datePublished":"2026-09-01T13:34:50+00:00","dateModified":"2026-09-01T13:34:52+00:00","author":{"@id":"https:\/\/diariodelsurdigital.com.ar\/#\/schema\/person\/1a4992532ed62965c968031b49195c81"},"breadcrumb":{"@id":"https:\/\/diariodelsurdigital.com.ar\/?p=10013#breadcrumb"},"inLanguage":"es","potentialAction":[{"@type":"ReadAction","target":["https:\/\/diariodelsurdigital.com.ar\/?p=10013"]}]},{"@type":"ImageObject","inLanguage":"es","@id":"https:\/\/diariodelsurdigital.com.ar\/?p=10013#primaryimage","url":"https:\/\/diariodelsurdigital.com.ar\/wp-content\/uploads\/2026\/09\/md-2026-09-01T103309.448.webp","contentUrl":"https:\/\/diariodelsurdigital.com.ar\/wp-content\/uploads\/2026\/09\/md-2026-09-01T103309.448.webp","width":992,"height":656},{"@type":"BreadcrumbList","@id":"https:\/\/diariodelsurdigital.com.ar\/?p=10013#breadcrumb","itemListElement":[{"@type":"ListItem","position":1,"name":"Portada","item":"https:\/\/diariodelsurdigital.com.ar\/"},{"@type":"ListItem","position":2,"name":"Futbolista de 18 a\u00f1os se descompens\u00f3 durante un partido en Concordia y est\u00e1 en terapia intensiva"}]},{"@type":"WebSite","@id":"https:\/\/diariodelsurdigital.com.ar\/#website","url":"https:\/\/diariodelsurdigital.com.ar\/","name":"Diario del Sur","description":"Digital","potentialAction":[{"@type":"SearchAction","target":{"@type":"EntryPoint","urlTemplate":"https:\/\/diariodelsurdigital.com.ar\/?s={search_term_string}"},"query-input":{"@type":"PropertyValueSpecification","valueRequired":true,"valueName":"search_term_string"}}],"inLanguage":"es"},{"@type":"Person","@id":"https:\/\/diariodelsurdigital.com.ar\/#\/schema\/person\/1a4992532ed62965c968031b49195c81","name":"Diario del Sur Digital","image":{"@type":"ImageObject","inLanguage":"es","@id":"https:\/\/secure.gravatar.com\/avatar\/f0c7c47fc7146d19828273b9b8eda651c9c7ab583767e6338d3d3bee825adf76?s=96&d=mm&r=g","url":"https:\/\/secure.gravatar.com\/avatar\/f0c7c47fc7146d19828273b9b8eda651c9c7ab583767e6338d3d3bee825adf76?s=96&d=mm&r=g","contentUrl":"https:\/\/secure.gravatar.com\/avatar\/f0c7c47fc7146d19828273b9b8eda651c9c7ab583767e6338d3d3bee825adf76?s=96&d=mm&r=g","caption":"Diario del Sur Digital"},"url":"https:\/\/diariodelsurdigital.com.ar\/?author=4"}]}},"jetpack_featured_media_url":"https:\/\/diariodelsurdigital.com.ar\/wp-content\/uploads\/2026\/09\/md-2026-09-01T103309.448.webp","jetpack_sharing_enabled":true,"_links":{"self":[{"href":"https:\/\/diariodelsurdigital.com.ar\/index.php?rest_route=\/wp\/v2\/posts\/10013","targetHints":{"allow":["GET"]}}],"collection":[{"href":"https:\/\/diariodelsurdigital.com.ar\/index.php?rest_route=\/wp\/v2\/posts"}],"about":[{"href":"https:\/\/diariodelsurdigital.com.ar\/index.php?rest_route=\/wp\/v2\/types\/post"}],"author":[{"embeddable":true,"href":"https:\/\/diariodelsurdigital.com.ar\/index.php?rest_route=\/wp\/v2\/users\/4"}],"replies":[{"embeddable":true,"href":"https:\/\/diariodelsurdigital.com.ar\/index.php?rest_route=%2Fwp%2Fv2%2Fcomments&post=10013"}],"version-history":[{"count":1,"href":"https:\/\/diariodelsurdigital.com.ar\/index.php?rest_route=\/wp\/v2\/posts\/10013\/revisions"}],"predecessor-version":[{"id":10015,"href":"https:\/\/diariodelsurdigital.com.ar\/index.php?rest_route=\/wp\/v2\/posts\/10013\/revisions\/10015"}],"wp:featuredmedia":[{"embeddable":true,"href":"https:\/\/diariodelsurdigital.com.ar\/index.php?rest_route=\/wp\/v2\/media\/10014"}],"wp:attachment":[{"href":"https:\/\/diariodelsurdigital.com.ar\/index.php?rest_route=%2Fwp%2Fv2%2Fmedia&parent=10013"}],"wp:term":[{"taxonomy":"category","embeddable":true,"href":"https:\/\/diariodelsurdigital.com.ar\/index.php?rest_route=%2Fwp%2Fv2%2Fcategories&post=10013"},{"taxonomy":"post_tag","embeddable":true,"href":"https:\/\/diariodelsurdigital.com.ar\/index.php?rest_route=%2Fwp%2Fv2%2Ftags&post=10013"}],"curies":[{"name":"wp","href":"https:\/\/api.w.org\/{rel}","templated":true}]}}