{"id":1002,"date":"2025-02-12T21:34:18","date_gmt":"2025-02-13T00:34:18","guid":{"rendered":"https:\/\/diariodelsurdigital.com.ar\/?p=1002"},"modified":"2025-02-12T21:34:20","modified_gmt":"2025-02-13T00:34:20","slug":"chau-wally-hola-carlitos","status":"publish","type":"post","link":"https:\/\/diariodelsurdigital.com.ar\/?p=1002","title":{"rendered":"Chau \u00abWally\u00bb, hola \u00abCarlitos\u00bb"},"content":{"rendered":"\n<p>\u00abVa tanto el c\u00e1ntaro a la fuente que se rompe\u00bb, cuenta el dicho popular. Lo que era una cr\u00f3nica anunciada por <strong>Diario del SUR Digital<\/strong> parece haber ocurrido hace apenas unas horas.<\/p>\n\n\n\n<p><strong>D\u00edgame licenciado<\/strong><\/p>\n\n\n\n<p>El actual Subsecretario de Cultura, Jorge \u00abWally\u00bb Garc\u00eda, est\u00e1 en uso de licencia. Lo que se dijo es que \u00abfue una determinaci\u00f3n del Ejecutivo, tras algunos problemas ocurridos en el \u00e1rea, en donde tambi\u00e9n ocurrieron casos de malos tratos contra una joven empleada por parte de Garc\u00eda.<\/p>\n\n\n\n<p>Lo que se supo durante las \u00faltimas horas es que la licencia de \u00abWally\u00bb Garc\u00eda es para siempre. Esta determinaci\u00f3n le sirvi\u00f3 al Intendente Francisco Azcu\u00e9 para ganar tiempo y buscar un reemplazo.<\/p>\n\n\n\n<p>Seg\u00fan pudo saber <strong>Diario del SUR Digital,<\/strong> el primer mandatario concordiense har\u00eda una especie de enroque en su gabinete. Enviar\u00eda al profesor Carlos Gatto que se encuentra a cargo de la direcci\u00f3n de Educaci\u00f3n, como subsecretario de Cultura, o bien fusionar\u00eda las areas de Educaci\u00f3n con Cultura.<\/p>\n\n\n\n<p>Mas all\u00e1 de la cuesti\u00f3n organizativa estatal, el cambio ya estaba anunciado. De ahora en m\u00e1s hay que esperar que se concreten los cambios previstos. Esta hoja pudo saber que el profesor Carlos Gatto, estar\u00eda evaluando por estas horas de qu\u00e9 forma ordenar\u00eda ciertos desmanejos. No se descarta que en caso de que asuma como Subsecretario, nombre a un nuevo director de Cultura, que tiene que ser una persona que re\u00fana un perfil conciliador y sea a su vez, representativo de todas las partes y las disciplinas que conforman el espectro cultural concordiense. <\/p>\n","protected":false},"excerpt":{"rendered":"<p>\u00abVa tanto el c\u00e1ntaro a la fuente que se rompe\u00bb, cuenta el dicho popular. Lo que era una cr\u00f3nica anunciada por Diario del SUR Digital parece haber ocurrido hace apenas unas horas. D\u00edgame licenciado El actual Subsecretario de Cultura, Jorge \u00abWally\u00bb Garc\u00eda, est\u00e1 en uso de licencia. Lo que se dijo es que \u00abfue una [&hellip;]<\/p>\n","protected":false},"author":2,"featured_media":1003,"comment_status":"open","ping_status":"open","sticky":false,"template":"","format":"standard","meta":{"footnotes":""},"categories":[16],"tags":[],"class_list":{"0":"post-1002","1":"post","2":"type-post","3":"status-publish","4":"format-standard","5":"has-post-thumbnail","7":"category-locales"},"yoast_head":"<!-- This site is optimized with the Yoast SEO plugin v27.4 - https:\/\/yoast.com\/product\/yoast-seo-wordpress\/ -->\n<title>Chau &quot;Wally&quot;, hola &quot;Carlitos&quot; - Diario del Sur<\/title>\n<meta name=\"robots\" content=\"index, follow, max-snippet:-1, max-image-preview:large, max-video-preview:-1\" \/>\n<link rel=\"canonical\" href=\"https:\/\/diariodelsurdigital.com.ar\/?p=1002\" \/>\n<meta property=\"og:locale\" content=\"es_ES\" \/>\n<meta property=\"og:type\" content=\"article\" \/>\n<meta property=\"og:title\" content=\"Chau &quot;Wally&quot;, hola &quot;Carlitos&quot; - Diario del Sur\" \/>\n<meta property=\"og:description\" content=\"\u00abVa tanto el c\u00e1ntaro a la fuente que se rompe\u00bb, cuenta el dicho popular. Lo que era una cr\u00f3nica anunciada por Diario del SUR Digital parece haber ocurrido hace apenas unas horas. D\u00edgame licenciado El actual Subsecretario de Cultura, Jorge \u00abWally\u00bb Garc\u00eda, est\u00e1 en uso de licencia. Lo que se dijo es que \u00abfue una [&hellip;]\" \/>\n<meta property=\"og:url\" content=\"https:\/\/diariodelsurdigital.com.ar\/?p=1002\" \/>\n<meta property=\"og:site_name\" content=\"Diario del Sur\" \/>\n<meta property=\"article:published_time\" content=\"2025-02-13T00:34:18+00:00\" \/>\n<meta property=\"article:modified_time\" content=\"2025-02-13T00:34:20+00:00\" \/>\n<meta property=\"og:image\" content=\"https:\/\/diariodelsurdigital.com.ar\/wp-content\/uploads\/2025\/02\/multimedia.miniatura.98ac75d8bcbe7354.526563746f7220436f6d657263696f20325f6d696e6961747572612e77656270-1.png\" \/>\n\t<meta property=\"og:image:width\" content=\"574\" \/>\n\t<meta property=\"og:image:height\" content=\"271\" \/>\n\t<meta property=\"og:image:type\" content=\"image\/png\" \/>\n<meta name=\"author\" content=\"Diario del Sur Digital\" \/>\n<meta name=\"twitter:card\" content=\"summary_large_image\" \/>\n<meta name=\"twitter:label1\" content=\"Escrito por\" \/>\n\t<meta name=\"twitter:data1\" content=\"Diario del Sur Digital\" \/>\n\t<meta name=\"twitter:label2\" content=\"Tiempo de lectura\" \/>\n\t<meta name=\"twitter:data2\" content=\"2 minutos\" \/>\n<script type=\"application\/ld+json\" class=\"yoast-schema-graph\">{\"@context\":\"https:\\\/\\\/schema.org\",\"@graph\":[{\"@type\":\"Article\",\"@id\":\"https:\\\/\\\/diariodelsurdigital.com.ar\\\/?p=1002#article\",\"isPartOf\":{\"@id\":\"https:\\\/\\\/diariodelsurdigital.com.ar\\\/?p=1002\"},\"author\":{\"name\":\"Diario del Sur Digital\",\"@id\":\"https:\\\/\\\/diariodelsurdigital.com.ar\\\/#\\\/schema\\\/person\\\/6136a32571657f7dba980b88b04c5465\"},\"headline\":\"Chau \u00abWally\u00bb, hola \u00abCarlitos\u00bb\",\"datePublished\":\"2025-02-13T00:34:18+00:00\",\"dateModified\":\"2025-02-13T00:34:20+00:00\",\"mainEntityOfPage\":{\"@id\":\"https:\\\/\\\/diariodelsurdigital.com.ar\\\/?p=1002\"},\"wordCount\":279,\"commentCount\":0,\"image\":{\"@id\":\"https:\\\/\\\/diariodelsurdigital.com.ar\\\/?p=1002#primaryimage\"},\"thumbnailUrl\":\"https:\\\/\\\/diariodelsurdigital.com.ar\\\/wp-content\\\/uploads\\\/2025\\\/02\\\/multimedia.miniatura.98ac75d8bcbe7354.526563746f7220436f6d657263696f20325f6d696e6961747572612e77656270-1.png\",\"articleSection\":[\"Locales\"],\"inLanguage\":\"es\",\"potentialAction\":[{\"@type\":\"CommentAction\",\"name\":\"Comment\",\"target\":[\"https:\\\/\\\/diariodelsurdigital.com.ar\\\/?p=1002#respond\"]}]},{\"@type\":\"WebPage\",\"@id\":\"https:\\\/\\\/diariodelsurdigital.com.ar\\\/?p=1002\",\"url\":\"https:\\\/\\\/diariodelsurdigital.com.ar\\\/?p=1002\",\"name\":\"Chau \\\"Wally\\\", hola \\\"Carlitos\\\" - Diario del Sur\",\"isPartOf\":{\"@id\":\"https:\\\/\\\/diariodelsurdigital.com.ar\\\/#website\"},\"primaryImageOfPage\":{\"@id\":\"https:\\\/\\\/diariodelsurdigital.com.ar\\\/?p=1002#primaryimage\"},\"image\":{\"@id\":\"https:\\\/\\\/diariodelsurdigital.com.ar\\\/?p=1002#primaryimage\"},\"thumbnailUrl\":\"https:\\\/\\\/diariodelsurdigital.com.ar\\\/wp-content\\\/uploads\\\/2025\\\/02\\\/multimedia.miniatura.98ac75d8bcbe7354.526563746f7220436f6d657263696f20325f6d696e6961747572612e77656270-1.png\",\"datePublished\":\"2025-02-13T00:34:18+00:00\",\"dateModified\":\"2025-02-13T00:34:20+00:00\",\"author\":{\"@id\":\"https:\\\/\\\/diariodelsurdigital.com.ar\\\/#\\\/schema\\\/person\\\/6136a32571657f7dba980b88b04c5465\"},\"breadcrumb\":{\"@id\":\"https:\\\/\\\/diariodelsurdigital.com.ar\\\/?p=1002#breadcrumb\"},\"inLanguage\":\"es\",\"potentialAction\":[{\"@type\":\"ReadAction\",\"target\":[\"https:\\\/\\\/diariodelsurdigital.com.ar\\\/?p=1002\"]}]},{\"@type\":\"ImageObject\",\"inLanguage\":\"es\",\"@id\":\"https:\\\/\\\/diariodelsurdigital.com.ar\\\/?p=1002#primaryimage\",\"url\":\"https:\\\/\\\/diariodelsurdigital.com.ar\\\/wp-content\\\/uploads\\\/2025\\\/02\\\/multimedia.miniatura.98ac75d8bcbe7354.526563746f7220436f6d657263696f20325f6d696e6961747572612e77656270-1.png\",\"contentUrl\":\"https:\\\/\\\/diariodelsurdigital.com.ar\\\/wp-content\\\/uploads\\\/2025\\\/02\\\/multimedia.miniatura.98ac75d8bcbe7354.526563746f7220436f6d657263696f20325f6d696e6961747572612e77656270-1.png\",\"width\":574,\"height\":271},{\"@type\":\"BreadcrumbList\",\"@id\":\"https:\\\/\\\/diariodelsurdigital.com.ar\\\/?p=1002#breadcrumb\",\"itemListElement\":[{\"@type\":\"ListItem\",\"position\":1,\"name\":\"Portada\",\"item\":\"https:\\\/\\\/diariodelsurdigital.com.ar\\\/\"},{\"@type\":\"ListItem\",\"position\":2,\"name\":\"Chau \u00abWally\u00bb, hola \u00abCarlitos\u00bb\"}]},{\"@type\":\"WebSite\",\"@id\":\"https:\\\/\\\/diariodelsurdigital.com.ar\\\/#website\",\"url\":\"https:\\\/\\\/diariodelsurdigital.com.ar\\\/\",\"name\":\"Diario del Sur\",\"description\":\"Digital\",\"potentialAction\":[{\"@type\":\"SearchAction\",\"target\":{\"@type\":\"EntryPoint\",\"urlTemplate\":\"https:\\\/\\\/diariodelsurdigital.com.ar\\\/?s={search_term_string}\"},\"query-input\":{\"@type\":\"PropertyValueSpecification\",\"valueRequired\":true,\"valueName\":\"search_term_string\"}}],\"inLanguage\":\"es\"},{\"@type\":\"Person\",\"@id\":\"https:\\\/\\\/diariodelsurdigital.com.ar\\\/#\\\/schema\\\/person\\\/6136a32571657f7dba980b88b04c5465\",\"name\":\"Diario del Sur Digital\",\"image\":{\"@type\":\"ImageObject\",\"inLanguage\":\"es\",\"@id\":\"https:\\\/\\\/secure.gravatar.com\\\/avatar\\\/4c29ceac98541dd42460b2474aaa5dd37594d6ce6cb3cf2c101d09b48ee287ba?s=96&d=mm&r=g\",\"url\":\"https:\\\/\\\/secure.gravatar.com\\\/avatar\\\/4c29ceac98541dd42460b2474aaa5dd37594d6ce6cb3cf2c101d09b48ee287ba?s=96&d=mm&r=g\",\"contentUrl\":\"https:\\\/\\\/secure.gravatar.com\\\/avatar\\\/4c29ceac98541dd42460b2474aaa5dd37594d6ce6cb3cf2c101d09b48ee287ba?s=96&d=mm&r=g\",\"caption\":\"Diario del Sur Digital\"},\"url\":\"https:\\\/\\\/diariodelsurdigital.com.ar\\\/?author=2\"}]}<\/script>\n<!-- \/ Yoast SEO plugin. -->","yoast_head_json":{"title":"Chau \"Wally\", hola \"Carlitos\" - Diario del Sur","robots":{"index":"index","follow":"follow","max-snippet":"max-snippet:-1","max-image-preview":"max-image-preview:large","max-video-preview":"max-video-preview:-1"},"canonical":"https:\/\/diariodelsurdigital.com.ar\/?p=1002","og_locale":"es_ES","og_type":"article","og_title":"Chau \"Wally\", hola \"Carlitos\" - Diario del Sur","og_description":"\u00abVa tanto el c\u00e1ntaro a la fuente que se rompe\u00bb, cuenta el dicho popular. Lo que era una cr\u00f3nica anunciada por Diario del SUR Digital parece haber ocurrido hace apenas unas horas. D\u00edgame licenciado El actual Subsecretario de Cultura, Jorge \u00abWally\u00bb Garc\u00eda, est\u00e1 en uso de licencia. Lo que se dijo es que \u00abfue una [&hellip;]","og_url":"https:\/\/diariodelsurdigital.com.ar\/?p=1002","og_site_name":"Diario del Sur","article_published_time":"2025-02-13T00:34:18+00:00","article_modified_time":"2025-02-13T00:34:20+00:00","og_image":[{"width":574,"height":271,"url":"https:\/\/diariodelsurdigital.com.ar\/wp-content\/uploads\/2025\/02\/multimedia.miniatura.98ac75d8bcbe7354.526563746f7220436f6d657263696f20325f6d696e6961747572612e77656270-1.png","type":"image\/png"}],"author":"Diario del Sur Digital","twitter_card":"summary_large_image","twitter_misc":{"Escrito por":"Diario del Sur Digital","Tiempo de lectura":"2 minutos"},"schema":{"@context":"https:\/\/schema.org","@graph":[{"@type":"Article","@id":"https:\/\/diariodelsurdigital.com.ar\/?p=1002#article","isPartOf":{"@id":"https:\/\/diariodelsurdigital.com.ar\/?p=1002"},"author":{"name":"Diario del Sur Digital","@id":"https:\/\/diariodelsurdigital.com.ar\/#\/schema\/person\/6136a32571657f7dba980b88b04c5465"},"headline":"Chau \u00abWally\u00bb, hola \u00abCarlitos\u00bb","datePublished":"2025-02-13T00:34:18+00:00","dateModified":"2025-02-13T00:34:20+00:00","mainEntityOfPage":{"@id":"https:\/\/diariodelsurdigital.com.ar\/?p=1002"},"wordCount":279,"commentCount":0,"image":{"@id":"https:\/\/diariodelsurdigital.com.ar\/?p=1002#primaryimage"},"thumbnailUrl":"https:\/\/diariodelsurdigital.com.ar\/wp-content\/uploads\/2025\/02\/multimedia.miniatura.98ac75d8bcbe7354.526563746f7220436f6d657263696f20325f6d696e6961747572612e77656270-1.png","articleSection":["Locales"],"inLanguage":"es","potentialAction":[{"@type":"CommentAction","name":"Comment","target":["https:\/\/diariodelsurdigital.com.ar\/?p=1002#respond"]}]},{"@type":"WebPage","@id":"https:\/\/diariodelsurdigital.com.ar\/?p=1002","url":"https:\/\/diariodelsurdigital.com.ar\/?p=1002","name":"Chau \"Wally\", hola \"Carlitos\" - Diario del Sur","isPartOf":{"@id":"https:\/\/diariodelsurdigital.com.ar\/#website"},"primaryImageOfPage":{"@id":"https:\/\/diariodelsurdigital.com.ar\/?p=1002#primaryimage"},"image":{"@id":"https:\/\/diariodelsurdigital.com.ar\/?p=1002#primaryimage"},"thumbnailUrl":"https:\/\/diariodelsurdigital.com.ar\/wp-content\/uploads\/2025\/02\/multimedia.miniatura.98ac75d8bcbe7354.526563746f7220436f6d657263696f20325f6d696e6961747572612e77656270-1.png","datePublished":"2025-02-13T00:34:18+00:00","dateModified":"2025-02-13T00:34:20+00:00","author":{"@id":"https:\/\/diariodelsurdigital.com.ar\/#\/schema\/person\/6136a32571657f7dba980b88b04c5465"},"breadcrumb":{"@id":"https:\/\/diariodelsurdigital.com.ar\/?p=1002#breadcrumb"},"inLanguage":"es","potentialAction":[{"@type":"ReadAction","target":["https:\/\/diariodelsurdigital.com.ar\/?p=1002"]}]},{"@type":"ImageObject","inLanguage":"es","@id":"https:\/\/diariodelsurdigital.com.ar\/?p=1002#primaryimage","url":"https:\/\/diariodelsurdigital.com.ar\/wp-content\/uploads\/2025\/02\/multimedia.miniatura.98ac75d8bcbe7354.526563746f7220436f6d657263696f20325f6d696e6961747572612e77656270-1.png","contentUrl":"https:\/\/diariodelsurdigital.com.ar\/wp-content\/uploads\/2025\/02\/multimedia.miniatura.98ac75d8bcbe7354.526563746f7220436f6d657263696f20325f6d696e6961747572612e77656270-1.png","width":574,"height":271},{"@type":"BreadcrumbList","@id":"https:\/\/diariodelsurdigital.com.ar\/?p=1002#breadcrumb","itemListElement":[{"@type":"ListItem","position":1,"name":"Portada","item":"https:\/\/diariodelsurdigital.com.ar\/"},{"@type":"ListItem","position":2,"name":"Chau \u00abWally\u00bb, hola \u00abCarlitos\u00bb"}]},{"@type":"WebSite","@id":"https:\/\/diariodelsurdigital.com.ar\/#website","url":"https:\/\/diariodelsurdigital.com.ar\/","name":"Diario del Sur","description":"Digital","potentialAction":[{"@type":"SearchAction","target":{"@type":"EntryPoint","urlTemplate":"https:\/\/diariodelsurdigital.com.ar\/?s={search_term_string}"},"query-input":{"@type":"PropertyValueSpecification","valueRequired":true,"valueName":"search_term_string"}}],"inLanguage":"es"},{"@type":"Person","@id":"https:\/\/diariodelsurdigital.com.ar\/#\/schema\/person\/6136a32571657f7dba980b88b04c5465","name":"Diario del Sur Digital","image":{"@type":"ImageObject","inLanguage":"es","@id":"https:\/\/secure.gravatar.com\/avatar\/4c29ceac98541dd42460b2474aaa5dd37594d6ce6cb3cf2c101d09b48ee287ba?s=96&d=mm&r=g","url":"https:\/\/secure.gravatar.com\/avatar\/4c29ceac98541dd42460b2474aaa5dd37594d6ce6cb3cf2c101d09b48ee287ba?s=96&d=mm&r=g","contentUrl":"https:\/\/secure.gravatar.com\/avatar\/4c29ceac98541dd42460b2474aaa5dd37594d6ce6cb3cf2c101d09b48ee287ba?s=96&d=mm&r=g","caption":"Diario del Sur Digital"},"url":"https:\/\/diariodelsurdigital.com.ar\/?author=2"}]}},"_links":{"self":[{"href":"https:\/\/diariodelsurdigital.com.ar\/index.php?rest_route=\/wp\/v2\/posts\/1002","targetHints":{"allow":["GET"]}}],"collection":[{"href":"https:\/\/diariodelsurdigital.com.ar\/index.php?rest_route=\/wp\/v2\/posts"}],"about":[{"href":"https:\/\/diariodelsurdigital.com.ar\/index.php?rest_route=\/wp\/v2\/types\/post"}],"author":[{"embeddable":true,"href":"https:\/\/diariodelsurdigital.com.ar\/index.php?rest_route=\/wp\/v2\/users\/2"}],"replies":[{"embeddable":true,"href":"https:\/\/diariodelsurdigital.com.ar\/index.php?rest_route=%2Fwp%2Fv2%2Fcomments&post=1002"}],"version-history":[{"count":1,"href":"https:\/\/diariodelsurdigital.com.ar\/index.php?rest_route=\/wp\/v2\/posts\/1002\/revisions"}],"predecessor-version":[{"id":1004,"href":"https:\/\/diariodelsurdigital.com.ar\/index.php?rest_route=\/wp\/v2\/posts\/1002\/revisions\/1004"}],"wp:featuredmedia":[{"embeddable":true,"href":"https:\/\/diariodelsurdigital.com.ar\/index.php?rest_route=\/wp\/v2\/media\/1003"}],"wp:attachment":[{"href":"https:\/\/diariodelsurdigital.com.ar\/index.php?rest_route=%2Fwp%2Fv2%2Fmedia&parent=1002"}],"wp:term":[{"taxonomy":"category","embeddable":true,"href":"https:\/\/diariodelsurdigital.com.ar\/index.php?rest_route=%2Fwp%2Fv2%2Fcategories&post=1002"},{"taxonomy":"post_tag","embeddable":true,"href":"https:\/\/diariodelsurdigital.com.ar\/index.php?rest_route=%2Fwp%2Fv2%2Ftags&post=1002"}],"curies":[{"name":"wp","href":"https:\/\/api.w.org\/{rel}","templated":true}]}}