{"id":10021,"date":"2026-09-02T10:21:40","date_gmt":"2026-09-02T13:21:40","guid":{"rendered":"https:\/\/diariodelsurdigital.com.ar\/?p=10021"},"modified":"2026-09-02T10:21:42","modified_gmt":"2026-09-02T13:21:42","slug":"paro-universitario-fracaso-la-paritaria-y-los-docentes-van-a-una-huelga-nacional-este-miercoles","status":"publish","type":"post","link":"https:\/\/diariodelsurdigital.com.ar\/?p=10021","title":{"rendered":"Paro universitario: fracas\u00f3 la paritaria y los docentes van a una huelga nacional este mi\u00e9rcoles"},"content":{"rendered":"\n<p class=\"wp-block-paragraph\">El Gobierno nacional ofreci\u00f3 un 3% y los docentes rechazaron la propuesta, por lo que convocaron a un paro universitario para este mi\u00e9rcoles.<\/p>\n\n\n\n<p class=\"wp-block-paragraph\"><\/p>\n\n\n\n<p class=\"wp-block-paragraph\">El paro universitario sum\u00f3 este martes un nuevo cap\u00edtulo luego de que la reuni\u00f3n paritaria entre el Gobierno y los gremios docentes terminara sin acuerdo. Los sindicatos rechazaron la propuesta oficial de un 3% de aumento salarial para septiembre y convocaron a un paro nacional para este mi\u00e9rcoles.<\/p>\n\n\n\n<p class=\"wp-block-paragraph\">Desde la Federaci\u00f3n de Docentes de las Universidades (Fedun) cuestionaron la oferta y se\u00f1alaron que el planteo del Gobierno no contempla la p\u00e9rdida salarial acumulada ni cumple con la Ley de Financiamiento Universitario y la medida cautelar vigente que este martes la Justicia mantuvo a favor de las universidades.<\/p>\n\n\n\n<p class=\"wp-block-paragraph\">Seg\u00fan los sindicatos, para cumplir con la Ley de Financiamiento Universitario, los salarios docentes deber\u00edan recuperar un 31,2% de p\u00e9rdida acumulada a julio, a lo que debe sumarse la inflaci\u00f3n correspondiente a agosto. Sin embargo, el Gobierno ofreci\u00f3 actualizar los salarios seg\u00fan la inflaci\u00f3n de junio, julio y agosto, m\u00e1s un 3% para septiembre y otro 3% para octubre. Este \u00faltimo aumento ya hab\u00eda sido acordado previamente, por lo que los gremios consideran que el \u00fanico incremento nuevo es el 3% de septiembre.<\/p>\n\n\n\n<p class=\"wp-block-paragraph\">Los sindicatos sostienen que todav\u00eda queda pendiente una recomposici\u00f3n cercana al 30% y cuestionaron que la propuesta oficial no contemple la p\u00e9rdida salarial acumulada ni otros reclamos vinculados con el sistema universitario. Tambi\u00e9n reclamaron avanzar con la situaci\u00f3n de los preuniversitarios, el nomenclador salarial, los adicionales por posgrados, las becas, los gastos de funcionamiento y los fondos destinados a hospitales universitarios.<\/p>\n\n\n\n<p class=\"wp-block-paragraph\">La respuesta del Ministerio de Capital Humano<br>A su vez, el Ministerio de Capital Humano emiti\u00f3 un comunicado sobre las negociaciones con los docentes en el que estableci\u00f3 que \u00abel objetivo apunta a la continuidad de la negociaci\u00f3n paritaria con las asociaciones sindicales del sector educativo universitario\u00bb. Seg\u00fan el comunicado, la oferta del Poder Ejecutivo comprende un aumento total del 6% para el personal docente, no obstante Emiliano Cagnasi, secretario general de Aduba y representante de Fedun, se\u00f1al\u00f3 que el 3% ofrecido representa apenas una parte de la recomposici\u00f3n que consideran adeudada.<\/p>\n\n\n\n<p class=\"wp-block-paragraph\">Adem\u00e1s, record\u00f3 que la Ley de Financiamiento Universitario establece una actualizaci\u00f3n salarial tomando como referencia diciembre de 2023 y cuestion\u00f3 que la negociaci\u00f3n haya terminado, seg\u00fan sus palabras, en un \u201cmon\u00f3logo\u201d por parte del Gobierno.<\/p>\n\n\n\n<p class=\"wp-block-paragraph\">Nuevo paro universitario<\/p>\n\n\n\n<p class=\"wp-block-paragraph\">Frente al rechazo de la propuesta, los gremios que integran el Frente Sindical Universitario convocaron a un paro total de actividades por 24 horas este mi\u00e9rcoles. Desde CONADU calificaron el aumento del 3% como una \u201cprovocaci\u00f3n\u201d y reclamaron recuperar el porcentaje perdido, incorporar la inflaci\u00f3n de agosto, resolver los salarios adeudados y avanzar con el abordaje del Fondo Nacional de Incentivo Docente (Fonid).<\/p>\n\n\n\n<p class=\"wp-block-paragraph\">Clara Chevalier, secretaria general de Conadu, sostuvo que los sindicatos llevaron a la reuni\u00f3n toda su agenda paritaria, pero que el Gobierno se limit\u00f3 a ofrecer un 3%. La dirigente anticip\u00f3 adem\u00e1s que los gremios volver\u00e1n a reunirse a fines de esta semana para definir c\u00f3mo contin\u00faa el plan de lucha. Tambi\u00e9n record\u00f3 que el juez federal Mart\u00edn Cormick dio al Ejecutivo un plazo de tres d\u00edas para presentar un informe sobre el cumplimiento de la Ley de Financiamiento Universitario.<\/p>\n\n\n\n<p class=\"wp-block-paragraph\">Desde Conadu Hist\u00f3rica tambi\u00e9n consideraron que la negociaci\u00f3n fracas\u00f3. Su secretaria general, Francisca Staiti, cuestion\u00f3 que el ofrecimiento oficial estuviera muy por debajo del 31,2% que los sindicatos consideran adeudado a julio, al que debe agregarse la inflaci\u00f3n de agosto. La federaci\u00f3n reclam\u00f3 adem\u00e1s que, hacia adelante, se establezcan actualizaciones salariales mensuales como m\u00ednimo equivalentes a la inflaci\u00f3n.<\/p>\n","protected":false},"excerpt":{"rendered":"<p>El Gobierno nacional ofreci\u00f3 un 3% y los docentes rechazaron la propuesta, por lo que convocaron a un paro universitario para este mi\u00e9rcoles. El paro universitario sum\u00f3 este martes un nuevo cap\u00edtulo luego de que la reuni\u00f3n paritaria entre el Gobierno y los gremios docentes terminara sin acuerdo. Los sindicatos rechazaron la propuesta oficial de [&hellip;]<\/p>\n","protected":false},"author":4,"featured_media":10022,"comment_status":"open","ping_status":"open","sticky":false,"template":"","format":"standard","meta":{"_jetpack_memberships_contains_paid_content":false,"footnotes":""},"categories":[19,18],"tags":[],"class_list":["post-10021","post","type-post","status-publish","format-standard","has-post-thumbnail","category-interes-general","category-nacionales"],"yoast_head":"<!-- This site is optimized with the Yoast SEO plugin v27.6 - https:\/\/yoast.com\/product\/yoast-seo-wordpress\/ -->\n<title>Paro universitario: fracas\u00f3 la paritaria y los docentes van a una huelga nacional este mi\u00e9rcoles - Diario del Sur<\/title>\n<meta name=\"robots\" content=\"index, follow, max-snippet:-1, max-image-preview:large, max-video-preview:-1\" \/>\n<link rel=\"canonical\" href=\"https:\/\/diariodelsurdigital.com.ar\/?p=10021\" \/>\n<meta property=\"og:locale\" content=\"es_ES\" \/>\n<meta property=\"og:type\" content=\"article\" \/>\n<meta property=\"og:title\" content=\"Paro universitario: fracas\u00f3 la paritaria y los docentes van a una huelga nacional este mi\u00e9rcoles - Diario del Sur\" \/>\n<meta property=\"og:description\" content=\"El Gobierno nacional ofreci\u00f3 un 3% y los docentes rechazaron la propuesta, por lo que convocaron a un paro universitario para este mi\u00e9rcoles. El paro universitario sum\u00f3 este martes un nuevo cap\u00edtulo luego de que la reuni\u00f3n paritaria entre el Gobierno y los gremios docentes terminara sin acuerdo. Los sindicatos rechazaron la propuesta oficial de [&hellip;]\" \/>\n<meta property=\"og:url\" content=\"https:\/\/diariodelsurdigital.com.ar\/?p=10021\" \/>\n<meta property=\"og:site_name\" content=\"Diario del Sur\" \/>\n<meta property=\"article:published_time\" content=\"2026-09-02T13:21:40+00:00\" \/>\n<meta property=\"article:modified_time\" content=\"2026-09-02T13:21:42+00:00\" \/>\n<meta property=\"og:image\" content=\"https:\/\/diariodelsurdigital.com.ar\/wp-content\/uploads\/2026\/09\/md-2026-09-02T101957.257.webp\" \/>\n\t<meta property=\"og:image:width\" content=\"992\" \/>\n\t<meta property=\"og:image:height\" content=\"558\" \/>\n\t<meta property=\"og:image:type\" content=\"image\/webp\" \/>\n<meta name=\"author\" content=\"Diario del Sur Digital\" \/>\n<meta name=\"twitter:card\" content=\"summary_large_image\" \/>\n<meta name=\"twitter:label1\" content=\"Escrito por\" \/>\n\t<meta name=\"twitter:data1\" content=\"Diario del Sur Digital\" \/>\n\t<meta name=\"twitter:label2\" content=\"Tiempo de lectura\" \/>\n\t<meta name=\"twitter:data2\" content=\"3 minutos\" \/>\n<script type=\"application\/ld+json\" class=\"yoast-schema-graph\">{\"@context\":\"https:\\\/\\\/schema.org\",\"@graph\":[{\"@type\":\"Article\",\"@id\":\"https:\\\/\\\/diariodelsurdigital.com.ar\\\/?p=10021#article\",\"isPartOf\":{\"@id\":\"https:\\\/\\\/diariodelsurdigital.com.ar\\\/?p=10021\"},\"author\":{\"name\":\"Diario del Sur Digital\",\"@id\":\"https:\\\/\\\/diariodelsurdigital.com.ar\\\/#\\\/schema\\\/person\\\/1a4992532ed62965c968031b49195c81\"},\"headline\":\"Paro universitario: fracas\u00f3 la paritaria y los docentes van a una huelga nacional este mi\u00e9rcoles\",\"datePublished\":\"2026-09-02T13:21:40+00:00\",\"dateModified\":\"2026-09-02T13:21:42+00:00\",\"mainEntityOfPage\":{\"@id\":\"https:\\\/\\\/diariodelsurdigital.com.ar\\\/?p=10021\"},\"wordCount\":644,\"commentCount\":0,\"image\":{\"@id\":\"https:\\\/\\\/diariodelsurdigital.com.ar\\\/?p=10021#primaryimage\"},\"thumbnailUrl\":\"https:\\\/\\\/diariodelsurdigital.com.ar\\\/wp-content\\\/uploads\\\/2026\\\/09\\\/md-2026-09-02T101957.257.webp\",\"articleSection\":[\"Inter\u00e9s General\",\"Nacionales\"],\"inLanguage\":\"es\",\"potentialAction\":[{\"@type\":\"CommentAction\",\"name\":\"Comment\",\"target\":[\"https:\\\/\\\/diariodelsurdigital.com.ar\\\/?p=10021#respond\"]}]},{\"@type\":\"WebPage\",\"@id\":\"https:\\\/\\\/diariodelsurdigital.com.ar\\\/?p=10021\",\"url\":\"https:\\\/\\\/diariodelsurdigital.com.ar\\\/?p=10021\",\"name\":\"Paro universitario: fracas\u00f3 la paritaria y los docentes van a una huelga nacional este mi\u00e9rcoles - Diario del Sur\",\"isPartOf\":{\"@id\":\"https:\\\/\\\/diariodelsurdigital.com.ar\\\/#website\"},\"primaryImageOfPage\":{\"@id\":\"https:\\\/\\\/diariodelsurdigital.com.ar\\\/?p=10021#primaryimage\"},\"image\":{\"@id\":\"https:\\\/\\\/diariodelsurdigital.com.ar\\\/?p=10021#primaryimage\"},\"thumbnailUrl\":\"https:\\\/\\\/diariodelsurdigital.com.ar\\\/wp-content\\\/uploads\\\/2026\\\/09\\\/md-2026-09-02T101957.257.webp\",\"datePublished\":\"2026-09-02T13:21:40+00:00\",\"dateModified\":\"2026-09-02T13:21:42+00:00\",\"author\":{\"@id\":\"https:\\\/\\\/diariodelsurdigital.com.ar\\\/#\\\/schema\\\/person\\\/1a4992532ed62965c968031b49195c81\"},\"breadcrumb\":{\"@id\":\"https:\\\/\\\/diariodelsurdigital.com.ar\\\/?p=10021#breadcrumb\"},\"inLanguage\":\"es\",\"potentialAction\":[{\"@type\":\"ReadAction\",\"target\":[\"https:\\\/\\\/diariodelsurdigital.com.ar\\\/?p=10021\"]}]},{\"@type\":\"ImageObject\",\"inLanguage\":\"es\",\"@id\":\"https:\\\/\\\/diariodelsurdigital.com.ar\\\/?p=10021#primaryimage\",\"url\":\"https:\\\/\\\/diariodelsurdigital.com.ar\\\/wp-content\\\/uploads\\\/2026\\\/09\\\/md-2026-09-02T101957.257.webp\",\"contentUrl\":\"https:\\\/\\\/diariodelsurdigital.com.ar\\\/wp-content\\\/uploads\\\/2026\\\/09\\\/md-2026-09-02T101957.257.webp\",\"width\":992,\"height\":558},{\"@type\":\"BreadcrumbList\",\"@id\":\"https:\\\/\\\/diariodelsurdigital.com.ar\\\/?p=10021#breadcrumb\",\"itemListElement\":[{\"@type\":\"ListItem\",\"position\":1,\"name\":\"Portada\",\"item\":\"https:\\\/\\\/diariodelsurdigital.com.ar\\\/\"},{\"@type\":\"ListItem\",\"position\":2,\"name\":\"Paro universitario: fracas\u00f3 la paritaria y los docentes van a una huelga nacional este mi\u00e9rcoles\"}]},{\"@type\":\"WebSite\",\"@id\":\"https:\\\/\\\/diariodelsurdigital.com.ar\\\/#website\",\"url\":\"https:\\\/\\\/diariodelsurdigital.com.ar\\\/\",\"name\":\"Diario del Sur\",\"description\":\"Digital\",\"potentialAction\":[{\"@type\":\"SearchAction\",\"target\":{\"@type\":\"EntryPoint\",\"urlTemplate\":\"https:\\\/\\\/diariodelsurdigital.com.ar\\\/?s={search_term_string}\"},\"query-input\":{\"@type\":\"PropertyValueSpecification\",\"valueRequired\":true,\"valueName\":\"search_term_string\"}}],\"inLanguage\":\"es\"},{\"@type\":\"Person\",\"@id\":\"https:\\\/\\\/diariodelsurdigital.com.ar\\\/#\\\/schema\\\/person\\\/1a4992532ed62965c968031b49195c81\",\"name\":\"Diario del Sur Digital\",\"image\":{\"@type\":\"ImageObject\",\"inLanguage\":\"es\",\"@id\":\"https:\\\/\\\/secure.gravatar.com\\\/avatar\\\/f0c7c47fc7146d19828273b9b8eda651c9c7ab583767e6338d3d3bee825adf76?s=96&d=mm&r=g\",\"url\":\"https:\\\/\\\/secure.gravatar.com\\\/avatar\\\/f0c7c47fc7146d19828273b9b8eda651c9c7ab583767e6338d3d3bee825adf76?s=96&d=mm&r=g\",\"contentUrl\":\"https:\\\/\\\/secure.gravatar.com\\\/avatar\\\/f0c7c47fc7146d19828273b9b8eda651c9c7ab583767e6338d3d3bee825adf76?s=96&d=mm&r=g\",\"caption\":\"Diario del Sur Digital\"},\"url\":\"https:\\\/\\\/diariodelsurdigital.com.ar\\\/?author=4\"}]}<\/script>\n<!-- \/ Yoast SEO plugin. -->","yoast_head_json":{"title":"Paro universitario: fracas\u00f3 la paritaria y los docentes van a una huelga nacional este mi\u00e9rcoles - Diario del Sur","robots":{"index":"index","follow":"follow","max-snippet":"max-snippet:-1","max-image-preview":"max-image-preview:large","max-video-preview":"max-video-preview:-1"},"canonical":"https:\/\/diariodelsurdigital.com.ar\/?p=10021","og_locale":"es_ES","og_type":"article","og_title":"Paro universitario: fracas\u00f3 la paritaria y los docentes van a una huelga nacional este mi\u00e9rcoles - Diario del Sur","og_description":"El Gobierno nacional ofreci\u00f3 un 3% y los docentes rechazaron la propuesta, por lo que convocaron a un paro universitario para este mi\u00e9rcoles. El paro universitario sum\u00f3 este martes un nuevo cap\u00edtulo luego de que la reuni\u00f3n paritaria entre el Gobierno y los gremios docentes terminara sin acuerdo. Los sindicatos rechazaron la propuesta oficial de [&hellip;]","og_url":"https:\/\/diariodelsurdigital.com.ar\/?p=10021","og_site_name":"Diario del Sur","article_published_time":"2026-09-02T13:21:40+00:00","article_modified_time":"2026-09-02T13:21:42+00:00","og_image":[{"width":992,"height":558,"url":"https:\/\/diariodelsurdigital.com.ar\/wp-content\/uploads\/2026\/09\/md-2026-09-02T101957.257.webp","type":"image\/webp"}],"author":"Diario del Sur Digital","twitter_card":"summary_large_image","twitter_misc":{"Escrito por":"Diario del Sur Digital","Tiempo de lectura":"3 minutos"},"schema":{"@context":"https:\/\/schema.org","@graph":[{"@type":"Article","@id":"https:\/\/diariodelsurdigital.com.ar\/?p=10021#article","isPartOf":{"@id":"https:\/\/diariodelsurdigital.com.ar\/?p=10021"},"author":{"name":"Diario del Sur Digital","@id":"https:\/\/diariodelsurdigital.com.ar\/#\/schema\/person\/1a4992532ed62965c968031b49195c81"},"headline":"Paro universitario: fracas\u00f3 la paritaria y los docentes van a una huelga nacional este mi\u00e9rcoles","datePublished":"2026-09-02T13:21:40+00:00","dateModified":"2026-09-02T13:21:42+00:00","mainEntityOfPage":{"@id":"https:\/\/diariodelsurdigital.com.ar\/?p=10021"},"wordCount":644,"commentCount":0,"image":{"@id":"https:\/\/diariodelsurdigital.com.ar\/?p=10021#primaryimage"},"thumbnailUrl":"https:\/\/diariodelsurdigital.com.ar\/wp-content\/uploads\/2026\/09\/md-2026-09-02T101957.257.webp","articleSection":["Inter\u00e9s General","Nacionales"],"inLanguage":"es","potentialAction":[{"@type":"CommentAction","name":"Comment","target":["https:\/\/diariodelsurdigital.com.ar\/?p=10021#respond"]}]},{"@type":"WebPage","@id":"https:\/\/diariodelsurdigital.com.ar\/?p=10021","url":"https:\/\/diariodelsurdigital.com.ar\/?p=10021","name":"Paro universitario: fracas\u00f3 la paritaria y los docentes van a una huelga nacional este mi\u00e9rcoles - Diario del Sur","isPartOf":{"@id":"https:\/\/diariodelsurdigital.com.ar\/#website"},"primaryImageOfPage":{"@id":"https:\/\/diariodelsurdigital.com.ar\/?p=10021#primaryimage"},"image":{"@id":"https:\/\/diariodelsurdigital.com.ar\/?p=10021#primaryimage"},"thumbnailUrl":"https:\/\/diariodelsurdigital.com.ar\/wp-content\/uploads\/2026\/09\/md-2026-09-02T101957.257.webp","datePublished":"2026-09-02T13:21:40+00:00","dateModified":"2026-09-02T13:21:42+00:00","author":{"@id":"https:\/\/diariodelsurdigital.com.ar\/#\/schema\/person\/1a4992532ed62965c968031b49195c81"},"breadcrumb":{"@id":"https:\/\/diariodelsurdigital.com.ar\/?p=10021#breadcrumb"},"inLanguage":"es","potentialAction":[{"@type":"ReadAction","target":["https:\/\/diariodelsurdigital.com.ar\/?p=10021"]}]},{"@type":"ImageObject","inLanguage":"es","@id":"https:\/\/diariodelsurdigital.com.ar\/?p=10021#primaryimage","url":"https:\/\/diariodelsurdigital.com.ar\/wp-content\/uploads\/2026\/09\/md-2026-09-02T101957.257.webp","contentUrl":"https:\/\/diariodelsurdigital.com.ar\/wp-content\/uploads\/2026\/09\/md-2026-09-02T101957.257.webp","width":992,"height":558},{"@type":"BreadcrumbList","@id":"https:\/\/diariodelsurdigital.com.ar\/?p=10021#breadcrumb","itemListElement":[{"@type":"ListItem","position":1,"name":"Portada","item":"https:\/\/diariodelsurdigital.com.ar\/"},{"@type":"ListItem","position":2,"name":"Paro universitario: fracas\u00f3 la paritaria y los docentes van a una huelga nacional este mi\u00e9rcoles"}]},{"@type":"WebSite","@id":"https:\/\/diariodelsurdigital.com.ar\/#website","url":"https:\/\/diariodelsurdigital.com.ar\/","name":"Diario del Sur","description":"Digital","potentialAction":[{"@type":"SearchAction","target":{"@type":"EntryPoint","urlTemplate":"https:\/\/diariodelsurdigital.com.ar\/?s={search_term_string}"},"query-input":{"@type":"PropertyValueSpecification","valueRequired":true,"valueName":"search_term_string"}}],"inLanguage":"es"},{"@type":"Person","@id":"https:\/\/diariodelsurdigital.com.ar\/#\/schema\/person\/1a4992532ed62965c968031b49195c81","name":"Diario del Sur Digital","image":{"@type":"ImageObject","inLanguage":"es","@id":"https:\/\/secure.gravatar.com\/avatar\/f0c7c47fc7146d19828273b9b8eda651c9c7ab583767e6338d3d3bee825adf76?s=96&d=mm&r=g","url":"https:\/\/secure.gravatar.com\/avatar\/f0c7c47fc7146d19828273b9b8eda651c9c7ab583767e6338d3d3bee825adf76?s=96&d=mm&r=g","contentUrl":"https:\/\/secure.gravatar.com\/avatar\/f0c7c47fc7146d19828273b9b8eda651c9c7ab583767e6338d3d3bee825adf76?s=96&d=mm&r=g","caption":"Diario del Sur Digital"},"url":"https:\/\/diariodelsurdigital.com.ar\/?author=4"}]}},"jetpack_featured_media_url":"https:\/\/diariodelsurdigital.com.ar\/wp-content\/uploads\/2026\/09\/md-2026-09-02T101957.257.webp","jetpack_sharing_enabled":true,"_links":{"self":[{"href":"https:\/\/diariodelsurdigital.com.ar\/index.php?rest_route=\/wp\/v2\/posts\/10021","targetHints":{"allow":["GET"]}}],"collection":[{"href":"https:\/\/diariodelsurdigital.com.ar\/index.php?rest_route=\/wp\/v2\/posts"}],"about":[{"href":"https:\/\/diariodelsurdigital.com.ar\/index.php?rest_route=\/wp\/v2\/types\/post"}],"author":[{"embeddable":true,"href":"https:\/\/diariodelsurdigital.com.ar\/index.php?rest_route=\/wp\/v2\/users\/4"}],"replies":[{"embeddable":true,"href":"https:\/\/diariodelsurdigital.com.ar\/index.php?rest_route=%2Fwp%2Fv2%2Fcomments&post=10021"}],"version-history":[{"count":1,"href":"https:\/\/diariodelsurdigital.com.ar\/index.php?rest_route=\/wp\/v2\/posts\/10021\/revisions"}],"predecessor-version":[{"id":10023,"href":"https:\/\/diariodelsurdigital.com.ar\/index.php?rest_route=\/wp\/v2\/posts\/10021\/revisions\/10023"}],"wp:featuredmedia":[{"embeddable":true,"href":"https:\/\/diariodelsurdigital.com.ar\/index.php?rest_route=\/wp\/v2\/media\/10022"}],"wp:attachment":[{"href":"https:\/\/diariodelsurdigital.com.ar\/index.php?rest_route=%2Fwp%2Fv2%2Fmedia&parent=10021"}],"wp:term":[{"taxonomy":"category","embeddable":true,"href":"https:\/\/diariodelsurdigital.com.ar\/index.php?rest_route=%2Fwp%2Fv2%2Fcategories&post=10021"},{"taxonomy":"post_tag","embeddable":true,"href":"https:\/\/diariodelsurdigital.com.ar\/index.php?rest_route=%2Fwp%2Fv2%2Ftags&post=10021"}],"curies":[{"name":"wp","href":"https:\/\/api.w.org\/{rel}","templated":true}]}}