{"id":10024,"date":"2026-09-02T10:25:17","date_gmt":"2026-09-02T13:25:17","guid":{"rendered":"https:\/\/diariodelsurdigital.com.ar\/?p=10024"},"modified":"2026-09-02T10:25:19","modified_gmt":"2026-09-02T13:25:19","slug":"en-el-dia-de-la-industria-apyme-advirtio-o-cambiamos-de-rumbo-o-nos-resignamos-a-desaparecer","status":"publish","type":"post","link":"https:\/\/diariodelsurdigital.com.ar\/?p=10024","title":{"rendered":"En el D\u00eda de la Industria Apyme advirti\u00f3: \u201cO cambiamos de rumbo o nos resignamos a desaparecer\u201d"},"content":{"rendered":"\n<p class=\"wp-block-paragraph\">En el marco del D\u00eda de la Industria Nacional, la Asamblea de Peque\u00f1os y Medianos Empresarios (Apyme) advirti\u00f3 sobre la situaci\u00f3n del entramado productivo argentino y reclam\u00f3 un cambio de orientaci\u00f3n econ\u00f3mica. La entidad sostuvo que la crisis industrial es consecuencia de un programa que, seg\u00fan su an\u00e1lisis, \u201cexcluye definitivamente a la industria nacional del futuro del pa\u00eds\u201d.<\/p>\n\n\n\n<p class=\"wp-block-paragraph\">Bajo el t\u00edtulo \u201cO cambiamos de rumbo o nos resignamos a desaparecer\u201d, Apyme plante\u00f3 que la discusi\u00f3n debe superar la consigna de que \u201cno hay nada que festejar\u201d y centrarse en \u201cla supervivencia de la Argentina como Naci\u00f3n soberana con perspectivas de desarrollo\u201d.<\/p>\n\n\n\n<p class=\"wp-block-paragraph\">La organizaci\u00f3n cuestion\u00f3 el nivel de utilizaci\u00f3n de la capacidad instalada industrial, que ubic\u00f3 por debajo del 40%, y alert\u00f3 sobre el crecimiento de las importaciones de bienes de consumo, la destrucci\u00f3n de empresas y empleos registrados y las dificultades en las cadenas de pago.<\/p>\n\n\n\n<p class=\"wp-block-paragraph\">Seg\u00fan Apyme, este escenario profundiza un circuito caracterizado por \u201crecesi\u00f3n, baja de recaudaci\u00f3n, nuevo ajuste y m\u00e1s \u2018apret\u00f3n monetario\u2019\u201d.<\/p>\n\n\n\n<p class=\"wp-block-paragraph\">La entidad tambi\u00e9n vincul\u00f3 la situaci\u00f3n actual con un proceso de concentraci\u00f3n y extranjerizaci\u00f3n de la econom\u00eda que, seg\u00fan plante\u00f3, se inici\u00f3 en 1976. En ese sentido, cuestion\u00f3 el avance de un modelo que defini\u00f3 como \u201ceconom\u00eda de enclave extractivista\u201d, basado principalmente en actividades agropecuarias, mineras y energ\u00e9ticas sin agregado de valor.<\/p>\n\n\n\n<p class=\"wp-block-paragraph\">Asimismo, manifest\u00f3 su preocupaci\u00f3n por las pol\u00edticas que afectan a las peque\u00f1as y medianas empresas y por el desfinanciamiento de organismos vinculados con la ciencia, la tecnolog\u00eda y la producci\u00f3n, entre ellos las universidades, el Conicet, el INTI y el INTA.<\/p>\n\n\n\n<p class=\"wp-block-paragraph\">En ese marco, Apyme reclam\u00f3 la implementaci\u00f3n de una \u201cEmergencia Mipyme\u201d para frenar los procesos de quiebra y remate y permitir que las empresas puedan atravesar la actual crisis.<\/p>\n\n\n\n<p class=\"wp-block-paragraph\">No obstante, la entidad consider\u00f3 que las medidas de emergencia resultan insuficientes frente al escenario que proyecta y llam\u00f3 a discutir \u201cun programa alternativo de pa\u00eds\u201d junto a las Pymes, los trabajadores, el cooperativismo, la econom\u00eda social, las universidades y el sistema cient\u00edfico-t\u00e9cnico nacional.<\/p>\n\n\n\n<p class=\"wp-block-paragraph\">Diez ejes para una agenda productiva<br>De cara al proceso electoral, Apyme propuso una agenda de discusi\u00f3n program\u00e1tica estructurada en diez ejes: un papel activo del Estado y la restituci\u00f3n de derechos; reindustrializaci\u00f3n con transferencia tecnol\u00f3gica e investigaci\u00f3n y desarrollo; apoyo federal a las econom\u00edas regionales; fomento y jerarquizaci\u00f3n institucional de las Pymes; una reforma tributaria progresiva; democratizaci\u00f3n del cr\u00e9dito y creaci\u00f3n de una banca de desarrollo; generaci\u00f3n de empleo digno y rechazo a la flexibilizaci\u00f3n laboral; impulso al mercado interno y pol\u00edticas antimonop\u00f3licas; control nacional sobre infraestructura cr\u00edtica y recursos estrat\u00e9gicos; e integraci\u00f3n regional desde una perspectiva multipolar y aut\u00f3noma.<\/p>\n\n\n\n<p class=\"wp-block-paragraph\">La entidad plante\u00f3 adem\u00e1s la necesidad de revisar el marco legal desregulador, con especial \u00e9nfasis en el DNU 70\/23, y cuestion\u00f3 otras pol\u00edticas y herramientas del actual esquema econ\u00f3mico, como el R\u00e9gimen de Incentivo para Grandes Inversiones (RIGI), la reforma del Banco Central y el endeudamiento.<\/p>\n\n\n\n<p class=\"wp-block-paragraph\">\u201cSin industria no hay Naci\u00f3n\u201d, afirm\u00f3 Apyme al cerrar su documento, en el que sostuvo que \u201cla reconstrucci\u00f3n de la Argentina industrial, soberana y democr\u00e1tica\u201d debe comenzar cuanto antes.<\/p>\n","protected":false},"excerpt":{"rendered":"<p>En el marco del D\u00eda de la Industria Nacional, la Asamblea de Peque\u00f1os y Medianos Empresarios (Apyme) advirti\u00f3 sobre la situaci\u00f3n del entramado productivo argentino y reclam\u00f3 un cambio de orientaci\u00f3n econ\u00f3mica. La entidad sostuvo que la crisis industrial es consecuencia de un programa que, seg\u00fan su an\u00e1lisis, \u201cexcluye definitivamente a la industria nacional del [&hellip;]<\/p>\n","protected":false},"author":4,"featured_media":10025,"comment_status":"open","ping_status":"open","sticky":false,"template":"","format":"standard","meta":{"_jetpack_memberships_contains_paid_content":false,"footnotes":""},"categories":[18],"tags":[],"class_list":["post-10024","post","type-post","status-publish","format-standard","has-post-thumbnail","category-nacionales"],"yoast_head":"<!-- This site is optimized with the Yoast SEO plugin v27.6 - https:\/\/yoast.com\/product\/yoast-seo-wordpress\/ -->\n<title>En el D\u00eda de la Industria Apyme advirti\u00f3: \u201cO cambiamos de rumbo o nos resignamos a desaparecer\u201d - Diario del Sur<\/title>\n<meta name=\"robots\" content=\"index, follow, max-snippet:-1, max-image-preview:large, max-video-preview:-1\" \/>\n<link rel=\"canonical\" href=\"https:\/\/diariodelsurdigital.com.ar\/?p=10024\" \/>\n<meta property=\"og:locale\" content=\"es_ES\" \/>\n<meta property=\"og:type\" content=\"article\" \/>\n<meta property=\"og:title\" content=\"En el D\u00eda de la Industria Apyme advirti\u00f3: \u201cO cambiamos de rumbo o nos resignamos a desaparecer\u201d - Diario del Sur\" \/>\n<meta property=\"og:description\" content=\"En el marco del D\u00eda de la Industria Nacional, la Asamblea de Peque\u00f1os y Medianos Empresarios (Apyme) advirti\u00f3 sobre la situaci\u00f3n del entramado productivo argentino y reclam\u00f3 un cambio de orientaci\u00f3n econ\u00f3mica. La entidad sostuvo que la crisis industrial es consecuencia de un programa que, seg\u00fan su an\u00e1lisis, \u201cexcluye definitivamente a la industria nacional del [&hellip;]\" \/>\n<meta property=\"og:url\" content=\"https:\/\/diariodelsurdigital.com.ar\/?p=10024\" \/>\n<meta property=\"og:site_name\" content=\"Diario del Sur\" \/>\n<meta property=\"article:published_time\" content=\"2026-09-02T13:25:17+00:00\" \/>\n<meta property=\"article:modified_time\" content=\"2026-09-02T13:25:19+00:00\" \/>\n<meta property=\"og:image\" content=\"https:\/\/diariodelsurdigital.com.ar\/wp-content\/uploads\/2026\/09\/md-2026-09-02T102445.975.webp\" \/>\n\t<meta property=\"og:image:width\" content=\"992\" \/>\n\t<meta property=\"og:image:height\" content=\"661\" \/>\n\t<meta property=\"og:image:type\" content=\"image\/webp\" \/>\n<meta name=\"author\" content=\"Diario del Sur Digital\" \/>\n<meta name=\"twitter:card\" content=\"summary_large_image\" \/>\n<meta name=\"twitter:label1\" content=\"Escrito por\" \/>\n\t<meta name=\"twitter:data1\" content=\"Diario del Sur Digital\" \/>\n\t<meta name=\"twitter:label2\" content=\"Tiempo de lectura\" \/>\n\t<meta name=\"twitter:data2\" content=\"3 minutos\" \/>\n<script type=\"application\/ld+json\" class=\"yoast-schema-graph\">{\"@context\":\"https:\\\/\\\/schema.org\",\"@graph\":[{\"@type\":\"Article\",\"@id\":\"https:\\\/\\\/diariodelsurdigital.com.ar\\\/?p=10024#article\",\"isPartOf\":{\"@id\":\"https:\\\/\\\/diariodelsurdigital.com.ar\\\/?p=10024\"},\"author\":{\"name\":\"Diario del Sur Digital\",\"@id\":\"https:\\\/\\\/diariodelsurdigital.com.ar\\\/#\\\/schema\\\/person\\\/1a4992532ed62965c968031b49195c81\"},\"headline\":\"En el D\u00eda de la Industria Apyme advirti\u00f3: \u201cO cambiamos de rumbo o nos resignamos a desaparecer\u201d\",\"datePublished\":\"2026-09-02T13:25:17+00:00\",\"dateModified\":\"2026-09-02T13:25:19+00:00\",\"mainEntityOfPage\":{\"@id\":\"https:\\\/\\\/diariodelsurdigital.com.ar\\\/?p=10024\"},\"wordCount\":584,\"commentCount\":0,\"image\":{\"@id\":\"https:\\\/\\\/diariodelsurdigital.com.ar\\\/?p=10024#primaryimage\"},\"thumbnailUrl\":\"https:\\\/\\\/diariodelsurdigital.com.ar\\\/wp-content\\\/uploads\\\/2026\\\/09\\\/md-2026-09-02T102445.975.webp\",\"articleSection\":[\"Nacionales\"],\"inLanguage\":\"es\",\"potentialAction\":[{\"@type\":\"CommentAction\",\"name\":\"Comment\",\"target\":[\"https:\\\/\\\/diariodelsurdigital.com.ar\\\/?p=10024#respond\"]}]},{\"@type\":\"WebPage\",\"@id\":\"https:\\\/\\\/diariodelsurdigital.com.ar\\\/?p=10024\",\"url\":\"https:\\\/\\\/diariodelsurdigital.com.ar\\\/?p=10024\",\"name\":\"En el D\u00eda de la Industria Apyme advirti\u00f3: \u201cO cambiamos de rumbo o nos resignamos a desaparecer\u201d - Diario del Sur\",\"isPartOf\":{\"@id\":\"https:\\\/\\\/diariodelsurdigital.com.ar\\\/#website\"},\"primaryImageOfPage\":{\"@id\":\"https:\\\/\\\/diariodelsurdigital.com.ar\\\/?p=10024#primaryimage\"},\"image\":{\"@id\":\"https:\\\/\\\/diariodelsurdigital.com.ar\\\/?p=10024#primaryimage\"},\"thumbnailUrl\":\"https:\\\/\\\/diariodelsurdigital.com.ar\\\/wp-content\\\/uploads\\\/2026\\\/09\\\/md-2026-09-02T102445.975.webp\",\"datePublished\":\"2026-09-02T13:25:17+00:00\",\"dateModified\":\"2026-09-02T13:25:19+00:00\",\"author\":{\"@id\":\"https:\\\/\\\/diariodelsurdigital.com.ar\\\/#\\\/schema\\\/person\\\/1a4992532ed62965c968031b49195c81\"},\"breadcrumb\":{\"@id\":\"https:\\\/\\\/diariodelsurdigital.com.ar\\\/?p=10024#breadcrumb\"},\"inLanguage\":\"es\",\"potentialAction\":[{\"@type\":\"ReadAction\",\"target\":[\"https:\\\/\\\/diariodelsurdigital.com.ar\\\/?p=10024\"]}]},{\"@type\":\"ImageObject\",\"inLanguage\":\"es\",\"@id\":\"https:\\\/\\\/diariodelsurdigital.com.ar\\\/?p=10024#primaryimage\",\"url\":\"https:\\\/\\\/diariodelsurdigital.com.ar\\\/wp-content\\\/uploads\\\/2026\\\/09\\\/md-2026-09-02T102445.975.webp\",\"contentUrl\":\"https:\\\/\\\/diariodelsurdigital.com.ar\\\/wp-content\\\/uploads\\\/2026\\\/09\\\/md-2026-09-02T102445.975.webp\",\"width\":992,\"height\":661},{\"@type\":\"BreadcrumbList\",\"@id\":\"https:\\\/\\\/diariodelsurdigital.com.ar\\\/?p=10024#breadcrumb\",\"itemListElement\":[{\"@type\":\"ListItem\",\"position\":1,\"name\":\"Portada\",\"item\":\"https:\\\/\\\/diariodelsurdigital.com.ar\\\/\"},{\"@type\":\"ListItem\",\"position\":2,\"name\":\"En el D\u00eda de la Industria Apyme advirti\u00f3: \u201cO cambiamos de rumbo o nos resignamos a desaparecer\u201d\"}]},{\"@type\":\"WebSite\",\"@id\":\"https:\\\/\\\/diariodelsurdigital.com.ar\\\/#website\",\"url\":\"https:\\\/\\\/diariodelsurdigital.com.ar\\\/\",\"name\":\"Diario del Sur\",\"description\":\"Digital\",\"potentialAction\":[{\"@type\":\"SearchAction\",\"target\":{\"@type\":\"EntryPoint\",\"urlTemplate\":\"https:\\\/\\\/diariodelsurdigital.com.ar\\\/?s={search_term_string}\"},\"query-input\":{\"@type\":\"PropertyValueSpecification\",\"valueRequired\":true,\"valueName\":\"search_term_string\"}}],\"inLanguage\":\"es\"},{\"@type\":\"Person\",\"@id\":\"https:\\\/\\\/diariodelsurdigital.com.ar\\\/#\\\/schema\\\/person\\\/1a4992532ed62965c968031b49195c81\",\"name\":\"Diario del Sur Digital\",\"image\":{\"@type\":\"ImageObject\",\"inLanguage\":\"es\",\"@id\":\"https:\\\/\\\/secure.gravatar.com\\\/avatar\\\/f0c7c47fc7146d19828273b9b8eda651c9c7ab583767e6338d3d3bee825adf76?s=96&d=mm&r=g\",\"url\":\"https:\\\/\\\/secure.gravatar.com\\\/avatar\\\/f0c7c47fc7146d19828273b9b8eda651c9c7ab583767e6338d3d3bee825adf76?s=96&d=mm&r=g\",\"contentUrl\":\"https:\\\/\\\/secure.gravatar.com\\\/avatar\\\/f0c7c47fc7146d19828273b9b8eda651c9c7ab583767e6338d3d3bee825adf76?s=96&d=mm&r=g\",\"caption\":\"Diario del Sur Digital\"},\"url\":\"https:\\\/\\\/diariodelsurdigital.com.ar\\\/?author=4\"}]}<\/script>\n<!-- \/ Yoast SEO plugin. -->","yoast_head_json":{"title":"En el D\u00eda de la Industria Apyme advirti\u00f3: \u201cO cambiamos de rumbo o nos resignamos a desaparecer\u201d - Diario del Sur","robots":{"index":"index","follow":"follow","max-snippet":"max-snippet:-1","max-image-preview":"max-image-preview:large","max-video-preview":"max-video-preview:-1"},"canonical":"https:\/\/diariodelsurdigital.com.ar\/?p=10024","og_locale":"es_ES","og_type":"article","og_title":"En el D\u00eda de la Industria Apyme advirti\u00f3: \u201cO cambiamos de rumbo o nos resignamos a desaparecer\u201d - Diario del Sur","og_description":"En el marco del D\u00eda de la Industria Nacional, la Asamblea de Peque\u00f1os y Medianos Empresarios (Apyme) advirti\u00f3 sobre la situaci\u00f3n del entramado productivo argentino y reclam\u00f3 un cambio de orientaci\u00f3n econ\u00f3mica. La entidad sostuvo que la crisis industrial es consecuencia de un programa que, seg\u00fan su an\u00e1lisis, \u201cexcluye definitivamente a la industria nacional del [&hellip;]","og_url":"https:\/\/diariodelsurdigital.com.ar\/?p=10024","og_site_name":"Diario del Sur","article_published_time":"2026-09-02T13:25:17+00:00","article_modified_time":"2026-09-02T13:25:19+00:00","og_image":[{"width":992,"height":661,"url":"https:\/\/diariodelsurdigital.com.ar\/wp-content\/uploads\/2026\/09\/md-2026-09-02T102445.975.webp","type":"image\/webp"}],"author":"Diario del Sur Digital","twitter_card":"summary_large_image","twitter_misc":{"Escrito por":"Diario del Sur Digital","Tiempo de lectura":"3 minutos"},"schema":{"@context":"https:\/\/schema.org","@graph":[{"@type":"Article","@id":"https:\/\/diariodelsurdigital.com.ar\/?p=10024#article","isPartOf":{"@id":"https:\/\/diariodelsurdigital.com.ar\/?p=10024"},"author":{"name":"Diario del Sur Digital","@id":"https:\/\/diariodelsurdigital.com.ar\/#\/schema\/person\/1a4992532ed62965c968031b49195c81"},"headline":"En el D\u00eda de la Industria Apyme advirti\u00f3: \u201cO cambiamos de rumbo o nos resignamos a desaparecer\u201d","datePublished":"2026-09-02T13:25:17+00:00","dateModified":"2026-09-02T13:25:19+00:00","mainEntityOfPage":{"@id":"https:\/\/diariodelsurdigital.com.ar\/?p=10024"},"wordCount":584,"commentCount":0,"image":{"@id":"https:\/\/diariodelsurdigital.com.ar\/?p=10024#primaryimage"},"thumbnailUrl":"https:\/\/diariodelsurdigital.com.ar\/wp-content\/uploads\/2026\/09\/md-2026-09-02T102445.975.webp","articleSection":["Nacionales"],"inLanguage":"es","potentialAction":[{"@type":"CommentAction","name":"Comment","target":["https:\/\/diariodelsurdigital.com.ar\/?p=10024#respond"]}]},{"@type":"WebPage","@id":"https:\/\/diariodelsurdigital.com.ar\/?p=10024","url":"https:\/\/diariodelsurdigital.com.ar\/?p=10024","name":"En el D\u00eda de la Industria Apyme advirti\u00f3: \u201cO cambiamos de rumbo o nos resignamos a desaparecer\u201d - Diario del Sur","isPartOf":{"@id":"https:\/\/diariodelsurdigital.com.ar\/#website"},"primaryImageOfPage":{"@id":"https:\/\/diariodelsurdigital.com.ar\/?p=10024#primaryimage"},"image":{"@id":"https:\/\/diariodelsurdigital.com.ar\/?p=10024#primaryimage"},"thumbnailUrl":"https:\/\/diariodelsurdigital.com.ar\/wp-content\/uploads\/2026\/09\/md-2026-09-02T102445.975.webp","datePublished":"2026-09-02T13:25:17+00:00","dateModified":"2026-09-02T13:25:19+00:00","author":{"@id":"https:\/\/diariodelsurdigital.com.ar\/#\/schema\/person\/1a4992532ed62965c968031b49195c81"},"breadcrumb":{"@id":"https:\/\/diariodelsurdigital.com.ar\/?p=10024#breadcrumb"},"inLanguage":"es","potentialAction":[{"@type":"ReadAction","target":["https:\/\/diariodelsurdigital.com.ar\/?p=10024"]}]},{"@type":"ImageObject","inLanguage":"es","@id":"https:\/\/diariodelsurdigital.com.ar\/?p=10024#primaryimage","url":"https:\/\/diariodelsurdigital.com.ar\/wp-content\/uploads\/2026\/09\/md-2026-09-02T102445.975.webp","contentUrl":"https:\/\/diariodelsurdigital.com.ar\/wp-content\/uploads\/2026\/09\/md-2026-09-02T102445.975.webp","width":992,"height":661},{"@type":"BreadcrumbList","@id":"https:\/\/diariodelsurdigital.com.ar\/?p=10024#breadcrumb","itemListElement":[{"@type":"ListItem","position":1,"name":"Portada","item":"https:\/\/diariodelsurdigital.com.ar\/"},{"@type":"ListItem","position":2,"name":"En el D\u00eda de la Industria Apyme advirti\u00f3: \u201cO cambiamos de rumbo o nos resignamos a desaparecer\u201d"}]},{"@type":"WebSite","@id":"https:\/\/diariodelsurdigital.com.ar\/#website","url":"https:\/\/diariodelsurdigital.com.ar\/","name":"Diario del Sur","description":"Digital","potentialAction":[{"@type":"SearchAction","target":{"@type":"EntryPoint","urlTemplate":"https:\/\/diariodelsurdigital.com.ar\/?s={search_term_string}"},"query-input":{"@type":"PropertyValueSpecification","valueRequired":true,"valueName":"search_term_string"}}],"inLanguage":"es"},{"@type":"Person","@id":"https:\/\/diariodelsurdigital.com.ar\/#\/schema\/person\/1a4992532ed62965c968031b49195c81","name":"Diario del Sur Digital","image":{"@type":"ImageObject","inLanguage":"es","@id":"https:\/\/secure.gravatar.com\/avatar\/f0c7c47fc7146d19828273b9b8eda651c9c7ab583767e6338d3d3bee825adf76?s=96&d=mm&r=g","url":"https:\/\/secure.gravatar.com\/avatar\/f0c7c47fc7146d19828273b9b8eda651c9c7ab583767e6338d3d3bee825adf76?s=96&d=mm&r=g","contentUrl":"https:\/\/secure.gravatar.com\/avatar\/f0c7c47fc7146d19828273b9b8eda651c9c7ab583767e6338d3d3bee825adf76?s=96&d=mm&r=g","caption":"Diario del Sur Digital"},"url":"https:\/\/diariodelsurdigital.com.ar\/?author=4"}]}},"jetpack_featured_media_url":"https:\/\/diariodelsurdigital.com.ar\/wp-content\/uploads\/2026\/09\/md-2026-09-02T102445.975.webp","jetpack_sharing_enabled":true,"_links":{"self":[{"href":"https:\/\/diariodelsurdigital.com.ar\/index.php?rest_route=\/wp\/v2\/posts\/10024","targetHints":{"allow":["GET"]}}],"collection":[{"href":"https:\/\/diariodelsurdigital.com.ar\/index.php?rest_route=\/wp\/v2\/posts"}],"about":[{"href":"https:\/\/diariodelsurdigital.com.ar\/index.php?rest_route=\/wp\/v2\/types\/post"}],"author":[{"embeddable":true,"href":"https:\/\/diariodelsurdigital.com.ar\/index.php?rest_route=\/wp\/v2\/users\/4"}],"replies":[{"embeddable":true,"href":"https:\/\/diariodelsurdigital.com.ar\/index.php?rest_route=%2Fwp%2Fv2%2Fcomments&post=10024"}],"version-history":[{"count":1,"href":"https:\/\/diariodelsurdigital.com.ar\/index.php?rest_route=\/wp\/v2\/posts\/10024\/revisions"}],"predecessor-version":[{"id":10026,"href":"https:\/\/diariodelsurdigital.com.ar\/index.php?rest_route=\/wp\/v2\/posts\/10024\/revisions\/10026"}],"wp:featuredmedia":[{"embeddable":true,"href":"https:\/\/diariodelsurdigital.com.ar\/index.php?rest_route=\/wp\/v2\/media\/10025"}],"wp:attachment":[{"href":"https:\/\/diariodelsurdigital.com.ar\/index.php?rest_route=%2Fwp%2Fv2%2Fmedia&parent=10024"}],"wp:term":[{"taxonomy":"category","embeddable":true,"href":"https:\/\/diariodelsurdigital.com.ar\/index.php?rest_route=%2Fwp%2Fv2%2Fcategories&post=10024"},{"taxonomy":"post_tag","embeddable":true,"href":"https:\/\/diariodelsurdigital.com.ar\/index.php?rest_route=%2Fwp%2Fv2%2Ftags&post=10024"}],"curies":[{"name":"wp","href":"https:\/\/api.w.org\/{rel}","templated":true}]}}