{"id":10033,"date":"2026-09-02T20:50:09","date_gmt":"2026-09-02T23:50:09","guid":{"rendered":"https:\/\/diariodelsurdigital.com.ar\/?p=10033"},"modified":"2026-09-02T20:50:11","modified_gmt":"2026-09-02T23:50:11","slug":"el-oraculo-de-saure-y-azcue","status":"publish","type":"post","link":"https:\/\/diariodelsurdigital.com.ar\/?p=10033","title":{"rendered":"El or\u00e1culo de Saur\u00e9 y Azcu\u00e9"},"content":{"rendered":"\n<p class=\"wp-block-paragraph\"><\/p>\n\n\n\n<p class=\"wp-block-paragraph\">La pesadilla de una gesti\u00f3n que habla de orden y transparencia, mientras ajusta, hace sus negocios y condena a la indigencia a familias que no hace mucho, su \u00fanica entrada era la de un ingreso como empleados municipales, parece naturalizarse.<\/p>\n\n\n\n<p class=\"wp-block-paragraph\">Como si esto fuera poco y como iron\u00eda del destino, el intendente Francisco Azcu\u00e9, como Poncio Pilatos, cree haberse lavado las manos, con dejar a cargo del <strong>COES<\/strong> (Comit\u00e9 de Operaciones de Emergencia \/ Comit\u00e9 Operativo de Emergencias) de Concordia, a su secretario de Salud, Diego Saur\u00e9.<\/p>\n\n\n\n<p class=\"wp-block-paragraph\">&nbsp;La responsabilidad no es poca para estar al frente de la coordinaci\u00f3n general ante las emergencias clim\u00e1ticas, h\u00eddricas y las tareas de defensa civil y brigada forestal dependientes de su secretar\u00eda. Aunque Azcu\u00e9 lo haya delegado a Saur\u00e9, como Presidente Municipal seguir\u00e1 siendo el mayor responsable de todo lo que ocurra en la ciudad en caso de emergencia de todo tipo.<\/p>\n\n\n\n<p class=\"wp-block-paragraph\"><strong>El or\u00e1culo de Saur\u00e9 y Azcu\u00e9<\/strong><\/p>\n\n\n\n<p class=\"wp-block-paragraph\">El coordinador del Centro de Operaciones de Emergencia Sanitaria (COES) de Concordia, Dr. Diego Saur\u00e9, junto al intendente Francisco Azcu\u00e9, advirtieron que el <strong>R\u00edo Uruguay podr\u00eda alcanzar como m\u00ednimo entre los 14,50 y los 15 metros<\/strong> debido al impacto del fen\u00f3meno clim\u00e1tico de <strong>El Ni\u00f1o<\/strong>. \u00bfQu\u00e9 or\u00e1culo consultaron?<\/p>\n\n\n\n<p class=\"wp-block-paragraph\">Si bien lo vertido por el intendente y su secretario puede ocurrir, siempre se tratan de posibilidades o probabilidades. Si tomamos lo que vienen advirtiendo varios meteor\u00f3logos expertos en la materia, asistimos a un fen\u00f3meno que es incierto. Si tomamos los anuncios de Azcu\u00e9 y Saur\u00e9 en que la altura del r\u00edo Uruguay podr\u00eda alcanzar <strong>como m\u00ednimo los 14.50 \u00f3 15 metros, entonces, \u00bfcu\u00e1l podr\u00eda ser la altura m\u00e1xima?<\/strong><\/p>\n\n\n\n<p class=\"wp-block-paragraph\">Saur\u00e9 habl\u00f3 de que podr\u00eda haber unos 3000 evacuados, pero si tomamos como referencia la creciente del a\u00f1o 2015 y con una cota de 15.80, los evacuados fueron entre 10.000 y 12.000 personas, no queremos pensar si el r\u00edo crece a <strong>17 metros lo que pueda ocurrir.<\/strong> Pasar\u00edamos de unos <strong>18.000 evacuados a 40.000 por el solo hecho de que las aguas sobrepasar\u00edan la cota de la Defensa Sur.<\/strong><\/p>\n\n\n\n<p class=\"wp-block-paragraph\">No queremos sembrar el temor, pero est\u00e1n dentro de las posibilidades que puedan ocurrir, partiendo de lo que Saur\u00e9 y Azcu\u00e9 lo advirtieran, aunque debemos decirlo, los dos funcionarios tienen poca o nula expertise en la materia.<\/p>\n\n\n\n<figure class=\"wp-block-image size-full is-resized\"><img loading=\"lazy\" decoding=\"async\" width=\"603\" height=\"387\" src=\"https:\/\/diariodelsurdigital.com.ar\/wp-content\/uploads\/2026\/09\/1-56-768x432-1.jpg\" alt=\"\" class=\"wp-image-10035\" style=\"aspect-ratio:1.558224985867722;width:483px;height:auto\" srcset=\"https:\/\/diariodelsurdigital.com.ar\/wp-content\/uploads\/2026\/09\/1-56-768x432-1.jpg 603w, https:\/\/diariodelsurdigital.com.ar\/wp-content\/uploads\/2026\/09\/1-56-768x432-1-300x193.jpg 300w, https:\/\/diariodelsurdigital.com.ar\/wp-content\/uploads\/2026\/09\/1-56-768x432-1-323x207.jpg 323w, https:\/\/diariodelsurdigital.com.ar\/wp-content\/uploads\/2026\/09\/1-56-768x432-1-249x160.jpg 249w, https:\/\/diariodelsurdigital.com.ar\/wp-content\/uploads\/2026\/09\/1-56-768x432-1-342x219.jpg 342w, https:\/\/diariodelsurdigital.com.ar\/wp-content\/uploads\/2026\/09\/1-56-768x432-1-355x228.jpg 355w, https:\/\/diariodelsurdigital.com.ar\/wp-content\/uploads\/2026\/09\/1-56-768x432-1-406x261.jpg 406w, https:\/\/diariodelsurdigital.com.ar\/wp-content\/uploads\/2026\/09\/1-56-768x432-1-599x384.jpg 599w\" sizes=\"auto, (max-width: 603px) 100vw, 603px\" \/><\/figure>\n\n\n\n<p class=\"wp-block-paragraph\"><strong>Emergencia tras emergencia<\/strong><\/p>\n\n\n\n<p class=\"wp-block-paragraph\">Si tomamos como ejemplo la declaraci\u00f3n de emergencia ambiental que significa el gasto de unos 400 millones mensuales por el tema de la basura, se ve que mucho no ha cambiado. Estar\u00eda bueno que los concejales de la oposici\u00f3n se dieron una vuelta por Pr\u00f3spero Bovino, frente a la empresa Baggio, en donde all\u00ed se encuentran monta\u00f1as de basura, que, seg\u00fan los vecinos de la zona, \u201cno se banca el olor nauseabundo, las alima\u00f1as y roedores que hay en la zona\u201d.<\/p>\n\n\n\n<p class=\"wp-block-paragraph\">Ahora, \u00bfD\u00f3nde est\u00e1 ese dinero que debe justamente atender este tipo de demanda por el cual se declar\u00f3 la emergencia? \u00bfSe lo llev\u00f3 el viejo de la bolsa? Estas y muchas otras preguntas, es la que ya se vienen haciendo, cientos de buenos contribuyentes, que ya sospechan ad\u00f3nde van a parar el pago de sus tasas.<\/p>\n","protected":false},"excerpt":{"rendered":"<p>La pesadilla de una gesti\u00f3n que habla de orden y transparencia, mientras ajusta, hace sus negocios y condena a la indigencia a familias que no hace mucho, su \u00fanica entrada era la de un ingreso como empleados municipales, parece naturalizarse. Como si esto fuera poco y como iron\u00eda del destino, el intendente Francisco Azcu\u00e9, como [&hellip;]<\/p>\n","protected":false},"author":2,"featured_media":10034,"comment_status":"open","ping_status":"open","sticky":false,"template":"","format":"standard","meta":{"_jetpack_memberships_contains_paid_content":false,"footnotes":""},"categories":[1],"tags":[],"class_list":["post-10033","post","type-post","status-publish","format-standard","has-post-thumbnail","category-uncategorized"],"yoast_head":"<!-- This site is optimized with the Yoast SEO plugin v27.6 - https:\/\/yoast.com\/product\/yoast-seo-wordpress\/ -->\n<title>El or\u00e1culo de Saur\u00e9 y Azcu\u00e9 - Diario del Sur<\/title>\n<meta name=\"robots\" content=\"index, follow, max-snippet:-1, max-image-preview:large, max-video-preview:-1\" \/>\n<link rel=\"canonical\" href=\"https:\/\/diariodelsurdigital.com.ar\/?p=10033\" \/>\n<meta property=\"og:locale\" content=\"es_ES\" \/>\n<meta property=\"og:type\" content=\"article\" \/>\n<meta property=\"og:title\" content=\"El or\u00e1culo de Saur\u00e9 y Azcu\u00e9 - Diario del Sur\" \/>\n<meta property=\"og:description\" content=\"La pesadilla de una gesti\u00f3n que habla de orden y transparencia, mientras ajusta, hace sus negocios y condena a la indigencia a familias que no hace mucho, su \u00fanica entrada era la de un ingreso como empleados municipales, parece naturalizarse. Como si esto fuera poco y como iron\u00eda del destino, el intendente Francisco Azcu\u00e9, como [&hellip;]\" \/>\n<meta property=\"og:url\" content=\"https:\/\/diariodelsurdigital.com.ar\/?p=10033\" \/>\n<meta property=\"og:site_name\" content=\"Diario del Sur\" \/>\n<meta property=\"article:published_time\" content=\"2026-09-02T23:50:09+00:00\" \/>\n<meta property=\"article:modified_time\" content=\"2026-09-02T23:50:11+00:00\" \/>\n<meta property=\"og:image\" content=\"https:\/\/diariodelsurdigital.com.ar\/wp-content\/uploads\/2026\/09\/61Hyg7Y-l3L._AC_UF10001000_QL80_.jpg\" \/>\n\t<meta property=\"og:image:width\" content=\"536\" \/>\n\t<meta property=\"og:image:height\" content=\"374\" \/>\n\t<meta property=\"og:image:type\" content=\"image\/jpeg\" \/>\n<meta name=\"author\" content=\"Diario del Sur Digital\" \/>\n<meta name=\"twitter:card\" content=\"summary_large_image\" \/>\n<meta name=\"twitter:label1\" content=\"Escrito por\" \/>\n\t<meta name=\"twitter:data1\" content=\"Diario del Sur Digital\" \/>\n\t<meta name=\"twitter:label2\" content=\"Tiempo de lectura\" \/>\n\t<meta name=\"twitter:data2\" content=\"3 minutos\" \/>\n<script type=\"application\/ld+json\" class=\"yoast-schema-graph\">{\"@context\":\"https:\\\/\\\/schema.org\",\"@graph\":[{\"@type\":\"Article\",\"@id\":\"https:\\\/\\\/diariodelsurdigital.com.ar\\\/?p=10033#article\",\"isPartOf\":{\"@id\":\"https:\\\/\\\/diariodelsurdigital.com.ar\\\/?p=10033\"},\"author\":{\"name\":\"Diario del Sur Digital\",\"@id\":\"https:\\\/\\\/diariodelsurdigital.com.ar\\\/#\\\/schema\\\/person\\\/6136a32571657f7dba980b88b04c5465\"},\"headline\":\"El or\u00e1culo de Saur\u00e9 y Azcu\u00e9\",\"datePublished\":\"2026-09-02T23:50:09+00:00\",\"dateModified\":\"2026-09-02T23:50:11+00:00\",\"mainEntityOfPage\":{\"@id\":\"https:\\\/\\\/diariodelsurdigital.com.ar\\\/?p=10033\"},\"wordCount\":547,\"commentCount\":0,\"image\":{\"@id\":\"https:\\\/\\\/diariodelsurdigital.com.ar\\\/?p=10033#primaryimage\"},\"thumbnailUrl\":\"https:\\\/\\\/diariodelsurdigital.com.ar\\\/wp-content\\\/uploads\\\/2026\\\/09\\\/61Hyg7Y-l3L._AC_UF10001000_QL80_.jpg\",\"articleSection\":[\"Uncategorized\"],\"inLanguage\":\"es\",\"potentialAction\":[{\"@type\":\"CommentAction\",\"name\":\"Comment\",\"target\":[\"https:\\\/\\\/diariodelsurdigital.com.ar\\\/?p=10033#respond\"]}]},{\"@type\":\"WebPage\",\"@id\":\"https:\\\/\\\/diariodelsurdigital.com.ar\\\/?p=10033\",\"url\":\"https:\\\/\\\/diariodelsurdigital.com.ar\\\/?p=10033\",\"name\":\"El or\u00e1culo de Saur\u00e9 y Azcu\u00e9 - Diario del Sur\",\"isPartOf\":{\"@id\":\"https:\\\/\\\/diariodelsurdigital.com.ar\\\/#website\"},\"primaryImageOfPage\":{\"@id\":\"https:\\\/\\\/diariodelsurdigital.com.ar\\\/?p=10033#primaryimage\"},\"image\":{\"@id\":\"https:\\\/\\\/diariodelsurdigital.com.ar\\\/?p=10033#primaryimage\"},\"thumbnailUrl\":\"https:\\\/\\\/diariodelsurdigital.com.ar\\\/wp-content\\\/uploads\\\/2026\\\/09\\\/61Hyg7Y-l3L._AC_UF10001000_QL80_.jpg\",\"datePublished\":\"2026-09-02T23:50:09+00:00\",\"dateModified\":\"2026-09-02T23:50:11+00:00\",\"author\":{\"@id\":\"https:\\\/\\\/diariodelsurdigital.com.ar\\\/#\\\/schema\\\/person\\\/6136a32571657f7dba980b88b04c5465\"},\"breadcrumb\":{\"@id\":\"https:\\\/\\\/diariodelsurdigital.com.ar\\\/?p=10033#breadcrumb\"},\"inLanguage\":\"es\",\"potentialAction\":[{\"@type\":\"ReadAction\",\"target\":[\"https:\\\/\\\/diariodelsurdigital.com.ar\\\/?p=10033\"]}]},{\"@type\":\"ImageObject\",\"inLanguage\":\"es\",\"@id\":\"https:\\\/\\\/diariodelsurdigital.com.ar\\\/?p=10033#primaryimage\",\"url\":\"https:\\\/\\\/diariodelsurdigital.com.ar\\\/wp-content\\\/uploads\\\/2026\\\/09\\\/61Hyg7Y-l3L._AC_UF10001000_QL80_.jpg\",\"contentUrl\":\"https:\\\/\\\/diariodelsurdigital.com.ar\\\/wp-content\\\/uploads\\\/2026\\\/09\\\/61Hyg7Y-l3L._AC_UF10001000_QL80_.jpg\",\"width\":536,\"height\":374},{\"@type\":\"BreadcrumbList\",\"@id\":\"https:\\\/\\\/diariodelsurdigital.com.ar\\\/?p=10033#breadcrumb\",\"itemListElement\":[{\"@type\":\"ListItem\",\"position\":1,\"name\":\"Portada\",\"item\":\"https:\\\/\\\/diariodelsurdigital.com.ar\\\/\"},{\"@type\":\"ListItem\",\"position\":2,\"name\":\"El or\u00e1culo de Saur\u00e9 y Azcu\u00e9\"}]},{\"@type\":\"WebSite\",\"@id\":\"https:\\\/\\\/diariodelsurdigital.com.ar\\\/#website\",\"url\":\"https:\\\/\\\/diariodelsurdigital.com.ar\\\/\",\"name\":\"Diario del Sur\",\"description\":\"Digital\",\"potentialAction\":[{\"@type\":\"SearchAction\",\"target\":{\"@type\":\"EntryPoint\",\"urlTemplate\":\"https:\\\/\\\/diariodelsurdigital.com.ar\\\/?s={search_term_string}\"},\"query-input\":{\"@type\":\"PropertyValueSpecification\",\"valueRequired\":true,\"valueName\":\"search_term_string\"}}],\"inLanguage\":\"es\"},{\"@type\":\"Person\",\"@id\":\"https:\\\/\\\/diariodelsurdigital.com.ar\\\/#\\\/schema\\\/person\\\/6136a32571657f7dba980b88b04c5465\",\"name\":\"Diario del Sur Digital\",\"image\":{\"@type\":\"ImageObject\",\"inLanguage\":\"es\",\"@id\":\"https:\\\/\\\/secure.gravatar.com\\\/avatar\\\/4c29ceac98541dd42460b2474aaa5dd37594d6ce6cb3cf2c101d09b48ee287ba?s=96&d=mm&r=g\",\"url\":\"https:\\\/\\\/secure.gravatar.com\\\/avatar\\\/4c29ceac98541dd42460b2474aaa5dd37594d6ce6cb3cf2c101d09b48ee287ba?s=96&d=mm&r=g\",\"contentUrl\":\"https:\\\/\\\/secure.gravatar.com\\\/avatar\\\/4c29ceac98541dd42460b2474aaa5dd37594d6ce6cb3cf2c101d09b48ee287ba?s=96&d=mm&r=g\",\"caption\":\"Diario del Sur Digital\"},\"url\":\"https:\\\/\\\/diariodelsurdigital.com.ar\\\/?author=2\"}]}<\/script>\n<!-- \/ Yoast SEO plugin. -->","yoast_head_json":{"title":"El or\u00e1culo de Saur\u00e9 y Azcu\u00e9 - Diario del Sur","robots":{"index":"index","follow":"follow","max-snippet":"max-snippet:-1","max-image-preview":"max-image-preview:large","max-video-preview":"max-video-preview:-1"},"canonical":"https:\/\/diariodelsurdigital.com.ar\/?p=10033","og_locale":"es_ES","og_type":"article","og_title":"El or\u00e1culo de Saur\u00e9 y Azcu\u00e9 - Diario del Sur","og_description":"La pesadilla de una gesti\u00f3n que habla de orden y transparencia, mientras ajusta, hace sus negocios y condena a la indigencia a familias que no hace mucho, su \u00fanica entrada era la de un ingreso como empleados municipales, parece naturalizarse. Como si esto fuera poco y como iron\u00eda del destino, el intendente Francisco Azcu\u00e9, como [&hellip;]","og_url":"https:\/\/diariodelsurdigital.com.ar\/?p=10033","og_site_name":"Diario del Sur","article_published_time":"2026-09-02T23:50:09+00:00","article_modified_time":"2026-09-02T23:50:11+00:00","og_image":[{"width":536,"height":374,"url":"https:\/\/diariodelsurdigital.com.ar\/wp-content\/uploads\/2026\/09\/61Hyg7Y-l3L._AC_UF10001000_QL80_.jpg","type":"image\/jpeg"}],"author":"Diario del Sur Digital","twitter_card":"summary_large_image","twitter_misc":{"Escrito por":"Diario del Sur Digital","Tiempo de lectura":"3 minutos"},"schema":{"@context":"https:\/\/schema.org","@graph":[{"@type":"Article","@id":"https:\/\/diariodelsurdigital.com.ar\/?p=10033#article","isPartOf":{"@id":"https:\/\/diariodelsurdigital.com.ar\/?p=10033"},"author":{"name":"Diario del Sur Digital","@id":"https:\/\/diariodelsurdigital.com.ar\/#\/schema\/person\/6136a32571657f7dba980b88b04c5465"},"headline":"El or\u00e1culo de Saur\u00e9 y Azcu\u00e9","datePublished":"2026-09-02T23:50:09+00:00","dateModified":"2026-09-02T23:50:11+00:00","mainEntityOfPage":{"@id":"https:\/\/diariodelsurdigital.com.ar\/?p=10033"},"wordCount":547,"commentCount":0,"image":{"@id":"https:\/\/diariodelsurdigital.com.ar\/?p=10033#primaryimage"},"thumbnailUrl":"https:\/\/diariodelsurdigital.com.ar\/wp-content\/uploads\/2026\/09\/61Hyg7Y-l3L._AC_UF10001000_QL80_.jpg","articleSection":["Uncategorized"],"inLanguage":"es","potentialAction":[{"@type":"CommentAction","name":"Comment","target":["https:\/\/diariodelsurdigital.com.ar\/?p=10033#respond"]}]},{"@type":"WebPage","@id":"https:\/\/diariodelsurdigital.com.ar\/?p=10033","url":"https:\/\/diariodelsurdigital.com.ar\/?p=10033","name":"El or\u00e1culo de Saur\u00e9 y Azcu\u00e9 - Diario del Sur","isPartOf":{"@id":"https:\/\/diariodelsurdigital.com.ar\/#website"},"primaryImageOfPage":{"@id":"https:\/\/diariodelsurdigital.com.ar\/?p=10033#primaryimage"},"image":{"@id":"https:\/\/diariodelsurdigital.com.ar\/?p=10033#primaryimage"},"thumbnailUrl":"https:\/\/diariodelsurdigital.com.ar\/wp-content\/uploads\/2026\/09\/61Hyg7Y-l3L._AC_UF10001000_QL80_.jpg","datePublished":"2026-09-02T23:50:09+00:00","dateModified":"2026-09-02T23:50:11+00:00","author":{"@id":"https:\/\/diariodelsurdigital.com.ar\/#\/schema\/person\/6136a32571657f7dba980b88b04c5465"},"breadcrumb":{"@id":"https:\/\/diariodelsurdigital.com.ar\/?p=10033#breadcrumb"},"inLanguage":"es","potentialAction":[{"@type":"ReadAction","target":["https:\/\/diariodelsurdigital.com.ar\/?p=10033"]}]},{"@type":"ImageObject","inLanguage":"es","@id":"https:\/\/diariodelsurdigital.com.ar\/?p=10033#primaryimage","url":"https:\/\/diariodelsurdigital.com.ar\/wp-content\/uploads\/2026\/09\/61Hyg7Y-l3L._AC_UF10001000_QL80_.jpg","contentUrl":"https:\/\/diariodelsurdigital.com.ar\/wp-content\/uploads\/2026\/09\/61Hyg7Y-l3L._AC_UF10001000_QL80_.jpg","width":536,"height":374},{"@type":"BreadcrumbList","@id":"https:\/\/diariodelsurdigital.com.ar\/?p=10033#breadcrumb","itemListElement":[{"@type":"ListItem","position":1,"name":"Portada","item":"https:\/\/diariodelsurdigital.com.ar\/"},{"@type":"ListItem","position":2,"name":"El or\u00e1culo de Saur\u00e9 y Azcu\u00e9"}]},{"@type":"WebSite","@id":"https:\/\/diariodelsurdigital.com.ar\/#website","url":"https:\/\/diariodelsurdigital.com.ar\/","name":"Diario del Sur","description":"Digital","potentialAction":[{"@type":"SearchAction","target":{"@type":"EntryPoint","urlTemplate":"https:\/\/diariodelsurdigital.com.ar\/?s={search_term_string}"},"query-input":{"@type":"PropertyValueSpecification","valueRequired":true,"valueName":"search_term_string"}}],"inLanguage":"es"},{"@type":"Person","@id":"https:\/\/diariodelsurdigital.com.ar\/#\/schema\/person\/6136a32571657f7dba980b88b04c5465","name":"Diario del Sur Digital","image":{"@type":"ImageObject","inLanguage":"es","@id":"https:\/\/secure.gravatar.com\/avatar\/4c29ceac98541dd42460b2474aaa5dd37594d6ce6cb3cf2c101d09b48ee287ba?s=96&d=mm&r=g","url":"https:\/\/secure.gravatar.com\/avatar\/4c29ceac98541dd42460b2474aaa5dd37594d6ce6cb3cf2c101d09b48ee287ba?s=96&d=mm&r=g","contentUrl":"https:\/\/secure.gravatar.com\/avatar\/4c29ceac98541dd42460b2474aaa5dd37594d6ce6cb3cf2c101d09b48ee287ba?s=96&d=mm&r=g","caption":"Diario del Sur Digital"},"url":"https:\/\/diariodelsurdigital.com.ar\/?author=2"}]}},"jetpack_featured_media_url":"https:\/\/diariodelsurdigital.com.ar\/wp-content\/uploads\/2026\/09\/61Hyg7Y-l3L._AC_UF10001000_QL80_.jpg","jetpack_sharing_enabled":true,"_links":{"self":[{"href":"https:\/\/diariodelsurdigital.com.ar\/index.php?rest_route=\/wp\/v2\/posts\/10033","targetHints":{"allow":["GET"]}}],"collection":[{"href":"https:\/\/diariodelsurdigital.com.ar\/index.php?rest_route=\/wp\/v2\/posts"}],"about":[{"href":"https:\/\/diariodelsurdigital.com.ar\/index.php?rest_route=\/wp\/v2\/types\/post"}],"author":[{"embeddable":true,"href":"https:\/\/diariodelsurdigital.com.ar\/index.php?rest_route=\/wp\/v2\/users\/2"}],"replies":[{"embeddable":true,"href":"https:\/\/diariodelsurdigital.com.ar\/index.php?rest_route=%2Fwp%2Fv2%2Fcomments&post=10033"}],"version-history":[{"count":1,"href":"https:\/\/diariodelsurdigital.com.ar\/index.php?rest_route=\/wp\/v2\/posts\/10033\/revisions"}],"predecessor-version":[{"id":10036,"href":"https:\/\/diariodelsurdigital.com.ar\/index.php?rest_route=\/wp\/v2\/posts\/10033\/revisions\/10036"}],"wp:featuredmedia":[{"embeddable":true,"href":"https:\/\/diariodelsurdigital.com.ar\/index.php?rest_route=\/wp\/v2\/media\/10034"}],"wp:attachment":[{"href":"https:\/\/diariodelsurdigital.com.ar\/index.php?rest_route=%2Fwp%2Fv2%2Fmedia&parent=10033"}],"wp:term":[{"taxonomy":"category","embeddable":true,"href":"https:\/\/diariodelsurdigital.com.ar\/index.php?rest_route=%2Fwp%2Fv2%2Fcategories&post=10033"},{"taxonomy":"post_tag","embeddable":true,"href":"https:\/\/diariodelsurdigital.com.ar\/index.php?rest_route=%2Fwp%2Fv2%2Ftags&post=10033"}],"curies":[{"name":"wp","href":"https:\/\/api.w.org\/{rel}","templated":true}]}}