{"id":10038,"date":"2026-09-03T10:22:11","date_gmt":"2026-09-03T13:22:11","guid":{"rendered":"https:\/\/diariodelsurdigital.com.ar\/?p=10038"},"modified":"2026-09-03T10:22:12","modified_gmt":"2026-09-03T13:22:12","slug":"el-gobierno-impulsara-un-proyecto-para-privatizar-rutas-con-exenciones-impositivas","status":"publish","type":"post","link":"https:\/\/diariodelsurdigital.com.ar\/?p=10038","title":{"rendered":"El Gobierno impulsar\u00e1 un proyecto para privatizar rutas con exenciones impositivas"},"content":{"rendered":"\n<p class=\"wp-block-paragraph\">Si bien en un principio el ministro de Econom\u00eda, Luis Caputo, habl\u00f3 de 5.000 kil\u00f3metros de rutas, luego aclar\u00f3 que ser\u00e1n 6.000. Adem\u00e1s, se mostr\u00f3 confiado de tener el apoyo de los gobernadores para las exenciones.<\/p>\n\n\n\n<p class=\"wp-block-paragraph\"><\/p>\n\n\n\n<p class=\"wp-block-paragraph\">El ministro de Econom\u00eda, Luis Caputo, anunci\u00f3 que impulsar\u00e1 un proyecto para privatizar las rutas nacionales bajo un esquema de inversiones que quedar\u00edan exentas de impuestos nacionales, provinciales y municipales. Se trata de una iniciativa que enviar\u00e1 al Congreso y que deber\u00e1 contar con el apoyo de los gobernadores.<\/p>\n\n\n\n<p class=\"wp-block-paragraph\">\u201cTodo lo que sean nuevas inversiones en rutas, vamos a proponer que sea a cero impuestos, nacional, provincial y municipal, de manera que se genera m\u00e1s incentivo y que sea m\u00e1s barato todo este proceso de desarrollo y que se haga m\u00e1s r\u00e1pido\u201d, afirm\u00f3 Caputo durante el evento \u201cVientos de Cambio\u201d, organizado por la Fundaci\u00f3n Libertad y Progreso.<\/p>\n\n\n\n<p class=\"wp-block-paragraph\">Si bien en un principio el Ministro habl\u00f3 de 5.000 kil\u00f3metros de rutas, luego aclar\u00f3 que ser\u00e1n 6.000. Adem\u00e1s, se mostr\u00f3 confiado en contar con el apoyo de los gobernadores para las exenciones. \u201cEllos coinciden en que la inversi\u00f3n en rutas e infraestructura es fundamental\u201d, asegur\u00f3 el titular del Palacio de Hacienda.<\/p>\n\n\n\n<p class=\"wp-block-paragraph\">El estado de las rutas y los fondos del impuesto a los combustibles<br>El anuncio llega luego de fuertes cr\u00edticas por el estado de las rutas, as\u00ed como tambi\u00e9n por la retenci\u00f3n de los recursos del Impuesto a los Combustibles L\u00edquidos. Por ley, el 28,5% de lo recaudado debe destinarse al mantenimiento de la infraestructura de transporte nacional, mientras que el 14,25% deber\u00eda dirigirse a la red vial.<\/p>\n\n\n\n<p class=\"wp-block-paragraph\">Un informe del Instituto Argentina Grande advirti\u00f3 que \u201clo que el Gobierno no gast\u00f3 del impuesto a los combustibles equivale al mantenimiento de 9.148 kil\u00f3metros de la red vial nacional\u201d. El estudio sostiene que el impuesto a los combustibles pas\u00f3 de representar el 8,9% del precio de la nafta s\u00faper en el surtidor en noviembre de 2023 al 18,6% en julio de 2026, pero que esos recursos no se destinan a las partidas espec\u00edficas previstas.<\/p>\n\n\n\n<p class=\"wp-block-paragraph\">\u201c$1,35 billones es el monto extra que podr\u00eda haber gastado la DNV si hubiese gastado el total que le llega por la asignaci\u00f3n del ICL ($534 mil millones extra por a\u00f1o). As\u00ed, sin implicar transferencias extras del Tesoro -solo con lo que le llega v\u00eda ICL-, podr\u00eda haber cubierto el mantenimiento anual de 9.148 km de la red vial nacional. Se trata de un cuarto de la red, o m\u00e1s de dos veces la distancia de Ushuaia a La Quiaca\u201d, dice la investigaci\u00f3n.<\/p>\n\n\n\n<p class=\"wp-block-paragraph\">El proceso de privatizaci\u00f3n de las rutas nacionales y el incentivo para las empresas<br>El Gobierno viene de adjudicar cerca de 9.000 kil\u00f3metros de corredores viales nacionales a trav\u00e9s de contratos a 20 a\u00f1os que otorgan buena parte de las tareas de mantenimiento, conservaci\u00f3n y operaci\u00f3n.<\/p>\n\n\n\n<p class=\"wp-block-paragraph\">Los corredores incluidos en la Etapa III, la \u00faltima hasta el momento, atraviesan las provincias de Santa Fe, C\u00f3rdoba, Entre R\u00edos, Santiago del Estero, Salta, Jujuy, Tucum\u00e1n, Corrientes, Mendoza, Misiones y Chaco.<\/p>\n\n\n\n<p class=\"wp-block-paragraph\">El nuevo proyecto que anticip\u00f3 Cauputo este mi\u00e9rcoles buscar\u00e1 ampliar el proceso de privatizaci\u00f3n de las rutas y sumar otros miles de kil\u00f3metros bajo un nuevo esquema en el que la eliminaci\u00f3n de impuestos, que incluir\u00eda a las provincias y los municipios, funcionar\u00eda como incentivo para atraer capital privado.<\/p>\n\n\n\n<p class=\"wp-block-paragraph\">Durante su exposici\u00f3n, el titular del Palacio de Hacienda apunt\u00f3 contra la administraci\u00f3n anterior y cuestion\u00f3: \u201cVerlos criticar me parece c\u00f3mico\u201d, en referencia a quienes cuestionan la situaci\u00f3n de la infraestructura vial, public\u00f3 \u00c1mbito.<\/p>\n","protected":false},"excerpt":{"rendered":"<p>Si bien en un principio el ministro de Econom\u00eda, Luis Caputo, habl\u00f3 de 5.000 kil\u00f3metros de rutas, luego aclar\u00f3 que ser\u00e1n 6.000. Adem\u00e1s, se mostr\u00f3 confiado de tener el apoyo de los gobernadores para las exenciones. El ministro de Econom\u00eda, Luis Caputo, anunci\u00f3 que impulsar\u00e1 un proyecto para privatizar las rutas nacionales bajo un esquema [&hellip;]<\/p>\n","protected":false},"author":4,"featured_media":10039,"comment_status":"open","ping_status":"open","sticky":false,"template":"","format":"standard","meta":{"_jetpack_memberships_contains_paid_content":false,"footnotes":""},"categories":[19,18],"tags":[],"class_list":["post-10038","post","type-post","status-publish","format-standard","has-post-thumbnail","category-interes-general","category-nacionales"],"yoast_head":"<!-- This site is optimized with the Yoast SEO plugin v27.6 - https:\/\/yoast.com\/product\/yoast-seo-wordpress\/ -->\n<title>El Gobierno impulsar\u00e1 un proyecto para privatizar rutas con exenciones impositivas - Diario del Sur<\/title>\n<meta name=\"robots\" content=\"index, follow, max-snippet:-1, max-image-preview:large, max-video-preview:-1\" \/>\n<link rel=\"canonical\" href=\"https:\/\/diariodelsurdigital.com.ar\/?p=10038\" \/>\n<meta property=\"og:locale\" content=\"es_ES\" \/>\n<meta property=\"og:type\" content=\"article\" \/>\n<meta property=\"og:title\" content=\"El Gobierno impulsar\u00e1 un proyecto para privatizar rutas con exenciones impositivas - Diario del Sur\" \/>\n<meta property=\"og:description\" content=\"Si bien en un principio el ministro de Econom\u00eda, Luis Caputo, habl\u00f3 de 5.000 kil\u00f3metros de rutas, luego aclar\u00f3 que ser\u00e1n 6.000. Adem\u00e1s, se mostr\u00f3 confiado de tener el apoyo de los gobernadores para las exenciones. El ministro de Econom\u00eda, Luis Caputo, anunci\u00f3 que impulsar\u00e1 un proyecto para privatizar las rutas nacionales bajo un esquema [&hellip;]\" \/>\n<meta property=\"og:url\" content=\"https:\/\/diariodelsurdigital.com.ar\/?p=10038\" \/>\n<meta property=\"og:site_name\" content=\"Diario del Sur\" \/>\n<meta property=\"article:published_time\" content=\"2026-09-03T13:22:11+00:00\" \/>\n<meta property=\"article:modified_time\" content=\"2026-09-03T13:22:12+00:00\" \/>\n<meta property=\"og:image\" content=\"https:\/\/diariodelsurdigital.com.ar\/wp-content\/uploads\/2026\/09\/md-2026-09-03T102011.306.webp\" \/>\n\t<meta property=\"og:image:width\" content=\"992\" \/>\n\t<meta property=\"og:image:height\" content=\"557\" \/>\n\t<meta property=\"og:image:type\" content=\"image\/webp\" \/>\n<meta name=\"author\" content=\"Diario del Sur Digital\" \/>\n<meta name=\"twitter:card\" content=\"summary_large_image\" \/>\n<meta name=\"twitter:label1\" content=\"Escrito por\" \/>\n\t<meta name=\"twitter:data1\" content=\"Diario del Sur Digital\" \/>\n\t<meta name=\"twitter:label2\" content=\"Tiempo de lectura\" \/>\n\t<meta name=\"twitter:data2\" content=\"3 minutos\" \/>\n<script type=\"application\/ld+json\" class=\"yoast-schema-graph\">{\"@context\":\"https:\\\/\\\/schema.org\",\"@graph\":[{\"@type\":\"Article\",\"@id\":\"https:\\\/\\\/diariodelsurdigital.com.ar\\\/?p=10038#article\",\"isPartOf\":{\"@id\":\"https:\\\/\\\/diariodelsurdigital.com.ar\\\/?p=10038\"},\"author\":{\"name\":\"Diario del Sur Digital\",\"@id\":\"https:\\\/\\\/diariodelsurdigital.com.ar\\\/#\\\/schema\\\/person\\\/1a4992532ed62965c968031b49195c81\"},\"headline\":\"El Gobierno impulsar\u00e1 un proyecto para privatizar rutas con exenciones impositivas\",\"datePublished\":\"2026-09-03T13:22:11+00:00\",\"dateModified\":\"2026-09-03T13:22:12+00:00\",\"mainEntityOfPage\":{\"@id\":\"https:\\\/\\\/diariodelsurdigital.com.ar\\\/?p=10038\"},\"wordCount\":624,\"commentCount\":0,\"image\":{\"@id\":\"https:\\\/\\\/diariodelsurdigital.com.ar\\\/?p=10038#primaryimage\"},\"thumbnailUrl\":\"https:\\\/\\\/diariodelsurdigital.com.ar\\\/wp-content\\\/uploads\\\/2026\\\/09\\\/md-2026-09-03T102011.306.webp\",\"articleSection\":[\"Inter\u00e9s General\",\"Nacionales\"],\"inLanguage\":\"es\",\"potentialAction\":[{\"@type\":\"CommentAction\",\"name\":\"Comment\",\"target\":[\"https:\\\/\\\/diariodelsurdigital.com.ar\\\/?p=10038#respond\"]}]},{\"@type\":\"WebPage\",\"@id\":\"https:\\\/\\\/diariodelsurdigital.com.ar\\\/?p=10038\",\"url\":\"https:\\\/\\\/diariodelsurdigital.com.ar\\\/?p=10038\",\"name\":\"El Gobierno impulsar\u00e1 un proyecto para privatizar rutas con exenciones impositivas - Diario del Sur\",\"isPartOf\":{\"@id\":\"https:\\\/\\\/diariodelsurdigital.com.ar\\\/#website\"},\"primaryImageOfPage\":{\"@id\":\"https:\\\/\\\/diariodelsurdigital.com.ar\\\/?p=10038#primaryimage\"},\"image\":{\"@id\":\"https:\\\/\\\/diariodelsurdigital.com.ar\\\/?p=10038#primaryimage\"},\"thumbnailUrl\":\"https:\\\/\\\/diariodelsurdigital.com.ar\\\/wp-content\\\/uploads\\\/2026\\\/09\\\/md-2026-09-03T102011.306.webp\",\"datePublished\":\"2026-09-03T13:22:11+00:00\",\"dateModified\":\"2026-09-03T13:22:12+00:00\",\"author\":{\"@id\":\"https:\\\/\\\/diariodelsurdigital.com.ar\\\/#\\\/schema\\\/person\\\/1a4992532ed62965c968031b49195c81\"},\"breadcrumb\":{\"@id\":\"https:\\\/\\\/diariodelsurdigital.com.ar\\\/?p=10038#breadcrumb\"},\"inLanguage\":\"es\",\"potentialAction\":[{\"@type\":\"ReadAction\",\"target\":[\"https:\\\/\\\/diariodelsurdigital.com.ar\\\/?p=10038\"]}]},{\"@type\":\"ImageObject\",\"inLanguage\":\"es\",\"@id\":\"https:\\\/\\\/diariodelsurdigital.com.ar\\\/?p=10038#primaryimage\",\"url\":\"https:\\\/\\\/diariodelsurdigital.com.ar\\\/wp-content\\\/uploads\\\/2026\\\/09\\\/md-2026-09-03T102011.306.webp\",\"contentUrl\":\"https:\\\/\\\/diariodelsurdigital.com.ar\\\/wp-content\\\/uploads\\\/2026\\\/09\\\/md-2026-09-03T102011.306.webp\",\"width\":992,\"height\":557},{\"@type\":\"BreadcrumbList\",\"@id\":\"https:\\\/\\\/diariodelsurdigital.com.ar\\\/?p=10038#breadcrumb\",\"itemListElement\":[{\"@type\":\"ListItem\",\"position\":1,\"name\":\"Portada\",\"item\":\"https:\\\/\\\/diariodelsurdigital.com.ar\\\/\"},{\"@type\":\"ListItem\",\"position\":2,\"name\":\"El Gobierno impulsar\u00e1 un proyecto para privatizar rutas con exenciones impositivas\"}]},{\"@type\":\"WebSite\",\"@id\":\"https:\\\/\\\/diariodelsurdigital.com.ar\\\/#website\",\"url\":\"https:\\\/\\\/diariodelsurdigital.com.ar\\\/\",\"name\":\"Diario del Sur\",\"description\":\"Digital\",\"potentialAction\":[{\"@type\":\"SearchAction\",\"target\":{\"@type\":\"EntryPoint\",\"urlTemplate\":\"https:\\\/\\\/diariodelsurdigital.com.ar\\\/?s={search_term_string}\"},\"query-input\":{\"@type\":\"PropertyValueSpecification\",\"valueRequired\":true,\"valueName\":\"search_term_string\"}}],\"inLanguage\":\"es\"},{\"@type\":\"Person\",\"@id\":\"https:\\\/\\\/diariodelsurdigital.com.ar\\\/#\\\/schema\\\/person\\\/1a4992532ed62965c968031b49195c81\",\"name\":\"Diario del Sur Digital\",\"image\":{\"@type\":\"ImageObject\",\"inLanguage\":\"es\",\"@id\":\"https:\\\/\\\/secure.gravatar.com\\\/avatar\\\/f0c7c47fc7146d19828273b9b8eda651c9c7ab583767e6338d3d3bee825adf76?s=96&d=mm&r=g\",\"url\":\"https:\\\/\\\/secure.gravatar.com\\\/avatar\\\/f0c7c47fc7146d19828273b9b8eda651c9c7ab583767e6338d3d3bee825adf76?s=96&d=mm&r=g\",\"contentUrl\":\"https:\\\/\\\/secure.gravatar.com\\\/avatar\\\/f0c7c47fc7146d19828273b9b8eda651c9c7ab583767e6338d3d3bee825adf76?s=96&d=mm&r=g\",\"caption\":\"Diario del Sur Digital\"},\"url\":\"https:\\\/\\\/diariodelsurdigital.com.ar\\\/?author=4\"}]}<\/script>\n<!-- \/ Yoast SEO plugin. -->","yoast_head_json":{"title":"El Gobierno impulsar\u00e1 un proyecto para privatizar rutas con exenciones impositivas - Diario del Sur","robots":{"index":"index","follow":"follow","max-snippet":"max-snippet:-1","max-image-preview":"max-image-preview:large","max-video-preview":"max-video-preview:-1"},"canonical":"https:\/\/diariodelsurdigital.com.ar\/?p=10038","og_locale":"es_ES","og_type":"article","og_title":"El Gobierno impulsar\u00e1 un proyecto para privatizar rutas con exenciones impositivas - Diario del Sur","og_description":"Si bien en un principio el ministro de Econom\u00eda, Luis Caputo, habl\u00f3 de 5.000 kil\u00f3metros de rutas, luego aclar\u00f3 que ser\u00e1n 6.000. Adem\u00e1s, se mostr\u00f3 confiado de tener el apoyo de los gobernadores para las exenciones. El ministro de Econom\u00eda, Luis Caputo, anunci\u00f3 que impulsar\u00e1 un proyecto para privatizar las rutas nacionales bajo un esquema [&hellip;]","og_url":"https:\/\/diariodelsurdigital.com.ar\/?p=10038","og_site_name":"Diario del Sur","article_published_time":"2026-09-03T13:22:11+00:00","article_modified_time":"2026-09-03T13:22:12+00:00","og_image":[{"width":992,"height":557,"url":"https:\/\/diariodelsurdigital.com.ar\/wp-content\/uploads\/2026\/09\/md-2026-09-03T102011.306.webp","type":"image\/webp"}],"author":"Diario del Sur Digital","twitter_card":"summary_large_image","twitter_misc":{"Escrito por":"Diario del Sur Digital","Tiempo de lectura":"3 minutos"},"schema":{"@context":"https:\/\/schema.org","@graph":[{"@type":"Article","@id":"https:\/\/diariodelsurdigital.com.ar\/?p=10038#article","isPartOf":{"@id":"https:\/\/diariodelsurdigital.com.ar\/?p=10038"},"author":{"name":"Diario del Sur Digital","@id":"https:\/\/diariodelsurdigital.com.ar\/#\/schema\/person\/1a4992532ed62965c968031b49195c81"},"headline":"El Gobierno impulsar\u00e1 un proyecto para privatizar rutas con exenciones impositivas","datePublished":"2026-09-03T13:22:11+00:00","dateModified":"2026-09-03T13:22:12+00:00","mainEntityOfPage":{"@id":"https:\/\/diariodelsurdigital.com.ar\/?p=10038"},"wordCount":624,"commentCount":0,"image":{"@id":"https:\/\/diariodelsurdigital.com.ar\/?p=10038#primaryimage"},"thumbnailUrl":"https:\/\/diariodelsurdigital.com.ar\/wp-content\/uploads\/2026\/09\/md-2026-09-03T102011.306.webp","articleSection":["Inter\u00e9s General","Nacionales"],"inLanguage":"es","potentialAction":[{"@type":"CommentAction","name":"Comment","target":["https:\/\/diariodelsurdigital.com.ar\/?p=10038#respond"]}]},{"@type":"WebPage","@id":"https:\/\/diariodelsurdigital.com.ar\/?p=10038","url":"https:\/\/diariodelsurdigital.com.ar\/?p=10038","name":"El Gobierno impulsar\u00e1 un proyecto para privatizar rutas con exenciones impositivas - Diario del Sur","isPartOf":{"@id":"https:\/\/diariodelsurdigital.com.ar\/#website"},"primaryImageOfPage":{"@id":"https:\/\/diariodelsurdigital.com.ar\/?p=10038#primaryimage"},"image":{"@id":"https:\/\/diariodelsurdigital.com.ar\/?p=10038#primaryimage"},"thumbnailUrl":"https:\/\/diariodelsurdigital.com.ar\/wp-content\/uploads\/2026\/09\/md-2026-09-03T102011.306.webp","datePublished":"2026-09-03T13:22:11+00:00","dateModified":"2026-09-03T13:22:12+00:00","author":{"@id":"https:\/\/diariodelsurdigital.com.ar\/#\/schema\/person\/1a4992532ed62965c968031b49195c81"},"breadcrumb":{"@id":"https:\/\/diariodelsurdigital.com.ar\/?p=10038#breadcrumb"},"inLanguage":"es","potentialAction":[{"@type":"ReadAction","target":["https:\/\/diariodelsurdigital.com.ar\/?p=10038"]}]},{"@type":"ImageObject","inLanguage":"es","@id":"https:\/\/diariodelsurdigital.com.ar\/?p=10038#primaryimage","url":"https:\/\/diariodelsurdigital.com.ar\/wp-content\/uploads\/2026\/09\/md-2026-09-03T102011.306.webp","contentUrl":"https:\/\/diariodelsurdigital.com.ar\/wp-content\/uploads\/2026\/09\/md-2026-09-03T102011.306.webp","width":992,"height":557},{"@type":"BreadcrumbList","@id":"https:\/\/diariodelsurdigital.com.ar\/?p=10038#breadcrumb","itemListElement":[{"@type":"ListItem","position":1,"name":"Portada","item":"https:\/\/diariodelsurdigital.com.ar\/"},{"@type":"ListItem","position":2,"name":"El Gobierno impulsar\u00e1 un proyecto para privatizar rutas con exenciones impositivas"}]},{"@type":"WebSite","@id":"https:\/\/diariodelsurdigital.com.ar\/#website","url":"https:\/\/diariodelsurdigital.com.ar\/","name":"Diario del Sur","description":"Digital","potentialAction":[{"@type":"SearchAction","target":{"@type":"EntryPoint","urlTemplate":"https:\/\/diariodelsurdigital.com.ar\/?s={search_term_string}"},"query-input":{"@type":"PropertyValueSpecification","valueRequired":true,"valueName":"search_term_string"}}],"inLanguage":"es"},{"@type":"Person","@id":"https:\/\/diariodelsurdigital.com.ar\/#\/schema\/person\/1a4992532ed62965c968031b49195c81","name":"Diario del Sur Digital","image":{"@type":"ImageObject","inLanguage":"es","@id":"https:\/\/secure.gravatar.com\/avatar\/f0c7c47fc7146d19828273b9b8eda651c9c7ab583767e6338d3d3bee825adf76?s=96&d=mm&r=g","url":"https:\/\/secure.gravatar.com\/avatar\/f0c7c47fc7146d19828273b9b8eda651c9c7ab583767e6338d3d3bee825adf76?s=96&d=mm&r=g","contentUrl":"https:\/\/secure.gravatar.com\/avatar\/f0c7c47fc7146d19828273b9b8eda651c9c7ab583767e6338d3d3bee825adf76?s=96&d=mm&r=g","caption":"Diario del Sur Digital"},"url":"https:\/\/diariodelsurdigital.com.ar\/?author=4"}]}},"jetpack_featured_media_url":"https:\/\/diariodelsurdigital.com.ar\/wp-content\/uploads\/2026\/09\/md-2026-09-03T102011.306.webp","jetpack_sharing_enabled":true,"_links":{"self":[{"href":"https:\/\/diariodelsurdigital.com.ar\/index.php?rest_route=\/wp\/v2\/posts\/10038","targetHints":{"allow":["GET"]}}],"collection":[{"href":"https:\/\/diariodelsurdigital.com.ar\/index.php?rest_route=\/wp\/v2\/posts"}],"about":[{"href":"https:\/\/diariodelsurdigital.com.ar\/index.php?rest_route=\/wp\/v2\/types\/post"}],"author":[{"embeddable":true,"href":"https:\/\/diariodelsurdigital.com.ar\/index.php?rest_route=\/wp\/v2\/users\/4"}],"replies":[{"embeddable":true,"href":"https:\/\/diariodelsurdigital.com.ar\/index.php?rest_route=%2Fwp%2Fv2%2Fcomments&post=10038"}],"version-history":[{"count":1,"href":"https:\/\/diariodelsurdigital.com.ar\/index.php?rest_route=\/wp\/v2\/posts\/10038\/revisions"}],"predecessor-version":[{"id":10040,"href":"https:\/\/diariodelsurdigital.com.ar\/index.php?rest_route=\/wp\/v2\/posts\/10038\/revisions\/10040"}],"wp:featuredmedia":[{"embeddable":true,"href":"https:\/\/diariodelsurdigital.com.ar\/index.php?rest_route=\/wp\/v2\/media\/10039"}],"wp:attachment":[{"href":"https:\/\/diariodelsurdigital.com.ar\/index.php?rest_route=%2Fwp%2Fv2%2Fmedia&parent=10038"}],"wp:term":[{"taxonomy":"category","embeddable":true,"href":"https:\/\/diariodelsurdigital.com.ar\/index.php?rest_route=%2Fwp%2Fv2%2Fcategories&post=10038"},{"taxonomy":"post_tag","embeddable":true,"href":"https:\/\/diariodelsurdigital.com.ar\/index.php?rest_route=%2Fwp%2Fv2%2Ftags&post=10038"}],"curies":[{"name":"wp","href":"https:\/\/api.w.org\/{rel}","templated":true}]}}