{"id":10044,"date":"2026-09-03T10:28:50","date_gmt":"2026-09-03T13:28:50","guid":{"rendered":"https:\/\/diariodelsurdigital.com.ar\/?p=10044"},"modified":"2026-09-03T10:28:53","modified_gmt":"2026-09-03T13:28:53","slug":"el-vice-de-la-union-industrial-argentina-cargo-contra-el-gobierno-esta-gente-no-conoce-lo-que-es-una-fabrica","status":"publish","type":"post","link":"https:\/\/diariodelsurdigital.com.ar\/?p=10044","title":{"rendered":"El vice de la Uni\u00f3n Industrial Argentina carg\u00f3 contra el Gobierno: \u201cEsta gente no conoce lo que es una f\u00e1brica\u201d"},"content":{"rendered":"\n<p class=\"wp-block-paragraph\">El dirigente cuestion\u00f3 que no haya funcionarios nacionales de primera l\u00ednea en el acto central por el D\u00eda de la Industria que la entidad realiza en una planta de Los Polvorines.<\/p>\n\n\n\n<p class=\"wp-block-paragraph\">El vicepresidente de la Uni\u00f3n Industrial Argentina (UIA), Guillermo Moretti, carg\u00f3 contra el gobierno de Javier Milei ante la dificil situaci\u00f3n que atraviesa la actividad fabril. \u201cEsta gente no conoce el pa\u00eds, no sabe lo que es una f\u00e1brica\u201d, lanz\u00f3.<\/p>\n\n\n\n<p class=\"wp-block-paragraph\">En la previa al acto central por el D\u00eda de la Industria, el dirigente se quej\u00f3 de la ausencia en ese evento de funcionarios de primera l\u00ednea del Gobierno y puso en duda el conocimiento del equipo de Milei sobre la realidad productiva del pa\u00eds.<\/p>\n\n\n\n<p class=\"wp-block-paragraph\">Moretti fue m\u00e1s all\u00e1 y carg\u00f3 con dureza aunque sin nombrarlo directamente contra el ministro de Econom\u00eda, Luis Caputo: \u201cEstamos manejados por un endeudador, un trader que no sabe lo que es un torno\u201d.<\/p>\n\n\n\n<p class=\"wp-block-paragraph\">\u201cDebe saber mucho de finanzas porque sus finanzas personales aumentaron un a\u00f1o un 37% en d\u00f3lares. Y a la Argentina en ese a\u00f1o la endeuda. \u00bfPor qu\u00e9 no usar\u00e1 lo mismo que usa para \u00e9l para nuestro pa\u00eds?\u201d, lanz\u00f3.<\/p>\n\n\n\n<p class=\"wp-block-paragraph\">Moretti admiti\u00f3 que hay sectores de la econom\u00eda en crecimiento, \u201ca los que el Gobierno apuesta fuerte\u201d, como el agro, la miner\u00eda y el petr\u00f3leo. Pero insisti\u00f3 en que el sector industrial \u201cen su conjunto est\u00e1 en una situaci\u00f3n muy, muy dif\u00edcil\u201d.<\/p>\n\n\n\n<p class=\"wp-block-paragraph\">Por eso, le reclam\u00f3 al Gobierno que tome medidas urgentes para lograr la reactivaci\u00f3n de la producci\u00f3n y proteger el empleo fabril.<\/p>\n\n\n\n<p class=\"wp-block-paragraph\">Un d\u00eda de la industria sin funcionarios de primera l\u00ednea<br>La Uni\u00f3n Industrial Argentina (UIA) realiza este mi\u00e9rcoles su tradicional evento por el D\u00eda de la Industria y busca poner el foco en los principales desaf\u00edos que enfrenta el sector, entre ellos, la carga tributaria, el rumbo de la actividad y las condiciones de competitividad.<\/p>\n\n\n\n<p class=\"wp-block-paragraph\">El acto central se desarrolla en la planta del laboratorio Elea Phoenix, en la localidad bonaerense de Malvinas Argentinas. El encuentro est\u00e1 encabezado por el titular de la UIA, Mart\u00edn Rappallini. En principio estaba prevista la participaci\u00f3n del jefe de Gabinete, Diego Santilli, quien finalmente no asisti\u00f3. Tampoco fueron el presidente Javier Milei ni el ministro de Econom\u00eda, Luis Caputo. Solo estar\u00eda el secretario de coordinacion productiva, Pablo Lavigne.<\/p>\n\n\n\n<p class=\"wp-block-paragraph\">El evento re\u00fane a m\u00e1s de 200 empresarios industriales se realiza en un contexto de retroceso de la actividad. En el primer semestre, la producci\u00f3n del sector acumul\u00f3 una ca\u00edda de 2,2%, mientras que en el \u00faltimo a\u00f1o se perdieron alrededor de 52.000 empleos directos, seg\u00fan la entidad, public\u00f3 TN.<\/p>\n","protected":false},"excerpt":{"rendered":"<p>El dirigente cuestion\u00f3 que no haya funcionarios nacionales de primera l\u00ednea en el acto central por el D\u00eda de la Industria que la entidad realiza en una planta de Los Polvorines. El vicepresidente de la Uni\u00f3n Industrial Argentina (UIA), Guillermo Moretti, carg\u00f3 contra el gobierno de Javier Milei ante la dificil situaci\u00f3n que atraviesa la [&hellip;]<\/p>\n","protected":false},"author":4,"featured_media":10045,"comment_status":"open","ping_status":"open","sticky":false,"template":"","format":"standard","meta":{"_jetpack_memberships_contains_paid_content":false,"footnotes":""},"categories":[19,18],"tags":[],"class_list":["post-10044","post","type-post","status-publish","format-standard","has-post-thumbnail","category-interes-general","category-nacionales"],"yoast_head":"<!-- This site is optimized with the Yoast SEO plugin v27.6 - https:\/\/yoast.com\/product\/yoast-seo-wordpress\/ -->\n<title>El vice de la Uni\u00f3n Industrial Argentina carg\u00f3 contra el Gobierno: \u201cEsta gente no conoce lo que es una f\u00e1brica\u201d - Diario del Sur<\/title>\n<meta name=\"robots\" content=\"index, follow, max-snippet:-1, max-image-preview:large, max-video-preview:-1\" \/>\n<link rel=\"canonical\" href=\"https:\/\/diariodelsurdigital.com.ar\/?p=10044\" \/>\n<meta property=\"og:locale\" content=\"es_ES\" \/>\n<meta property=\"og:type\" content=\"article\" \/>\n<meta property=\"og:title\" content=\"El vice de la Uni\u00f3n Industrial Argentina carg\u00f3 contra el Gobierno: \u201cEsta gente no conoce lo que es una f\u00e1brica\u201d - Diario del Sur\" \/>\n<meta property=\"og:description\" content=\"El dirigente cuestion\u00f3 que no haya funcionarios nacionales de primera l\u00ednea en el acto central por el D\u00eda de la Industria que la entidad realiza en una planta de Los Polvorines. El vicepresidente de la Uni\u00f3n Industrial Argentina (UIA), Guillermo Moretti, carg\u00f3 contra el gobierno de Javier Milei ante la dificil situaci\u00f3n que atraviesa la [&hellip;]\" \/>\n<meta property=\"og:url\" content=\"https:\/\/diariodelsurdigital.com.ar\/?p=10044\" \/>\n<meta property=\"og:site_name\" content=\"Diario del Sur\" \/>\n<meta property=\"article:published_time\" content=\"2026-09-03T13:28:50+00:00\" \/>\n<meta property=\"article:modified_time\" content=\"2026-09-03T13:28:53+00:00\" \/>\n<meta property=\"og:image\" content=\"https:\/\/diariodelsurdigital.com.ar\/wp-content\/uploads\/2026\/09\/md-2026-09-03T102719.532.webp\" \/>\n\t<meta property=\"og:image:width\" content=\"992\" \/>\n\t<meta property=\"og:image:height\" content=\"560\" \/>\n\t<meta property=\"og:image:type\" content=\"image\/webp\" \/>\n<meta name=\"author\" content=\"Diario del Sur Digital\" \/>\n<meta name=\"twitter:card\" content=\"summary_large_image\" \/>\n<meta name=\"twitter:label1\" content=\"Escrito por\" \/>\n\t<meta name=\"twitter:data1\" content=\"Diario del Sur Digital\" \/>\n\t<meta name=\"twitter:label2\" content=\"Tiempo de lectura\" \/>\n\t<meta name=\"twitter:data2\" content=\"3 minutos\" \/>\n<script type=\"application\/ld+json\" class=\"yoast-schema-graph\">{\"@context\":\"https:\\\/\\\/schema.org\",\"@graph\":[{\"@type\":\"Article\",\"@id\":\"https:\\\/\\\/diariodelsurdigital.com.ar\\\/?p=10044#article\",\"isPartOf\":{\"@id\":\"https:\\\/\\\/diariodelsurdigital.com.ar\\\/?p=10044\"},\"author\":{\"name\":\"Diario del Sur Digital\",\"@id\":\"https:\\\/\\\/diariodelsurdigital.com.ar\\\/#\\\/schema\\\/person\\\/1a4992532ed62965c968031b49195c81\"},\"headline\":\"El vice de la Uni\u00f3n Industrial Argentina carg\u00f3 contra el Gobierno: \u201cEsta gente no conoce lo que es una f\u00e1brica\u201d\",\"datePublished\":\"2026-09-03T13:28:50+00:00\",\"dateModified\":\"2026-09-03T13:28:53+00:00\",\"mainEntityOfPage\":{\"@id\":\"https:\\\/\\\/diariodelsurdigital.com.ar\\\/?p=10044\"},\"wordCount\":482,\"commentCount\":0,\"image\":{\"@id\":\"https:\\\/\\\/diariodelsurdigital.com.ar\\\/?p=10044#primaryimage\"},\"thumbnailUrl\":\"https:\\\/\\\/diariodelsurdigital.com.ar\\\/wp-content\\\/uploads\\\/2026\\\/09\\\/md-2026-09-03T102719.532.webp\",\"articleSection\":[\"Inter\u00e9s General\",\"Nacionales\"],\"inLanguage\":\"es\",\"potentialAction\":[{\"@type\":\"CommentAction\",\"name\":\"Comment\",\"target\":[\"https:\\\/\\\/diariodelsurdigital.com.ar\\\/?p=10044#respond\"]}]},{\"@type\":\"WebPage\",\"@id\":\"https:\\\/\\\/diariodelsurdigital.com.ar\\\/?p=10044\",\"url\":\"https:\\\/\\\/diariodelsurdigital.com.ar\\\/?p=10044\",\"name\":\"El vice de la Uni\u00f3n Industrial Argentina carg\u00f3 contra el Gobierno: \u201cEsta gente no conoce lo que es una f\u00e1brica\u201d - Diario del Sur\",\"isPartOf\":{\"@id\":\"https:\\\/\\\/diariodelsurdigital.com.ar\\\/#website\"},\"primaryImageOfPage\":{\"@id\":\"https:\\\/\\\/diariodelsurdigital.com.ar\\\/?p=10044#primaryimage\"},\"image\":{\"@id\":\"https:\\\/\\\/diariodelsurdigital.com.ar\\\/?p=10044#primaryimage\"},\"thumbnailUrl\":\"https:\\\/\\\/diariodelsurdigital.com.ar\\\/wp-content\\\/uploads\\\/2026\\\/09\\\/md-2026-09-03T102719.532.webp\",\"datePublished\":\"2026-09-03T13:28:50+00:00\",\"dateModified\":\"2026-09-03T13:28:53+00:00\",\"author\":{\"@id\":\"https:\\\/\\\/diariodelsurdigital.com.ar\\\/#\\\/schema\\\/person\\\/1a4992532ed62965c968031b49195c81\"},\"breadcrumb\":{\"@id\":\"https:\\\/\\\/diariodelsurdigital.com.ar\\\/?p=10044#breadcrumb\"},\"inLanguage\":\"es\",\"potentialAction\":[{\"@type\":\"ReadAction\",\"target\":[\"https:\\\/\\\/diariodelsurdigital.com.ar\\\/?p=10044\"]}]},{\"@type\":\"ImageObject\",\"inLanguage\":\"es\",\"@id\":\"https:\\\/\\\/diariodelsurdigital.com.ar\\\/?p=10044#primaryimage\",\"url\":\"https:\\\/\\\/diariodelsurdigital.com.ar\\\/wp-content\\\/uploads\\\/2026\\\/09\\\/md-2026-09-03T102719.532.webp\",\"contentUrl\":\"https:\\\/\\\/diariodelsurdigital.com.ar\\\/wp-content\\\/uploads\\\/2026\\\/09\\\/md-2026-09-03T102719.532.webp\",\"width\":992,\"height\":560},{\"@type\":\"BreadcrumbList\",\"@id\":\"https:\\\/\\\/diariodelsurdigital.com.ar\\\/?p=10044#breadcrumb\",\"itemListElement\":[{\"@type\":\"ListItem\",\"position\":1,\"name\":\"Portada\",\"item\":\"https:\\\/\\\/diariodelsurdigital.com.ar\\\/\"},{\"@type\":\"ListItem\",\"position\":2,\"name\":\"El vice de la Uni\u00f3n Industrial Argentina carg\u00f3 contra el Gobierno: \u201cEsta gente no conoce lo que es una f\u00e1brica\u201d\"}]},{\"@type\":\"WebSite\",\"@id\":\"https:\\\/\\\/diariodelsurdigital.com.ar\\\/#website\",\"url\":\"https:\\\/\\\/diariodelsurdigital.com.ar\\\/\",\"name\":\"Diario del Sur\",\"description\":\"Digital\",\"potentialAction\":[{\"@type\":\"SearchAction\",\"target\":{\"@type\":\"EntryPoint\",\"urlTemplate\":\"https:\\\/\\\/diariodelsurdigital.com.ar\\\/?s={search_term_string}\"},\"query-input\":{\"@type\":\"PropertyValueSpecification\",\"valueRequired\":true,\"valueName\":\"search_term_string\"}}],\"inLanguage\":\"es\"},{\"@type\":\"Person\",\"@id\":\"https:\\\/\\\/diariodelsurdigital.com.ar\\\/#\\\/schema\\\/person\\\/1a4992532ed62965c968031b49195c81\",\"name\":\"Diario del Sur Digital\",\"image\":{\"@type\":\"ImageObject\",\"inLanguage\":\"es\",\"@id\":\"https:\\\/\\\/secure.gravatar.com\\\/avatar\\\/f0c7c47fc7146d19828273b9b8eda651c9c7ab583767e6338d3d3bee825adf76?s=96&d=mm&r=g\",\"url\":\"https:\\\/\\\/secure.gravatar.com\\\/avatar\\\/f0c7c47fc7146d19828273b9b8eda651c9c7ab583767e6338d3d3bee825adf76?s=96&d=mm&r=g\",\"contentUrl\":\"https:\\\/\\\/secure.gravatar.com\\\/avatar\\\/f0c7c47fc7146d19828273b9b8eda651c9c7ab583767e6338d3d3bee825adf76?s=96&d=mm&r=g\",\"caption\":\"Diario del Sur Digital\"},\"url\":\"https:\\\/\\\/diariodelsurdigital.com.ar\\\/?author=4\"}]}<\/script>\n<!-- \/ Yoast SEO plugin. -->","yoast_head_json":{"title":"El vice de la Uni\u00f3n Industrial Argentina carg\u00f3 contra el Gobierno: \u201cEsta gente no conoce lo que es una f\u00e1brica\u201d - Diario del Sur","robots":{"index":"index","follow":"follow","max-snippet":"max-snippet:-1","max-image-preview":"max-image-preview:large","max-video-preview":"max-video-preview:-1"},"canonical":"https:\/\/diariodelsurdigital.com.ar\/?p=10044","og_locale":"es_ES","og_type":"article","og_title":"El vice de la Uni\u00f3n Industrial Argentina carg\u00f3 contra el Gobierno: \u201cEsta gente no conoce lo que es una f\u00e1brica\u201d - Diario del Sur","og_description":"El dirigente cuestion\u00f3 que no haya funcionarios nacionales de primera l\u00ednea en el acto central por el D\u00eda de la Industria que la entidad realiza en una planta de Los Polvorines. El vicepresidente de la Uni\u00f3n Industrial Argentina (UIA), Guillermo Moretti, carg\u00f3 contra el gobierno de Javier Milei ante la dificil situaci\u00f3n que atraviesa la [&hellip;]","og_url":"https:\/\/diariodelsurdigital.com.ar\/?p=10044","og_site_name":"Diario del Sur","article_published_time":"2026-09-03T13:28:50+00:00","article_modified_time":"2026-09-03T13:28:53+00:00","og_image":[{"width":992,"height":560,"url":"https:\/\/diariodelsurdigital.com.ar\/wp-content\/uploads\/2026\/09\/md-2026-09-03T102719.532.webp","type":"image\/webp"}],"author":"Diario del Sur Digital","twitter_card":"summary_large_image","twitter_misc":{"Escrito por":"Diario del Sur Digital","Tiempo de lectura":"3 minutos"},"schema":{"@context":"https:\/\/schema.org","@graph":[{"@type":"Article","@id":"https:\/\/diariodelsurdigital.com.ar\/?p=10044#article","isPartOf":{"@id":"https:\/\/diariodelsurdigital.com.ar\/?p=10044"},"author":{"name":"Diario del Sur Digital","@id":"https:\/\/diariodelsurdigital.com.ar\/#\/schema\/person\/1a4992532ed62965c968031b49195c81"},"headline":"El vice de la Uni\u00f3n Industrial Argentina carg\u00f3 contra el Gobierno: \u201cEsta gente no conoce lo que es una f\u00e1brica\u201d","datePublished":"2026-09-03T13:28:50+00:00","dateModified":"2026-09-03T13:28:53+00:00","mainEntityOfPage":{"@id":"https:\/\/diariodelsurdigital.com.ar\/?p=10044"},"wordCount":482,"commentCount":0,"image":{"@id":"https:\/\/diariodelsurdigital.com.ar\/?p=10044#primaryimage"},"thumbnailUrl":"https:\/\/diariodelsurdigital.com.ar\/wp-content\/uploads\/2026\/09\/md-2026-09-03T102719.532.webp","articleSection":["Inter\u00e9s General","Nacionales"],"inLanguage":"es","potentialAction":[{"@type":"CommentAction","name":"Comment","target":["https:\/\/diariodelsurdigital.com.ar\/?p=10044#respond"]}]},{"@type":"WebPage","@id":"https:\/\/diariodelsurdigital.com.ar\/?p=10044","url":"https:\/\/diariodelsurdigital.com.ar\/?p=10044","name":"El vice de la Uni\u00f3n Industrial Argentina carg\u00f3 contra el Gobierno: \u201cEsta gente no conoce lo que es una f\u00e1brica\u201d - Diario del Sur","isPartOf":{"@id":"https:\/\/diariodelsurdigital.com.ar\/#website"},"primaryImageOfPage":{"@id":"https:\/\/diariodelsurdigital.com.ar\/?p=10044#primaryimage"},"image":{"@id":"https:\/\/diariodelsurdigital.com.ar\/?p=10044#primaryimage"},"thumbnailUrl":"https:\/\/diariodelsurdigital.com.ar\/wp-content\/uploads\/2026\/09\/md-2026-09-03T102719.532.webp","datePublished":"2026-09-03T13:28:50+00:00","dateModified":"2026-09-03T13:28:53+00:00","author":{"@id":"https:\/\/diariodelsurdigital.com.ar\/#\/schema\/person\/1a4992532ed62965c968031b49195c81"},"breadcrumb":{"@id":"https:\/\/diariodelsurdigital.com.ar\/?p=10044#breadcrumb"},"inLanguage":"es","potentialAction":[{"@type":"ReadAction","target":["https:\/\/diariodelsurdigital.com.ar\/?p=10044"]}]},{"@type":"ImageObject","inLanguage":"es","@id":"https:\/\/diariodelsurdigital.com.ar\/?p=10044#primaryimage","url":"https:\/\/diariodelsurdigital.com.ar\/wp-content\/uploads\/2026\/09\/md-2026-09-03T102719.532.webp","contentUrl":"https:\/\/diariodelsurdigital.com.ar\/wp-content\/uploads\/2026\/09\/md-2026-09-03T102719.532.webp","width":992,"height":560},{"@type":"BreadcrumbList","@id":"https:\/\/diariodelsurdigital.com.ar\/?p=10044#breadcrumb","itemListElement":[{"@type":"ListItem","position":1,"name":"Portada","item":"https:\/\/diariodelsurdigital.com.ar\/"},{"@type":"ListItem","position":2,"name":"El vice de la Uni\u00f3n Industrial Argentina carg\u00f3 contra el Gobierno: \u201cEsta gente no conoce lo que es una f\u00e1brica\u201d"}]},{"@type":"WebSite","@id":"https:\/\/diariodelsurdigital.com.ar\/#website","url":"https:\/\/diariodelsurdigital.com.ar\/","name":"Diario del Sur","description":"Digital","potentialAction":[{"@type":"SearchAction","target":{"@type":"EntryPoint","urlTemplate":"https:\/\/diariodelsurdigital.com.ar\/?s={search_term_string}"},"query-input":{"@type":"PropertyValueSpecification","valueRequired":true,"valueName":"search_term_string"}}],"inLanguage":"es"},{"@type":"Person","@id":"https:\/\/diariodelsurdigital.com.ar\/#\/schema\/person\/1a4992532ed62965c968031b49195c81","name":"Diario del Sur Digital","image":{"@type":"ImageObject","inLanguage":"es","@id":"https:\/\/secure.gravatar.com\/avatar\/f0c7c47fc7146d19828273b9b8eda651c9c7ab583767e6338d3d3bee825adf76?s=96&d=mm&r=g","url":"https:\/\/secure.gravatar.com\/avatar\/f0c7c47fc7146d19828273b9b8eda651c9c7ab583767e6338d3d3bee825adf76?s=96&d=mm&r=g","contentUrl":"https:\/\/secure.gravatar.com\/avatar\/f0c7c47fc7146d19828273b9b8eda651c9c7ab583767e6338d3d3bee825adf76?s=96&d=mm&r=g","caption":"Diario del Sur Digital"},"url":"https:\/\/diariodelsurdigital.com.ar\/?author=4"}]}},"jetpack_featured_media_url":"https:\/\/diariodelsurdigital.com.ar\/wp-content\/uploads\/2026\/09\/md-2026-09-03T102719.532.webp","jetpack_sharing_enabled":true,"_links":{"self":[{"href":"https:\/\/diariodelsurdigital.com.ar\/index.php?rest_route=\/wp\/v2\/posts\/10044","targetHints":{"allow":["GET"]}}],"collection":[{"href":"https:\/\/diariodelsurdigital.com.ar\/index.php?rest_route=\/wp\/v2\/posts"}],"about":[{"href":"https:\/\/diariodelsurdigital.com.ar\/index.php?rest_route=\/wp\/v2\/types\/post"}],"author":[{"embeddable":true,"href":"https:\/\/diariodelsurdigital.com.ar\/index.php?rest_route=\/wp\/v2\/users\/4"}],"replies":[{"embeddable":true,"href":"https:\/\/diariodelsurdigital.com.ar\/index.php?rest_route=%2Fwp%2Fv2%2Fcomments&post=10044"}],"version-history":[{"count":1,"href":"https:\/\/diariodelsurdigital.com.ar\/index.php?rest_route=\/wp\/v2\/posts\/10044\/revisions"}],"predecessor-version":[{"id":10046,"href":"https:\/\/diariodelsurdigital.com.ar\/index.php?rest_route=\/wp\/v2\/posts\/10044\/revisions\/10046"}],"wp:featuredmedia":[{"embeddable":true,"href":"https:\/\/diariodelsurdigital.com.ar\/index.php?rest_route=\/wp\/v2\/media\/10045"}],"wp:attachment":[{"href":"https:\/\/diariodelsurdigital.com.ar\/index.php?rest_route=%2Fwp%2Fv2%2Fmedia&parent=10044"}],"wp:term":[{"taxonomy":"category","embeddable":true,"href":"https:\/\/diariodelsurdigital.com.ar\/index.php?rest_route=%2Fwp%2Fv2%2Fcategories&post=10044"},{"taxonomy":"post_tag","embeddable":true,"href":"https:\/\/diariodelsurdigital.com.ar\/index.php?rest_route=%2Fwp%2Fv2%2Ftags&post=10044"}],"curies":[{"name":"wp","href":"https:\/\/api.w.org\/{rel}","templated":true}]}}