{"id":10047,"date":"2026-09-03T10:31:50","date_gmt":"2026-09-03T13:31:50","guid":{"rendered":"https:\/\/diariodelsurdigital.com.ar\/?p=10047"},"modified":"2026-09-03T10:31:52","modified_gmt":"2026-09-03T13:31:52","slug":"pami-evalua-incorporar-al-hospital-carrillo-y-al-felipe-heras-tras-la-baja-del-sanatorio-concordia","status":"publish","type":"post","link":"https:\/\/diariodelsurdigital.com.ar\/?p=10047","title":{"rendered":"PAMI eval\u00faa incorporar al Hospital Carrillo y al Felipe Heras tras la baja del Sanatorio Concordia"},"content":{"rendered":"\n<p class=\"wp-block-paragraph\">La titular de la Unidad de Gesti\u00f3n Local (UGL) 34, Karina Bernardi, detall\u00f3 la reorganizaci\u00f3n de la cobertura m\u00e9dica tras la rescisi\u00f3n del contrato con la cl\u00ednica privada, a la cual se\u00f1al\u00f3 por exigir un incremento tarifario del 60 % e incurrir en costos superiores al resto de la regi\u00f3n.<\/p>\n\n\n\n<p class=\"wp-block-paragraph\">Luego de confirmarse la finalizaci\u00f3n del convenio con el Sanatorio Concordia, la titular de la UGL 34 de PAMI, Karina Bernardi, brind\u00f3 precisiones sobre el esquema de contingencia para garantizar la atenci\u00f3n de los afiliados en el departamento. Entre las principales alternativas, la funcionaria confirm\u00f3 que se analiza junto al Gobierno provincial refuncionalizar la capacidad de internaci\u00f3n de los hospitales Carrillo y Felipe Heras, con el objetivo de fortalecer la oferta p\u00fablica de salud en la ciudad.<\/p>\n\n\n\n<p class=\"wp-block-paragraph\"><br>El origen del conflicto tarifario<br>Respecto a las causas del desencuentro, Bernardi aclar\u00f3 que la baja respondi\u00f3 a una renuncia unilateral presentada por el propio sanatorio en el mes de junio, la cual se hizo efectiva este 1.\u00ba de septiembre. La firma privada exig\u00eda un aumento del 60 % por sobre el valor del nomenclador oficial, una cifra que la obra social catalog\u00f3 como inviable para un solo prestador. Asimismo, la titular de la UGL 34 remarc\u00f3 que la instituci\u00f3n ya contaba con el m\u00e1ximo de incentivos econ\u00f3micos contemplados por el organismo, alcanzando montos hasta un 30 % superiores a los que perciben otros prestadores de la Costa del Uruguay.<\/p>\n\n\n\n<p class=\"wp-block-paragraph\">Red de atenci\u00f3n y derivaciones<br>Frente a este escenario, la funcionaria llev\u00f3 tranquilidad a los beneficiarios y remarc\u00f3 que el corte de un convenio no significa la p\u00e9rdida de las prestaciones. En ese sentido, explic\u00f3 que las urgencias y emergencias se resolver\u00e1n de manera inmediata en los hospitales p\u00fablicos locales como el Masvernat y el Heras, los cuales contin\u00faan plenamente activos dentro de la red.<\/p>\n\n\n\n<p class=\"wp-block-paragraph\">Por su parte, los estudios, tratamientos y cirug\u00edas programadas est\u00e1n siendo derivados a instituciones de la regi\u00f3n ubicadas en Col\u00f3n, Chajar\u00ed, Concepci\u00f3n del Uruguay y Gualeguaych\u00fa, al tiempo que la alta complejidad continuar\u00e1 deriv\u00e1ndose a centros de Santa Fe, Corrientes o Buenos Aires. Dado que el Sanatorio Concordia ya ven\u00eda restringiendo las intervenciones programadas durante los \u00faltimos cinco meses, PAMI solicit\u00f3 a los pacientes que ten\u00edan cirug\u00edas pendientes que se acerquen a la sede local de la UGL para gestionar la reasignaci\u00f3n correspondiente.<\/p>\n\n\n\n<p class=\"wp-block-paragraph\">Demanda real y convocatoria a nuevos prestadores<br>Finalmente, Bernardi relativiz\u00f3 el impacto del traspaso al se\u00f1alar que, si bien la medida involucra a 15.000 c\u00e1pitas, la tasa de uso real del servicio no supera el 10 %. Por \u00faltimo, la funcionaria sostuvo que el canal sigue abierto para que el Sanatorio Concordia o nuevos prestadores privados de la ciudad soliciten su incorporaci\u00f3n a la n\u00f3mina oficial en el futuro, public\u00f3 Diario R\u00edo Uruguay.<\/p>\n","protected":false},"excerpt":{"rendered":"<p>La titular de la Unidad de Gesti\u00f3n Local (UGL) 34, Karina Bernardi, detall\u00f3 la reorganizaci\u00f3n de la cobertura m\u00e9dica tras la rescisi\u00f3n del contrato con la cl\u00ednica privada, a la cual se\u00f1al\u00f3 por exigir un incremento tarifario del 60 % e incurrir en costos superiores al resto de la regi\u00f3n. Luego de confirmarse la finalizaci\u00f3n [&hellip;]<\/p>\n","protected":false},"author":4,"featured_media":10048,"comment_status":"open","ping_status":"open","sticky":false,"template":"","format":"standard","meta":{"_jetpack_memberships_contains_paid_content":false,"footnotes":""},"categories":[19,16],"tags":[],"class_list":["post-10047","post","type-post","status-publish","format-standard","has-post-thumbnail","category-interes-general","category-locales"],"yoast_head":"<!-- This site is optimized with the Yoast SEO plugin v27.6 - https:\/\/yoast.com\/product\/yoast-seo-wordpress\/ -->\n<title>PAMI eval\u00faa incorporar al Hospital Carrillo y al Felipe Heras tras la baja del Sanatorio Concordia - Diario del Sur<\/title>\n<meta name=\"robots\" content=\"index, follow, max-snippet:-1, max-image-preview:large, max-video-preview:-1\" \/>\n<link rel=\"canonical\" href=\"https:\/\/diariodelsurdigital.com.ar\/?p=10047\" \/>\n<meta property=\"og:locale\" content=\"es_ES\" \/>\n<meta property=\"og:type\" content=\"article\" \/>\n<meta property=\"og:title\" content=\"PAMI eval\u00faa incorporar al Hospital Carrillo y al Felipe Heras tras la baja del Sanatorio Concordia - Diario del Sur\" \/>\n<meta property=\"og:description\" content=\"La titular de la Unidad de Gesti\u00f3n Local (UGL) 34, Karina Bernardi, detall\u00f3 la reorganizaci\u00f3n de la cobertura m\u00e9dica tras la rescisi\u00f3n del contrato con la cl\u00ednica privada, a la cual se\u00f1al\u00f3 por exigir un incremento tarifario del 60 % e incurrir en costos superiores al resto de la regi\u00f3n. Luego de confirmarse la finalizaci\u00f3n [&hellip;]\" \/>\n<meta property=\"og:url\" content=\"https:\/\/diariodelsurdigital.com.ar\/?p=10047\" \/>\n<meta property=\"og:site_name\" content=\"Diario del Sur\" \/>\n<meta property=\"article:published_time\" content=\"2026-09-03T13:31:50+00:00\" \/>\n<meta property=\"article:modified_time\" content=\"2026-09-03T13:31:52+00:00\" \/>\n<meta property=\"og:image\" content=\"https:\/\/diariodelsurdigital.com.ar\/wp-content\/uploads\/2026\/09\/md-2026-09-03T103019.975.webp\" \/>\n\t<meta property=\"og:image:width\" content=\"992\" \/>\n\t<meta property=\"og:image:height\" content=\"558\" \/>\n\t<meta property=\"og:image:type\" content=\"image\/webp\" \/>\n<meta name=\"author\" content=\"Diario del Sur Digital\" \/>\n<meta name=\"twitter:card\" content=\"summary_large_image\" \/>\n<meta name=\"twitter:label1\" content=\"Escrito por\" \/>\n\t<meta name=\"twitter:data1\" content=\"Diario del Sur Digital\" \/>\n\t<meta name=\"twitter:label2\" content=\"Tiempo de lectura\" \/>\n\t<meta name=\"twitter:data2\" content=\"3 minutos\" \/>\n<script type=\"application\/ld+json\" class=\"yoast-schema-graph\">{\"@context\":\"https:\\\/\\\/schema.org\",\"@graph\":[{\"@type\":\"Article\",\"@id\":\"https:\\\/\\\/diariodelsurdigital.com.ar\\\/?p=10047#article\",\"isPartOf\":{\"@id\":\"https:\\\/\\\/diariodelsurdigital.com.ar\\\/?p=10047\"},\"author\":{\"name\":\"Diario del Sur Digital\",\"@id\":\"https:\\\/\\\/diariodelsurdigital.com.ar\\\/#\\\/schema\\\/person\\\/1a4992532ed62965c968031b49195c81\"},\"headline\":\"PAMI eval\u00faa incorporar al Hospital Carrillo y al Felipe Heras tras la baja del Sanatorio Concordia\",\"datePublished\":\"2026-09-03T13:31:50+00:00\",\"dateModified\":\"2026-09-03T13:31:52+00:00\",\"mainEntityOfPage\":{\"@id\":\"https:\\\/\\\/diariodelsurdigital.com.ar\\\/?p=10047\"},\"wordCount\":494,\"commentCount\":0,\"image\":{\"@id\":\"https:\\\/\\\/diariodelsurdigital.com.ar\\\/?p=10047#primaryimage\"},\"thumbnailUrl\":\"https:\\\/\\\/diariodelsurdigital.com.ar\\\/wp-content\\\/uploads\\\/2026\\\/09\\\/md-2026-09-03T103019.975.webp\",\"articleSection\":[\"Inter\u00e9s General\",\"Locales\"],\"inLanguage\":\"es\",\"potentialAction\":[{\"@type\":\"CommentAction\",\"name\":\"Comment\",\"target\":[\"https:\\\/\\\/diariodelsurdigital.com.ar\\\/?p=10047#respond\"]}]},{\"@type\":\"WebPage\",\"@id\":\"https:\\\/\\\/diariodelsurdigital.com.ar\\\/?p=10047\",\"url\":\"https:\\\/\\\/diariodelsurdigital.com.ar\\\/?p=10047\",\"name\":\"PAMI eval\u00faa incorporar al Hospital Carrillo y al Felipe Heras tras la baja del Sanatorio Concordia - Diario del Sur\",\"isPartOf\":{\"@id\":\"https:\\\/\\\/diariodelsurdigital.com.ar\\\/#website\"},\"primaryImageOfPage\":{\"@id\":\"https:\\\/\\\/diariodelsurdigital.com.ar\\\/?p=10047#primaryimage\"},\"image\":{\"@id\":\"https:\\\/\\\/diariodelsurdigital.com.ar\\\/?p=10047#primaryimage\"},\"thumbnailUrl\":\"https:\\\/\\\/diariodelsurdigital.com.ar\\\/wp-content\\\/uploads\\\/2026\\\/09\\\/md-2026-09-03T103019.975.webp\",\"datePublished\":\"2026-09-03T13:31:50+00:00\",\"dateModified\":\"2026-09-03T13:31:52+00:00\",\"author\":{\"@id\":\"https:\\\/\\\/diariodelsurdigital.com.ar\\\/#\\\/schema\\\/person\\\/1a4992532ed62965c968031b49195c81\"},\"breadcrumb\":{\"@id\":\"https:\\\/\\\/diariodelsurdigital.com.ar\\\/?p=10047#breadcrumb\"},\"inLanguage\":\"es\",\"potentialAction\":[{\"@type\":\"ReadAction\",\"target\":[\"https:\\\/\\\/diariodelsurdigital.com.ar\\\/?p=10047\"]}]},{\"@type\":\"ImageObject\",\"inLanguage\":\"es\",\"@id\":\"https:\\\/\\\/diariodelsurdigital.com.ar\\\/?p=10047#primaryimage\",\"url\":\"https:\\\/\\\/diariodelsurdigital.com.ar\\\/wp-content\\\/uploads\\\/2026\\\/09\\\/md-2026-09-03T103019.975.webp\",\"contentUrl\":\"https:\\\/\\\/diariodelsurdigital.com.ar\\\/wp-content\\\/uploads\\\/2026\\\/09\\\/md-2026-09-03T103019.975.webp\",\"width\":992,\"height\":558},{\"@type\":\"BreadcrumbList\",\"@id\":\"https:\\\/\\\/diariodelsurdigital.com.ar\\\/?p=10047#breadcrumb\",\"itemListElement\":[{\"@type\":\"ListItem\",\"position\":1,\"name\":\"Portada\",\"item\":\"https:\\\/\\\/diariodelsurdigital.com.ar\\\/\"},{\"@type\":\"ListItem\",\"position\":2,\"name\":\"PAMI eval\u00faa incorporar al Hospital Carrillo y al Felipe Heras tras la baja del Sanatorio Concordia\"}]},{\"@type\":\"WebSite\",\"@id\":\"https:\\\/\\\/diariodelsurdigital.com.ar\\\/#website\",\"url\":\"https:\\\/\\\/diariodelsurdigital.com.ar\\\/\",\"name\":\"Diario del Sur\",\"description\":\"Digital\",\"potentialAction\":[{\"@type\":\"SearchAction\",\"target\":{\"@type\":\"EntryPoint\",\"urlTemplate\":\"https:\\\/\\\/diariodelsurdigital.com.ar\\\/?s={search_term_string}\"},\"query-input\":{\"@type\":\"PropertyValueSpecification\",\"valueRequired\":true,\"valueName\":\"search_term_string\"}}],\"inLanguage\":\"es\"},{\"@type\":\"Person\",\"@id\":\"https:\\\/\\\/diariodelsurdigital.com.ar\\\/#\\\/schema\\\/person\\\/1a4992532ed62965c968031b49195c81\",\"name\":\"Diario del Sur Digital\",\"image\":{\"@type\":\"ImageObject\",\"inLanguage\":\"es\",\"@id\":\"https:\\\/\\\/secure.gravatar.com\\\/avatar\\\/f0c7c47fc7146d19828273b9b8eda651c9c7ab583767e6338d3d3bee825adf76?s=96&d=mm&r=g\",\"url\":\"https:\\\/\\\/secure.gravatar.com\\\/avatar\\\/f0c7c47fc7146d19828273b9b8eda651c9c7ab583767e6338d3d3bee825adf76?s=96&d=mm&r=g\",\"contentUrl\":\"https:\\\/\\\/secure.gravatar.com\\\/avatar\\\/f0c7c47fc7146d19828273b9b8eda651c9c7ab583767e6338d3d3bee825adf76?s=96&d=mm&r=g\",\"caption\":\"Diario del Sur Digital\"},\"url\":\"https:\\\/\\\/diariodelsurdigital.com.ar\\\/?author=4\"}]}<\/script>\n<!-- \/ Yoast SEO plugin. -->","yoast_head_json":{"title":"PAMI eval\u00faa incorporar al Hospital Carrillo y al Felipe Heras tras la baja del Sanatorio Concordia - Diario del Sur","robots":{"index":"index","follow":"follow","max-snippet":"max-snippet:-1","max-image-preview":"max-image-preview:large","max-video-preview":"max-video-preview:-1"},"canonical":"https:\/\/diariodelsurdigital.com.ar\/?p=10047","og_locale":"es_ES","og_type":"article","og_title":"PAMI eval\u00faa incorporar al Hospital Carrillo y al Felipe Heras tras la baja del Sanatorio Concordia - Diario del Sur","og_description":"La titular de la Unidad de Gesti\u00f3n Local (UGL) 34, Karina Bernardi, detall\u00f3 la reorganizaci\u00f3n de la cobertura m\u00e9dica tras la rescisi\u00f3n del contrato con la cl\u00ednica privada, a la cual se\u00f1al\u00f3 por exigir un incremento tarifario del 60 % e incurrir en costos superiores al resto de la regi\u00f3n. Luego de confirmarse la finalizaci\u00f3n [&hellip;]","og_url":"https:\/\/diariodelsurdigital.com.ar\/?p=10047","og_site_name":"Diario del Sur","article_published_time":"2026-09-03T13:31:50+00:00","article_modified_time":"2026-09-03T13:31:52+00:00","og_image":[{"width":992,"height":558,"url":"https:\/\/diariodelsurdigital.com.ar\/wp-content\/uploads\/2026\/09\/md-2026-09-03T103019.975.webp","type":"image\/webp"}],"author":"Diario del Sur Digital","twitter_card":"summary_large_image","twitter_misc":{"Escrito por":"Diario del Sur Digital","Tiempo de lectura":"3 minutos"},"schema":{"@context":"https:\/\/schema.org","@graph":[{"@type":"Article","@id":"https:\/\/diariodelsurdigital.com.ar\/?p=10047#article","isPartOf":{"@id":"https:\/\/diariodelsurdigital.com.ar\/?p=10047"},"author":{"name":"Diario del Sur Digital","@id":"https:\/\/diariodelsurdigital.com.ar\/#\/schema\/person\/1a4992532ed62965c968031b49195c81"},"headline":"PAMI eval\u00faa incorporar al Hospital Carrillo y al Felipe Heras tras la baja del Sanatorio Concordia","datePublished":"2026-09-03T13:31:50+00:00","dateModified":"2026-09-03T13:31:52+00:00","mainEntityOfPage":{"@id":"https:\/\/diariodelsurdigital.com.ar\/?p=10047"},"wordCount":494,"commentCount":0,"image":{"@id":"https:\/\/diariodelsurdigital.com.ar\/?p=10047#primaryimage"},"thumbnailUrl":"https:\/\/diariodelsurdigital.com.ar\/wp-content\/uploads\/2026\/09\/md-2026-09-03T103019.975.webp","articleSection":["Inter\u00e9s General","Locales"],"inLanguage":"es","potentialAction":[{"@type":"CommentAction","name":"Comment","target":["https:\/\/diariodelsurdigital.com.ar\/?p=10047#respond"]}]},{"@type":"WebPage","@id":"https:\/\/diariodelsurdigital.com.ar\/?p=10047","url":"https:\/\/diariodelsurdigital.com.ar\/?p=10047","name":"PAMI eval\u00faa incorporar al Hospital Carrillo y al Felipe Heras tras la baja del Sanatorio Concordia - Diario del Sur","isPartOf":{"@id":"https:\/\/diariodelsurdigital.com.ar\/#website"},"primaryImageOfPage":{"@id":"https:\/\/diariodelsurdigital.com.ar\/?p=10047#primaryimage"},"image":{"@id":"https:\/\/diariodelsurdigital.com.ar\/?p=10047#primaryimage"},"thumbnailUrl":"https:\/\/diariodelsurdigital.com.ar\/wp-content\/uploads\/2026\/09\/md-2026-09-03T103019.975.webp","datePublished":"2026-09-03T13:31:50+00:00","dateModified":"2026-09-03T13:31:52+00:00","author":{"@id":"https:\/\/diariodelsurdigital.com.ar\/#\/schema\/person\/1a4992532ed62965c968031b49195c81"},"breadcrumb":{"@id":"https:\/\/diariodelsurdigital.com.ar\/?p=10047#breadcrumb"},"inLanguage":"es","potentialAction":[{"@type":"ReadAction","target":["https:\/\/diariodelsurdigital.com.ar\/?p=10047"]}]},{"@type":"ImageObject","inLanguage":"es","@id":"https:\/\/diariodelsurdigital.com.ar\/?p=10047#primaryimage","url":"https:\/\/diariodelsurdigital.com.ar\/wp-content\/uploads\/2026\/09\/md-2026-09-03T103019.975.webp","contentUrl":"https:\/\/diariodelsurdigital.com.ar\/wp-content\/uploads\/2026\/09\/md-2026-09-03T103019.975.webp","width":992,"height":558},{"@type":"BreadcrumbList","@id":"https:\/\/diariodelsurdigital.com.ar\/?p=10047#breadcrumb","itemListElement":[{"@type":"ListItem","position":1,"name":"Portada","item":"https:\/\/diariodelsurdigital.com.ar\/"},{"@type":"ListItem","position":2,"name":"PAMI eval\u00faa incorporar al Hospital Carrillo y al Felipe Heras tras la baja del Sanatorio Concordia"}]},{"@type":"WebSite","@id":"https:\/\/diariodelsurdigital.com.ar\/#website","url":"https:\/\/diariodelsurdigital.com.ar\/","name":"Diario del Sur","description":"Digital","potentialAction":[{"@type":"SearchAction","target":{"@type":"EntryPoint","urlTemplate":"https:\/\/diariodelsurdigital.com.ar\/?s={search_term_string}"},"query-input":{"@type":"PropertyValueSpecification","valueRequired":true,"valueName":"search_term_string"}}],"inLanguage":"es"},{"@type":"Person","@id":"https:\/\/diariodelsurdigital.com.ar\/#\/schema\/person\/1a4992532ed62965c968031b49195c81","name":"Diario del Sur Digital","image":{"@type":"ImageObject","inLanguage":"es","@id":"https:\/\/secure.gravatar.com\/avatar\/f0c7c47fc7146d19828273b9b8eda651c9c7ab583767e6338d3d3bee825adf76?s=96&d=mm&r=g","url":"https:\/\/secure.gravatar.com\/avatar\/f0c7c47fc7146d19828273b9b8eda651c9c7ab583767e6338d3d3bee825adf76?s=96&d=mm&r=g","contentUrl":"https:\/\/secure.gravatar.com\/avatar\/f0c7c47fc7146d19828273b9b8eda651c9c7ab583767e6338d3d3bee825adf76?s=96&d=mm&r=g","caption":"Diario del Sur Digital"},"url":"https:\/\/diariodelsurdigital.com.ar\/?author=4"}]}},"jetpack_featured_media_url":"https:\/\/diariodelsurdigital.com.ar\/wp-content\/uploads\/2026\/09\/md-2026-09-03T103019.975.webp","jetpack_sharing_enabled":true,"_links":{"self":[{"href":"https:\/\/diariodelsurdigital.com.ar\/index.php?rest_route=\/wp\/v2\/posts\/10047","targetHints":{"allow":["GET"]}}],"collection":[{"href":"https:\/\/diariodelsurdigital.com.ar\/index.php?rest_route=\/wp\/v2\/posts"}],"about":[{"href":"https:\/\/diariodelsurdigital.com.ar\/index.php?rest_route=\/wp\/v2\/types\/post"}],"author":[{"embeddable":true,"href":"https:\/\/diariodelsurdigital.com.ar\/index.php?rest_route=\/wp\/v2\/users\/4"}],"replies":[{"embeddable":true,"href":"https:\/\/diariodelsurdigital.com.ar\/index.php?rest_route=%2Fwp%2Fv2%2Fcomments&post=10047"}],"version-history":[{"count":1,"href":"https:\/\/diariodelsurdigital.com.ar\/index.php?rest_route=\/wp\/v2\/posts\/10047\/revisions"}],"predecessor-version":[{"id":10049,"href":"https:\/\/diariodelsurdigital.com.ar\/index.php?rest_route=\/wp\/v2\/posts\/10047\/revisions\/10049"}],"wp:featuredmedia":[{"embeddable":true,"href":"https:\/\/diariodelsurdigital.com.ar\/index.php?rest_route=\/wp\/v2\/media\/10048"}],"wp:attachment":[{"href":"https:\/\/diariodelsurdigital.com.ar\/index.php?rest_route=%2Fwp%2Fv2%2Fmedia&parent=10047"}],"wp:term":[{"taxonomy":"category","embeddable":true,"href":"https:\/\/diariodelsurdigital.com.ar\/index.php?rest_route=%2Fwp%2Fv2%2Fcategories&post=10047"},{"taxonomy":"post_tag","embeddable":true,"href":"https:\/\/diariodelsurdigital.com.ar\/index.php?rest_route=%2Fwp%2Fv2%2Ftags&post=10047"}],"curies":[{"name":"wp","href":"https:\/\/api.w.org\/{rel}","templated":true}]}}