{"id":10054,"date":"2026-09-04T10:23:50","date_gmt":"2026-09-04T13:23:50","guid":{"rendered":"https:\/\/diariodelsurdigital.com.ar\/?p=10054"},"modified":"2026-09-04T10:23:51","modified_gmt":"2026-09-04T13:23:51","slug":"aluani-celebro-la-eliminacion-de-la-jubilacion-de-privilegio-de-gobernador-y-vicegobernador","status":"publish","type":"post","link":"https:\/\/diariodelsurdigital.com.ar\/?p=10054","title":{"rendered":"Aluani celebr\u00f3 la eliminaci\u00f3n de la jubilaci\u00f3n de privilegio de gobernador y vicegobernador"},"content":{"rendered":"\n<p class=\"wp-block-paragraph\">\u201cSi pedimos esfuerzo y responsabilidad, tenemos que empezar por nosotros mismos\u201d, expres\u00f3 la vicegobernadora y presidente del Senado, Alicia Aluani, al referirse a la iniciativa impulsada por el Poder Ejecutivo, que elimina el r\u00e9gimen especial vigente desde 1965.<\/p>\n\n\n\n<p class=\"wp-block-paragraph\">Este mi\u00e9rcoles se convirti\u00f3 en ley el proyecto impulsado por el Poder Ejecutivo que deroga la Ley N\u00ba 4.506, vigente desde 1965, que establec\u00eda una pensi\u00f3n vitalicia para quienes ejercieran los cargos de gobernador y vicegobernador de la provincia.<\/p>\n\n\n\n<p class=\"wp-block-paragraph\">La iniciativa hab\u00eda sido enviada por el gobernador Rogelio Frigerio en enero de 2024 y, tras atravesar el tratamiento en ambas c\u00e1maras legislativas y recibir modificaciones en el Senado, fue sancionada definitivamente por la C\u00e1mara de Diputados.<\/p>\n\n\n\n<p class=\"wp-block-paragraph\">As\u00ed, el gobernador Frigerio y la vicegobernadora Aluani ser\u00e1n las primeras autoridades alcanzadas por la derogaci\u00f3n y no podr\u00e1n acceder a este beneficio una vez finalizados sus mandatos.<\/p>\n\n\n\n<p class=\"wp-block-paragraph\">Al respecto, la vicegobernadora sostuvo: \u201cAplaudimos la derogaci\u00f3n de la Ley 4.506. Poner fin a la pensi\u00f3n vitalicia para gobernador y vicegobernador reafirma la igualdad ante la ley\u201d. Tambi\u00e9n destac\u00f3 que, de este modo, \u201cse cumple la palabra que dimos junto al gobernador\u201d.<\/p>\n\n\n\n<p class=\"wp-block-paragraph\">\u201cSi pedimos esfuerzo y responsabilidad, tenemos que empezar por nosotros mismos\u201d, subray\u00f3 Aluani.<\/p>\n","protected":false},"excerpt":{"rendered":"<p>\u201cSi pedimos esfuerzo y responsabilidad, tenemos que empezar por nosotros mismos\u201d, expres\u00f3 la vicegobernadora y presidente del Senado, Alicia Aluani, al referirse a la iniciativa impulsada por el Poder Ejecutivo, que elimina el r\u00e9gimen especial vigente desde 1965. Este mi\u00e9rcoles se convirti\u00f3 en ley el proyecto impulsado por el Poder Ejecutivo que deroga la Ley [&hellip;]<\/p>\n","protected":false},"author":4,"featured_media":10055,"comment_status":"open","ping_status":"open","sticky":false,"template":"","format":"standard","meta":{"_jetpack_memberships_contains_paid_content":false,"footnotes":""},"categories":[22,17],"tags":[],"class_list":["post-10054","post","type-post","status-publish","format-standard","has-post-thumbnail","category-politica","category-provinciales"],"yoast_head":"<!-- This site is optimized with the Yoast SEO plugin v27.6 - https:\/\/yoast.com\/product\/yoast-seo-wordpress\/ -->\n<title>Aluani celebr\u00f3 la eliminaci\u00f3n de la jubilaci\u00f3n de privilegio de gobernador y vicegobernador - Diario del Sur<\/title>\n<meta name=\"robots\" content=\"index, follow, max-snippet:-1, max-image-preview:large, max-video-preview:-1\" \/>\n<link rel=\"canonical\" href=\"https:\/\/diariodelsurdigital.com.ar\/?p=10054\" \/>\n<meta property=\"og:locale\" content=\"es_ES\" \/>\n<meta property=\"og:type\" content=\"article\" \/>\n<meta property=\"og:title\" content=\"Aluani celebr\u00f3 la eliminaci\u00f3n de la jubilaci\u00f3n de privilegio de gobernador y vicegobernador - Diario del Sur\" \/>\n<meta property=\"og:description\" content=\"\u201cSi pedimos esfuerzo y responsabilidad, tenemos que empezar por nosotros mismos\u201d, expres\u00f3 la vicegobernadora y presidente del Senado, Alicia Aluani, al referirse a la iniciativa impulsada por el Poder Ejecutivo, que elimina el r\u00e9gimen especial vigente desde 1965. Este mi\u00e9rcoles se convirti\u00f3 en ley el proyecto impulsado por el Poder Ejecutivo que deroga la Ley [&hellip;]\" \/>\n<meta property=\"og:url\" content=\"https:\/\/diariodelsurdigital.com.ar\/?p=10054\" \/>\n<meta property=\"og:site_name\" content=\"Diario del Sur\" \/>\n<meta property=\"article:published_time\" content=\"2026-09-04T13:23:50+00:00\" \/>\n<meta property=\"article:modified_time\" content=\"2026-09-04T13:23:51+00:00\" \/>\n<meta property=\"og:image\" content=\"https:\/\/diariodelsurdigital.com.ar\/wp-content\/uploads\/2026\/09\/md-2026-09-04T102229.885.webp\" \/>\n\t<meta property=\"og:image:width\" content=\"992\" \/>\n\t<meta property=\"og:image:height\" content=\"660\" \/>\n\t<meta property=\"og:image:type\" content=\"image\/webp\" \/>\n<meta name=\"author\" content=\"Diario del Sur Digital\" \/>\n<meta name=\"twitter:card\" content=\"summary_large_image\" \/>\n<meta name=\"twitter:label1\" content=\"Escrito por\" \/>\n\t<meta name=\"twitter:data1\" content=\"Diario del Sur Digital\" \/>\n\t<meta name=\"twitter:label2\" content=\"Tiempo de lectura\" \/>\n\t<meta name=\"twitter:data2\" content=\"2 minutos\" \/>\n<script type=\"application\/ld+json\" class=\"yoast-schema-graph\">{\"@context\":\"https:\\\/\\\/schema.org\",\"@graph\":[{\"@type\":\"Article\",\"@id\":\"https:\\\/\\\/diariodelsurdigital.com.ar\\\/?p=10054#article\",\"isPartOf\":{\"@id\":\"https:\\\/\\\/diariodelsurdigital.com.ar\\\/?p=10054\"},\"author\":{\"name\":\"Diario del Sur Digital\",\"@id\":\"https:\\\/\\\/diariodelsurdigital.com.ar\\\/#\\\/schema\\\/person\\\/1a4992532ed62965c968031b49195c81\"},\"headline\":\"Aluani celebr\u00f3 la eliminaci\u00f3n de la jubilaci\u00f3n de privilegio de gobernador y vicegobernador\",\"datePublished\":\"2026-09-04T13:23:50+00:00\",\"dateModified\":\"2026-09-04T13:23:51+00:00\",\"mainEntityOfPage\":{\"@id\":\"https:\\\/\\\/diariodelsurdigital.com.ar\\\/?p=10054\"},\"wordCount\":221,\"commentCount\":0,\"image\":{\"@id\":\"https:\\\/\\\/diariodelsurdigital.com.ar\\\/?p=10054#primaryimage\"},\"thumbnailUrl\":\"https:\\\/\\\/diariodelsurdigital.com.ar\\\/wp-content\\\/uploads\\\/2026\\\/09\\\/md-2026-09-04T102229.885.webp\",\"articleSection\":[\"Pol\u00edtica\",\"Provinciales\"],\"inLanguage\":\"es\",\"potentialAction\":[{\"@type\":\"CommentAction\",\"name\":\"Comment\",\"target\":[\"https:\\\/\\\/diariodelsurdigital.com.ar\\\/?p=10054#respond\"]}]},{\"@type\":\"WebPage\",\"@id\":\"https:\\\/\\\/diariodelsurdigital.com.ar\\\/?p=10054\",\"url\":\"https:\\\/\\\/diariodelsurdigital.com.ar\\\/?p=10054\",\"name\":\"Aluani celebr\u00f3 la eliminaci\u00f3n de la jubilaci\u00f3n de privilegio de gobernador y vicegobernador - Diario del Sur\",\"isPartOf\":{\"@id\":\"https:\\\/\\\/diariodelsurdigital.com.ar\\\/#website\"},\"primaryImageOfPage\":{\"@id\":\"https:\\\/\\\/diariodelsurdigital.com.ar\\\/?p=10054#primaryimage\"},\"image\":{\"@id\":\"https:\\\/\\\/diariodelsurdigital.com.ar\\\/?p=10054#primaryimage\"},\"thumbnailUrl\":\"https:\\\/\\\/diariodelsurdigital.com.ar\\\/wp-content\\\/uploads\\\/2026\\\/09\\\/md-2026-09-04T102229.885.webp\",\"datePublished\":\"2026-09-04T13:23:50+00:00\",\"dateModified\":\"2026-09-04T13:23:51+00:00\",\"author\":{\"@id\":\"https:\\\/\\\/diariodelsurdigital.com.ar\\\/#\\\/schema\\\/person\\\/1a4992532ed62965c968031b49195c81\"},\"breadcrumb\":{\"@id\":\"https:\\\/\\\/diariodelsurdigital.com.ar\\\/?p=10054#breadcrumb\"},\"inLanguage\":\"es\",\"potentialAction\":[{\"@type\":\"ReadAction\",\"target\":[\"https:\\\/\\\/diariodelsurdigital.com.ar\\\/?p=10054\"]}]},{\"@type\":\"ImageObject\",\"inLanguage\":\"es\",\"@id\":\"https:\\\/\\\/diariodelsurdigital.com.ar\\\/?p=10054#primaryimage\",\"url\":\"https:\\\/\\\/diariodelsurdigital.com.ar\\\/wp-content\\\/uploads\\\/2026\\\/09\\\/md-2026-09-04T102229.885.webp\",\"contentUrl\":\"https:\\\/\\\/diariodelsurdigital.com.ar\\\/wp-content\\\/uploads\\\/2026\\\/09\\\/md-2026-09-04T102229.885.webp\",\"width\":992,\"height\":660},{\"@type\":\"BreadcrumbList\",\"@id\":\"https:\\\/\\\/diariodelsurdigital.com.ar\\\/?p=10054#breadcrumb\",\"itemListElement\":[{\"@type\":\"ListItem\",\"position\":1,\"name\":\"Portada\",\"item\":\"https:\\\/\\\/diariodelsurdigital.com.ar\\\/\"},{\"@type\":\"ListItem\",\"position\":2,\"name\":\"Aluani celebr\u00f3 la eliminaci\u00f3n de la jubilaci\u00f3n de privilegio de gobernador y vicegobernador\"}]},{\"@type\":\"WebSite\",\"@id\":\"https:\\\/\\\/diariodelsurdigital.com.ar\\\/#website\",\"url\":\"https:\\\/\\\/diariodelsurdigital.com.ar\\\/\",\"name\":\"Diario del Sur\",\"description\":\"Digital\",\"potentialAction\":[{\"@type\":\"SearchAction\",\"target\":{\"@type\":\"EntryPoint\",\"urlTemplate\":\"https:\\\/\\\/diariodelsurdigital.com.ar\\\/?s={search_term_string}\"},\"query-input\":{\"@type\":\"PropertyValueSpecification\",\"valueRequired\":true,\"valueName\":\"search_term_string\"}}],\"inLanguage\":\"es\"},{\"@type\":\"Person\",\"@id\":\"https:\\\/\\\/diariodelsurdigital.com.ar\\\/#\\\/schema\\\/person\\\/1a4992532ed62965c968031b49195c81\",\"name\":\"Diario del Sur Digital\",\"image\":{\"@type\":\"ImageObject\",\"inLanguage\":\"es\",\"@id\":\"https:\\\/\\\/secure.gravatar.com\\\/avatar\\\/f0c7c47fc7146d19828273b9b8eda651c9c7ab583767e6338d3d3bee825adf76?s=96&d=mm&r=g\",\"url\":\"https:\\\/\\\/secure.gravatar.com\\\/avatar\\\/f0c7c47fc7146d19828273b9b8eda651c9c7ab583767e6338d3d3bee825adf76?s=96&d=mm&r=g\",\"contentUrl\":\"https:\\\/\\\/secure.gravatar.com\\\/avatar\\\/f0c7c47fc7146d19828273b9b8eda651c9c7ab583767e6338d3d3bee825adf76?s=96&d=mm&r=g\",\"caption\":\"Diario del Sur Digital\"},\"url\":\"https:\\\/\\\/diariodelsurdigital.com.ar\\\/?author=4\"}]}<\/script>\n<!-- \/ Yoast SEO plugin. -->","yoast_head_json":{"title":"Aluani celebr\u00f3 la eliminaci\u00f3n de la jubilaci\u00f3n de privilegio de gobernador y vicegobernador - Diario del Sur","robots":{"index":"index","follow":"follow","max-snippet":"max-snippet:-1","max-image-preview":"max-image-preview:large","max-video-preview":"max-video-preview:-1"},"canonical":"https:\/\/diariodelsurdigital.com.ar\/?p=10054","og_locale":"es_ES","og_type":"article","og_title":"Aluani celebr\u00f3 la eliminaci\u00f3n de la jubilaci\u00f3n de privilegio de gobernador y vicegobernador - Diario del Sur","og_description":"\u201cSi pedimos esfuerzo y responsabilidad, tenemos que empezar por nosotros mismos\u201d, expres\u00f3 la vicegobernadora y presidente del Senado, Alicia Aluani, al referirse a la iniciativa impulsada por el Poder Ejecutivo, que elimina el r\u00e9gimen especial vigente desde 1965. Este mi\u00e9rcoles se convirti\u00f3 en ley el proyecto impulsado por el Poder Ejecutivo que deroga la Ley [&hellip;]","og_url":"https:\/\/diariodelsurdigital.com.ar\/?p=10054","og_site_name":"Diario del Sur","article_published_time":"2026-09-04T13:23:50+00:00","article_modified_time":"2026-09-04T13:23:51+00:00","og_image":[{"width":992,"height":660,"url":"https:\/\/diariodelsurdigital.com.ar\/wp-content\/uploads\/2026\/09\/md-2026-09-04T102229.885.webp","type":"image\/webp"}],"author":"Diario del Sur Digital","twitter_card":"summary_large_image","twitter_misc":{"Escrito por":"Diario del Sur Digital","Tiempo de lectura":"2 minutos"},"schema":{"@context":"https:\/\/schema.org","@graph":[{"@type":"Article","@id":"https:\/\/diariodelsurdigital.com.ar\/?p=10054#article","isPartOf":{"@id":"https:\/\/diariodelsurdigital.com.ar\/?p=10054"},"author":{"name":"Diario del Sur Digital","@id":"https:\/\/diariodelsurdigital.com.ar\/#\/schema\/person\/1a4992532ed62965c968031b49195c81"},"headline":"Aluani celebr\u00f3 la eliminaci\u00f3n de la jubilaci\u00f3n de privilegio de gobernador y vicegobernador","datePublished":"2026-09-04T13:23:50+00:00","dateModified":"2026-09-04T13:23:51+00:00","mainEntityOfPage":{"@id":"https:\/\/diariodelsurdigital.com.ar\/?p=10054"},"wordCount":221,"commentCount":0,"image":{"@id":"https:\/\/diariodelsurdigital.com.ar\/?p=10054#primaryimage"},"thumbnailUrl":"https:\/\/diariodelsurdigital.com.ar\/wp-content\/uploads\/2026\/09\/md-2026-09-04T102229.885.webp","articleSection":["Pol\u00edtica","Provinciales"],"inLanguage":"es","potentialAction":[{"@type":"CommentAction","name":"Comment","target":["https:\/\/diariodelsurdigital.com.ar\/?p=10054#respond"]}]},{"@type":"WebPage","@id":"https:\/\/diariodelsurdigital.com.ar\/?p=10054","url":"https:\/\/diariodelsurdigital.com.ar\/?p=10054","name":"Aluani celebr\u00f3 la eliminaci\u00f3n de la jubilaci\u00f3n de privilegio de gobernador y vicegobernador - Diario del Sur","isPartOf":{"@id":"https:\/\/diariodelsurdigital.com.ar\/#website"},"primaryImageOfPage":{"@id":"https:\/\/diariodelsurdigital.com.ar\/?p=10054#primaryimage"},"image":{"@id":"https:\/\/diariodelsurdigital.com.ar\/?p=10054#primaryimage"},"thumbnailUrl":"https:\/\/diariodelsurdigital.com.ar\/wp-content\/uploads\/2026\/09\/md-2026-09-04T102229.885.webp","datePublished":"2026-09-04T13:23:50+00:00","dateModified":"2026-09-04T13:23:51+00:00","author":{"@id":"https:\/\/diariodelsurdigital.com.ar\/#\/schema\/person\/1a4992532ed62965c968031b49195c81"},"breadcrumb":{"@id":"https:\/\/diariodelsurdigital.com.ar\/?p=10054#breadcrumb"},"inLanguage":"es","potentialAction":[{"@type":"ReadAction","target":["https:\/\/diariodelsurdigital.com.ar\/?p=10054"]}]},{"@type":"ImageObject","inLanguage":"es","@id":"https:\/\/diariodelsurdigital.com.ar\/?p=10054#primaryimage","url":"https:\/\/diariodelsurdigital.com.ar\/wp-content\/uploads\/2026\/09\/md-2026-09-04T102229.885.webp","contentUrl":"https:\/\/diariodelsurdigital.com.ar\/wp-content\/uploads\/2026\/09\/md-2026-09-04T102229.885.webp","width":992,"height":660},{"@type":"BreadcrumbList","@id":"https:\/\/diariodelsurdigital.com.ar\/?p=10054#breadcrumb","itemListElement":[{"@type":"ListItem","position":1,"name":"Portada","item":"https:\/\/diariodelsurdigital.com.ar\/"},{"@type":"ListItem","position":2,"name":"Aluani celebr\u00f3 la eliminaci\u00f3n de la jubilaci\u00f3n de privilegio de gobernador y vicegobernador"}]},{"@type":"WebSite","@id":"https:\/\/diariodelsurdigital.com.ar\/#website","url":"https:\/\/diariodelsurdigital.com.ar\/","name":"Diario del Sur","description":"Digital","potentialAction":[{"@type":"SearchAction","target":{"@type":"EntryPoint","urlTemplate":"https:\/\/diariodelsurdigital.com.ar\/?s={search_term_string}"},"query-input":{"@type":"PropertyValueSpecification","valueRequired":true,"valueName":"search_term_string"}}],"inLanguage":"es"},{"@type":"Person","@id":"https:\/\/diariodelsurdigital.com.ar\/#\/schema\/person\/1a4992532ed62965c968031b49195c81","name":"Diario del Sur Digital","image":{"@type":"ImageObject","inLanguage":"es","@id":"https:\/\/secure.gravatar.com\/avatar\/f0c7c47fc7146d19828273b9b8eda651c9c7ab583767e6338d3d3bee825adf76?s=96&d=mm&r=g","url":"https:\/\/secure.gravatar.com\/avatar\/f0c7c47fc7146d19828273b9b8eda651c9c7ab583767e6338d3d3bee825adf76?s=96&d=mm&r=g","contentUrl":"https:\/\/secure.gravatar.com\/avatar\/f0c7c47fc7146d19828273b9b8eda651c9c7ab583767e6338d3d3bee825adf76?s=96&d=mm&r=g","caption":"Diario del Sur Digital"},"url":"https:\/\/diariodelsurdigital.com.ar\/?author=4"}]}},"jetpack_featured_media_url":"https:\/\/diariodelsurdigital.com.ar\/wp-content\/uploads\/2026\/09\/md-2026-09-04T102229.885.webp","jetpack_sharing_enabled":true,"_links":{"self":[{"href":"https:\/\/diariodelsurdigital.com.ar\/index.php?rest_route=\/wp\/v2\/posts\/10054","targetHints":{"allow":["GET"]}}],"collection":[{"href":"https:\/\/diariodelsurdigital.com.ar\/index.php?rest_route=\/wp\/v2\/posts"}],"about":[{"href":"https:\/\/diariodelsurdigital.com.ar\/index.php?rest_route=\/wp\/v2\/types\/post"}],"author":[{"embeddable":true,"href":"https:\/\/diariodelsurdigital.com.ar\/index.php?rest_route=\/wp\/v2\/users\/4"}],"replies":[{"embeddable":true,"href":"https:\/\/diariodelsurdigital.com.ar\/index.php?rest_route=%2Fwp%2Fv2%2Fcomments&post=10054"}],"version-history":[{"count":1,"href":"https:\/\/diariodelsurdigital.com.ar\/index.php?rest_route=\/wp\/v2\/posts\/10054\/revisions"}],"predecessor-version":[{"id":10056,"href":"https:\/\/diariodelsurdigital.com.ar\/index.php?rest_route=\/wp\/v2\/posts\/10054\/revisions\/10056"}],"wp:featuredmedia":[{"embeddable":true,"href":"https:\/\/diariodelsurdigital.com.ar\/index.php?rest_route=\/wp\/v2\/media\/10055"}],"wp:attachment":[{"href":"https:\/\/diariodelsurdigital.com.ar\/index.php?rest_route=%2Fwp%2Fv2%2Fmedia&parent=10054"}],"wp:term":[{"taxonomy":"category","embeddable":true,"href":"https:\/\/diariodelsurdigital.com.ar\/index.php?rest_route=%2Fwp%2Fv2%2Fcategories&post=10054"},{"taxonomy":"post_tag","embeddable":true,"href":"https:\/\/diariodelsurdigital.com.ar\/index.php?rest_route=%2Fwp%2Fv2%2Ftags&post=10054"}],"curies":[{"name":"wp","href":"https:\/\/api.w.org\/{rel}","templated":true}]}}