{"id":10057,"date":"2026-09-04T10:26:07","date_gmt":"2026-09-04T13:26:07","guid":{"rendered":"https:\/\/diariodelsurdigital.com.ar\/?p=10057"},"modified":"2026-09-04T10:27:21","modified_gmt":"2026-09-04T13:27:21","slug":"el-concejo-deliberante-convoco-a-pami-y-al-sanatorio-concordia-tras-el-corte-de-servicios-a-afiliados","status":"publish","type":"post","link":"https:\/\/diariodelsurdigital.com.ar\/?p=10057","title":{"rendered":"El Concejo Deliberante convoc\u00f3 a PAMI y al Sanatorio Concordia tras el corte de servicios a afiliados"},"content":{"rendered":"\n<p class=\"wp-block-paragraph\">El proyecto de resoluci\u00f3n aprobado de manera unanime convoca a una reuni\u00f3n de trabajo al Directorio del Sanatorio Concordia y a las autoridades de la UGL Concordia PAMI junto a los concejales. Cabe recordar que el Sanatorio Concordia inform\u00f3 el pasado jueves que desde este mes dejaba de prestar servicios a esa obra social por falta de actualizaci\u00f3n de aranceles.<\/p>\n\n\n\n<p class=\"wp-block-paragraph\">En la vig\u00e9sima cuarta sesi\u00f3n ordinaria, el Concejo Deliberante de Concordia aprob\u00f3 por unanimidad una iniciativa consensuada por las tres bancadas, referida a la cr\u00edtica situaci\u00f3n prestacional que sufren los afiliados del PAMI en Concordia.<\/p>\n\n\n\n<p class=\"wp-block-paragraph\">La resoluci\u00f3n convoca a una reuni\u00f3n de trabajo al Directorio del Sanatorio Concordia y a las autoridades de la UGL Concordia PAMI junto a los concejales, haciendo extensiva la invitaci\u00f3n a funcionarios provinciales, con el prop\u00f3sito de buscar soluciones conjuntas a la problem\u00e1tica sanitaria.<\/p>\n\n\n\n<p class=\"wp-block-paragraph\"><\/p>\n\n\n\n<p class=\"wp-block-paragraph\">Cabe recordar que el Sanatorio Concordia inform\u00f3 el pasado jueves que desde este mes dejaba de prestar servicios a esa obra social. El motivo se debi\u00f3 a falta de respuestas ante el reclamo de una actualizaci\u00f3n en los aranceles que equivale un atraso del 130 por ciento.<\/p>\n\n\n\n<p class=\"wp-block-paragraph\">Ante esta situaci\u00f3n, la titular de la UGL 34 de PAMI, Karina Bernardi contradijo la postura del nosocomio e indic\u00f3 la baja respondi\u00f3 a una renuncia unilateral presentada por el propio sanatorio en el mes de junio, la cual se hizo efectiva este 1.\u00ba de septiembre.<\/p>\n\n\n\n<p class=\"wp-block-paragraph\">Respecto a la atenci\u00f3n de los afiliados, confirm\u00f3 que se analiza junto al Gobierno provincial refuncionalizar la capacidad de internaci\u00f3n de los hospitales Carrillo y Felipe Heras, con el objetivo de fortalecer la oferta p\u00fablica de salud en la ciudad.<\/p>\n\n\n\n<p class=\"wp-block-paragraph\">Adem\u00e1s, explic\u00f3 que las urgencias y emergencias se resolver\u00e1n de manera inmediata en los hospitales p\u00fablicos locales como el Masvernat y el Heras, los cuales contin\u00faan plenamente activos dentro de la red.<\/p>\n\n\n\n<p class=\"wp-block-paragraph\">Mientras que los estudios, tratamientos y cirug\u00edas programadas est\u00e1n siendo derivados a instituciones de la regi\u00f3n ubicadas en Col\u00f3n, Chajar\u00ed, Concepci\u00f3n del Uruguay y Gualeguaych\u00fa, al tiempo que la alta complejidad continuar\u00e1 deriv\u00e1ndose a centros de Santa Fe, Corrientes o Buenos Aires.<\/p>\n\n\n\n<p class=\"wp-block-paragraph\">Avance en Obras Sanitarias<\/p>\n\n\n\n<p class=\"wp-block-paragraph\">Otro de los puntos centrales de la jornada fue la aprobaci\u00f3n por unanimidad de la ampliaci\u00f3n al Presupuesto General de Gastos y C\u00e1lculo de Recursos del Ente Descentralizado de Obras Sanitarias (EDOS) para el Ejercicio 2026. La iniciativa contempla un incremento tanto en el presupuesto de gastos como en el c\u00e1lculo de recursos por una suma de $2.140.000.000. Dichos fondos se cubrir\u00e1n mediante $1.500.000.000 provenientes de recursos corrientes y $640.000.000 a trav\u00e9s de financiamiento.<\/p>\n","protected":false},"excerpt":{"rendered":"<p>El proyecto de resoluci\u00f3n aprobado de manera unanime convoca a una reuni\u00f3n de trabajo al Directorio del Sanatorio Concordia y a las autoridades de la UGL Concordia PAMI junto a los concejales. Cabe recordar que el Sanatorio Concordia inform\u00f3 el pasado jueves que desde este mes dejaba de prestar servicios a esa obra social por [&hellip;]<\/p>\n","protected":false},"author":4,"featured_media":10058,"comment_status":"open","ping_status":"open","sticky":false,"template":"","format":"standard","meta":{"_jetpack_memberships_contains_paid_content":false,"footnotes":""},"categories":[16],"tags":[],"class_list":["post-10057","post","type-post","status-publish","format-standard","has-post-thumbnail","category-locales"],"yoast_head":"<!-- This site is optimized with the Yoast SEO plugin v27.6 - https:\/\/yoast.com\/product\/yoast-seo-wordpress\/ -->\n<title>El Concejo Deliberante convoc\u00f3 a PAMI y al Sanatorio Concordia tras el corte de servicios a afiliados - Diario del Sur<\/title>\n<meta name=\"robots\" content=\"index, follow, max-snippet:-1, max-image-preview:large, max-video-preview:-1\" \/>\n<link rel=\"canonical\" href=\"https:\/\/diariodelsurdigital.com.ar\/?p=10057\" \/>\n<meta property=\"og:locale\" content=\"es_ES\" \/>\n<meta property=\"og:type\" content=\"article\" \/>\n<meta property=\"og:title\" content=\"El Concejo Deliberante convoc\u00f3 a PAMI y al Sanatorio Concordia tras el corte de servicios a afiliados - Diario del Sur\" \/>\n<meta property=\"og:description\" content=\"El proyecto de resoluci\u00f3n aprobado de manera unanime convoca a una reuni\u00f3n de trabajo al Directorio del Sanatorio Concordia y a las autoridades de la UGL Concordia PAMI junto a los concejales. Cabe recordar que el Sanatorio Concordia inform\u00f3 el pasado jueves que desde este mes dejaba de prestar servicios a esa obra social por [&hellip;]\" \/>\n<meta property=\"og:url\" content=\"https:\/\/diariodelsurdigital.com.ar\/?p=10057\" \/>\n<meta property=\"og:site_name\" content=\"Diario del Sur\" \/>\n<meta property=\"article:published_time\" content=\"2026-09-04T13:26:07+00:00\" \/>\n<meta property=\"article:modified_time\" content=\"2026-09-04T13:27:21+00:00\" \/>\n<meta property=\"og:image\" content=\"https:\/\/diariodelsurdigital.com.ar\/wp-content\/uploads\/2026\/09\/md-2026-09-04T102417.506.webp\" \/>\n\t<meta property=\"og:image:width\" content=\"992\" \/>\n\t<meta property=\"og:image:height\" content=\"744\" \/>\n\t<meta property=\"og:image:type\" content=\"image\/webp\" \/>\n<meta name=\"author\" content=\"Diario del Sur Digital\" \/>\n<meta name=\"twitter:card\" content=\"summary_large_image\" \/>\n<meta name=\"twitter:label1\" content=\"Escrito por\" \/>\n\t<meta name=\"twitter:data1\" content=\"Diario del Sur Digital\" \/>\n\t<meta name=\"twitter:label2\" content=\"Tiempo de lectura\" \/>\n\t<meta name=\"twitter:data2\" content=\"3 minutos\" \/>\n<script type=\"application\/ld+json\" class=\"yoast-schema-graph\">{\"@context\":\"https:\\\/\\\/schema.org\",\"@graph\":[{\"@type\":\"Article\",\"@id\":\"https:\\\/\\\/diariodelsurdigital.com.ar\\\/?p=10057#article\",\"isPartOf\":{\"@id\":\"https:\\\/\\\/diariodelsurdigital.com.ar\\\/?p=10057\"},\"author\":{\"name\":\"Diario del Sur Digital\",\"@id\":\"https:\\\/\\\/diariodelsurdigital.com.ar\\\/#\\\/schema\\\/person\\\/1a4992532ed62965c968031b49195c81\"},\"headline\":\"El Concejo Deliberante convoc\u00f3 a PAMI y al Sanatorio Concordia tras el corte de servicios a afiliados\",\"datePublished\":\"2026-09-04T13:26:07+00:00\",\"dateModified\":\"2026-09-04T13:27:21+00:00\",\"mainEntityOfPage\":{\"@id\":\"https:\\\/\\\/diariodelsurdigital.com.ar\\\/?p=10057\"},\"wordCount\":467,\"commentCount\":0,\"image\":{\"@id\":\"https:\\\/\\\/diariodelsurdigital.com.ar\\\/?p=10057#primaryimage\"},\"thumbnailUrl\":\"https:\\\/\\\/diariodelsurdigital.com.ar\\\/wp-content\\\/uploads\\\/2026\\\/09\\\/md-2026-09-04T102417.506.webp\",\"articleSection\":[\"Locales\"],\"inLanguage\":\"es\",\"potentialAction\":[{\"@type\":\"CommentAction\",\"name\":\"Comment\",\"target\":[\"https:\\\/\\\/diariodelsurdigital.com.ar\\\/?p=10057#respond\"]}]},{\"@type\":\"WebPage\",\"@id\":\"https:\\\/\\\/diariodelsurdigital.com.ar\\\/?p=10057\",\"url\":\"https:\\\/\\\/diariodelsurdigital.com.ar\\\/?p=10057\",\"name\":\"El Concejo Deliberante convoc\u00f3 a PAMI y al Sanatorio Concordia tras el corte de servicios a afiliados - Diario del Sur\",\"isPartOf\":{\"@id\":\"https:\\\/\\\/diariodelsurdigital.com.ar\\\/#website\"},\"primaryImageOfPage\":{\"@id\":\"https:\\\/\\\/diariodelsurdigital.com.ar\\\/?p=10057#primaryimage\"},\"image\":{\"@id\":\"https:\\\/\\\/diariodelsurdigital.com.ar\\\/?p=10057#primaryimage\"},\"thumbnailUrl\":\"https:\\\/\\\/diariodelsurdigital.com.ar\\\/wp-content\\\/uploads\\\/2026\\\/09\\\/md-2026-09-04T102417.506.webp\",\"datePublished\":\"2026-09-04T13:26:07+00:00\",\"dateModified\":\"2026-09-04T13:27:21+00:00\",\"author\":{\"@id\":\"https:\\\/\\\/diariodelsurdigital.com.ar\\\/#\\\/schema\\\/person\\\/1a4992532ed62965c968031b49195c81\"},\"breadcrumb\":{\"@id\":\"https:\\\/\\\/diariodelsurdigital.com.ar\\\/?p=10057#breadcrumb\"},\"inLanguage\":\"es\",\"potentialAction\":[{\"@type\":\"ReadAction\",\"target\":[\"https:\\\/\\\/diariodelsurdigital.com.ar\\\/?p=10057\"]}]},{\"@type\":\"ImageObject\",\"inLanguage\":\"es\",\"@id\":\"https:\\\/\\\/diariodelsurdigital.com.ar\\\/?p=10057#primaryimage\",\"url\":\"https:\\\/\\\/diariodelsurdigital.com.ar\\\/wp-content\\\/uploads\\\/2026\\\/09\\\/md-2026-09-04T102417.506.webp\",\"contentUrl\":\"https:\\\/\\\/diariodelsurdigital.com.ar\\\/wp-content\\\/uploads\\\/2026\\\/09\\\/md-2026-09-04T102417.506.webp\",\"width\":992,\"height\":744},{\"@type\":\"BreadcrumbList\",\"@id\":\"https:\\\/\\\/diariodelsurdigital.com.ar\\\/?p=10057#breadcrumb\",\"itemListElement\":[{\"@type\":\"ListItem\",\"position\":1,\"name\":\"Portada\",\"item\":\"https:\\\/\\\/diariodelsurdigital.com.ar\\\/\"},{\"@type\":\"ListItem\",\"position\":2,\"name\":\"El Concejo Deliberante convoc\u00f3 a PAMI y al Sanatorio Concordia tras el corte de servicios a afiliados\"}]},{\"@type\":\"WebSite\",\"@id\":\"https:\\\/\\\/diariodelsurdigital.com.ar\\\/#website\",\"url\":\"https:\\\/\\\/diariodelsurdigital.com.ar\\\/\",\"name\":\"Diario del Sur\",\"description\":\"Digital\",\"potentialAction\":[{\"@type\":\"SearchAction\",\"target\":{\"@type\":\"EntryPoint\",\"urlTemplate\":\"https:\\\/\\\/diariodelsurdigital.com.ar\\\/?s={search_term_string}\"},\"query-input\":{\"@type\":\"PropertyValueSpecification\",\"valueRequired\":true,\"valueName\":\"search_term_string\"}}],\"inLanguage\":\"es\"},{\"@type\":\"Person\",\"@id\":\"https:\\\/\\\/diariodelsurdigital.com.ar\\\/#\\\/schema\\\/person\\\/1a4992532ed62965c968031b49195c81\",\"name\":\"Diario del Sur Digital\",\"image\":{\"@type\":\"ImageObject\",\"inLanguage\":\"es\",\"@id\":\"https:\\\/\\\/secure.gravatar.com\\\/avatar\\\/f0c7c47fc7146d19828273b9b8eda651c9c7ab583767e6338d3d3bee825adf76?s=96&d=mm&r=g\",\"url\":\"https:\\\/\\\/secure.gravatar.com\\\/avatar\\\/f0c7c47fc7146d19828273b9b8eda651c9c7ab583767e6338d3d3bee825adf76?s=96&d=mm&r=g\",\"contentUrl\":\"https:\\\/\\\/secure.gravatar.com\\\/avatar\\\/f0c7c47fc7146d19828273b9b8eda651c9c7ab583767e6338d3d3bee825adf76?s=96&d=mm&r=g\",\"caption\":\"Diario del Sur Digital\"},\"url\":\"https:\\\/\\\/diariodelsurdigital.com.ar\\\/?author=4\"}]}<\/script>\n<!-- \/ Yoast SEO plugin. -->","yoast_head_json":{"title":"El Concejo Deliberante convoc\u00f3 a PAMI y al Sanatorio Concordia tras el corte de servicios a afiliados - Diario del Sur","robots":{"index":"index","follow":"follow","max-snippet":"max-snippet:-1","max-image-preview":"max-image-preview:large","max-video-preview":"max-video-preview:-1"},"canonical":"https:\/\/diariodelsurdigital.com.ar\/?p=10057","og_locale":"es_ES","og_type":"article","og_title":"El Concejo Deliberante convoc\u00f3 a PAMI y al Sanatorio Concordia tras el corte de servicios a afiliados - Diario del Sur","og_description":"El proyecto de resoluci\u00f3n aprobado de manera unanime convoca a una reuni\u00f3n de trabajo al Directorio del Sanatorio Concordia y a las autoridades de la UGL Concordia PAMI junto a los concejales. Cabe recordar que el Sanatorio Concordia inform\u00f3 el pasado jueves que desde este mes dejaba de prestar servicios a esa obra social por [&hellip;]","og_url":"https:\/\/diariodelsurdigital.com.ar\/?p=10057","og_site_name":"Diario del Sur","article_published_time":"2026-09-04T13:26:07+00:00","article_modified_time":"2026-09-04T13:27:21+00:00","og_image":[{"width":992,"height":744,"url":"https:\/\/diariodelsurdigital.com.ar\/wp-content\/uploads\/2026\/09\/md-2026-09-04T102417.506.webp","type":"image\/webp"}],"author":"Diario del Sur Digital","twitter_card":"summary_large_image","twitter_misc":{"Escrito por":"Diario del Sur Digital","Tiempo de lectura":"3 minutos"},"schema":{"@context":"https:\/\/schema.org","@graph":[{"@type":"Article","@id":"https:\/\/diariodelsurdigital.com.ar\/?p=10057#article","isPartOf":{"@id":"https:\/\/diariodelsurdigital.com.ar\/?p=10057"},"author":{"name":"Diario del Sur Digital","@id":"https:\/\/diariodelsurdigital.com.ar\/#\/schema\/person\/1a4992532ed62965c968031b49195c81"},"headline":"El Concejo Deliberante convoc\u00f3 a PAMI y al Sanatorio Concordia tras el corte de servicios a afiliados","datePublished":"2026-09-04T13:26:07+00:00","dateModified":"2026-09-04T13:27:21+00:00","mainEntityOfPage":{"@id":"https:\/\/diariodelsurdigital.com.ar\/?p=10057"},"wordCount":467,"commentCount":0,"image":{"@id":"https:\/\/diariodelsurdigital.com.ar\/?p=10057#primaryimage"},"thumbnailUrl":"https:\/\/diariodelsurdigital.com.ar\/wp-content\/uploads\/2026\/09\/md-2026-09-04T102417.506.webp","articleSection":["Locales"],"inLanguage":"es","potentialAction":[{"@type":"CommentAction","name":"Comment","target":["https:\/\/diariodelsurdigital.com.ar\/?p=10057#respond"]}]},{"@type":"WebPage","@id":"https:\/\/diariodelsurdigital.com.ar\/?p=10057","url":"https:\/\/diariodelsurdigital.com.ar\/?p=10057","name":"El Concejo Deliberante convoc\u00f3 a PAMI y al Sanatorio Concordia tras el corte de servicios a afiliados - Diario del Sur","isPartOf":{"@id":"https:\/\/diariodelsurdigital.com.ar\/#website"},"primaryImageOfPage":{"@id":"https:\/\/diariodelsurdigital.com.ar\/?p=10057#primaryimage"},"image":{"@id":"https:\/\/diariodelsurdigital.com.ar\/?p=10057#primaryimage"},"thumbnailUrl":"https:\/\/diariodelsurdigital.com.ar\/wp-content\/uploads\/2026\/09\/md-2026-09-04T102417.506.webp","datePublished":"2026-09-04T13:26:07+00:00","dateModified":"2026-09-04T13:27:21+00:00","author":{"@id":"https:\/\/diariodelsurdigital.com.ar\/#\/schema\/person\/1a4992532ed62965c968031b49195c81"},"breadcrumb":{"@id":"https:\/\/diariodelsurdigital.com.ar\/?p=10057#breadcrumb"},"inLanguage":"es","potentialAction":[{"@type":"ReadAction","target":["https:\/\/diariodelsurdigital.com.ar\/?p=10057"]}]},{"@type":"ImageObject","inLanguage":"es","@id":"https:\/\/diariodelsurdigital.com.ar\/?p=10057#primaryimage","url":"https:\/\/diariodelsurdigital.com.ar\/wp-content\/uploads\/2026\/09\/md-2026-09-04T102417.506.webp","contentUrl":"https:\/\/diariodelsurdigital.com.ar\/wp-content\/uploads\/2026\/09\/md-2026-09-04T102417.506.webp","width":992,"height":744},{"@type":"BreadcrumbList","@id":"https:\/\/diariodelsurdigital.com.ar\/?p=10057#breadcrumb","itemListElement":[{"@type":"ListItem","position":1,"name":"Portada","item":"https:\/\/diariodelsurdigital.com.ar\/"},{"@type":"ListItem","position":2,"name":"El Concejo Deliberante convoc\u00f3 a PAMI y al Sanatorio Concordia tras el corte de servicios a afiliados"}]},{"@type":"WebSite","@id":"https:\/\/diariodelsurdigital.com.ar\/#website","url":"https:\/\/diariodelsurdigital.com.ar\/","name":"Diario del Sur","description":"Digital","potentialAction":[{"@type":"SearchAction","target":{"@type":"EntryPoint","urlTemplate":"https:\/\/diariodelsurdigital.com.ar\/?s={search_term_string}"},"query-input":{"@type":"PropertyValueSpecification","valueRequired":true,"valueName":"search_term_string"}}],"inLanguage":"es"},{"@type":"Person","@id":"https:\/\/diariodelsurdigital.com.ar\/#\/schema\/person\/1a4992532ed62965c968031b49195c81","name":"Diario del Sur Digital","image":{"@type":"ImageObject","inLanguage":"es","@id":"https:\/\/secure.gravatar.com\/avatar\/f0c7c47fc7146d19828273b9b8eda651c9c7ab583767e6338d3d3bee825adf76?s=96&d=mm&r=g","url":"https:\/\/secure.gravatar.com\/avatar\/f0c7c47fc7146d19828273b9b8eda651c9c7ab583767e6338d3d3bee825adf76?s=96&d=mm&r=g","contentUrl":"https:\/\/secure.gravatar.com\/avatar\/f0c7c47fc7146d19828273b9b8eda651c9c7ab583767e6338d3d3bee825adf76?s=96&d=mm&r=g","caption":"Diario del Sur Digital"},"url":"https:\/\/diariodelsurdigital.com.ar\/?author=4"}]}},"jetpack_featured_media_url":"https:\/\/diariodelsurdigital.com.ar\/wp-content\/uploads\/2026\/09\/md-2026-09-04T102417.506.webp","jetpack_sharing_enabled":true,"_links":{"self":[{"href":"https:\/\/diariodelsurdigital.com.ar\/index.php?rest_route=\/wp\/v2\/posts\/10057","targetHints":{"allow":["GET"]}}],"collection":[{"href":"https:\/\/diariodelsurdigital.com.ar\/index.php?rest_route=\/wp\/v2\/posts"}],"about":[{"href":"https:\/\/diariodelsurdigital.com.ar\/index.php?rest_route=\/wp\/v2\/types\/post"}],"author":[{"embeddable":true,"href":"https:\/\/diariodelsurdigital.com.ar\/index.php?rest_route=\/wp\/v2\/users\/4"}],"replies":[{"embeddable":true,"href":"https:\/\/diariodelsurdigital.com.ar\/index.php?rest_route=%2Fwp%2Fv2%2Fcomments&post=10057"}],"version-history":[{"count":2,"href":"https:\/\/diariodelsurdigital.com.ar\/index.php?rest_route=\/wp\/v2\/posts\/10057\/revisions"}],"predecessor-version":[{"id":10060,"href":"https:\/\/diariodelsurdigital.com.ar\/index.php?rest_route=\/wp\/v2\/posts\/10057\/revisions\/10060"}],"wp:featuredmedia":[{"embeddable":true,"href":"https:\/\/diariodelsurdigital.com.ar\/index.php?rest_route=\/wp\/v2\/media\/10058"}],"wp:attachment":[{"href":"https:\/\/diariodelsurdigital.com.ar\/index.php?rest_route=%2Fwp%2Fv2%2Fmedia&parent=10057"}],"wp:term":[{"taxonomy":"category","embeddable":true,"href":"https:\/\/diariodelsurdigital.com.ar\/index.php?rest_route=%2Fwp%2Fv2%2Fcategories&post=10057"},{"taxonomy":"post_tag","embeddable":true,"href":"https:\/\/diariodelsurdigital.com.ar\/index.php?rest_route=%2Fwp%2Fv2%2Ftags&post=10057"}],"curies":[{"name":"wp","href":"https:\/\/api.w.org\/{rel}","templated":true}]}}