{"id":10068,"date":"2026-09-04T11:50:07","date_gmt":"2026-09-04T14:50:07","guid":{"rendered":"https:\/\/diariodelsurdigital.com.ar\/?p=10068"},"modified":"2026-09-04T11:50:09","modified_gmt":"2026-09-04T14:50:09","slug":"transito-confirmo-que-el-sistema-sube-volvio-a-funcionar-con-normalidad-en-concordia","status":"publish","type":"post","link":"https:\/\/diariodelsurdigital.com.ar\/?p=10068","title":{"rendered":"Tr\u00e1nsito confirm\u00f3 que el sistema SUBE volvi\u00f3 a funcionar con normalidad en Concordia"},"content":{"rendered":"\n<p class=\"wp-block-paragraph\"><strong>El director de Tr\u00e1nsito y Transporte de Concordia, Jonathan Peruchena, confirm\u00f3 a Diario R\u00edo Uruguay que las cargas que no pod\u00edan acreditarse ya fueron normalizadas.<\/strong><\/p>\n\n\n\n<figure class=\"wp-block-image is-resized\"><img decoding=\"async\" src=\"https:\/\/diarioriouruguay.com\/galeria\/fotos\/2025\/10\/06\/l_1759764753_26952.webp\" alt=\"El sistema ya funciona con normalidad.\" style=\"aspect-ratio:1.5;width:600px;height:auto\" title=\"El sistema ya funciona con normalidad.\"\/><\/figure>\n\n\n\n<p class=\"wp-block-paragraph\">El sistema SUBE volvi\u00f3 a operar con normalidad en Concordia luego de los inconvenientes registrados durante la ma\u00f1ana de este jueves, que hab\u00edan impedido que los usuarios pudieran acreditar correctamente las cargas realizadas en sus tarjetas.<\/p>\n\n\n\n<p class=\"wp-block-paragraph\">La situaci\u00f3n hab\u00eda alcanzado a distintos puntos del pa\u00eds y tambi\u00e9n tuvo repercusi\u00f3n en Concordia, donde se hab\u00edan registrado demoras en la compra y acreditaci\u00f3n de saldo electr\u00f3nico. Desde la Municipalidad hab\u00edan advertido durante la jornada que el sistema pod\u00eda presentar intermitencias debido a tareas de mantenimiento.<\/p>\n\n\n\n<p class=\"wp-block-paragraph\">En di\u00e1logo con\u00a0<strong>Diario R\u00edo Uruguay<\/strong>, el director de Tr\u00e1nsito y Transporte de la Municipalidad de Concordia, Jonathan Peruchena, confirm\u00f3 que el inconveniente qued\u00f3 solucionado y se\u00f1al\u00f3 que \u201clas cargas de la tarjeta SUBE no se pod\u00edan acreditar por un problema inform\u00e1tico de SUBE Naci\u00f3n\u201d, que finalmente \u201cpara el mediod\u00eda ya estaba solucionado\u201d.<\/p>\n\n\n\n<h3 class=\"wp-block-heading\">La falla que afect\u00f3 al sistema<\/h3>\n\n\n\n<p class=\"wp-block-paragraph\">Durante las primeras horas del jueves, los inconvenientes se manifestaron principalmente en la acreditaci\u00f3n de las cargas electr\u00f3nicas realizadas por los usuarios. La situaci\u00f3n tambi\u00e9n alcanz\u00f3 a la aplicaci\u00f3n SUBE, terminales ubicadas en estaciones y otros mecanismos utilizados para validar el saldo.<\/p>\n\n\n\n<p class=\"wp-block-paragraph\">Desde la Central de Tr\u00e1nsito y Transporte hab\u00edan informado que, debido a las tareas de mantenimiento, la compra y acreditaci\u00f3n de saldo pod\u00eda presentar intermitencias. Con el transcurso de la jornada, el servicio comenz\u00f3 a restablecerse de manera progresiva.<\/p>\n\n\n\n<p class=\"wp-block-paragraph\">A nivel nacional, las dificultades hab\u00edan sido vinculadas con inconvenientes t\u00e9cnicos y de telecomunicaciones que afectaron diferentes canales de funcionamiento del sistema. Durante ese per\u00edodo, las cargas pod\u00edan quedar pendientes de acreditaci\u00f3n, por lo que se hab\u00eda recomendado a los usuarios no repetir una operaci\u00f3n ya realizada y volver a intentar la acreditaci\u00f3n m\u00e1s tarde.<\/p>\n\n\n\n<h3 class=\"wp-block-heading\">La acreditaci\u00f3n de las cargas<\/h3>\n\n\n\n<p class=\"wp-block-paragraph\">Una vez superado el inconveniente, los usuarios que hab\u00edan realizado cargas durante el per\u00edodo de fallas pudieron comenzar a acreditar el saldo pendiente mediante los mecanismos habilitados por el sistema SUBE.<\/p>\n\n\n\n<p class=\"wp-block-paragraph\">Entre las alternativas disponibles se encontraban la aplicaci\u00f3n SUBE, los celulares Android con tecnolog\u00eda NFC, el sistema de Carga a Bordo en las localidades donde est\u00e1 disponible y las Terminales Autom\u00e1ticas SUBE. Estos mecanismos permitieron validar las cargas una vez que el servicio comenz\u00f3 a normalizarse.<\/p>\n\n\n\n<p class=\"wp-block-paragraph\">Peruchena precis\u00f3 que el problema ya hab\u00eda sido superado durante el transcurso de la jornada y ratific\u00f3 que las cargas realizadas por los usuarios pudieron acreditarse, llevando tranquilidad respecto de los saldos que hab\u00edan quedado pendientes durante las horas en las que se registraron las fallas.<\/p>\n\n\n\n<p class=\"wp-block-paragraph\">Fuente: Diario Rio Uruguay <\/p>\n","protected":false},"excerpt":{"rendered":"<p>El director de Tr\u00e1nsito y Transporte de Concordia, Jonathan Peruchena, confirm\u00f3 a Diario R\u00edo Uruguay que las cargas que no pod\u00edan acreditarse ya fueron normalizadas. El sistema SUBE volvi\u00f3 a operar con normalidad en Concordia luego de los inconvenientes registrados durante la ma\u00f1ana de este jueves, que hab\u00edan impedido que los usuarios pudieran acreditar correctamente [&hellip;]<\/p>\n","protected":false},"author":3,"featured_media":10069,"comment_status":"open","ping_status":"open","sticky":false,"template":"","format":"standard","meta":{"_jetpack_memberships_contains_paid_content":false,"footnotes":""},"categories":[16],"tags":[],"class_list":["post-10068","post","type-post","status-publish","format-standard","has-post-thumbnail","category-locales"],"yoast_head":"<!-- This site is optimized with the Yoast SEO plugin v27.6 - https:\/\/yoast.com\/product\/yoast-seo-wordpress\/ -->\n<title>Tr\u00e1nsito confirm\u00f3 que el sistema SUBE volvi\u00f3 a funcionar con normalidad en Concordia - Diario del Sur<\/title>\n<meta name=\"robots\" content=\"index, follow, max-snippet:-1, max-image-preview:large, max-video-preview:-1\" \/>\n<link rel=\"canonical\" href=\"https:\/\/diariodelsurdigital.com.ar\/?p=10068\" \/>\n<meta property=\"og:locale\" content=\"es_ES\" \/>\n<meta property=\"og:type\" content=\"article\" \/>\n<meta property=\"og:title\" content=\"Tr\u00e1nsito confirm\u00f3 que el sistema SUBE volvi\u00f3 a funcionar con normalidad en Concordia - Diario del Sur\" \/>\n<meta property=\"og:description\" content=\"El director de Tr\u00e1nsito y Transporte de Concordia, Jonathan Peruchena, confirm\u00f3 a Diario R\u00edo Uruguay que las cargas que no pod\u00edan acreditarse ya fueron normalizadas. El sistema SUBE volvi\u00f3 a operar con normalidad en Concordia luego de los inconvenientes registrados durante la ma\u00f1ana de este jueves, que hab\u00edan impedido que los usuarios pudieran acreditar correctamente [&hellip;]\" \/>\n<meta property=\"og:url\" content=\"https:\/\/diariodelsurdigital.com.ar\/?p=10068\" \/>\n<meta property=\"og:site_name\" content=\"Diario del Sur\" \/>\n<meta property=\"article:published_time\" content=\"2026-09-04T14:50:07+00:00\" \/>\n<meta property=\"article:modified_time\" content=\"2026-09-04T14:50:09+00:00\" \/>\n<meta property=\"og:image\" content=\"https:\/\/diariodelsurdigital.com.ar\/wp-content\/uploads\/2026\/09\/l_1759764753_26952.webp\" \/>\n\t<meta property=\"og:image:width\" content=\"1200\" \/>\n\t<meta property=\"og:image:height\" content=\"800\" \/>\n\t<meta property=\"og:image:type\" content=\"image\/webp\" \/>\n<meta name=\"author\" content=\"Diario del Sur Digital\" \/>\n<meta name=\"twitter:card\" content=\"summary_large_image\" \/>\n<meta name=\"twitter:label1\" content=\"Escrito por\" \/>\n\t<meta name=\"twitter:data1\" content=\"Diario del Sur Digital\" \/>\n\t<meta name=\"twitter:label2\" content=\"Tiempo de lectura\" \/>\n\t<meta name=\"twitter:data2\" content=\"3 minutos\" \/>\n<script type=\"application\/ld+json\" class=\"yoast-schema-graph\">{\"@context\":\"https:\\\/\\\/schema.org\",\"@graph\":[{\"@type\":\"Article\",\"@id\":\"https:\\\/\\\/diariodelsurdigital.com.ar\\\/?p=10068#article\",\"isPartOf\":{\"@id\":\"https:\\\/\\\/diariodelsurdigital.com.ar\\\/?p=10068\"},\"author\":{\"name\":\"Diario del Sur Digital\",\"@id\":\"https:\\\/\\\/diariodelsurdigital.com.ar\\\/#\\\/schema\\\/person\\\/d794acb23337e88c6e4004a39c32be62\"},\"headline\":\"Tr\u00e1nsito confirm\u00f3 que el sistema SUBE volvi\u00f3 a funcionar con normalidad en Concordia\",\"datePublished\":\"2026-09-04T14:50:07+00:00\",\"dateModified\":\"2026-09-04T14:50:09+00:00\",\"mainEntityOfPage\":{\"@id\":\"https:\\\/\\\/diariodelsurdigital.com.ar\\\/?p=10068\"},\"wordCount\":498,\"commentCount\":0,\"image\":{\"@id\":\"https:\\\/\\\/diariodelsurdigital.com.ar\\\/?p=10068#primaryimage\"},\"thumbnailUrl\":\"https:\\\/\\\/diariodelsurdigital.com.ar\\\/wp-content\\\/uploads\\\/2026\\\/09\\\/l_1759764753_26952.webp\",\"articleSection\":[\"Locales\"],\"inLanguage\":\"es\",\"potentialAction\":[{\"@type\":\"CommentAction\",\"name\":\"Comment\",\"target\":[\"https:\\\/\\\/diariodelsurdigital.com.ar\\\/?p=10068#respond\"]}]},{\"@type\":\"WebPage\",\"@id\":\"https:\\\/\\\/diariodelsurdigital.com.ar\\\/?p=10068\",\"url\":\"https:\\\/\\\/diariodelsurdigital.com.ar\\\/?p=10068\",\"name\":\"Tr\u00e1nsito confirm\u00f3 que el sistema SUBE volvi\u00f3 a funcionar con normalidad en Concordia - Diario del Sur\",\"isPartOf\":{\"@id\":\"https:\\\/\\\/diariodelsurdigital.com.ar\\\/#website\"},\"primaryImageOfPage\":{\"@id\":\"https:\\\/\\\/diariodelsurdigital.com.ar\\\/?p=10068#primaryimage\"},\"image\":{\"@id\":\"https:\\\/\\\/diariodelsurdigital.com.ar\\\/?p=10068#primaryimage\"},\"thumbnailUrl\":\"https:\\\/\\\/diariodelsurdigital.com.ar\\\/wp-content\\\/uploads\\\/2026\\\/09\\\/l_1759764753_26952.webp\",\"datePublished\":\"2026-09-04T14:50:07+00:00\",\"dateModified\":\"2026-09-04T14:50:09+00:00\",\"author\":{\"@id\":\"https:\\\/\\\/diariodelsurdigital.com.ar\\\/#\\\/schema\\\/person\\\/d794acb23337e88c6e4004a39c32be62\"},\"breadcrumb\":{\"@id\":\"https:\\\/\\\/diariodelsurdigital.com.ar\\\/?p=10068#breadcrumb\"},\"inLanguage\":\"es\",\"potentialAction\":[{\"@type\":\"ReadAction\",\"target\":[\"https:\\\/\\\/diariodelsurdigital.com.ar\\\/?p=10068\"]}]},{\"@type\":\"ImageObject\",\"inLanguage\":\"es\",\"@id\":\"https:\\\/\\\/diariodelsurdigital.com.ar\\\/?p=10068#primaryimage\",\"url\":\"https:\\\/\\\/diariodelsurdigital.com.ar\\\/wp-content\\\/uploads\\\/2026\\\/09\\\/l_1759764753_26952.webp\",\"contentUrl\":\"https:\\\/\\\/diariodelsurdigital.com.ar\\\/wp-content\\\/uploads\\\/2026\\\/09\\\/l_1759764753_26952.webp\",\"width\":1200,\"height\":800},{\"@type\":\"BreadcrumbList\",\"@id\":\"https:\\\/\\\/diariodelsurdigital.com.ar\\\/?p=10068#breadcrumb\",\"itemListElement\":[{\"@type\":\"ListItem\",\"position\":1,\"name\":\"Portada\",\"item\":\"https:\\\/\\\/diariodelsurdigital.com.ar\\\/\"},{\"@type\":\"ListItem\",\"position\":2,\"name\":\"Tr\u00e1nsito confirm\u00f3 que el sistema SUBE volvi\u00f3 a funcionar con normalidad en Concordia\"}]},{\"@type\":\"WebSite\",\"@id\":\"https:\\\/\\\/diariodelsurdigital.com.ar\\\/#website\",\"url\":\"https:\\\/\\\/diariodelsurdigital.com.ar\\\/\",\"name\":\"Diario del Sur\",\"description\":\"Digital\",\"potentialAction\":[{\"@type\":\"SearchAction\",\"target\":{\"@type\":\"EntryPoint\",\"urlTemplate\":\"https:\\\/\\\/diariodelsurdigital.com.ar\\\/?s={search_term_string}\"},\"query-input\":{\"@type\":\"PropertyValueSpecification\",\"valueRequired\":true,\"valueName\":\"search_term_string\"}}],\"inLanguage\":\"es\"},{\"@type\":\"Person\",\"@id\":\"https:\\\/\\\/diariodelsurdigital.com.ar\\\/#\\\/schema\\\/person\\\/d794acb23337e88c6e4004a39c32be62\",\"name\":\"Diario del Sur Digital\",\"image\":{\"@type\":\"ImageObject\",\"inLanguage\":\"es\",\"@id\":\"https:\\\/\\\/secure.gravatar.com\\\/avatar\\\/47679bcfa15734cfdefc176b6ad58adeeccac22b2e03e095ada6c622af2b463a?s=96&d=mm&r=g\",\"url\":\"https:\\\/\\\/secure.gravatar.com\\\/avatar\\\/47679bcfa15734cfdefc176b6ad58adeeccac22b2e03e095ada6c622af2b463a?s=96&d=mm&r=g\",\"contentUrl\":\"https:\\\/\\\/secure.gravatar.com\\\/avatar\\\/47679bcfa15734cfdefc176b6ad58adeeccac22b2e03e095ada6c622af2b463a?s=96&d=mm&r=g\",\"caption\":\"Diario del Sur Digital\"},\"url\":\"https:\\\/\\\/diariodelsurdigital.com.ar\\\/?author=3\"}]}<\/script>\n<!-- \/ Yoast SEO plugin. -->","yoast_head_json":{"title":"Tr\u00e1nsito confirm\u00f3 que el sistema SUBE volvi\u00f3 a funcionar con normalidad en Concordia - Diario del Sur","robots":{"index":"index","follow":"follow","max-snippet":"max-snippet:-1","max-image-preview":"max-image-preview:large","max-video-preview":"max-video-preview:-1"},"canonical":"https:\/\/diariodelsurdigital.com.ar\/?p=10068","og_locale":"es_ES","og_type":"article","og_title":"Tr\u00e1nsito confirm\u00f3 que el sistema SUBE volvi\u00f3 a funcionar con normalidad en Concordia - Diario del Sur","og_description":"El director de Tr\u00e1nsito y Transporte de Concordia, Jonathan Peruchena, confirm\u00f3 a Diario R\u00edo Uruguay que las cargas que no pod\u00edan acreditarse ya fueron normalizadas. El sistema SUBE volvi\u00f3 a operar con normalidad en Concordia luego de los inconvenientes registrados durante la ma\u00f1ana de este jueves, que hab\u00edan impedido que los usuarios pudieran acreditar correctamente [&hellip;]","og_url":"https:\/\/diariodelsurdigital.com.ar\/?p=10068","og_site_name":"Diario del Sur","article_published_time":"2026-09-04T14:50:07+00:00","article_modified_time":"2026-09-04T14:50:09+00:00","og_image":[{"width":1200,"height":800,"url":"https:\/\/diariodelsurdigital.com.ar\/wp-content\/uploads\/2026\/09\/l_1759764753_26952.webp","type":"image\/webp"}],"author":"Diario del Sur Digital","twitter_card":"summary_large_image","twitter_misc":{"Escrito por":"Diario del Sur Digital","Tiempo de lectura":"3 minutos"},"schema":{"@context":"https:\/\/schema.org","@graph":[{"@type":"Article","@id":"https:\/\/diariodelsurdigital.com.ar\/?p=10068#article","isPartOf":{"@id":"https:\/\/diariodelsurdigital.com.ar\/?p=10068"},"author":{"name":"Diario del Sur Digital","@id":"https:\/\/diariodelsurdigital.com.ar\/#\/schema\/person\/d794acb23337e88c6e4004a39c32be62"},"headline":"Tr\u00e1nsito confirm\u00f3 que el sistema SUBE volvi\u00f3 a funcionar con normalidad en Concordia","datePublished":"2026-09-04T14:50:07+00:00","dateModified":"2026-09-04T14:50:09+00:00","mainEntityOfPage":{"@id":"https:\/\/diariodelsurdigital.com.ar\/?p=10068"},"wordCount":498,"commentCount":0,"image":{"@id":"https:\/\/diariodelsurdigital.com.ar\/?p=10068#primaryimage"},"thumbnailUrl":"https:\/\/diariodelsurdigital.com.ar\/wp-content\/uploads\/2026\/09\/l_1759764753_26952.webp","articleSection":["Locales"],"inLanguage":"es","potentialAction":[{"@type":"CommentAction","name":"Comment","target":["https:\/\/diariodelsurdigital.com.ar\/?p=10068#respond"]}]},{"@type":"WebPage","@id":"https:\/\/diariodelsurdigital.com.ar\/?p=10068","url":"https:\/\/diariodelsurdigital.com.ar\/?p=10068","name":"Tr\u00e1nsito confirm\u00f3 que el sistema SUBE volvi\u00f3 a funcionar con normalidad en Concordia - Diario del Sur","isPartOf":{"@id":"https:\/\/diariodelsurdigital.com.ar\/#website"},"primaryImageOfPage":{"@id":"https:\/\/diariodelsurdigital.com.ar\/?p=10068#primaryimage"},"image":{"@id":"https:\/\/diariodelsurdigital.com.ar\/?p=10068#primaryimage"},"thumbnailUrl":"https:\/\/diariodelsurdigital.com.ar\/wp-content\/uploads\/2026\/09\/l_1759764753_26952.webp","datePublished":"2026-09-04T14:50:07+00:00","dateModified":"2026-09-04T14:50:09+00:00","author":{"@id":"https:\/\/diariodelsurdigital.com.ar\/#\/schema\/person\/d794acb23337e88c6e4004a39c32be62"},"breadcrumb":{"@id":"https:\/\/diariodelsurdigital.com.ar\/?p=10068#breadcrumb"},"inLanguage":"es","potentialAction":[{"@type":"ReadAction","target":["https:\/\/diariodelsurdigital.com.ar\/?p=10068"]}]},{"@type":"ImageObject","inLanguage":"es","@id":"https:\/\/diariodelsurdigital.com.ar\/?p=10068#primaryimage","url":"https:\/\/diariodelsurdigital.com.ar\/wp-content\/uploads\/2026\/09\/l_1759764753_26952.webp","contentUrl":"https:\/\/diariodelsurdigital.com.ar\/wp-content\/uploads\/2026\/09\/l_1759764753_26952.webp","width":1200,"height":800},{"@type":"BreadcrumbList","@id":"https:\/\/diariodelsurdigital.com.ar\/?p=10068#breadcrumb","itemListElement":[{"@type":"ListItem","position":1,"name":"Portada","item":"https:\/\/diariodelsurdigital.com.ar\/"},{"@type":"ListItem","position":2,"name":"Tr\u00e1nsito confirm\u00f3 que el sistema SUBE volvi\u00f3 a funcionar con normalidad en Concordia"}]},{"@type":"WebSite","@id":"https:\/\/diariodelsurdigital.com.ar\/#website","url":"https:\/\/diariodelsurdigital.com.ar\/","name":"Diario del Sur","description":"Digital","potentialAction":[{"@type":"SearchAction","target":{"@type":"EntryPoint","urlTemplate":"https:\/\/diariodelsurdigital.com.ar\/?s={search_term_string}"},"query-input":{"@type":"PropertyValueSpecification","valueRequired":true,"valueName":"search_term_string"}}],"inLanguage":"es"},{"@type":"Person","@id":"https:\/\/diariodelsurdigital.com.ar\/#\/schema\/person\/d794acb23337e88c6e4004a39c32be62","name":"Diario del Sur Digital","image":{"@type":"ImageObject","inLanguage":"es","@id":"https:\/\/secure.gravatar.com\/avatar\/47679bcfa15734cfdefc176b6ad58adeeccac22b2e03e095ada6c622af2b463a?s=96&d=mm&r=g","url":"https:\/\/secure.gravatar.com\/avatar\/47679bcfa15734cfdefc176b6ad58adeeccac22b2e03e095ada6c622af2b463a?s=96&d=mm&r=g","contentUrl":"https:\/\/secure.gravatar.com\/avatar\/47679bcfa15734cfdefc176b6ad58adeeccac22b2e03e095ada6c622af2b463a?s=96&d=mm&r=g","caption":"Diario del Sur Digital"},"url":"https:\/\/diariodelsurdigital.com.ar\/?author=3"}]}},"jetpack_featured_media_url":"https:\/\/diariodelsurdigital.com.ar\/wp-content\/uploads\/2026\/09\/l_1759764753_26952.webp","jetpack_sharing_enabled":true,"_links":{"self":[{"href":"https:\/\/diariodelsurdigital.com.ar\/index.php?rest_route=\/wp\/v2\/posts\/10068","targetHints":{"allow":["GET"]}}],"collection":[{"href":"https:\/\/diariodelsurdigital.com.ar\/index.php?rest_route=\/wp\/v2\/posts"}],"about":[{"href":"https:\/\/diariodelsurdigital.com.ar\/index.php?rest_route=\/wp\/v2\/types\/post"}],"author":[{"embeddable":true,"href":"https:\/\/diariodelsurdigital.com.ar\/index.php?rest_route=\/wp\/v2\/users\/3"}],"replies":[{"embeddable":true,"href":"https:\/\/diariodelsurdigital.com.ar\/index.php?rest_route=%2Fwp%2Fv2%2Fcomments&post=10068"}],"version-history":[{"count":1,"href":"https:\/\/diariodelsurdigital.com.ar\/index.php?rest_route=\/wp\/v2\/posts\/10068\/revisions"}],"predecessor-version":[{"id":10070,"href":"https:\/\/diariodelsurdigital.com.ar\/index.php?rest_route=\/wp\/v2\/posts\/10068\/revisions\/10070"}],"wp:featuredmedia":[{"embeddable":true,"href":"https:\/\/diariodelsurdigital.com.ar\/index.php?rest_route=\/wp\/v2\/media\/10069"}],"wp:attachment":[{"href":"https:\/\/diariodelsurdigital.com.ar\/index.php?rest_route=%2Fwp%2Fv2%2Fmedia&parent=10068"}],"wp:term":[{"taxonomy":"category","embeddable":true,"href":"https:\/\/diariodelsurdigital.com.ar\/index.php?rest_route=%2Fwp%2Fv2%2Fcategories&post=10068"},{"taxonomy":"post_tag","embeddable":true,"href":"https:\/\/diariodelsurdigital.com.ar\/index.php?rest_route=%2Fwp%2Fv2%2Ftags&post=10068"}],"curies":[{"name":"wp","href":"https:\/\/api.w.org\/{rel}","templated":true}]}}