{"id":10071,"date":"2026-09-04T21:27:23","date_gmt":"2026-09-05T00:27:23","guid":{"rendered":"https:\/\/diariodelsurdigital.com.ar\/?p=10071"},"modified":"2026-09-04T21:29:24","modified_gmt":"2026-09-05T00:29:24","slug":"la-preocupante-actitud-antidemocratica-del-candidato-navarro-jaurena-contra-una-mujer","status":"publish","type":"post","link":"https:\/\/diariodelsurdigital.com.ar\/?p=10071","title":{"rendered":"La preocupante actitud antidemocr\u00e1tica del candidato Navarro Jaurena contra una mujer"},"content":{"rendered":"\n<p class=\"wp-block-paragraph\"><\/p>\n\n\n\n<p class=\"wp-block-paragraph\">Ingresar a la arena pol\u00edtica requiere muchas veces tener un temple a la hora de las cr\u00edticas. Durante estos \u00faltimos a\u00f1os parece ser que aquellos que deciden postularse, no se bancan ni siquiera un se\u00f1alamiento. Y estamos hablando de cr\u00edticas que tienen que ver con la trayectoria, que en muchos casos son de muy poco tiempo para algunos que comieron un poco de alpiste y ya se creen que vuelan. En el oficialismo se ven muchos casos como el del intendente Azcu\u00e9 o el ex secretario de Gobierno, Luciano Dell Olio, que hasta trat\u00f3 de \u201cpelotudo\u201d y otros improperios al director de este medio, por publicar datos que son incontrastables.<\/p>\n\n\n\n<p class=\"wp-block-paragraph\">Como cortados por la misma tijera ideol\u00f3gica, el joven candidato Maximiliano Navarro Jaurena, que fuera hasta hace poco, funcionario de Azcu\u00e9 en Discapacidad, tampoco parece soportar las cr\u00edticas que le hizo una mujer concordiense en su portal de Facebook. En su escrito la joven poste\u00f3:<\/p>\n\n\n\n<p class=\"wp-block-paragraph\"><strong><em>Maximiliano Navarro Jaurena sale a recorrer la ciudad y a presentarse como una alternativa para gobernar Concordia.<\/em><\/strong><\/p>\n\n\n\n<p class=\"wp-block-paragraph\"><strong><em>Y hay preguntas que no deber\u00edan incomodar a nadie. \u00bfCu\u00e1l fue su posici\u00f3n frente a los recortes aplicados al sector de discapacidad?<\/em><\/strong><\/p>\n\n\n\n<p class=\"wp-block-paragraph\"><strong><em>\u00bfQu\u00e9 hizo cuando tuvo responsabilidades dentro del Estado?<\/em><\/strong><\/p>\n\n\n\n<p class=\"wp-block-paragraph\"><strong><em>\u00bfQu\u00e9 pol\u00edticas impuls\u00f3?<\/em><\/strong><\/p>\n\n\n\n<p class=\"wp-block-paragraph\"><strong><em>\u00bfQu\u00e9 resultados concretos dej\u00f3?<\/em><\/strong><\/p>\n\n\n\n<p class=\"wp-block-paragraph\"><strong><em>\u00bfQu\u00e9 hizo por las personas con discapacidad desde el lugar que ocup\u00f3?<\/em><\/strong><\/p>\n\n\n\n<p class=\"wp-block-paragraph\"><strong><em>\u00bfAcompa\u00f1\u00f3 o cuestion\u00f3 las pol\u00edticas de recorte?<\/em><\/strong><\/p>\n\n\n\n<p class=\"wp-block-paragraph\"><strong><em>\u00bfD\u00f3nde estuvo cuando los vecinos necesitaban respuestas?<\/em><\/strong><\/p>\n\n\n\n<p class=\"wp-block-paragraph\"><strong><em>Porque gobernar no empieza el d\u00eda que aparece un cartel con una candidatura.<\/em><\/strong><\/p>\n\n\n\n<p class=\"wp-block-paragraph\"><strong><em>La trayectoria tambi\u00e9n es parte de la campa\u00f1a.<\/em><\/strong><\/p>\n\n\n\n<p class=\"wp-block-paragraph\"><strong><em>No alcanza con recorrer barrios cuando se acercan las elecciones. No alcanza con prometer lo que durante todo este tiempo no se hizo. Y mucho menos alcanza con presentarse como soluci\u00f3n cuando se estuvo cerca de quienes hoy gobiernan y sostienen este modelo de ciudad hambreador y destructor.<\/em><\/strong><\/p>\n\n\n\n<p class=\"wp-block-paragraph\"><strong><em>Concordia merece algo m\u00e1s que promesas recicladas, fotograf\u00edas electorales y discursos de ocasi\u00f3n.<\/em><\/strong><\/p>\n\n\n\n<p class=\"wp-block-paragraph\"><strong><em>Si quiere gobernar, que explique qu\u00e9 hizo.<\/em><\/strong><\/p>\n\n\n\n<p class=\"wp-block-paragraph\"><strong><em>Si quiere pedir confianza, que muestre resultados.<\/em><\/strong><\/p>\n\n\n\n<p class=\"wp-block-paragraph\"><strong><em>Si promete cambios, que explique por qu\u00e9 antes no los impuls\u00f3.<\/em><\/strong><\/p>\n\n\n\n<p class=\"wp-block-paragraph\"><strong>LA MORDAZA DE NAVARRO JAURENA<\/strong><\/p>\n\n\n\n<p class=\"wp-block-paragraph\">Como se dice en la jerga futbol\u00edstica, la joven de nombre Noelia, se la dej\u00f3 picando para que Navarro Jaurena le responda. Pero la respuesta del candidato fue de otro tenor. En vez de contestar las preguntas formuladas, que entendemos en un estado democr\u00e1tico, la podemos contestar o no. Llamativamente mediante un escrito leguleyo, Jaurena trata de alguna manera de advertirle a la joven que, <strong><em>\u201cCese de manera inmediata con toda publicaci\u00f3n, comentario, manifestaci\u00f3n o difusi\u00f3n de informaci\u00f3n falsa, agraviante o difamatoria que afecte mi nombre, mi honor y mi reputaci\u00f3n\u201d. Y en otro p\u00e1rrafo contin\u00faa, \u201cRespeto plenamente la libertad de expresi\u00f3n y el derecho de cualquier persona a manifestar sus opiniones, sin embargo considero que existe un l\u00edmite, cuando se realizan afirmaciones falsas o acusaciones que puedan ocasionar un perjuicio personal, profesional o p\u00fablico\u201d Finalmente Jaurena, le indica, \u201cPor este motivo dejo expresamente notificado que, en caso de continuar con este tipo de publicaciones o manifestaciones proceder\u00e9 a realizar las consultas correspondientes y a iniciar las acciones legales que pudieran corresponder. Preservando las publicaciones, mensajes y dem\u00e1s elementos, como eventual prueba. Mi intenci\u00f3n es evitar cualquier conflicto innecesario y que esta situaci\u00f3n finalice de manera inmediata y responsable. Qued\u00e1s debidamente notificada\u201d.<\/em><\/strong><\/p>\n\n\n\n<p class=\"wp-block-paragraph\"><strong>LA NAVARROJAURENIZACI\u00d3N DE LA POL\u00cdTICA<\/strong><\/p>\n\n\n\n<p class=\"wp-block-paragraph\">Esta muestra que sirve como bot\u00f3n en este caso concreto, nos hace pensar varias cosas. Si tomamos el escrito realizado por la joven en su portal de Facebook, lo \u00fanico que hace es preguntar m\u00e1s que aseverar. Por lo tanto, la solicitud de Jaurena a que se llame a silencio es totalmente fuera de lugar y extempor\u00e1nea en lo que se refiere a la vida democr\u00e1tica.<\/p>\n\n\n\n<p class=\"wp-block-paragraph\">Por all\u00ed y tal vez buscando una justificaci\u00f3n de su grave error metodol\u00f3gico, podemos decir que Navarro Jaurena es un kinesi\u00f3logo y no tiene porque saber cuestiones del derecho porque no es abogado, pero lamentablemente para su suerte es un pol\u00edtico y para colmo candidato y como tal, tiene y debe conocer lo que es un sistema democr\u00e1tico. Su postura y su acci\u00f3n de acallar es una r\u00e9mora del pasado dictatorial y que aquellos que peinamos canas las conocemos muy bien.<\/p>\n\n\n\n<p class=\"wp-block-paragraph\">Lo mejor que puede hacer Navarro Jaurena, es contestar o no a las preguntas que le hicieren en este contexto pre eleccionario, de lo contrario tendr\u00e1 que alfombrar las calles de Concordia con cartas documentos y eso le saldr\u00e1 muy caro, aunque al parecer el joven candidato no tiene problemas de dinero. No ser\u00eda mejor que Navarro Jaurena nos diga a los concordienses, \u00bfQui\u00e9n o qui\u00e9nes le financian su campa\u00f1a? Alli s\u00ed parece que hay mucha tela para cortar.<\/p>\n","protected":false},"excerpt":{"rendered":"<p>Ingresar a la arena pol\u00edtica requiere muchas veces tener un temple a la hora de las cr\u00edticas. Durante estos \u00faltimos a\u00f1os parece ser que aquellos que deciden postularse, no se bancan ni siquiera un se\u00f1alamiento. Y estamos hablando de cr\u00edticas que tienen que ver con la trayectoria, que en muchos casos son de muy poco [&hellip;]<\/p>\n","protected":false},"author":2,"featured_media":10072,"comment_status":"open","ping_status":"open","sticky":false,"template":"","format":"standard","meta":{"_jetpack_memberships_contains_paid_content":false,"footnotes":""},"categories":[16,22],"tags":[],"class_list":["post-10071","post","type-post","status-publish","format-standard","has-post-thumbnail","category-locales","category-politica"],"yoast_head":"<!-- This site is optimized with the Yoast SEO plugin v27.6 - https:\/\/yoast.com\/product\/yoast-seo-wordpress\/ -->\n<title>La preocupante actitud antidemocr\u00e1tica del candidato Navarro Jaurena contra una mujer - Diario del Sur<\/title>\n<meta name=\"robots\" content=\"index, follow, max-snippet:-1, max-image-preview:large, max-video-preview:-1\" \/>\n<link rel=\"canonical\" href=\"https:\/\/diariodelsurdigital.com.ar\/?p=10071\" \/>\n<meta property=\"og:locale\" content=\"es_ES\" \/>\n<meta property=\"og:type\" content=\"article\" \/>\n<meta property=\"og:title\" content=\"La preocupante actitud antidemocr\u00e1tica del candidato Navarro Jaurena contra una mujer - Diario del Sur\" \/>\n<meta property=\"og:description\" content=\"Ingresar a la arena pol\u00edtica requiere muchas veces tener un temple a la hora de las cr\u00edticas. Durante estos \u00faltimos a\u00f1os parece ser que aquellos que deciden postularse, no se bancan ni siquiera un se\u00f1alamiento. Y estamos hablando de cr\u00edticas que tienen que ver con la trayectoria, que en muchos casos son de muy poco [&hellip;]\" \/>\n<meta property=\"og:url\" content=\"https:\/\/diariodelsurdigital.com.ar\/?p=10071\" \/>\n<meta property=\"og:site_name\" content=\"Diario del Sur\" \/>\n<meta property=\"article:published_time\" content=\"2026-09-05T00:27:23+00:00\" \/>\n<meta property=\"article:modified_time\" content=\"2026-09-05T00:29:24+00:00\" \/>\n<meta property=\"og:image\" content=\"https:\/\/diariodelsurdigital.com.ar\/wp-content\/uploads\/2026\/09\/WhatsApp-Image-2026-09-04-at-21.17.22.jpeg\" \/>\n\t<meta property=\"og:image:width\" content=\"442\" \/>\n\t<meta property=\"og:image:height\" content=\"312\" \/>\n\t<meta property=\"og:image:type\" content=\"image\/jpeg\" \/>\n<meta name=\"author\" content=\"Diario del Sur Digital\" \/>\n<meta name=\"twitter:card\" content=\"summary_large_image\" \/>\n<meta name=\"twitter:label1\" content=\"Escrito por\" \/>\n\t<meta name=\"twitter:data1\" content=\"Diario del Sur Digital\" \/>\n\t<meta name=\"twitter:label2\" content=\"Tiempo de lectura\" \/>\n\t<meta name=\"twitter:data2\" content=\"4 minutos\" \/>\n<script type=\"application\/ld+json\" class=\"yoast-schema-graph\">{\"@context\":\"https:\\\/\\\/schema.org\",\"@graph\":[{\"@type\":\"Article\",\"@id\":\"https:\\\/\\\/diariodelsurdigital.com.ar\\\/?p=10071#article\",\"isPartOf\":{\"@id\":\"https:\\\/\\\/diariodelsurdigital.com.ar\\\/?p=10071\"},\"author\":{\"name\":\"Diario del Sur Digital\",\"@id\":\"https:\\\/\\\/diariodelsurdigital.com.ar\\\/#\\\/schema\\\/person\\\/6136a32571657f7dba980b88b04c5465\"},\"headline\":\"La preocupante actitud antidemocr\u00e1tica del candidato Navarro Jaurena contra una mujer\",\"datePublished\":\"2026-09-05T00:27:23+00:00\",\"dateModified\":\"2026-09-05T00:29:24+00:00\",\"mainEntityOfPage\":{\"@id\":\"https:\\\/\\\/diariodelsurdigital.com.ar\\\/?p=10071\"},\"wordCount\":845,\"commentCount\":0,\"image\":{\"@id\":\"https:\\\/\\\/diariodelsurdigital.com.ar\\\/?p=10071#primaryimage\"},\"thumbnailUrl\":\"https:\\\/\\\/diariodelsurdigital.com.ar\\\/wp-content\\\/uploads\\\/2026\\\/09\\\/WhatsApp-Image-2026-09-04-at-21.17.22.jpeg\",\"articleSection\":[\"Locales\",\"Pol\u00edtica\"],\"inLanguage\":\"es\",\"potentialAction\":[{\"@type\":\"CommentAction\",\"name\":\"Comment\",\"target\":[\"https:\\\/\\\/diariodelsurdigital.com.ar\\\/?p=10071#respond\"]}]},{\"@type\":\"WebPage\",\"@id\":\"https:\\\/\\\/diariodelsurdigital.com.ar\\\/?p=10071\",\"url\":\"https:\\\/\\\/diariodelsurdigital.com.ar\\\/?p=10071\",\"name\":\"La preocupante actitud antidemocr\u00e1tica del candidato Navarro Jaurena contra una mujer - Diario del Sur\",\"isPartOf\":{\"@id\":\"https:\\\/\\\/diariodelsurdigital.com.ar\\\/#website\"},\"primaryImageOfPage\":{\"@id\":\"https:\\\/\\\/diariodelsurdigital.com.ar\\\/?p=10071#primaryimage\"},\"image\":{\"@id\":\"https:\\\/\\\/diariodelsurdigital.com.ar\\\/?p=10071#primaryimage\"},\"thumbnailUrl\":\"https:\\\/\\\/diariodelsurdigital.com.ar\\\/wp-content\\\/uploads\\\/2026\\\/09\\\/WhatsApp-Image-2026-09-04-at-21.17.22.jpeg\",\"datePublished\":\"2026-09-05T00:27:23+00:00\",\"dateModified\":\"2026-09-05T00:29:24+00:00\",\"author\":{\"@id\":\"https:\\\/\\\/diariodelsurdigital.com.ar\\\/#\\\/schema\\\/person\\\/6136a32571657f7dba980b88b04c5465\"},\"breadcrumb\":{\"@id\":\"https:\\\/\\\/diariodelsurdigital.com.ar\\\/?p=10071#breadcrumb\"},\"inLanguage\":\"es\",\"potentialAction\":[{\"@type\":\"ReadAction\",\"target\":[\"https:\\\/\\\/diariodelsurdigital.com.ar\\\/?p=10071\"]}]},{\"@type\":\"ImageObject\",\"inLanguage\":\"es\",\"@id\":\"https:\\\/\\\/diariodelsurdigital.com.ar\\\/?p=10071#primaryimage\",\"url\":\"https:\\\/\\\/diariodelsurdigital.com.ar\\\/wp-content\\\/uploads\\\/2026\\\/09\\\/WhatsApp-Image-2026-09-04-at-21.17.22.jpeg\",\"contentUrl\":\"https:\\\/\\\/diariodelsurdigital.com.ar\\\/wp-content\\\/uploads\\\/2026\\\/09\\\/WhatsApp-Image-2026-09-04-at-21.17.22.jpeg\",\"width\":442,\"height\":312},{\"@type\":\"BreadcrumbList\",\"@id\":\"https:\\\/\\\/diariodelsurdigital.com.ar\\\/?p=10071#breadcrumb\",\"itemListElement\":[{\"@type\":\"ListItem\",\"position\":1,\"name\":\"Portada\",\"item\":\"https:\\\/\\\/diariodelsurdigital.com.ar\\\/\"},{\"@type\":\"ListItem\",\"position\":2,\"name\":\"La preocupante actitud antidemocr\u00e1tica del candidato Navarro Jaurena contra una mujer\"}]},{\"@type\":\"WebSite\",\"@id\":\"https:\\\/\\\/diariodelsurdigital.com.ar\\\/#website\",\"url\":\"https:\\\/\\\/diariodelsurdigital.com.ar\\\/\",\"name\":\"Diario del Sur\",\"description\":\"Digital\",\"potentialAction\":[{\"@type\":\"SearchAction\",\"target\":{\"@type\":\"EntryPoint\",\"urlTemplate\":\"https:\\\/\\\/diariodelsurdigital.com.ar\\\/?s={search_term_string}\"},\"query-input\":{\"@type\":\"PropertyValueSpecification\",\"valueRequired\":true,\"valueName\":\"search_term_string\"}}],\"inLanguage\":\"es\"},{\"@type\":\"Person\",\"@id\":\"https:\\\/\\\/diariodelsurdigital.com.ar\\\/#\\\/schema\\\/person\\\/6136a32571657f7dba980b88b04c5465\",\"name\":\"Diario del Sur Digital\",\"image\":{\"@type\":\"ImageObject\",\"inLanguage\":\"es\",\"@id\":\"https:\\\/\\\/secure.gravatar.com\\\/avatar\\\/4c29ceac98541dd42460b2474aaa5dd37594d6ce6cb3cf2c101d09b48ee287ba?s=96&d=mm&r=g\",\"url\":\"https:\\\/\\\/secure.gravatar.com\\\/avatar\\\/4c29ceac98541dd42460b2474aaa5dd37594d6ce6cb3cf2c101d09b48ee287ba?s=96&d=mm&r=g\",\"contentUrl\":\"https:\\\/\\\/secure.gravatar.com\\\/avatar\\\/4c29ceac98541dd42460b2474aaa5dd37594d6ce6cb3cf2c101d09b48ee287ba?s=96&d=mm&r=g\",\"caption\":\"Diario del Sur Digital\"},\"url\":\"https:\\\/\\\/diariodelsurdigital.com.ar\\\/?author=2\"}]}<\/script>\n<!-- \/ Yoast SEO plugin. -->","yoast_head_json":{"title":"La preocupante actitud antidemocr\u00e1tica del candidato Navarro Jaurena contra una mujer - Diario del Sur","robots":{"index":"index","follow":"follow","max-snippet":"max-snippet:-1","max-image-preview":"max-image-preview:large","max-video-preview":"max-video-preview:-1"},"canonical":"https:\/\/diariodelsurdigital.com.ar\/?p=10071","og_locale":"es_ES","og_type":"article","og_title":"La preocupante actitud antidemocr\u00e1tica del candidato Navarro Jaurena contra una mujer - Diario del Sur","og_description":"Ingresar a la arena pol\u00edtica requiere muchas veces tener un temple a la hora de las cr\u00edticas. Durante estos \u00faltimos a\u00f1os parece ser que aquellos que deciden postularse, no se bancan ni siquiera un se\u00f1alamiento. Y estamos hablando de cr\u00edticas que tienen que ver con la trayectoria, que en muchos casos son de muy poco [&hellip;]","og_url":"https:\/\/diariodelsurdigital.com.ar\/?p=10071","og_site_name":"Diario del Sur","article_published_time":"2026-09-05T00:27:23+00:00","article_modified_time":"2026-09-05T00:29:24+00:00","og_image":[{"width":442,"height":312,"url":"https:\/\/diariodelsurdigital.com.ar\/wp-content\/uploads\/2026\/09\/WhatsApp-Image-2026-09-04-at-21.17.22.jpeg","type":"image\/jpeg"}],"author":"Diario del Sur Digital","twitter_card":"summary_large_image","twitter_misc":{"Escrito por":"Diario del Sur Digital","Tiempo de lectura":"4 minutos"},"schema":{"@context":"https:\/\/schema.org","@graph":[{"@type":"Article","@id":"https:\/\/diariodelsurdigital.com.ar\/?p=10071#article","isPartOf":{"@id":"https:\/\/diariodelsurdigital.com.ar\/?p=10071"},"author":{"name":"Diario del Sur Digital","@id":"https:\/\/diariodelsurdigital.com.ar\/#\/schema\/person\/6136a32571657f7dba980b88b04c5465"},"headline":"La preocupante actitud antidemocr\u00e1tica del candidato Navarro Jaurena contra una mujer","datePublished":"2026-09-05T00:27:23+00:00","dateModified":"2026-09-05T00:29:24+00:00","mainEntityOfPage":{"@id":"https:\/\/diariodelsurdigital.com.ar\/?p=10071"},"wordCount":845,"commentCount":0,"image":{"@id":"https:\/\/diariodelsurdigital.com.ar\/?p=10071#primaryimage"},"thumbnailUrl":"https:\/\/diariodelsurdigital.com.ar\/wp-content\/uploads\/2026\/09\/WhatsApp-Image-2026-09-04-at-21.17.22.jpeg","articleSection":["Locales","Pol\u00edtica"],"inLanguage":"es","potentialAction":[{"@type":"CommentAction","name":"Comment","target":["https:\/\/diariodelsurdigital.com.ar\/?p=10071#respond"]}]},{"@type":"WebPage","@id":"https:\/\/diariodelsurdigital.com.ar\/?p=10071","url":"https:\/\/diariodelsurdigital.com.ar\/?p=10071","name":"La preocupante actitud antidemocr\u00e1tica del candidato Navarro Jaurena contra una mujer - Diario del Sur","isPartOf":{"@id":"https:\/\/diariodelsurdigital.com.ar\/#website"},"primaryImageOfPage":{"@id":"https:\/\/diariodelsurdigital.com.ar\/?p=10071#primaryimage"},"image":{"@id":"https:\/\/diariodelsurdigital.com.ar\/?p=10071#primaryimage"},"thumbnailUrl":"https:\/\/diariodelsurdigital.com.ar\/wp-content\/uploads\/2026\/09\/WhatsApp-Image-2026-09-04-at-21.17.22.jpeg","datePublished":"2026-09-05T00:27:23+00:00","dateModified":"2026-09-05T00:29:24+00:00","author":{"@id":"https:\/\/diariodelsurdigital.com.ar\/#\/schema\/person\/6136a32571657f7dba980b88b04c5465"},"breadcrumb":{"@id":"https:\/\/diariodelsurdigital.com.ar\/?p=10071#breadcrumb"},"inLanguage":"es","potentialAction":[{"@type":"ReadAction","target":["https:\/\/diariodelsurdigital.com.ar\/?p=10071"]}]},{"@type":"ImageObject","inLanguage":"es","@id":"https:\/\/diariodelsurdigital.com.ar\/?p=10071#primaryimage","url":"https:\/\/diariodelsurdigital.com.ar\/wp-content\/uploads\/2026\/09\/WhatsApp-Image-2026-09-04-at-21.17.22.jpeg","contentUrl":"https:\/\/diariodelsurdigital.com.ar\/wp-content\/uploads\/2026\/09\/WhatsApp-Image-2026-09-04-at-21.17.22.jpeg","width":442,"height":312},{"@type":"BreadcrumbList","@id":"https:\/\/diariodelsurdigital.com.ar\/?p=10071#breadcrumb","itemListElement":[{"@type":"ListItem","position":1,"name":"Portada","item":"https:\/\/diariodelsurdigital.com.ar\/"},{"@type":"ListItem","position":2,"name":"La preocupante actitud antidemocr\u00e1tica del candidato Navarro Jaurena contra una mujer"}]},{"@type":"WebSite","@id":"https:\/\/diariodelsurdigital.com.ar\/#website","url":"https:\/\/diariodelsurdigital.com.ar\/","name":"Diario del Sur","description":"Digital","potentialAction":[{"@type":"SearchAction","target":{"@type":"EntryPoint","urlTemplate":"https:\/\/diariodelsurdigital.com.ar\/?s={search_term_string}"},"query-input":{"@type":"PropertyValueSpecification","valueRequired":true,"valueName":"search_term_string"}}],"inLanguage":"es"},{"@type":"Person","@id":"https:\/\/diariodelsurdigital.com.ar\/#\/schema\/person\/6136a32571657f7dba980b88b04c5465","name":"Diario del Sur Digital","image":{"@type":"ImageObject","inLanguage":"es","@id":"https:\/\/secure.gravatar.com\/avatar\/4c29ceac98541dd42460b2474aaa5dd37594d6ce6cb3cf2c101d09b48ee287ba?s=96&d=mm&r=g","url":"https:\/\/secure.gravatar.com\/avatar\/4c29ceac98541dd42460b2474aaa5dd37594d6ce6cb3cf2c101d09b48ee287ba?s=96&d=mm&r=g","contentUrl":"https:\/\/secure.gravatar.com\/avatar\/4c29ceac98541dd42460b2474aaa5dd37594d6ce6cb3cf2c101d09b48ee287ba?s=96&d=mm&r=g","caption":"Diario del Sur Digital"},"url":"https:\/\/diariodelsurdigital.com.ar\/?author=2"}]}},"jetpack_featured_media_url":"https:\/\/diariodelsurdigital.com.ar\/wp-content\/uploads\/2026\/09\/WhatsApp-Image-2026-09-04-at-21.17.22.jpeg","jetpack_sharing_enabled":true,"_links":{"self":[{"href":"https:\/\/diariodelsurdigital.com.ar\/index.php?rest_route=\/wp\/v2\/posts\/10071","targetHints":{"allow":["GET"]}}],"collection":[{"href":"https:\/\/diariodelsurdigital.com.ar\/index.php?rest_route=\/wp\/v2\/posts"}],"about":[{"href":"https:\/\/diariodelsurdigital.com.ar\/index.php?rest_route=\/wp\/v2\/types\/post"}],"author":[{"embeddable":true,"href":"https:\/\/diariodelsurdigital.com.ar\/index.php?rest_route=\/wp\/v2\/users\/2"}],"replies":[{"embeddable":true,"href":"https:\/\/diariodelsurdigital.com.ar\/index.php?rest_route=%2Fwp%2Fv2%2Fcomments&post=10071"}],"version-history":[{"count":1,"href":"https:\/\/diariodelsurdigital.com.ar\/index.php?rest_route=\/wp\/v2\/posts\/10071\/revisions"}],"predecessor-version":[{"id":10073,"href":"https:\/\/diariodelsurdigital.com.ar\/index.php?rest_route=\/wp\/v2\/posts\/10071\/revisions\/10073"}],"wp:featuredmedia":[{"embeddable":true,"href":"https:\/\/diariodelsurdigital.com.ar\/index.php?rest_route=\/wp\/v2\/media\/10072"}],"wp:attachment":[{"href":"https:\/\/diariodelsurdigital.com.ar\/index.php?rest_route=%2Fwp%2Fv2%2Fmedia&parent=10071"}],"wp:term":[{"taxonomy":"category","embeddable":true,"href":"https:\/\/diariodelsurdigital.com.ar\/index.php?rest_route=%2Fwp%2Fv2%2Fcategories&post=10071"},{"taxonomy":"post_tag","embeddable":true,"href":"https:\/\/diariodelsurdigital.com.ar\/index.php?rest_route=%2Fwp%2Fv2%2Ftags&post=10071"}],"curies":[{"name":"wp","href":"https:\/\/api.w.org\/{rel}","templated":true}]}}