{"id":10075,"date":"2026-09-06T12:37:22","date_gmt":"2026-09-06T15:37:22","guid":{"rendered":"https:\/\/diariodelsurdigital.com.ar\/?p=10075"},"modified":"2026-09-06T12:37:24","modified_gmt":"2026-09-06T15:37:24","slug":"detuvieron-a-un-militar-retirado-acusado-de-facilitar-armas-para-una-banda-que-cometia-asaltos-en-concordia","status":"publish","type":"post","link":"https:\/\/diariodelsurdigital.com.ar\/?p=10075","title":{"rendered":"Detuvieron a un militar retirado acusado de facilitar armas para una banda que comet\u00eda asaltos en Concordia"},"content":{"rendered":"\n<p class=\"wp-block-paragraph\"><strong>Cuatro allanamientos permitieron desbaratar una banda que habr\u00eda cometido tres asaltos a mano armada en Concordia. Tres hombres mayores de edad fueron detenidos, entre ellos un militar retirado se\u00f1alado como propietario de la camioneta utilizada.<\/strong><\/p>\n\n\n\n<figure class=\"wp-block-image is-resized\"><img decoding=\"async\" src=\"https:\/\/diarioriouruguay.com\/galeria\/fotos\/2026\/09\/06\/l_1788701884_80886.webp\" alt=\"Tras los allanamientos de este s\u00e1bado, dos personas vinculadas a la causa permanecen pr\u00f3fugas.\" style=\"aspect-ratio:1.5;width:600px;height:auto\" title=\"Tras los allanamientos de este s\u00e1bado, dos personas vinculadas a la causa permanecen pr\u00f3fugas.\"\/><\/figure>\n\n\n\n<p class=\"wp-block-paragraph\">La investigaci\u00f3n fue llevada adelante por distintas \u00e1reas de la Jefatura Departamental Concordia a partir de tres hechos delictivos ocurridos los d\u00edas 30 de agosto, 3 y 4 de septiembre. A partir de las tareas investigativas, los efectivos lograron establecer la identidad de los presuntos integrantes de la organizaci\u00f3n y reconstruir el modo en que habr\u00edan actuado.<\/p>\n\n\n\n<p class=\"wp-block-paragraph\">De acuerdo con la informaci\u00f3n policial,\u00a0<strong>la banda se movilizaba en una Volkswagen Amarok blanca de alta gama, propiedad de un hombre que ser\u00eda militar retirado<\/strong>.<\/p>\n\n\n\n<p class=\"wp-block-paragraph\">Los investigadores determinaron que el veh\u00edculo&nbsp;<strong>habr\u00eda sido utilizado para trasladar a los autores de los asaltos<\/strong>&nbsp;y que el propietario tendr\u00eda adem\u00e1s&nbsp;<strong>distintas armas de fuego que eran presuntamente facilitadas para la comisi\u00f3n de los hechos.<\/strong><\/p>\n\n\n\n<h3 class=\"wp-block-heading\">Tres detenidos y dos pr\u00f3fugos<\/h3>\n\n\n\n<p class=\"wp-block-paragraph\">La investigaci\u00f3n permiti\u00f3 establecer la participaci\u00f3n de al menos tres hombres mayores de edad, a quienes se les atribuyen distintos roles dentro de la organizaci\u00f3n. Uno de ellos, con antecedentes delictivos y que habr\u00eda recuperado la libertad hace pocos meses, ser\u00eda quien se encargaba de reclutar a otros integrantes.<\/p>\n\n\n\n<p class=\"wp-block-paragraph\">Otro de los sospechosos, tambi\u00e9n con antecedentes penales, habr\u00eda participado en dos de los hechos investigados y ser\u00eda uno de los autores materiales. El tercer involucrado, que tambi\u00e9n tendr\u00eda antecedentes, habr\u00eda sido contactado para sumarse a los il\u00edcitos.<\/p>\n\n\n\n<p class=\"wp-block-paragraph\">El modus operandi se habr\u00eda repetido en los tres asaltos. Los delincuentes seleccionaban previamente el comercio o lugar donde iban a actuar, estacionaban la camioneta en las inmediaciones y luego descend\u00edan dos hombres con sus rostros cubiertos.<\/p>\n\n\n\n<h3 class=\"wp-block-heading\">Armas, cartuchos y la camioneta<\/h3>\n\n\n\n<p class=\"wp-block-paragraph\">Una vez dentro de los establecimientos, los sospechosos exhib\u00edan armas de fuego, reduc\u00edan a las v\u00edctimas y sustra\u00edan dinero y otros elementos de valor. Despu\u00e9s abandonaban r\u00e1pidamente el lugar y escapaban a bordo de la Amarok.<\/p>\n\n\n\n<p class=\"wp-block-paragraph\">Con los elementos reunidos, la investigaci\u00f3n fue comunicada a la Fiscal\u00eda interviniente, a cargo del fiscal Mart\u00edn N\u00fa\u00f1ez. Finalmente, el juez de Garant\u00edas Mauricio Guerrero autoriz\u00f3 cuatro allanamientos y registros domiciliarios.<\/p>\n\n\n\n<figure class=\"wp-block-image is-resized\"><img decoding=\"async\" src=\"https:\/\/diarioriouruguay.com\/galeria\/fotos\/2026\/09\/06\/e_1788701884_75766.webp\" alt=\"&lt;b&gt;La banda se movilizaba en una Volkswagen Amarok blanca de alta gama&lt;\/b&gt;\" style=\"aspect-ratio:1.5;width:600px;height:auto\"\/><\/figure>\n\n\n\n<p class=\"wp-block-paragraph\">Los procedimientos se realizaron en domicilios ubicados en Feliciano y avenida del Valle; G\u00fcemes y H. Primo; 25 de Mayo y Ram\u00edrez; y Diamante y Urdinarrain.<\/p>\n\n\n\n<p class=\"wp-block-paragraph\">En los cuatro lugares se secuestraron siete tel\u00e9fonos celulares, prendas de vestir presuntamente utilizadas durante los hechos, la Volkswagen Amarok blanca y tres armas de fuego: una pistola calibre .22 marca Bersa, una pistola calibre 9 mil\u00edmetros marca Hi-Power y otra pistola calibre 9 mil\u00edmetros marca Bersa. Tambi\u00e9n se incautaron aproximadamente 100 cartuchos de distintos calibres.<\/p>\n\n\n\n<p class=\"wp-block-paragraph\">Como resultado de los operativos, tres hombres quedaron detenidos, entre ellos el militar retirado propietario de la camioneta. Todos quedaron vinculados a la investigaci\u00f3n y, en el caso de los detenidos, bajo mandamientos de captura y detenci\u00f3n. Adem\u00e1s, se inici\u00f3 una investigaci\u00f3n por presunta tenencia ilegal de armas de fuego. Mientras tanto,&nbsp;<strong>dos personas vinculadas a la causa permanecen pr\u00f3fugas<\/strong>, por lo que contin\u00faan las tareas para dar con su paradero.<\/p>\n\n\n\n<p class=\"wp-block-paragraph\">Fuente: Diario Rio Uruguay<\/p>\n","protected":false},"excerpt":{"rendered":"<p>Cuatro allanamientos permitieron desbaratar una banda que habr\u00eda cometido tres asaltos a mano armada en Concordia. Tres hombres mayores de edad fueron detenidos, entre ellos un militar retirado se\u00f1alado como propietario de la camioneta utilizada. La investigaci\u00f3n fue llevada adelante por distintas \u00e1reas de la Jefatura Departamental Concordia a partir de tres hechos delictivos ocurridos [&hellip;]<\/p>\n","protected":false},"author":3,"featured_media":10076,"comment_status":"open","ping_status":"open","sticky":false,"template":"","format":"standard","meta":{"_jetpack_memberships_contains_paid_content":false,"footnotes":""},"categories":[21],"tags":[],"class_list":["post-10075","post","type-post","status-publish","format-standard","has-post-thumbnail","category-policiales"],"yoast_head":"<!-- This site is optimized with the Yoast SEO plugin v27.6 - https:\/\/yoast.com\/product\/yoast-seo-wordpress\/ -->\n<title>Detuvieron a un militar retirado acusado de facilitar armas para una banda que comet\u00eda asaltos en Concordia - Diario del Sur<\/title>\n<meta name=\"robots\" content=\"index, follow, max-snippet:-1, max-image-preview:large, max-video-preview:-1\" \/>\n<link rel=\"canonical\" href=\"https:\/\/diariodelsurdigital.com.ar\/?p=10075\" \/>\n<meta property=\"og:locale\" content=\"es_ES\" \/>\n<meta property=\"og:type\" content=\"article\" \/>\n<meta property=\"og:title\" content=\"Detuvieron a un militar retirado acusado de facilitar armas para una banda que comet\u00eda asaltos en Concordia - Diario del Sur\" \/>\n<meta property=\"og:description\" content=\"Cuatro allanamientos permitieron desbaratar una banda que habr\u00eda cometido tres asaltos a mano armada en Concordia. Tres hombres mayores de edad fueron detenidos, entre ellos un militar retirado se\u00f1alado como propietario de la camioneta utilizada. La investigaci\u00f3n fue llevada adelante por distintas \u00e1reas de la Jefatura Departamental Concordia a partir de tres hechos delictivos ocurridos [&hellip;]\" \/>\n<meta property=\"og:url\" content=\"https:\/\/diariodelsurdigital.com.ar\/?p=10075\" \/>\n<meta property=\"og:site_name\" content=\"Diario del Sur\" \/>\n<meta property=\"article:published_time\" content=\"2026-09-06T15:37:22+00:00\" \/>\n<meta property=\"article:modified_time\" content=\"2026-09-06T15:37:24+00:00\" \/>\n<meta property=\"og:image\" content=\"https:\/\/diariodelsurdigital.com.ar\/wp-content\/uploads\/2026\/09\/l_1788701884_80886.webp\" \/>\n\t<meta property=\"og:image:width\" content=\"1200\" \/>\n\t<meta property=\"og:image:height\" content=\"800\" \/>\n\t<meta property=\"og:image:type\" content=\"image\/webp\" \/>\n<meta name=\"author\" content=\"Diario del Sur Digital\" \/>\n<meta name=\"twitter:card\" content=\"summary_large_image\" \/>\n<meta name=\"twitter:label1\" content=\"Escrito por\" \/>\n\t<meta name=\"twitter:data1\" content=\"Diario del Sur Digital\" \/>\n\t<meta name=\"twitter:label2\" content=\"Tiempo de lectura\" \/>\n\t<meta name=\"twitter:data2\" content=\"4 minutos\" \/>\n<script type=\"application\/ld+json\" class=\"yoast-schema-graph\">{\"@context\":\"https:\\\/\\\/schema.org\",\"@graph\":[{\"@type\":\"Article\",\"@id\":\"https:\\\/\\\/diariodelsurdigital.com.ar\\\/?p=10075#article\",\"isPartOf\":{\"@id\":\"https:\\\/\\\/diariodelsurdigital.com.ar\\\/?p=10075\"},\"author\":{\"name\":\"Diario del Sur Digital\",\"@id\":\"https:\\\/\\\/diariodelsurdigital.com.ar\\\/#\\\/schema\\\/person\\\/d794acb23337e88c6e4004a39c32be62\"},\"headline\":\"Detuvieron a un militar retirado acusado de facilitar armas para una banda que comet\u00eda asaltos en Concordia\",\"datePublished\":\"2026-09-06T15:37:22+00:00\",\"dateModified\":\"2026-09-06T15:37:24+00:00\",\"mainEntityOfPage\":{\"@id\":\"https:\\\/\\\/diariodelsurdigital.com.ar\\\/?p=10075\"},\"wordCount\":578,\"commentCount\":0,\"image\":{\"@id\":\"https:\\\/\\\/diariodelsurdigital.com.ar\\\/?p=10075#primaryimage\"},\"thumbnailUrl\":\"https:\\\/\\\/diariodelsurdigital.com.ar\\\/wp-content\\\/uploads\\\/2026\\\/09\\\/l_1788701884_80886.webp\",\"articleSection\":[\"Policiales\"],\"inLanguage\":\"es\",\"potentialAction\":[{\"@type\":\"CommentAction\",\"name\":\"Comment\",\"target\":[\"https:\\\/\\\/diariodelsurdigital.com.ar\\\/?p=10075#respond\"]}]},{\"@type\":\"WebPage\",\"@id\":\"https:\\\/\\\/diariodelsurdigital.com.ar\\\/?p=10075\",\"url\":\"https:\\\/\\\/diariodelsurdigital.com.ar\\\/?p=10075\",\"name\":\"Detuvieron a un militar retirado acusado de facilitar armas para una banda que comet\u00eda asaltos en Concordia - Diario del Sur\",\"isPartOf\":{\"@id\":\"https:\\\/\\\/diariodelsurdigital.com.ar\\\/#website\"},\"primaryImageOfPage\":{\"@id\":\"https:\\\/\\\/diariodelsurdigital.com.ar\\\/?p=10075#primaryimage\"},\"image\":{\"@id\":\"https:\\\/\\\/diariodelsurdigital.com.ar\\\/?p=10075#primaryimage\"},\"thumbnailUrl\":\"https:\\\/\\\/diariodelsurdigital.com.ar\\\/wp-content\\\/uploads\\\/2026\\\/09\\\/l_1788701884_80886.webp\",\"datePublished\":\"2026-09-06T15:37:22+00:00\",\"dateModified\":\"2026-09-06T15:37:24+00:00\",\"author\":{\"@id\":\"https:\\\/\\\/diariodelsurdigital.com.ar\\\/#\\\/schema\\\/person\\\/d794acb23337e88c6e4004a39c32be62\"},\"breadcrumb\":{\"@id\":\"https:\\\/\\\/diariodelsurdigital.com.ar\\\/?p=10075#breadcrumb\"},\"inLanguage\":\"es\",\"potentialAction\":[{\"@type\":\"ReadAction\",\"target\":[\"https:\\\/\\\/diariodelsurdigital.com.ar\\\/?p=10075\"]}]},{\"@type\":\"ImageObject\",\"inLanguage\":\"es\",\"@id\":\"https:\\\/\\\/diariodelsurdigital.com.ar\\\/?p=10075#primaryimage\",\"url\":\"https:\\\/\\\/diariodelsurdigital.com.ar\\\/wp-content\\\/uploads\\\/2026\\\/09\\\/l_1788701884_80886.webp\",\"contentUrl\":\"https:\\\/\\\/diariodelsurdigital.com.ar\\\/wp-content\\\/uploads\\\/2026\\\/09\\\/l_1788701884_80886.webp\",\"width\":1200,\"height\":800},{\"@type\":\"BreadcrumbList\",\"@id\":\"https:\\\/\\\/diariodelsurdigital.com.ar\\\/?p=10075#breadcrumb\",\"itemListElement\":[{\"@type\":\"ListItem\",\"position\":1,\"name\":\"Portada\",\"item\":\"https:\\\/\\\/diariodelsurdigital.com.ar\\\/\"},{\"@type\":\"ListItem\",\"position\":2,\"name\":\"Detuvieron a un militar retirado acusado de facilitar armas para una banda que comet\u00eda asaltos en Concordia\"}]},{\"@type\":\"WebSite\",\"@id\":\"https:\\\/\\\/diariodelsurdigital.com.ar\\\/#website\",\"url\":\"https:\\\/\\\/diariodelsurdigital.com.ar\\\/\",\"name\":\"Diario del Sur\",\"description\":\"Digital\",\"potentialAction\":[{\"@type\":\"SearchAction\",\"target\":{\"@type\":\"EntryPoint\",\"urlTemplate\":\"https:\\\/\\\/diariodelsurdigital.com.ar\\\/?s={search_term_string}\"},\"query-input\":{\"@type\":\"PropertyValueSpecification\",\"valueRequired\":true,\"valueName\":\"search_term_string\"}}],\"inLanguage\":\"es\"},{\"@type\":\"Person\",\"@id\":\"https:\\\/\\\/diariodelsurdigital.com.ar\\\/#\\\/schema\\\/person\\\/d794acb23337e88c6e4004a39c32be62\",\"name\":\"Diario del Sur Digital\",\"image\":{\"@type\":\"ImageObject\",\"inLanguage\":\"es\",\"@id\":\"https:\\\/\\\/secure.gravatar.com\\\/avatar\\\/47679bcfa15734cfdefc176b6ad58adeeccac22b2e03e095ada6c622af2b463a?s=96&d=mm&r=g\",\"url\":\"https:\\\/\\\/secure.gravatar.com\\\/avatar\\\/47679bcfa15734cfdefc176b6ad58adeeccac22b2e03e095ada6c622af2b463a?s=96&d=mm&r=g\",\"contentUrl\":\"https:\\\/\\\/secure.gravatar.com\\\/avatar\\\/47679bcfa15734cfdefc176b6ad58adeeccac22b2e03e095ada6c622af2b463a?s=96&d=mm&r=g\",\"caption\":\"Diario del Sur Digital\"},\"url\":\"https:\\\/\\\/diariodelsurdigital.com.ar\\\/?author=3\"}]}<\/script>\n<!-- \/ Yoast SEO plugin. -->","yoast_head_json":{"title":"Detuvieron a un militar retirado acusado de facilitar armas para una banda que comet\u00eda asaltos en Concordia - Diario del Sur","robots":{"index":"index","follow":"follow","max-snippet":"max-snippet:-1","max-image-preview":"max-image-preview:large","max-video-preview":"max-video-preview:-1"},"canonical":"https:\/\/diariodelsurdigital.com.ar\/?p=10075","og_locale":"es_ES","og_type":"article","og_title":"Detuvieron a un militar retirado acusado de facilitar armas para una banda que comet\u00eda asaltos en Concordia - Diario del Sur","og_description":"Cuatro allanamientos permitieron desbaratar una banda que habr\u00eda cometido tres asaltos a mano armada en Concordia. Tres hombres mayores de edad fueron detenidos, entre ellos un militar retirado se\u00f1alado como propietario de la camioneta utilizada. La investigaci\u00f3n fue llevada adelante por distintas \u00e1reas de la Jefatura Departamental Concordia a partir de tres hechos delictivos ocurridos [&hellip;]","og_url":"https:\/\/diariodelsurdigital.com.ar\/?p=10075","og_site_name":"Diario del Sur","article_published_time":"2026-09-06T15:37:22+00:00","article_modified_time":"2026-09-06T15:37:24+00:00","og_image":[{"width":1200,"height":800,"url":"https:\/\/diariodelsurdigital.com.ar\/wp-content\/uploads\/2026\/09\/l_1788701884_80886.webp","type":"image\/webp"}],"author":"Diario del Sur Digital","twitter_card":"summary_large_image","twitter_misc":{"Escrito por":"Diario del Sur Digital","Tiempo de lectura":"4 minutos"},"schema":{"@context":"https:\/\/schema.org","@graph":[{"@type":"Article","@id":"https:\/\/diariodelsurdigital.com.ar\/?p=10075#article","isPartOf":{"@id":"https:\/\/diariodelsurdigital.com.ar\/?p=10075"},"author":{"name":"Diario del Sur Digital","@id":"https:\/\/diariodelsurdigital.com.ar\/#\/schema\/person\/d794acb23337e88c6e4004a39c32be62"},"headline":"Detuvieron a un militar retirado acusado de facilitar armas para una banda que comet\u00eda asaltos en Concordia","datePublished":"2026-09-06T15:37:22+00:00","dateModified":"2026-09-06T15:37:24+00:00","mainEntityOfPage":{"@id":"https:\/\/diariodelsurdigital.com.ar\/?p=10075"},"wordCount":578,"commentCount":0,"image":{"@id":"https:\/\/diariodelsurdigital.com.ar\/?p=10075#primaryimage"},"thumbnailUrl":"https:\/\/diariodelsurdigital.com.ar\/wp-content\/uploads\/2026\/09\/l_1788701884_80886.webp","articleSection":["Policiales"],"inLanguage":"es","potentialAction":[{"@type":"CommentAction","name":"Comment","target":["https:\/\/diariodelsurdigital.com.ar\/?p=10075#respond"]}]},{"@type":"WebPage","@id":"https:\/\/diariodelsurdigital.com.ar\/?p=10075","url":"https:\/\/diariodelsurdigital.com.ar\/?p=10075","name":"Detuvieron a un militar retirado acusado de facilitar armas para una banda que comet\u00eda asaltos en Concordia - Diario del Sur","isPartOf":{"@id":"https:\/\/diariodelsurdigital.com.ar\/#website"},"primaryImageOfPage":{"@id":"https:\/\/diariodelsurdigital.com.ar\/?p=10075#primaryimage"},"image":{"@id":"https:\/\/diariodelsurdigital.com.ar\/?p=10075#primaryimage"},"thumbnailUrl":"https:\/\/diariodelsurdigital.com.ar\/wp-content\/uploads\/2026\/09\/l_1788701884_80886.webp","datePublished":"2026-09-06T15:37:22+00:00","dateModified":"2026-09-06T15:37:24+00:00","author":{"@id":"https:\/\/diariodelsurdigital.com.ar\/#\/schema\/person\/d794acb23337e88c6e4004a39c32be62"},"breadcrumb":{"@id":"https:\/\/diariodelsurdigital.com.ar\/?p=10075#breadcrumb"},"inLanguage":"es","potentialAction":[{"@type":"ReadAction","target":["https:\/\/diariodelsurdigital.com.ar\/?p=10075"]}]},{"@type":"ImageObject","inLanguage":"es","@id":"https:\/\/diariodelsurdigital.com.ar\/?p=10075#primaryimage","url":"https:\/\/diariodelsurdigital.com.ar\/wp-content\/uploads\/2026\/09\/l_1788701884_80886.webp","contentUrl":"https:\/\/diariodelsurdigital.com.ar\/wp-content\/uploads\/2026\/09\/l_1788701884_80886.webp","width":1200,"height":800},{"@type":"BreadcrumbList","@id":"https:\/\/diariodelsurdigital.com.ar\/?p=10075#breadcrumb","itemListElement":[{"@type":"ListItem","position":1,"name":"Portada","item":"https:\/\/diariodelsurdigital.com.ar\/"},{"@type":"ListItem","position":2,"name":"Detuvieron a un militar retirado acusado de facilitar armas para una banda que comet\u00eda asaltos en Concordia"}]},{"@type":"WebSite","@id":"https:\/\/diariodelsurdigital.com.ar\/#website","url":"https:\/\/diariodelsurdigital.com.ar\/","name":"Diario del Sur","description":"Digital","potentialAction":[{"@type":"SearchAction","target":{"@type":"EntryPoint","urlTemplate":"https:\/\/diariodelsurdigital.com.ar\/?s={search_term_string}"},"query-input":{"@type":"PropertyValueSpecification","valueRequired":true,"valueName":"search_term_string"}}],"inLanguage":"es"},{"@type":"Person","@id":"https:\/\/diariodelsurdigital.com.ar\/#\/schema\/person\/d794acb23337e88c6e4004a39c32be62","name":"Diario del Sur Digital","image":{"@type":"ImageObject","inLanguage":"es","@id":"https:\/\/secure.gravatar.com\/avatar\/47679bcfa15734cfdefc176b6ad58adeeccac22b2e03e095ada6c622af2b463a?s=96&d=mm&r=g","url":"https:\/\/secure.gravatar.com\/avatar\/47679bcfa15734cfdefc176b6ad58adeeccac22b2e03e095ada6c622af2b463a?s=96&d=mm&r=g","contentUrl":"https:\/\/secure.gravatar.com\/avatar\/47679bcfa15734cfdefc176b6ad58adeeccac22b2e03e095ada6c622af2b463a?s=96&d=mm&r=g","caption":"Diario del Sur Digital"},"url":"https:\/\/diariodelsurdigital.com.ar\/?author=3"}]}},"jetpack_featured_media_url":"https:\/\/diariodelsurdigital.com.ar\/wp-content\/uploads\/2026\/09\/l_1788701884_80886.webp","jetpack_sharing_enabled":true,"_links":{"self":[{"href":"https:\/\/diariodelsurdigital.com.ar\/index.php?rest_route=\/wp\/v2\/posts\/10075","targetHints":{"allow":["GET"]}}],"collection":[{"href":"https:\/\/diariodelsurdigital.com.ar\/index.php?rest_route=\/wp\/v2\/posts"}],"about":[{"href":"https:\/\/diariodelsurdigital.com.ar\/index.php?rest_route=\/wp\/v2\/types\/post"}],"author":[{"embeddable":true,"href":"https:\/\/diariodelsurdigital.com.ar\/index.php?rest_route=\/wp\/v2\/users\/3"}],"replies":[{"embeddable":true,"href":"https:\/\/diariodelsurdigital.com.ar\/index.php?rest_route=%2Fwp%2Fv2%2Fcomments&post=10075"}],"version-history":[{"count":1,"href":"https:\/\/diariodelsurdigital.com.ar\/index.php?rest_route=\/wp\/v2\/posts\/10075\/revisions"}],"predecessor-version":[{"id":10077,"href":"https:\/\/diariodelsurdigital.com.ar\/index.php?rest_route=\/wp\/v2\/posts\/10075\/revisions\/10077"}],"wp:featuredmedia":[{"embeddable":true,"href":"https:\/\/diariodelsurdigital.com.ar\/index.php?rest_route=\/wp\/v2\/media\/10076"}],"wp:attachment":[{"href":"https:\/\/diariodelsurdigital.com.ar\/index.php?rest_route=%2Fwp%2Fv2%2Fmedia&parent=10075"}],"wp:term":[{"taxonomy":"category","embeddable":true,"href":"https:\/\/diariodelsurdigital.com.ar\/index.php?rest_route=%2Fwp%2Fv2%2Fcategories&post=10075"},{"taxonomy":"post_tag","embeddable":true,"href":"https:\/\/diariodelsurdigital.com.ar\/index.php?rest_route=%2Fwp%2Fv2%2Ftags&post=10075"}],"curies":[{"name":"wp","href":"https:\/\/api.w.org\/{rel}","templated":true}]}}