{"id":1008,"date":"2025-02-13T16:55:50","date_gmt":"2025-02-13T19:55:50","guid":{"rendered":"https:\/\/diariodelsurdigital.com.ar\/?p=1008"},"modified":"2025-02-13T16:55:51","modified_gmt":"2025-02-13T19:55:51","slug":"advierten-un-deterioro-en-el-rendimiento-escolar-de-los-adolescentes-de-entre-rios","status":"publish","type":"post","link":"https:\/\/diariodelsurdigital.com.ar\/?p=1008","title":{"rendered":"Advierten un \u201cdeterioro en el rendimiento escolar\u201d de los adolescentes de Entre R\u00edos"},"content":{"rendered":"\n<p>El CEER elabor\u00f3 un informe a partir de los datos oficiales del Indec, que da cuenta de los problemas en materia educativa, fundamentalmente en el nivel secundario, con elevados \u00edndices de abandono. Tambi\u00e9n se pone la lupa en las condiciones de habitabilidad.<\/p>\n\n\n\n<p>El informe elaborado por el Instituto de Investigaciones Econ\u00f3micas y Sociales del Consejo Empresario de Entre R\u00edos (CEER) analiza el estado de la infraestructura p\u00fablica b\u00e1sica para los hogares en base al Censo Nacional de Poblaci\u00f3n, Hogares y Viviendas del a\u00f1o 2022. En este caso analiza el acceso al agua potable y cloacas con conexi\u00f3n a red p\u00fablica, la mortalidad infantil y la condici\u00f3n materna y finalmente repasa el desempe\u00f1o escolar de los chicos en Entre R\u00edos.<\/p>\n\n\n\n<h2 class=\"wp-block-heading\"><strong>Infraestructura b\u00e1sica de los hogares<\/strong><\/h2>\n\n\n\n<p>El Censo Nacional de Poblaci\u00f3n, Hogares y Viviendas del a\u00f1o 2022 identifica 500.660 hogares en la provincia de Entre R\u00edos. De estos, el 78% tiene acceso a agua potable y cloacas de red, valor que supera la media nacional, donde del total de hogares del pa\u00eds, solo el 62% cuenta con acceso a ambos servicios. En este marco, un 10% de los hogares posee acceso al agua de red, pero no a cloaca, y hay otro 10% que disponen con acceso a cloaca, pero no al agua de red, sino que cuentan con agua de pozo. Hay un 1% de viviendas que tienen agua y cloaca de pozo y finalmente, un 1% de los hogares pueden tener agua o cloacas, pero en cualquier caso este acceso no es dentro de la vivienda, sino en per\u00edmetros del terreno o fuera de \u00e9l.<\/p>\n\n\n\n<h4 class=\"wp-block-heading\"><strong>Hogares con acceso a agua potable y cloacas en Entre R\u00edos<\/strong><\/h4>\n\n\n\n<p>Si se compara con los datos del Censo del a\u00f1o 2010, se observa una mejora sustancial en materia sanitaria en la provincia, con un aumento en la cantidad de viviendas con agua y cloacas de red. En consecuencia, se observa una ca\u00edda significativa de los hogares con los dos servicios de pozo y de aquellos sin ninguno dentro de la vivienda.<\/p>\n\n\n\n<p><strong>Evoluci\u00f3n del acceso a los servicios sanitario b\u00e1sicos en Entre R\u00edos<\/strong><\/p>\n\n\n\n<p><em>Fuente: Censo 2022<\/em><\/p>\n\n\n\n<p>Entre R\u00edos se encuentra en una situaci\u00f3n favorable respecto a la Regi\u00f3n Centro (Santa Fe y C\u00f3rdoba) como se demuestra en la tabla 1. Si bien en su totalidad, las tres provincias exponen mejoras en sus indicadores de infraestructura sanitaria b\u00e1sica, la nuestra es la m\u00e1s beneficiada al contar con una gran diferencia en las viviendas con acceso a agua y cloacas de red.<\/p>\n\n\n\n<p><strong>Composici\u00f3n de la Infraestructura sanitaria b\u00e1sica de la Regi\u00f3n Centro<\/strong><\/p>\n\n\n\n<p><em>Fuente: Censo 2022<\/em><\/p>\n\n\n\n<h2 class=\"wp-block-heading\"><strong>Natalidad, mortalidad infantil y condici\u00f3n de las madres en Entre R\u00edos<\/strong><\/h2>\n\n\n\n<p>La tasa de natalidad en Entre R\u00edos es de 10,6 x 1000 habitantes, lo que implica que nacieron vivos 15.107 ni\u00f1os en la provincia en el a\u00f1o 2022. Situ\u00e1ndose en torno a la media Argentina, la cual tambi\u00e9n es 10,6 cada mil.<\/p>\n\n\n\n<p>De estos 15.107 ni\u00f1os nacidos, se registr\u00f3 para el mismo a\u00f1o, la defunci\u00f3n de 163 ni\u00f1os antes de cumplir el primer a\u00f1o, lo que da lugar a una tasa de mortalidad infantil del 10,8 x 1000 nacidos vivos. Esta cifra es superior a la media nacional de 8,4 x1000 nacidos vivos.<\/p>\n\n\n\n<p><strong>Natalidad y mortalidad infantil en Entre R\u00edos \u2013 2022 \u2013<\/strong><\/p>\n\n\n\n<figure class=\"wp-block-table\"><table class=\"has-fixed-layout\"><tbody><tr><td><strong>Tasa de natalidad<\/strong><\/td><td>10,6<\/td><\/tr><tr><td><strong>Cantidad de ni\u00f1os nacidos vivos<\/strong><\/td><td>15.107<\/td><\/tr><tr><td><strong>Tasa de mortalidad infantil (x 1.000)<\/strong><\/td><td>10,8<\/td><\/tr><tr><td><strong>Cantidad de ni\u00f1os fallecidos menor a 1 a\u00f1o<\/strong><\/td><td>163<\/td><\/tr><\/tbody><\/table><\/figure>\n\n\n\n<p><em>Fuente: Ministerio de Salud de la Naci\u00f3n<\/em><\/p>\n\n\n\n<p>Si se compara tomando como base el a\u00f1o 2011, se observa una&nbsp; baja en los fallecimientos antes del a\u00f1o, tanto en la provincia de Entre R\u00edos, como a nivel nacional. Elemento que se replica en la tasa de mortalidad infantil.<\/p>\n\n\n\n<p><strong>Evoluci\u00f3n mortalidad infantil en Entre R\u00edos \u2013 2022<\/strong><\/p>\n\n\n\n<figure class=\"wp-block-table\"><table class=\"has-fixed-layout\"><tbody><tr><td>&nbsp;<\/td><td>&nbsp;<\/td><td>&nbsp;<\/td><td><strong>2011<\/strong><\/td><td><strong>2022<\/strong><\/td><\/tr><tr><td><strong>Nacidos vivos en Entre R\u00edos<\/strong><\/td><td>&nbsp;<\/td><td>&nbsp;<\/td><td>22.216<\/td><td>15.107<\/td><\/tr><tr><td>&nbsp;<\/td><td><strong>Fallecimientos antes del a\u00f1o en Entre R\u00edos<\/strong><\/td><td>245<\/td><td>163<\/td><\/tr><tr><td>&nbsp;<\/td><td><strong>Tasa de mortalidad infantil (X1000.NV) en Entre R\u00edos<\/strong><\/td><td>11<\/td><td>10,8<\/td><\/tr><tr><td><strong>Nacidos vivos en Argentina<\/strong><\/td><td>&nbsp;<\/td><td>&nbsp;<\/td><td>758.042<\/td><td>495.295<\/td><\/tr><tr><td>&nbsp;<\/td><td><strong>Fallecimientos antes del a\u00f1o en Argentina<\/strong><\/td><td>8.878<\/td><td>4.162<\/td><\/tr><tr><td>&nbsp;<\/td><td><strong>Tasa de mortalidad infantil (X1000.NV) en Argentina<\/strong><\/td><td>12<\/td><td>8,40<\/td><\/tr><tr><td>&nbsp;<\/td><td>&nbsp;<\/td><td>&nbsp;<\/td><td>&nbsp;<\/td><td>&nbsp;<\/td><td>&nbsp;<\/td><\/tr><\/tbody><\/table><\/figure>\n\n\n\n<p><em>Fuente: Ministerio de Salud de la Naci\u00f3n<\/em><\/p>\n\n\n\n<p>Otro indicador importante vinculado a la sanidad general es el \u00edndice de mortalidad materna, es decir, la cantidad de madres que mueren en el trabajo de parto, o en un periodo pr\u00f3ximo a este.<\/p>\n\n\n\n<p>En la provincia, en el a\u00f1o 2022 se registraron 4 muertes, que en t\u00e9rminos de mortalidad materna refleja un valor de 2,6 cada 10.000 nacidos vivos, valor que se encuentra debajo de la media nacional, que registr\u00f3 un valor de 4 cada 10.000, siendo 200 las madres fallecidas en el a\u00f1o 2022.<\/p>\n\n\n\n<p><strong>Mortalidad materna en Entre R\u00edos \u2013 2022<\/strong><\/p>\n\n\n\n<figure class=\"wp-block-table\"><table class=\"has-fixed-layout\"><tbody><tr><td>&nbsp;<\/td><td><strong>Entre R\u00edos<\/strong><\/td><td><strong>Argentina<\/strong><\/td><\/tr><tr><td><strong>Nacidos vivos<\/strong><\/td><td>15.107<\/td><td>495.295<\/td><\/tr><tr><td><strong>Madres fallecidas<\/strong><\/td><td>4<\/td><td>200<\/td><\/tr><tr><td><strong>Tasa de mortalidad materna (x 10.000 N.V.)<\/strong><\/td><td>2,6<\/td><td>4<\/td><\/tr><\/tbody><\/table><\/figure>\n\n\n\n<p><em>Fuente: Ministerio de Salud de la Naci\u00f3n<\/em><\/p>\n\n\n\n<p><strong>Edad y nivel educativo de las madres<\/strong><\/p>\n\n\n\n<p>Para el caso de&nbsp; Entre R\u00edos, del total de los 15.107 nacidos, el 9,6% proviene de madres menores de 20 a\u00f1os de edad, de las cuales 2,5% (36) de estas tienen menos de 15 a\u00f1os y el&nbsp; restante 97,5% (1.413) se encuentra en el rango de los 15 a 19 a\u00f1os de edad.<\/p>\n\n\n\n<p>En lo que respecta a su educaci\u00f3n del total de nacidos, el 44% tienen madre con educaci\u00f3n inferior al secundario completo.<\/p>\n\n\n\n<p><strong>Edad y educaci\u00f3n de las madres en Entre R\u00edos \u2013 2022<\/strong><\/p>\n\n\n\n<figure class=\"wp-block-table\"><table class=\"has-fixed-layout\"><tbody><tr><td><strong>Madres con menos de 15 a\u00f1os<\/strong><\/td><td>36<\/td><td>0%<\/td><\/tr><tr><td><strong>Madres con entre 15 y 19 a\u00f1os<\/strong><\/td><td>1.413<\/td><td>9%<\/td><\/tr><tr><td><strong>Madres menores de 20 a\u00f1os<\/strong><\/td><td>1449<\/td><td>10%<\/td><\/tr><tr><td><strong>Madres con educaci\u00f3n inferior asecundaria incompleta<\/strong><\/td><td>6658<\/td><td>44%<\/td><\/tr><\/tbody><\/table><\/figure>\n\n\n\n<p><em>Fuente: Ministerio de Salud de la Naci\u00f3n<\/em><\/p>\n\n\n\n<p>Comparando con el a\u00f1o 2021, se observa una disminuci\u00f3n en la tasa de las madres menores de 20 a\u00f1os, tanto a nivel nacional como provincial y&nbsp; una ca\u00edda en las que cuentan con educaci\u00f3n inferior a la secundaria completa.<\/p>\n\n\n\n<p><strong>Evoluci\u00f3n situaci\u00f3n de las madres en Entre R\u00edos<\/strong><\/p>\n\n\n\n<figure class=\"wp-block-table\"><table class=\"has-fixed-layout\"><tbody><tr><td>&nbsp;<\/td><td>&nbsp;<\/td><td>&nbsp;<\/td><td><strong>2011<\/strong><\/td><td>&nbsp;<\/td><td><strong>2022<\/strong><\/td><td>&nbsp;<\/td><\/tr><tr><td><strong>Nacidos vivos en Entre R\u00edos<\/strong><\/td><td>&nbsp;<\/td><td>22.216<\/td><td>&nbsp;<\/td><td>15.107<\/td><td>&nbsp;<\/td><\/tr><tr><td><strong>Madres menores de 20 a\u00f1os en Entre R\u00edos<\/strong><\/td><td>4.062<\/td><td>18%<\/td><td>1.449<\/td><td>10%<\/td><\/tr><tr><td><strong>Madres con educaci\u00f3n inferior a la secundaria completa<\/strong><\/td><td>12.701<\/td><td>57%<\/td><td>6.658<\/td><td>44%<\/td><\/tr><tr><td><strong>Nacidos vivos en Argentina<\/strong><\/td><td>&nbsp;<\/td><td>758.042<\/td><td>&nbsp;<\/td><td>495.295<\/td><td>&nbsp;<\/td><\/tr><tr><td><strong>Madres menores de 20 a\u00f1os en Argentina<\/strong><\/td><td>119.012<\/td><td>16%<\/td><td>44.297<\/td><td>9%<\/td><\/tr><tr><td><strong>Madres con educaci\u00f3n inferior a la secundaria completa<\/strong><\/td><td>401.196<\/td><td>53%<\/td><td>190.685<\/td><td>38%<\/td><\/tr><\/tbody><\/table><\/figure>\n\n\n\n<p><em>Fuente: Ministerio de Salud de la Naci\u00f3n<\/em><\/p>\n\n\n\n<p>En relaci\u00f3n con las provincias de la regi\u00f3n Centro, se identifica que Entre R\u00edos refleja valores cercanos al resto, con algunas diferencias en la tasa de mortalidad infantil, la cual es mayor, pese a ser menor la tasa de mortalidad materna.<\/p>\n\n\n\n<p><strong>Condiciones de natalidad y mortalidad en provincias de la Regi\u00f3n centro<\/strong><\/p>\n\n\n\n<figure class=\"wp-block-table\"><table class=\"has-fixed-layout\"><tbody><tr><td>&nbsp;<\/td><td><strong>Tasa natalidad<\/strong><\/td><td><strong>Nacidos vivos<\/strong><\/td><td><strong>Tasa de mortalidad<\/strong><\/td><td><strong>Tasa mortalidad materna<\/strong><\/td><td><strong>% madres menores 20 a\u00f1os<\/strong><\/td><td><strong>% madres con educaci\u00f3n inferior a secundaria completa<\/strong><\/td><\/tr><tr><td><strong>Entre R\u00edos<\/strong><\/td><td>10,6<\/td><td>15.107<\/td><td>10,8<\/td><td>2,6<\/td><td>10%<\/td><td>44%<\/td><\/tr><tr><td><strong>C\u00f3rdoba<\/strong><\/td><td>10,8<\/td><td>41.588<\/td><td>7,5<\/td><td>3,3<\/td><td>8%<\/td><td>38%<\/td><\/tr><tr><td><strong>Santa Fe<\/strong><\/td><td>11,7<\/td><td>41.442<\/td><td>8,3<\/td><td>4,1<\/td><td>10%<\/td><td>45%<\/td><\/tr><\/tbody><\/table><\/figure>\n\n\n\n<p><em>Fuente: Ministerio de Salud de la Naci\u00f3n<\/em><\/p>\n\n\n\n<h2 class=\"wp-block-heading\"><strong>Situaci\u00f3n educativa<\/strong><\/h2>\n\n\n\n<p>En lo que respecta al \u00faltimo concepto, la educaci\u00f3n, los datos provistos por la Secretaria de Educaci\u00f3n dependiente del Ministerio de Capital Humano de la Naci\u00f3n demuestran el desempe\u00f1o escolar de los ni\u00f1os y adolescentes. En lo que respecta al ciclo primario, se observa un nivel de promoci\u00f3n alto, donde aproximadamente 95 ni\u00f1os contin\u00faan su ciclo de formaci\u00f3n b\u00e1sico sin inconvenientes. Pese a esto, se observan un deterioro en el ciclo secundario, con un aumento significativo del retraso, mayormente en la etapa media (7\u00b0, 8\u00b0 y 9\u00b0 a\u00f1o) junto con un aumento en la tasa de abandono, lo que indica que gran cantidad de adolescentes no logran finalizar el ciclo educativo en tiempo y forma.<\/p>\n\n\n\n<p><strong>Promoci\u00f3n, retraso y abandono \u2013 provincia de Entre R\u00edos \u2013 a\u00f1o 2021<\/strong><\/p>\n\n\n\n<p><em>Fuente: Secretaria de Educaci\u00f3n de la Naci\u00f3n<\/em><\/p>\n\n\n\n<p>A nivel regional se observa una mejora en el desempe\u00f1o educativo de los j\u00f3venes, tanto a nivel primario como a nivel secundario, con mejoras en la tasa de promoci\u00f3n, retraso y abandono. Sin embargo, Entre R\u00edos cuenta con los peores valores en la mayor\u00eda de las categor\u00edas, no solo a nivel regional, sino tambi\u00e9n a nivel nacional.<\/p>\n\n\n\n<p><strong>Evoluci\u00f3n promoci\u00f3n, retraso y abandono \u2013de la Regi\u00f3n Centro- a\u00f1os 2009 y 2021<\/strong><\/p>\n\n\n\n<figure class=\"wp-block-table\"><table class=\"has-fixed-layout\"><tbody><tr><td>&nbsp;<\/td><td>Promoci\u00f3n<\/td><td>Retraso<\/td><td>Abandono<\/td><\/tr><tr><td><strong>PRIMARIA<\/strong><\/td><td><strong>2021<\/strong><\/td><td><strong>2009<\/strong><\/td><td><strong>2021<\/strong><\/td><td><strong>2009<\/strong><\/td><td><strong>2021<\/strong><\/td><td><strong>2009<\/strong><\/td><\/tr><tr><td>Entre R\u00edos<\/td><td>96<\/td><td>92<\/td><td>4<\/td><td>6<\/td><td>0,6<\/td><td>2<\/td><\/tr><tr><td>Santa Fe<\/td><td>99<\/td><td>93<\/td><td>1<\/td><td>4<\/td><td>0,4<\/td><td>3<\/td><\/tr><tr><td>C\u00f3rdoba<\/td><td>99<\/td><td>96<\/td><td>1<\/td><td>3<\/td><td>0,0<\/td><td>1<\/td><\/tr><tr><td>Total, pa\u00eds<\/td><td>98<\/td><td>94<\/td><td>2<\/td><td>5<\/td><td>0<\/td><td>1<\/td><\/tr><tr><td><strong>CICLO SECUNDARIA<\/strong><\/td><td>&nbsp;<\/td><td>&nbsp;<\/td><td>&nbsp;<\/td><td>&nbsp;<\/td><td>&nbsp;<\/td><td>&nbsp;<\/td><\/tr><tr><td>Entre R\u00edos<\/td><td>80<\/td><td>76<\/td><td>10<\/td><td>15<\/td><td>9<\/td><td>8<\/td><\/tr><tr><td>Santa Fe<\/td><td>85<\/td><td>79<\/td><td>8<\/td><td>12<\/td><td>11<\/td><td>9<\/td><\/tr><tr><td>C\u00f3rdoba<\/td><td>81<\/td><td>79<\/td><td>7<\/td><td>13<\/td><td>8<\/td><td>8<\/td><\/tr><tr><td>Total pa\u00eds<\/td><td>85<\/td><td>78<\/td><td>7<\/td><td>12<\/td><td>8<\/td><td>9<\/td><\/tr><\/tbody><\/table><\/figure>\n\n\n\n<p><em>Fuente: Secretaria de Educaci\u00f3n de la Naci\u00f3n<\/em><\/p>\n\n\n\n<p>Si bien se observa una leve mejora en los \u00edndices de promoci\u00f3n, retraso y abandono, es destacable mencionar el deterioro en el rendimiento de los adolescentes en las Pruebas Aprender llevadas a cabo por la Secretar\u00eda de Educaci\u00f3n.<\/p>\n\n\n\n<p><strong>Evoluci\u00f3n Desempe\u00f1o educaci\u00f3n secundaria Pruebas Aprender<\/strong><\/p>\n\n\n\n<p><em>Fuente: Secretar\u00eda de Educaci\u00f3n de la Naci\u00f3n<\/em><\/p>\n\n\n\n<p>En lo que respecta al nivel secundario, tanto en las pruebas de matem\u00e1tica como lengua, aumento la cantidad de alumnos con desempe\u00f1o por debajo del nivel b\u00e1sico y aquellos con nivel b\u00e1sico. Empeorando en consecuencia la cantidad de estudiantes que alcanzaban resultados satisfactorios y avanzados.<\/p>\n\n\n\n<p>En lo que respecta al puntaje de las pruebas, al igual que en el desempe\u00f1o, se observa una ca\u00edda en el rendimiento de los estudiantes secundarios del \u00faltimo a\u00f1o.<\/p>\n\n\n\n<p><strong>Puntaje alumnos secundario Pruebas Aprender 2017<\/strong><\/p>\n\n\n\n<p><em>Fuente: Secretar\u00eda de Educaci\u00f3n de la Naci\u00f3n<\/em><\/p>\n\n\n\n<p>En lo que respecta al nivel primario, se observa un leve deterioro en el rendimiento matem\u00e1tico, mientras que ha mejorado el rendimiento en las pruebas de lengua.<\/p>\n\n\n\n<p><strong>Evoluci\u00f3n Desempe\u00f1o educaci\u00f3n primaria Pruebas Aprender 2017-2022<\/strong><\/p>\n\n\n\n<p><em>Fuente: Secretar\u00eda de Educaci\u00f3n de la Naci\u00f3n<\/em><\/p>\n\n\n\n<p>Los resultados num\u00e9ricos respaldan este deterioro en las pruebas matem\u00e1ticas y mejora en las pruebas de lengua. Con una disminuci\u00f3n del 3% en matem\u00e1tica y un incremento del 1,5% en lengua.<\/p>\n\n\n\n<p><strong>Puntaje alumnos primarios pruebas Aprender 2017<\/strong>, public\u00f3 Dos Florines.<\/p>\n","protected":false},"excerpt":{"rendered":"<p>El CEER elabor\u00f3 un informe a partir de los datos oficiales del Indec, que da cuenta de los problemas en materia educativa, fundamentalmente en el nivel secundario, con elevados \u00edndices de abandono. Tambi\u00e9n se pone la lupa en las condiciones de habitabilidad. El informe elaborado por el Instituto de Investigaciones Econ\u00f3micas y Sociales del Consejo [&hellip;]<\/p>\n","protected":false},"author":4,"featured_media":1009,"comment_status":"open","ping_status":"open","sticky":false,"template":"","format":"standard","meta":{"footnotes":""},"categories":[19,17],"tags":[],"class_list":{"0":"post-1008","1":"post","2":"type-post","3":"status-publish","4":"format-standard","5":"has-post-thumbnail","7":"category-interes-general","8":"category-provinciales"},"yoast_head":"<!-- This site is optimized with the Yoast SEO plugin v27.4 - https:\/\/yoast.com\/product\/yoast-seo-wordpress\/ -->\n<title>Advierten un \u201cdeterioro en el rendimiento escolar\u201d de los adolescentes de Entre R\u00edos - Diario del Sur<\/title>\n<meta name=\"robots\" content=\"index, follow, max-snippet:-1, max-image-preview:large, max-video-preview:-1\" \/>\n<link rel=\"canonical\" href=\"https:\/\/diariodelsurdigital.com.ar\/?p=1008\" \/>\n<meta property=\"og:locale\" content=\"es_ES\" \/>\n<meta property=\"og:type\" content=\"article\" \/>\n<meta property=\"og:title\" content=\"Advierten un \u201cdeterioro en el rendimiento escolar\u201d de los adolescentes de Entre R\u00edos - Diario del Sur\" \/>\n<meta property=\"og:description\" content=\"El CEER elabor\u00f3 un informe a partir de los datos oficiales del Indec, que da cuenta de los problemas en materia educativa, fundamentalmente en el nivel secundario, con elevados \u00edndices de abandono. Tambi\u00e9n se pone la lupa en las condiciones de habitabilidad. El informe elaborado por el Instituto de Investigaciones Econ\u00f3micas y Sociales del Consejo [&hellip;]\" \/>\n<meta property=\"og:url\" content=\"https:\/\/diariodelsurdigital.com.ar\/?p=1008\" \/>\n<meta property=\"og:site_name\" content=\"Diario del Sur\" \/>\n<meta property=\"article:published_time\" content=\"2025-02-13T19:55:50+00:00\" \/>\n<meta property=\"article:modified_time\" content=\"2025-02-13T19:55:51+00:00\" \/>\n<meta property=\"og:image\" content=\"https:\/\/diariodelsurdigital.com.ar\/wp-content\/uploads\/2025\/02\/md-2025-02-13T165323.949.webp\" \/>\n\t<meta property=\"og:image:width\" content=\"992\" \/>\n\t<meta property=\"og:image:height\" content=\"661\" \/>\n\t<meta property=\"og:image:type\" content=\"image\/webp\" \/>\n<meta name=\"author\" content=\"Diario del Sur Digital\" \/>\n<meta name=\"twitter:card\" content=\"summary_large_image\" \/>\n<meta name=\"twitter:label1\" content=\"Escrito por\" \/>\n\t<meta name=\"twitter:data1\" content=\"Diario del Sur Digital\" \/>\n\t<meta name=\"twitter:label2\" content=\"Tiempo de lectura\" \/>\n\t<meta name=\"twitter:data2\" content=\"8 minutos\" \/>\n<script type=\"application\/ld+json\" class=\"yoast-schema-graph\">{\"@context\":\"https:\\\/\\\/schema.org\",\"@graph\":[{\"@type\":\"Article\",\"@id\":\"https:\\\/\\\/diariodelsurdigital.com.ar\\\/?p=1008#article\",\"isPartOf\":{\"@id\":\"https:\\\/\\\/diariodelsurdigital.com.ar\\\/?p=1008\"},\"author\":{\"name\":\"Diario del Sur Digital\",\"@id\":\"https:\\\/\\\/diariodelsurdigital.com.ar\\\/#\\\/schema\\\/person\\\/1a4992532ed62965c968031b49195c81\"},\"headline\":\"Advierten un \u201cdeterioro en el rendimiento escolar\u201d de los adolescentes de Entre R\u00edos\",\"datePublished\":\"2025-02-13T19:55:50+00:00\",\"dateModified\":\"2025-02-13T19:55:51+00:00\",\"mainEntityOfPage\":{\"@id\":\"https:\\\/\\\/diariodelsurdigital.com.ar\\\/?p=1008\"},\"wordCount\":1684,\"commentCount\":0,\"image\":{\"@id\":\"https:\\\/\\\/diariodelsurdigital.com.ar\\\/?p=1008#primaryimage\"},\"thumbnailUrl\":\"https:\\\/\\\/diariodelsurdigital.com.ar\\\/wp-content\\\/uploads\\\/2025\\\/02\\\/md-2025-02-13T165323.949.webp\",\"articleSection\":[\"Inter\u00e9s General\",\"Provinciales\"],\"inLanguage\":\"es\",\"potentialAction\":[{\"@type\":\"CommentAction\",\"name\":\"Comment\",\"target\":[\"https:\\\/\\\/diariodelsurdigital.com.ar\\\/?p=1008#respond\"]}]},{\"@type\":\"WebPage\",\"@id\":\"https:\\\/\\\/diariodelsurdigital.com.ar\\\/?p=1008\",\"url\":\"https:\\\/\\\/diariodelsurdigital.com.ar\\\/?p=1008\",\"name\":\"Advierten un \u201cdeterioro en el rendimiento escolar\u201d de los adolescentes de Entre R\u00edos - Diario del Sur\",\"isPartOf\":{\"@id\":\"https:\\\/\\\/diariodelsurdigital.com.ar\\\/#website\"},\"primaryImageOfPage\":{\"@id\":\"https:\\\/\\\/diariodelsurdigital.com.ar\\\/?p=1008#primaryimage\"},\"image\":{\"@id\":\"https:\\\/\\\/diariodelsurdigital.com.ar\\\/?p=1008#primaryimage\"},\"thumbnailUrl\":\"https:\\\/\\\/diariodelsurdigital.com.ar\\\/wp-content\\\/uploads\\\/2025\\\/02\\\/md-2025-02-13T165323.949.webp\",\"datePublished\":\"2025-02-13T19:55:50+00:00\",\"dateModified\":\"2025-02-13T19:55:51+00:00\",\"author\":{\"@id\":\"https:\\\/\\\/diariodelsurdigital.com.ar\\\/#\\\/schema\\\/person\\\/1a4992532ed62965c968031b49195c81\"},\"breadcrumb\":{\"@id\":\"https:\\\/\\\/diariodelsurdigital.com.ar\\\/?p=1008#breadcrumb\"},\"inLanguage\":\"es\",\"potentialAction\":[{\"@type\":\"ReadAction\",\"target\":[\"https:\\\/\\\/diariodelsurdigital.com.ar\\\/?p=1008\"]}]},{\"@type\":\"ImageObject\",\"inLanguage\":\"es\",\"@id\":\"https:\\\/\\\/diariodelsurdigital.com.ar\\\/?p=1008#primaryimage\",\"url\":\"https:\\\/\\\/diariodelsurdigital.com.ar\\\/wp-content\\\/uploads\\\/2025\\\/02\\\/md-2025-02-13T165323.949.webp\",\"contentUrl\":\"https:\\\/\\\/diariodelsurdigital.com.ar\\\/wp-content\\\/uploads\\\/2025\\\/02\\\/md-2025-02-13T165323.949.webp\",\"width\":992,\"height\":661},{\"@type\":\"BreadcrumbList\",\"@id\":\"https:\\\/\\\/diariodelsurdigital.com.ar\\\/?p=1008#breadcrumb\",\"itemListElement\":[{\"@type\":\"ListItem\",\"position\":1,\"name\":\"Portada\",\"item\":\"https:\\\/\\\/diariodelsurdigital.com.ar\\\/\"},{\"@type\":\"ListItem\",\"position\":2,\"name\":\"Advierten un \u201cdeterioro en el rendimiento escolar\u201d de los adolescentes de Entre R\u00edos\"}]},{\"@type\":\"WebSite\",\"@id\":\"https:\\\/\\\/diariodelsurdigital.com.ar\\\/#website\",\"url\":\"https:\\\/\\\/diariodelsurdigital.com.ar\\\/\",\"name\":\"Diario del Sur\",\"description\":\"Digital\",\"potentialAction\":[{\"@type\":\"SearchAction\",\"target\":{\"@type\":\"EntryPoint\",\"urlTemplate\":\"https:\\\/\\\/diariodelsurdigital.com.ar\\\/?s={search_term_string}\"},\"query-input\":{\"@type\":\"PropertyValueSpecification\",\"valueRequired\":true,\"valueName\":\"search_term_string\"}}],\"inLanguage\":\"es\"},{\"@type\":\"Person\",\"@id\":\"https:\\\/\\\/diariodelsurdigital.com.ar\\\/#\\\/schema\\\/person\\\/1a4992532ed62965c968031b49195c81\",\"name\":\"Diario del Sur Digital\",\"image\":{\"@type\":\"ImageObject\",\"inLanguage\":\"es\",\"@id\":\"https:\\\/\\\/secure.gravatar.com\\\/avatar\\\/f0c7c47fc7146d19828273b9b8eda651c9c7ab583767e6338d3d3bee825adf76?s=96&d=mm&r=g\",\"url\":\"https:\\\/\\\/secure.gravatar.com\\\/avatar\\\/f0c7c47fc7146d19828273b9b8eda651c9c7ab583767e6338d3d3bee825adf76?s=96&d=mm&r=g\",\"contentUrl\":\"https:\\\/\\\/secure.gravatar.com\\\/avatar\\\/f0c7c47fc7146d19828273b9b8eda651c9c7ab583767e6338d3d3bee825adf76?s=96&d=mm&r=g\",\"caption\":\"Diario del Sur Digital\"},\"url\":\"https:\\\/\\\/diariodelsurdigital.com.ar\\\/?author=4\"}]}<\/script>\n<!-- \/ Yoast SEO plugin. -->","yoast_head_json":{"title":"Advierten un \u201cdeterioro en el rendimiento escolar\u201d de los adolescentes de Entre R\u00edos - Diario del Sur","robots":{"index":"index","follow":"follow","max-snippet":"max-snippet:-1","max-image-preview":"max-image-preview:large","max-video-preview":"max-video-preview:-1"},"canonical":"https:\/\/diariodelsurdigital.com.ar\/?p=1008","og_locale":"es_ES","og_type":"article","og_title":"Advierten un \u201cdeterioro en el rendimiento escolar\u201d de los adolescentes de Entre R\u00edos - Diario del Sur","og_description":"El CEER elabor\u00f3 un informe a partir de los datos oficiales del Indec, que da cuenta de los problemas en materia educativa, fundamentalmente en el nivel secundario, con elevados \u00edndices de abandono. Tambi\u00e9n se pone la lupa en las condiciones de habitabilidad. El informe elaborado por el Instituto de Investigaciones Econ\u00f3micas y Sociales del Consejo [&hellip;]","og_url":"https:\/\/diariodelsurdigital.com.ar\/?p=1008","og_site_name":"Diario del Sur","article_published_time":"2025-02-13T19:55:50+00:00","article_modified_time":"2025-02-13T19:55:51+00:00","og_image":[{"width":992,"height":661,"url":"https:\/\/diariodelsurdigital.com.ar\/wp-content\/uploads\/2025\/02\/md-2025-02-13T165323.949.webp","type":"image\/webp"}],"author":"Diario del Sur Digital","twitter_card":"summary_large_image","twitter_misc":{"Escrito por":"Diario del Sur Digital","Tiempo de lectura":"8 minutos"},"schema":{"@context":"https:\/\/schema.org","@graph":[{"@type":"Article","@id":"https:\/\/diariodelsurdigital.com.ar\/?p=1008#article","isPartOf":{"@id":"https:\/\/diariodelsurdigital.com.ar\/?p=1008"},"author":{"name":"Diario del Sur Digital","@id":"https:\/\/diariodelsurdigital.com.ar\/#\/schema\/person\/1a4992532ed62965c968031b49195c81"},"headline":"Advierten un \u201cdeterioro en el rendimiento escolar\u201d de los adolescentes de Entre R\u00edos","datePublished":"2025-02-13T19:55:50+00:00","dateModified":"2025-02-13T19:55:51+00:00","mainEntityOfPage":{"@id":"https:\/\/diariodelsurdigital.com.ar\/?p=1008"},"wordCount":1684,"commentCount":0,"image":{"@id":"https:\/\/diariodelsurdigital.com.ar\/?p=1008#primaryimage"},"thumbnailUrl":"https:\/\/diariodelsurdigital.com.ar\/wp-content\/uploads\/2025\/02\/md-2025-02-13T165323.949.webp","articleSection":["Inter\u00e9s General","Provinciales"],"inLanguage":"es","potentialAction":[{"@type":"CommentAction","name":"Comment","target":["https:\/\/diariodelsurdigital.com.ar\/?p=1008#respond"]}]},{"@type":"WebPage","@id":"https:\/\/diariodelsurdigital.com.ar\/?p=1008","url":"https:\/\/diariodelsurdigital.com.ar\/?p=1008","name":"Advierten un \u201cdeterioro en el rendimiento escolar\u201d de los adolescentes de Entre R\u00edos - Diario del Sur","isPartOf":{"@id":"https:\/\/diariodelsurdigital.com.ar\/#website"},"primaryImageOfPage":{"@id":"https:\/\/diariodelsurdigital.com.ar\/?p=1008#primaryimage"},"image":{"@id":"https:\/\/diariodelsurdigital.com.ar\/?p=1008#primaryimage"},"thumbnailUrl":"https:\/\/diariodelsurdigital.com.ar\/wp-content\/uploads\/2025\/02\/md-2025-02-13T165323.949.webp","datePublished":"2025-02-13T19:55:50+00:00","dateModified":"2025-02-13T19:55:51+00:00","author":{"@id":"https:\/\/diariodelsurdigital.com.ar\/#\/schema\/person\/1a4992532ed62965c968031b49195c81"},"breadcrumb":{"@id":"https:\/\/diariodelsurdigital.com.ar\/?p=1008#breadcrumb"},"inLanguage":"es","potentialAction":[{"@type":"ReadAction","target":["https:\/\/diariodelsurdigital.com.ar\/?p=1008"]}]},{"@type":"ImageObject","inLanguage":"es","@id":"https:\/\/diariodelsurdigital.com.ar\/?p=1008#primaryimage","url":"https:\/\/diariodelsurdigital.com.ar\/wp-content\/uploads\/2025\/02\/md-2025-02-13T165323.949.webp","contentUrl":"https:\/\/diariodelsurdigital.com.ar\/wp-content\/uploads\/2025\/02\/md-2025-02-13T165323.949.webp","width":992,"height":661},{"@type":"BreadcrumbList","@id":"https:\/\/diariodelsurdigital.com.ar\/?p=1008#breadcrumb","itemListElement":[{"@type":"ListItem","position":1,"name":"Portada","item":"https:\/\/diariodelsurdigital.com.ar\/"},{"@type":"ListItem","position":2,"name":"Advierten un \u201cdeterioro en el rendimiento escolar\u201d de los adolescentes de Entre R\u00edos"}]},{"@type":"WebSite","@id":"https:\/\/diariodelsurdigital.com.ar\/#website","url":"https:\/\/diariodelsurdigital.com.ar\/","name":"Diario del Sur","description":"Digital","potentialAction":[{"@type":"SearchAction","target":{"@type":"EntryPoint","urlTemplate":"https:\/\/diariodelsurdigital.com.ar\/?s={search_term_string}"},"query-input":{"@type":"PropertyValueSpecification","valueRequired":true,"valueName":"search_term_string"}}],"inLanguage":"es"},{"@type":"Person","@id":"https:\/\/diariodelsurdigital.com.ar\/#\/schema\/person\/1a4992532ed62965c968031b49195c81","name":"Diario del Sur Digital","image":{"@type":"ImageObject","inLanguage":"es","@id":"https:\/\/secure.gravatar.com\/avatar\/f0c7c47fc7146d19828273b9b8eda651c9c7ab583767e6338d3d3bee825adf76?s=96&d=mm&r=g","url":"https:\/\/secure.gravatar.com\/avatar\/f0c7c47fc7146d19828273b9b8eda651c9c7ab583767e6338d3d3bee825adf76?s=96&d=mm&r=g","contentUrl":"https:\/\/secure.gravatar.com\/avatar\/f0c7c47fc7146d19828273b9b8eda651c9c7ab583767e6338d3d3bee825adf76?s=96&d=mm&r=g","caption":"Diario del Sur Digital"},"url":"https:\/\/diariodelsurdigital.com.ar\/?author=4"}]}},"_links":{"self":[{"href":"https:\/\/diariodelsurdigital.com.ar\/index.php?rest_route=\/wp\/v2\/posts\/1008","targetHints":{"allow":["GET"]}}],"collection":[{"href":"https:\/\/diariodelsurdigital.com.ar\/index.php?rest_route=\/wp\/v2\/posts"}],"about":[{"href":"https:\/\/diariodelsurdigital.com.ar\/index.php?rest_route=\/wp\/v2\/types\/post"}],"author":[{"embeddable":true,"href":"https:\/\/diariodelsurdigital.com.ar\/index.php?rest_route=\/wp\/v2\/users\/4"}],"replies":[{"embeddable":true,"href":"https:\/\/diariodelsurdigital.com.ar\/index.php?rest_route=%2Fwp%2Fv2%2Fcomments&post=1008"}],"version-history":[{"count":1,"href":"https:\/\/diariodelsurdigital.com.ar\/index.php?rest_route=\/wp\/v2\/posts\/1008\/revisions"}],"predecessor-version":[{"id":1010,"href":"https:\/\/diariodelsurdigital.com.ar\/index.php?rest_route=\/wp\/v2\/posts\/1008\/revisions\/1010"}],"wp:featuredmedia":[{"embeddable":true,"href":"https:\/\/diariodelsurdigital.com.ar\/index.php?rest_route=\/wp\/v2\/media\/1009"}],"wp:attachment":[{"href":"https:\/\/diariodelsurdigital.com.ar\/index.php?rest_route=%2Fwp%2Fv2%2Fmedia&parent=1008"}],"wp:term":[{"taxonomy":"category","embeddable":true,"href":"https:\/\/diariodelsurdigital.com.ar\/index.php?rest_route=%2Fwp%2Fv2%2Fcategories&post=1008"},{"taxonomy":"post_tag","embeddable":true,"href":"https:\/\/diariodelsurdigital.com.ar\/index.php?rest_route=%2Fwp%2Fv2%2Ftags&post=1008"}],"curies":[{"name":"wp","href":"https:\/\/api.w.org\/{rel}","templated":true}]}}