{"id":10081,"date":"2026-09-06T12:41:16","date_gmt":"2026-09-06T15:41:16","guid":{"rendered":"https:\/\/diariodelsurdigital.com.ar\/?p=10081"},"modified":"2026-09-06T12:41:18","modified_gmt":"2026-09-06T15:41:18","slug":"comenzo-a-regir-el-nuevo-regimen-penal-juvenil-baja-a-14-anos-la-edad-de-punibilidad","status":"publish","type":"post","link":"https:\/\/diariodelsurdigital.com.ar\/?p=10081","title":{"rendered":"Comenz\u00f3 a regir el nuevo r\u00e9gimen penal juvenil: baja a 14 a\u00f1os la edad de punibilidad"},"content":{"rendered":"\n<p class=\"wp-block-paragraph\"><strong>El nuevo r\u00e9gimen penal juvenil entrar\u00e1 en vigencia este s\u00e1bado 5 de septiembre. La norma redujo de 16 a 14 a\u00f1os la edad m\u00ednima de responsabilidad penal, estableci\u00f3 condenas m\u00e1ximas de 15 a\u00f1os y cre\u00f3 penas alternativas.<\/strong><\/p>\n\n\n\n<figure class=\"wp-block-image is-resized\"><img decoding=\"async\" src=\"https:\/\/cdnartic.ar\/Xb7XW3AEaQtkVFen8SZ26obxUXk=\/1500x0\/filters:no_upscale():format(webp):quality(75)\/https:\/\/elheraldocdn.eleco.com.ar\/media\/2026\/09\/nuevo_regimen_penal_juvenil.webp\" alt=\"Comenz\u00f3 a regir el nuevo r\u00e9gimen penal juvenil: baja a 14 a\u00f1os la edad de punibilidad\" style=\"aspect-ratio:1.7777777777777777;width:1280px;height:auto\"\/><\/figure>\n\n\n\n<p class=\"wp-block-paragraph\">El nuevo r\u00e9gimen penal juvenil entrar\u00e1 en vigencia este s\u00e1bado 5 de septiembre en la Argentina y permitir\u00e1 juzgar a adolescentes desde los 14 a\u00f1os por delitos contemplados en el C\u00f3digo Penal o en leyes especiales. Hasta ahora, la edad m\u00ednima de punibilidad estaba establecida en 16 a\u00f1os.<br>La Ley 27.801 fue sancionada por el Congreso el 27 de febrero de 2026 y publicada en el Bolet\u00edn Oficial el 9 de marzo. Su art\u00edculo 52 determin\u00f3 que comenzar\u00eda a regir 180 d\u00edas despu\u00e9s de esa publicaci\u00f3n, plazo que se cumplir\u00e1 este s\u00e1bado. La normativa reemplazar\u00e1 el r\u00e9gimen de la Ley 22.278, vigente desde 1980.<br>La legislaci\u00f3n alcanzar\u00e1 a quienes tengan desde 14 a\u00f1os hasta las cero horas del d\u00eda en que cumplan 18, tomando como referencia la edad que ten\u00edan al momento de cometer el hecho. El nuevo esquema prohibi\u00f3 las condenas a prisi\u00f3n perpetua y fij\u00f3 un m\u00e1ximo de 15 a\u00f1os de privaci\u00f3n de la libertad.<br>El r\u00e9gimen estableci\u00f3 diferentes sanciones que los jueces podr\u00e1n aplicar seg\u00fan el delito, las circunstancias del hecho y la situaci\u00f3n particular del adolescente. Entre ellas se encuentran:<br>Cuando la pena prevista para el delito sea de hasta tres a\u00f1os de prisi\u00f3n y se cumplan los requisitos establecidos por el C\u00f3digo Penal, la privaci\u00f3n de la libertad deber\u00e1 reemplazarse por alguna de las sanciones alternativas.<br>Si la condena prevista supera los tres a\u00f1os y llega hasta un m\u00e1ximo de diez, el tribunal tambi\u00e9n podr\u00e1 disponer una pena alternativa. Esta posibilidad no se aplicar\u00e1 cuando el delito haya causado la muerte de la v\u00edctima, involucrado violencia f\u00edsica o ps\u00edquica grave o cuando el adolescente tenga condenas u otros procesos en tr\u00e1mite con resoluci\u00f3n firme.<\/p>\n\n\n\n<p class=\"wp-block-paragraph\"><strong>Educaci\u00f3n y resocializaci\u00f3n<\/strong><br>La ley indic\u00f3 que su finalidad ser\u00e1 \u201cfomentar en el adolescente imputado el sentido de la responsabilidad legal por sus actos y lograr su educaci\u00f3n, resocializaci\u00f3n e integraci\u00f3n social\u201d.<br>Adem\u00e1s de la pena, los jueces deber\u00e1n establecer medidas destinadas a garantizar la continuidad educativa, la formaci\u00f3n ciudadana, la capacitaci\u00f3n laboral y la participaci\u00f3n en programas deportivos, recreativos o culturales.<br>Tambi\u00e9n podr\u00e1n ordenar el acompa\u00f1amiento de equipos interdisciplinarios, tratamientos m\u00e9dicos o psicol\u00f3gicos, controles peri\u00f3dicos y medidas relacionadas con consumos problem\u00e1ticos. El cumplimiento de estas disposiciones quedar\u00e1 bajo supervisi\u00f3n judicial.<br>\u201cEn todos los casos, se deber\u00e1n imponer al adolescente, conjuntamente, medidas espec\u00edficas tendientes a desarrollar su educaci\u00f3n, el trabajo y la conciencia de la gravedad del hecho cometido, con vistas a lograr su resocializaci\u00f3n y desarrollo de su vida\u201d, determin\u00f3 la norma.<\/p>\n\n\n\n<p class=\"wp-block-paragraph\"><strong>C\u00f3mo ser\u00e1 la privaci\u00f3n de la libertad<\/strong><br>Los adolescentes detenidos deber\u00e1n ser alojados en dependencias especialmente acondicionadas y atendidas por personal capacitado. La ley prohibi\u00f3 que compartan alojamiento o mantengan contacto con personas mayores de edad privadas de su libertad.<br>Las instituciones especializadas deber\u00e1n ofrecer asistencia m\u00e9dica y psicol\u00f3gica, educaci\u00f3n, capacitaci\u00f3n laboral y actividades deportivas, culturales y recreativas. La detenci\u00f3n deber\u00e1 orientarse a la formaci\u00f3n, resocializaci\u00f3n y reinserci\u00f3n social.<br>Cuando un adolescente condenado haya cumplido dos tercios de la pena y re\u00fana las condiciones para acceder a la libertad condicional, el tribunal podr\u00e1 permitir que complete la sentencia mediante otras sanciones previstas en la ley.<br>Antes de adoptar esa decisi\u00f3n, la Justicia deber\u00e1 contar con un dictamen pericial favorable, la conformidad del Ministerio P\u00fablico Fiscal y la opini\u00f3n de la v\u00edctima.<\/p>\n\n\n\n<p class=\"wp-block-paragraph\"><strong>Protecci\u00f3n de la identidad y responsabilidad de los padres<\/strong><br>El proceso judicial tendr\u00e1 car\u00e1cter reservado. La ley prohibi\u00f3 publicar nombres, apodos, fotograf\u00edas, parentescos, lugares de residencia o cualquier informaci\u00f3n que permita identificar al adolescente imputado, salvo que renuncie expresamente a ese derecho.<br>Los padres o responsables deber\u00e1n ser informados sobre la imputaci\u00f3n y los actos procesales. Adem\u00e1s, los progenitores ser\u00e1n civilmente responsables por los il\u00edcitos cometidos por sus hijos, de acuerdo con el C\u00f3digo Civil y Comercial.<\/p>\n\n\n\n<p class=\"wp-block-paragraph\">La normativa tambi\u00e9n reconoci\u00f3 derechos espec\u00edficos para las v\u00edctimas, entre ellos recibir asistencia especializada, acceder gratuitamente a patrocinio jur\u00eddico cuando no puedan solventarlo y participar voluntariamente en instancias de mediaci\u00f3n.<br>Ante el incumplimiento injustificado de una pena alternativa, el juez deber\u00e1 reemplazarla por otra sanci\u00f3n m\u00e1s severa. El control de la implementaci\u00f3n del nuevo r\u00e9gimen estar\u00e1 a cargo del Poder Ejecutivo nacional, mientras que las provincias deber\u00e1n adecuar sus procedimientos y estructuras a los lineamientos establecidos.<\/p>\n\n\n\n<p class=\"wp-block-paragraph\">Fuente: El Heraldo<\/p>\n","protected":false},"excerpt":{"rendered":"<p>El nuevo r\u00e9gimen penal juvenil entrar\u00e1 en vigencia este s\u00e1bado 5 de septiembre. La norma redujo de 16 a 14 a\u00f1os la edad m\u00ednima de responsabilidad penal, estableci\u00f3 condenas m\u00e1ximas de 15 a\u00f1os y cre\u00f3 penas alternativas. El nuevo r\u00e9gimen penal juvenil entrar\u00e1 en vigencia este s\u00e1bado 5 de septiembre en la Argentina y permitir\u00e1 [&hellip;]<\/p>\n","protected":false},"author":3,"featured_media":10082,"comment_status":"open","ping_status":"open","sticky":false,"template":"","format":"standard","meta":{"_jetpack_memberships_contains_paid_content":false,"footnotes":""},"categories":[19],"tags":[],"class_list":["post-10081","post","type-post","status-publish","format-standard","has-post-thumbnail","category-interes-general"],"yoast_head":"<!-- This site is optimized with the Yoast SEO plugin v27.6 - https:\/\/yoast.com\/product\/yoast-seo-wordpress\/ -->\n<title>Comenz\u00f3 a regir el nuevo r\u00e9gimen penal juvenil: baja a 14 a\u00f1os la edad de punibilidad - Diario del Sur<\/title>\n<meta name=\"robots\" content=\"index, follow, max-snippet:-1, max-image-preview:large, max-video-preview:-1\" \/>\n<link rel=\"canonical\" href=\"https:\/\/diariodelsurdigital.com.ar\/?p=10081\" \/>\n<meta property=\"og:locale\" content=\"es_ES\" \/>\n<meta property=\"og:type\" content=\"article\" \/>\n<meta property=\"og:title\" content=\"Comenz\u00f3 a regir el nuevo r\u00e9gimen penal juvenil: baja a 14 a\u00f1os la edad de punibilidad - Diario del Sur\" \/>\n<meta property=\"og:description\" content=\"El nuevo r\u00e9gimen penal juvenil entrar\u00e1 en vigencia este s\u00e1bado 5 de septiembre. La norma redujo de 16 a 14 a\u00f1os la edad m\u00ednima de responsabilidad penal, estableci\u00f3 condenas m\u00e1ximas de 15 a\u00f1os y cre\u00f3 penas alternativas. El nuevo r\u00e9gimen penal juvenil entrar\u00e1 en vigencia este s\u00e1bado 5 de septiembre en la Argentina y permitir\u00e1 [&hellip;]\" \/>\n<meta property=\"og:url\" content=\"https:\/\/diariodelsurdigital.com.ar\/?p=10081\" \/>\n<meta property=\"og:site_name\" content=\"Diario del Sur\" \/>\n<meta property=\"article:published_time\" content=\"2026-09-06T15:41:16+00:00\" \/>\n<meta property=\"article:modified_time\" content=\"2026-09-06T15:41:18+00:00\" \/>\n<meta property=\"og:image\" content=\"https:\/\/diariodelsurdigital.com.ar\/wp-content\/uploads\/2026\/09\/nuevo_regimen_penal_juvenil.webp\" \/>\n\t<meta property=\"og:image:width\" content=\"535\" \/>\n\t<meta property=\"og:image:height\" content=\"401\" \/>\n\t<meta property=\"og:image:type\" content=\"image\/webp\" \/>\n<meta name=\"author\" content=\"Diario del Sur Digital\" \/>\n<meta name=\"twitter:card\" content=\"summary_large_image\" \/>\n<meta name=\"twitter:label1\" content=\"Escrito por\" \/>\n\t<meta name=\"twitter:data1\" content=\"Diario del Sur Digital\" \/>\n\t<meta name=\"twitter:label2\" content=\"Tiempo de lectura\" \/>\n\t<meta name=\"twitter:data2\" content=\"4 minutos\" \/>\n<script type=\"application\/ld+json\" class=\"yoast-schema-graph\">{\"@context\":\"https:\\\/\\\/schema.org\",\"@graph\":[{\"@type\":\"Article\",\"@id\":\"https:\\\/\\\/diariodelsurdigital.com.ar\\\/?p=10081#article\",\"isPartOf\":{\"@id\":\"https:\\\/\\\/diariodelsurdigital.com.ar\\\/?p=10081\"},\"author\":{\"name\":\"Diario del Sur Digital\",\"@id\":\"https:\\\/\\\/diariodelsurdigital.com.ar\\\/#\\\/schema\\\/person\\\/d794acb23337e88c6e4004a39c32be62\"},\"headline\":\"Comenz\u00f3 a regir el nuevo r\u00e9gimen penal juvenil: baja a 14 a\u00f1os la edad de punibilidad\",\"datePublished\":\"2026-09-06T15:41:16+00:00\",\"dateModified\":\"2026-09-06T15:41:18+00:00\",\"mainEntityOfPage\":{\"@id\":\"https:\\\/\\\/diariodelsurdigital.com.ar\\\/?p=10081\"},\"wordCount\":838,\"commentCount\":0,\"image\":{\"@id\":\"https:\\\/\\\/diariodelsurdigital.com.ar\\\/?p=10081#primaryimage\"},\"thumbnailUrl\":\"https:\\\/\\\/diariodelsurdigital.com.ar\\\/wp-content\\\/uploads\\\/2026\\\/09\\\/nuevo_regimen_penal_juvenil.webp\",\"articleSection\":[\"Inter\u00e9s General\"],\"inLanguage\":\"es\",\"potentialAction\":[{\"@type\":\"CommentAction\",\"name\":\"Comment\",\"target\":[\"https:\\\/\\\/diariodelsurdigital.com.ar\\\/?p=10081#respond\"]}]},{\"@type\":\"WebPage\",\"@id\":\"https:\\\/\\\/diariodelsurdigital.com.ar\\\/?p=10081\",\"url\":\"https:\\\/\\\/diariodelsurdigital.com.ar\\\/?p=10081\",\"name\":\"Comenz\u00f3 a regir el nuevo r\u00e9gimen penal juvenil: baja a 14 a\u00f1os la edad de punibilidad - Diario del Sur\",\"isPartOf\":{\"@id\":\"https:\\\/\\\/diariodelsurdigital.com.ar\\\/#website\"},\"primaryImageOfPage\":{\"@id\":\"https:\\\/\\\/diariodelsurdigital.com.ar\\\/?p=10081#primaryimage\"},\"image\":{\"@id\":\"https:\\\/\\\/diariodelsurdigital.com.ar\\\/?p=10081#primaryimage\"},\"thumbnailUrl\":\"https:\\\/\\\/diariodelsurdigital.com.ar\\\/wp-content\\\/uploads\\\/2026\\\/09\\\/nuevo_regimen_penal_juvenil.webp\",\"datePublished\":\"2026-09-06T15:41:16+00:00\",\"dateModified\":\"2026-09-06T15:41:18+00:00\",\"author\":{\"@id\":\"https:\\\/\\\/diariodelsurdigital.com.ar\\\/#\\\/schema\\\/person\\\/d794acb23337e88c6e4004a39c32be62\"},\"breadcrumb\":{\"@id\":\"https:\\\/\\\/diariodelsurdigital.com.ar\\\/?p=10081#breadcrumb\"},\"inLanguage\":\"es\",\"potentialAction\":[{\"@type\":\"ReadAction\",\"target\":[\"https:\\\/\\\/diariodelsurdigital.com.ar\\\/?p=10081\"]}]},{\"@type\":\"ImageObject\",\"inLanguage\":\"es\",\"@id\":\"https:\\\/\\\/diariodelsurdigital.com.ar\\\/?p=10081#primaryimage\",\"url\":\"https:\\\/\\\/diariodelsurdigital.com.ar\\\/wp-content\\\/uploads\\\/2026\\\/09\\\/nuevo_regimen_penal_juvenil.webp\",\"contentUrl\":\"https:\\\/\\\/diariodelsurdigital.com.ar\\\/wp-content\\\/uploads\\\/2026\\\/09\\\/nuevo_regimen_penal_juvenil.webp\",\"width\":535,\"height\":401},{\"@type\":\"BreadcrumbList\",\"@id\":\"https:\\\/\\\/diariodelsurdigital.com.ar\\\/?p=10081#breadcrumb\",\"itemListElement\":[{\"@type\":\"ListItem\",\"position\":1,\"name\":\"Portada\",\"item\":\"https:\\\/\\\/diariodelsurdigital.com.ar\\\/\"},{\"@type\":\"ListItem\",\"position\":2,\"name\":\"Comenz\u00f3 a regir el nuevo r\u00e9gimen penal juvenil: baja a 14 a\u00f1os la edad de punibilidad\"}]},{\"@type\":\"WebSite\",\"@id\":\"https:\\\/\\\/diariodelsurdigital.com.ar\\\/#website\",\"url\":\"https:\\\/\\\/diariodelsurdigital.com.ar\\\/\",\"name\":\"Diario del Sur\",\"description\":\"Digital\",\"potentialAction\":[{\"@type\":\"SearchAction\",\"target\":{\"@type\":\"EntryPoint\",\"urlTemplate\":\"https:\\\/\\\/diariodelsurdigital.com.ar\\\/?s={search_term_string}\"},\"query-input\":{\"@type\":\"PropertyValueSpecification\",\"valueRequired\":true,\"valueName\":\"search_term_string\"}}],\"inLanguage\":\"es\"},{\"@type\":\"Person\",\"@id\":\"https:\\\/\\\/diariodelsurdigital.com.ar\\\/#\\\/schema\\\/person\\\/d794acb23337e88c6e4004a39c32be62\",\"name\":\"Diario del Sur Digital\",\"image\":{\"@type\":\"ImageObject\",\"inLanguage\":\"es\",\"@id\":\"https:\\\/\\\/secure.gravatar.com\\\/avatar\\\/47679bcfa15734cfdefc176b6ad58adeeccac22b2e03e095ada6c622af2b463a?s=96&d=mm&r=g\",\"url\":\"https:\\\/\\\/secure.gravatar.com\\\/avatar\\\/47679bcfa15734cfdefc176b6ad58adeeccac22b2e03e095ada6c622af2b463a?s=96&d=mm&r=g\",\"contentUrl\":\"https:\\\/\\\/secure.gravatar.com\\\/avatar\\\/47679bcfa15734cfdefc176b6ad58adeeccac22b2e03e095ada6c622af2b463a?s=96&d=mm&r=g\",\"caption\":\"Diario del Sur Digital\"},\"url\":\"https:\\\/\\\/diariodelsurdigital.com.ar\\\/?author=3\"}]}<\/script>\n<!-- \/ Yoast SEO plugin. -->","yoast_head_json":{"title":"Comenz\u00f3 a regir el nuevo r\u00e9gimen penal juvenil: baja a 14 a\u00f1os la edad de punibilidad - Diario del Sur","robots":{"index":"index","follow":"follow","max-snippet":"max-snippet:-1","max-image-preview":"max-image-preview:large","max-video-preview":"max-video-preview:-1"},"canonical":"https:\/\/diariodelsurdigital.com.ar\/?p=10081","og_locale":"es_ES","og_type":"article","og_title":"Comenz\u00f3 a regir el nuevo r\u00e9gimen penal juvenil: baja a 14 a\u00f1os la edad de punibilidad - Diario del Sur","og_description":"El nuevo r\u00e9gimen penal juvenil entrar\u00e1 en vigencia este s\u00e1bado 5 de septiembre. La norma redujo de 16 a 14 a\u00f1os la edad m\u00ednima de responsabilidad penal, estableci\u00f3 condenas m\u00e1ximas de 15 a\u00f1os y cre\u00f3 penas alternativas. El nuevo r\u00e9gimen penal juvenil entrar\u00e1 en vigencia este s\u00e1bado 5 de septiembre en la Argentina y permitir\u00e1 [&hellip;]","og_url":"https:\/\/diariodelsurdigital.com.ar\/?p=10081","og_site_name":"Diario del Sur","article_published_time":"2026-09-06T15:41:16+00:00","article_modified_time":"2026-09-06T15:41:18+00:00","og_image":[{"width":535,"height":401,"url":"https:\/\/diariodelsurdigital.com.ar\/wp-content\/uploads\/2026\/09\/nuevo_regimen_penal_juvenil.webp","type":"image\/webp"}],"author":"Diario del Sur Digital","twitter_card":"summary_large_image","twitter_misc":{"Escrito por":"Diario del Sur Digital","Tiempo de lectura":"4 minutos"},"schema":{"@context":"https:\/\/schema.org","@graph":[{"@type":"Article","@id":"https:\/\/diariodelsurdigital.com.ar\/?p=10081#article","isPartOf":{"@id":"https:\/\/diariodelsurdigital.com.ar\/?p=10081"},"author":{"name":"Diario del Sur Digital","@id":"https:\/\/diariodelsurdigital.com.ar\/#\/schema\/person\/d794acb23337e88c6e4004a39c32be62"},"headline":"Comenz\u00f3 a regir el nuevo r\u00e9gimen penal juvenil: baja a 14 a\u00f1os la edad de punibilidad","datePublished":"2026-09-06T15:41:16+00:00","dateModified":"2026-09-06T15:41:18+00:00","mainEntityOfPage":{"@id":"https:\/\/diariodelsurdigital.com.ar\/?p=10081"},"wordCount":838,"commentCount":0,"image":{"@id":"https:\/\/diariodelsurdigital.com.ar\/?p=10081#primaryimage"},"thumbnailUrl":"https:\/\/diariodelsurdigital.com.ar\/wp-content\/uploads\/2026\/09\/nuevo_regimen_penal_juvenil.webp","articleSection":["Inter\u00e9s General"],"inLanguage":"es","potentialAction":[{"@type":"CommentAction","name":"Comment","target":["https:\/\/diariodelsurdigital.com.ar\/?p=10081#respond"]}]},{"@type":"WebPage","@id":"https:\/\/diariodelsurdigital.com.ar\/?p=10081","url":"https:\/\/diariodelsurdigital.com.ar\/?p=10081","name":"Comenz\u00f3 a regir el nuevo r\u00e9gimen penal juvenil: baja a 14 a\u00f1os la edad de punibilidad - Diario del Sur","isPartOf":{"@id":"https:\/\/diariodelsurdigital.com.ar\/#website"},"primaryImageOfPage":{"@id":"https:\/\/diariodelsurdigital.com.ar\/?p=10081#primaryimage"},"image":{"@id":"https:\/\/diariodelsurdigital.com.ar\/?p=10081#primaryimage"},"thumbnailUrl":"https:\/\/diariodelsurdigital.com.ar\/wp-content\/uploads\/2026\/09\/nuevo_regimen_penal_juvenil.webp","datePublished":"2026-09-06T15:41:16+00:00","dateModified":"2026-09-06T15:41:18+00:00","author":{"@id":"https:\/\/diariodelsurdigital.com.ar\/#\/schema\/person\/d794acb23337e88c6e4004a39c32be62"},"breadcrumb":{"@id":"https:\/\/diariodelsurdigital.com.ar\/?p=10081#breadcrumb"},"inLanguage":"es","potentialAction":[{"@type":"ReadAction","target":["https:\/\/diariodelsurdigital.com.ar\/?p=10081"]}]},{"@type":"ImageObject","inLanguage":"es","@id":"https:\/\/diariodelsurdigital.com.ar\/?p=10081#primaryimage","url":"https:\/\/diariodelsurdigital.com.ar\/wp-content\/uploads\/2026\/09\/nuevo_regimen_penal_juvenil.webp","contentUrl":"https:\/\/diariodelsurdigital.com.ar\/wp-content\/uploads\/2026\/09\/nuevo_regimen_penal_juvenil.webp","width":535,"height":401},{"@type":"BreadcrumbList","@id":"https:\/\/diariodelsurdigital.com.ar\/?p=10081#breadcrumb","itemListElement":[{"@type":"ListItem","position":1,"name":"Portada","item":"https:\/\/diariodelsurdigital.com.ar\/"},{"@type":"ListItem","position":2,"name":"Comenz\u00f3 a regir el nuevo r\u00e9gimen penal juvenil: baja a 14 a\u00f1os la edad de punibilidad"}]},{"@type":"WebSite","@id":"https:\/\/diariodelsurdigital.com.ar\/#website","url":"https:\/\/diariodelsurdigital.com.ar\/","name":"Diario del Sur","description":"Digital","potentialAction":[{"@type":"SearchAction","target":{"@type":"EntryPoint","urlTemplate":"https:\/\/diariodelsurdigital.com.ar\/?s={search_term_string}"},"query-input":{"@type":"PropertyValueSpecification","valueRequired":true,"valueName":"search_term_string"}}],"inLanguage":"es"},{"@type":"Person","@id":"https:\/\/diariodelsurdigital.com.ar\/#\/schema\/person\/d794acb23337e88c6e4004a39c32be62","name":"Diario del Sur Digital","image":{"@type":"ImageObject","inLanguage":"es","@id":"https:\/\/secure.gravatar.com\/avatar\/47679bcfa15734cfdefc176b6ad58adeeccac22b2e03e095ada6c622af2b463a?s=96&d=mm&r=g","url":"https:\/\/secure.gravatar.com\/avatar\/47679bcfa15734cfdefc176b6ad58adeeccac22b2e03e095ada6c622af2b463a?s=96&d=mm&r=g","contentUrl":"https:\/\/secure.gravatar.com\/avatar\/47679bcfa15734cfdefc176b6ad58adeeccac22b2e03e095ada6c622af2b463a?s=96&d=mm&r=g","caption":"Diario del Sur Digital"},"url":"https:\/\/diariodelsurdigital.com.ar\/?author=3"}]}},"jetpack_featured_media_url":"https:\/\/diariodelsurdigital.com.ar\/wp-content\/uploads\/2026\/09\/nuevo_regimen_penal_juvenil.webp","jetpack_sharing_enabled":true,"_links":{"self":[{"href":"https:\/\/diariodelsurdigital.com.ar\/index.php?rest_route=\/wp\/v2\/posts\/10081","targetHints":{"allow":["GET"]}}],"collection":[{"href":"https:\/\/diariodelsurdigital.com.ar\/index.php?rest_route=\/wp\/v2\/posts"}],"about":[{"href":"https:\/\/diariodelsurdigital.com.ar\/index.php?rest_route=\/wp\/v2\/types\/post"}],"author":[{"embeddable":true,"href":"https:\/\/diariodelsurdigital.com.ar\/index.php?rest_route=\/wp\/v2\/users\/3"}],"replies":[{"embeddable":true,"href":"https:\/\/diariodelsurdigital.com.ar\/index.php?rest_route=%2Fwp%2Fv2%2Fcomments&post=10081"}],"version-history":[{"count":1,"href":"https:\/\/diariodelsurdigital.com.ar\/index.php?rest_route=\/wp\/v2\/posts\/10081\/revisions"}],"predecessor-version":[{"id":10083,"href":"https:\/\/diariodelsurdigital.com.ar\/index.php?rest_route=\/wp\/v2\/posts\/10081\/revisions\/10083"}],"wp:featuredmedia":[{"embeddable":true,"href":"https:\/\/diariodelsurdigital.com.ar\/index.php?rest_route=\/wp\/v2\/media\/10082"}],"wp:attachment":[{"href":"https:\/\/diariodelsurdigital.com.ar\/index.php?rest_route=%2Fwp%2Fv2%2Fmedia&parent=10081"}],"wp:term":[{"taxonomy":"category","embeddable":true,"href":"https:\/\/diariodelsurdigital.com.ar\/index.php?rest_route=%2Fwp%2Fv2%2Fcategories&post=10081"},{"taxonomy":"post_tag","embeddable":true,"href":"https:\/\/diariodelsurdigital.com.ar\/index.php?rest_route=%2Fwp%2Fv2%2Ftags&post=10081"}],"curies":[{"name":"wp","href":"https:\/\/api.w.org\/{rel}","templated":true}]}}