{"id":1016,"date":"2025-02-13T16:59:13","date_gmt":"2025-02-13T19:59:13","guid":{"rendered":"https:\/\/diariodelsurdigital.com.ar\/?p=1016"},"modified":"2025-02-13T16:59:14","modified_gmt":"2025-02-13T19:59:14","slug":"el-gobierno-provincial-presento-una-oferta-salarial-anual-para-los-docentes","status":"publish","type":"post","link":"https:\/\/diariodelsurdigital.com.ar\/?p=1016","title":{"rendered":"El gobierno provincial present\u00f3 una oferta salarial anual para los docentes"},"content":{"rendered":"\n<p>Este jueves, el gobierno present\u00f3 una nueva oferta salarial a los gremios docentes. La propuesta incluye cobertura contra la inflaci\u00f3n anual, incremento del Fondo Provincial de Incentivo Docente y compromiso para trabajar sobre el desachatamiento de la pir\u00e1mide salarial.<\/p>\n\n\n\n<p>Los paritarios del CGE, Bruno Frizzo y Conrado Lamboglia expusieron la oferta del gobierno. \u00abBuscamos dar certezas y previsibilidad. Es un gran esfuerzo el realizado traer esta oferta, en un contexto complejo donde muchos sectores est\u00e1n cerrando paritarias bajo la inflaci\u00f3n, en otros sectores y en otras provincias, que Entre R\u00edos extienda la cobertura de la variaci\u00f3n del IPC hasta fin de a\u00f1o\u00bb, indicaron.<\/p>\n\n\n\n<p>La misma, incluye garantizar la cobertura contra la inflaci\u00f3n, con una actualizaci\u00f3n mes a mes, seg\u00fan el \u00cdndice de Precios al Consumidor del mes anterior, hasta diciembre de 2025, sobre la inflaci\u00f3n del mes inmediato anterior al liquidado.<\/p>\n\n\n\n<p>Adem\u00e1s, establecer un incremento en un 10,7 % del Fondo Provincial de Incentivo Docente y conectividad a liquidar con los salarios del mes de febrero.<\/p>\n\n\n\n<p>Tambi\u00e9n se expres\u00f3 la intenci\u00f3n de avanzar en la implementaci\u00f3n de un boleto docente para transporte urbano con una bonificaci\u00f3n de 50 por ciento. El gobierno destac\u00f3 que \u00abya tiene comprometida la cobertura del c\u00f3digo de transporte para las \u00e1reas no cubiertas por transporte urbano, con lo cual esto viene a completar el mapa de cobertura de traslado para asegurar que los docentes tengan el recurso para movilizarse hasta las escuelas\u00bb.<\/p>\n\n\n\n<p>Por \u00faltimo, se explicit\u00f3 \u00abla intenci\u00f3n y el compromiso\u00bb de que se est\u00e1 trabajando en direcci\u00f3n trabajar para lograr el desachatamiento de la pir\u00e1mide salarial generada durante los \u00faltimos cinco a\u00f1os y continuar la pol\u00edtica de concursos y titularizaciones durante 2025.<\/p>\n\n\n\n<p>Participaron del encuentro el secretario general de AGMER, Marcelo Pagani; por AMET, Carlos Varela; por UDA, Mirta Raya, y por SADOP, Alejandra Frank.&nbsp;<\/p>\n","protected":false},"excerpt":{"rendered":"<p>Este jueves, el gobierno present\u00f3 una nueva oferta salarial a los gremios docentes. La propuesta incluye cobertura contra la inflaci\u00f3n anual, incremento del Fondo Provincial de Incentivo Docente y compromiso para trabajar sobre el desachatamiento de la pir\u00e1mide salarial. Los paritarios del CGE, Bruno Frizzo y Conrado Lamboglia expusieron la oferta del gobierno. \u00abBuscamos dar [&hellip;]<\/p>\n","protected":false},"author":4,"featured_media":1017,"comment_status":"open","ping_status":"open","sticky":false,"template":"","format":"standard","meta":{"footnotes":""},"categories":[19,17],"tags":[],"class_list":{"0":"post-1016","1":"post","2":"type-post","3":"status-publish","4":"format-standard","5":"has-post-thumbnail","7":"category-interes-general","8":"category-provinciales"},"yoast_head":"<!-- This site is optimized with the Yoast SEO plugin v27.4 - https:\/\/yoast.com\/product\/yoast-seo-wordpress\/ -->\n<title>El gobierno provincial present\u00f3 una oferta salarial anual para los docentes - Diario del Sur<\/title>\n<meta name=\"robots\" content=\"index, follow, max-snippet:-1, max-image-preview:large, max-video-preview:-1\" \/>\n<link rel=\"canonical\" href=\"https:\/\/diariodelsurdigital.com.ar\/?p=1016\" \/>\n<meta property=\"og:locale\" content=\"es_ES\" \/>\n<meta property=\"og:type\" content=\"article\" \/>\n<meta property=\"og:title\" content=\"El gobierno provincial present\u00f3 una oferta salarial anual para los docentes - Diario del Sur\" \/>\n<meta property=\"og:description\" content=\"Este jueves, el gobierno present\u00f3 una nueva oferta salarial a los gremios docentes. La propuesta incluye cobertura contra la inflaci\u00f3n anual, incremento del Fondo Provincial de Incentivo Docente y compromiso para trabajar sobre el desachatamiento de la pir\u00e1mide salarial. Los paritarios del CGE, Bruno Frizzo y Conrado Lamboglia expusieron la oferta del gobierno. \u00abBuscamos dar [&hellip;]\" \/>\n<meta property=\"og:url\" content=\"https:\/\/diariodelsurdigital.com.ar\/?p=1016\" \/>\n<meta property=\"og:site_name\" content=\"Diario del Sur\" \/>\n<meta property=\"article:published_time\" content=\"2025-02-13T19:59:13+00:00\" \/>\n<meta property=\"article:modified_time\" content=\"2025-02-13T19:59:14+00:00\" \/>\n<meta property=\"og:image\" content=\"https:\/\/diariodelsurdigital.com.ar\/wp-content\/uploads\/2025\/02\/md-2025-02-13T165800.091.webp\" \/>\n\t<meta property=\"og:image:width\" content=\"992\" \/>\n\t<meta property=\"og:image:height\" content=\"661\" \/>\n\t<meta property=\"og:image:type\" content=\"image\/webp\" \/>\n<meta name=\"author\" content=\"Diario del Sur Digital\" \/>\n<meta name=\"twitter:card\" content=\"summary_large_image\" \/>\n<meta name=\"twitter:label1\" content=\"Escrito por\" \/>\n\t<meta name=\"twitter:data1\" content=\"Diario del Sur Digital\" \/>\n\t<meta name=\"twitter:label2\" content=\"Tiempo de lectura\" \/>\n\t<meta name=\"twitter:data2\" content=\"2 minutos\" \/>\n<script type=\"application\/ld+json\" class=\"yoast-schema-graph\">{\"@context\":\"https:\\\/\\\/schema.org\",\"@graph\":[{\"@type\":\"Article\",\"@id\":\"https:\\\/\\\/diariodelsurdigital.com.ar\\\/?p=1016#article\",\"isPartOf\":{\"@id\":\"https:\\\/\\\/diariodelsurdigital.com.ar\\\/?p=1016\"},\"author\":{\"name\":\"Diario del Sur Digital\",\"@id\":\"https:\\\/\\\/diariodelsurdigital.com.ar\\\/#\\\/schema\\\/person\\\/1a4992532ed62965c968031b49195c81\"},\"headline\":\"El gobierno provincial present\u00f3 una oferta salarial anual para los docentes\",\"datePublished\":\"2025-02-13T19:59:13+00:00\",\"dateModified\":\"2025-02-13T19:59:14+00:00\",\"mainEntityOfPage\":{\"@id\":\"https:\\\/\\\/diariodelsurdigital.com.ar\\\/?p=1016\"},\"wordCount\":330,\"commentCount\":0,\"image\":{\"@id\":\"https:\\\/\\\/diariodelsurdigital.com.ar\\\/?p=1016#primaryimage\"},\"thumbnailUrl\":\"https:\\\/\\\/diariodelsurdigital.com.ar\\\/wp-content\\\/uploads\\\/2025\\\/02\\\/md-2025-02-13T165800.091.webp\",\"articleSection\":[\"Inter\u00e9s General\",\"Provinciales\"],\"inLanguage\":\"es\",\"potentialAction\":[{\"@type\":\"CommentAction\",\"name\":\"Comment\",\"target\":[\"https:\\\/\\\/diariodelsurdigital.com.ar\\\/?p=1016#respond\"]}]},{\"@type\":\"WebPage\",\"@id\":\"https:\\\/\\\/diariodelsurdigital.com.ar\\\/?p=1016\",\"url\":\"https:\\\/\\\/diariodelsurdigital.com.ar\\\/?p=1016\",\"name\":\"El gobierno provincial present\u00f3 una oferta salarial anual para los docentes - Diario del Sur\",\"isPartOf\":{\"@id\":\"https:\\\/\\\/diariodelsurdigital.com.ar\\\/#website\"},\"primaryImageOfPage\":{\"@id\":\"https:\\\/\\\/diariodelsurdigital.com.ar\\\/?p=1016#primaryimage\"},\"image\":{\"@id\":\"https:\\\/\\\/diariodelsurdigital.com.ar\\\/?p=1016#primaryimage\"},\"thumbnailUrl\":\"https:\\\/\\\/diariodelsurdigital.com.ar\\\/wp-content\\\/uploads\\\/2025\\\/02\\\/md-2025-02-13T165800.091.webp\",\"datePublished\":\"2025-02-13T19:59:13+00:00\",\"dateModified\":\"2025-02-13T19:59:14+00:00\",\"author\":{\"@id\":\"https:\\\/\\\/diariodelsurdigital.com.ar\\\/#\\\/schema\\\/person\\\/1a4992532ed62965c968031b49195c81\"},\"breadcrumb\":{\"@id\":\"https:\\\/\\\/diariodelsurdigital.com.ar\\\/?p=1016#breadcrumb\"},\"inLanguage\":\"es\",\"potentialAction\":[{\"@type\":\"ReadAction\",\"target\":[\"https:\\\/\\\/diariodelsurdigital.com.ar\\\/?p=1016\"]}]},{\"@type\":\"ImageObject\",\"inLanguage\":\"es\",\"@id\":\"https:\\\/\\\/diariodelsurdigital.com.ar\\\/?p=1016#primaryimage\",\"url\":\"https:\\\/\\\/diariodelsurdigital.com.ar\\\/wp-content\\\/uploads\\\/2025\\\/02\\\/md-2025-02-13T165800.091.webp\",\"contentUrl\":\"https:\\\/\\\/diariodelsurdigital.com.ar\\\/wp-content\\\/uploads\\\/2025\\\/02\\\/md-2025-02-13T165800.091.webp\",\"width\":992,\"height\":661},{\"@type\":\"BreadcrumbList\",\"@id\":\"https:\\\/\\\/diariodelsurdigital.com.ar\\\/?p=1016#breadcrumb\",\"itemListElement\":[{\"@type\":\"ListItem\",\"position\":1,\"name\":\"Portada\",\"item\":\"https:\\\/\\\/diariodelsurdigital.com.ar\\\/\"},{\"@type\":\"ListItem\",\"position\":2,\"name\":\"El gobierno provincial present\u00f3 una oferta salarial anual para los docentes\"}]},{\"@type\":\"WebSite\",\"@id\":\"https:\\\/\\\/diariodelsurdigital.com.ar\\\/#website\",\"url\":\"https:\\\/\\\/diariodelsurdigital.com.ar\\\/\",\"name\":\"Diario del Sur\",\"description\":\"Digital\",\"potentialAction\":[{\"@type\":\"SearchAction\",\"target\":{\"@type\":\"EntryPoint\",\"urlTemplate\":\"https:\\\/\\\/diariodelsurdigital.com.ar\\\/?s={search_term_string}\"},\"query-input\":{\"@type\":\"PropertyValueSpecification\",\"valueRequired\":true,\"valueName\":\"search_term_string\"}}],\"inLanguage\":\"es\"},{\"@type\":\"Person\",\"@id\":\"https:\\\/\\\/diariodelsurdigital.com.ar\\\/#\\\/schema\\\/person\\\/1a4992532ed62965c968031b49195c81\",\"name\":\"Diario del Sur Digital\",\"image\":{\"@type\":\"ImageObject\",\"inLanguage\":\"es\",\"@id\":\"https:\\\/\\\/secure.gravatar.com\\\/avatar\\\/f0c7c47fc7146d19828273b9b8eda651c9c7ab583767e6338d3d3bee825adf76?s=96&d=mm&r=g\",\"url\":\"https:\\\/\\\/secure.gravatar.com\\\/avatar\\\/f0c7c47fc7146d19828273b9b8eda651c9c7ab583767e6338d3d3bee825adf76?s=96&d=mm&r=g\",\"contentUrl\":\"https:\\\/\\\/secure.gravatar.com\\\/avatar\\\/f0c7c47fc7146d19828273b9b8eda651c9c7ab583767e6338d3d3bee825adf76?s=96&d=mm&r=g\",\"caption\":\"Diario del Sur Digital\"},\"url\":\"https:\\\/\\\/diariodelsurdigital.com.ar\\\/?author=4\"}]}<\/script>\n<!-- \/ Yoast SEO plugin. -->","yoast_head_json":{"title":"El gobierno provincial present\u00f3 una oferta salarial anual para los docentes - Diario del Sur","robots":{"index":"index","follow":"follow","max-snippet":"max-snippet:-1","max-image-preview":"max-image-preview:large","max-video-preview":"max-video-preview:-1"},"canonical":"https:\/\/diariodelsurdigital.com.ar\/?p=1016","og_locale":"es_ES","og_type":"article","og_title":"El gobierno provincial present\u00f3 una oferta salarial anual para los docentes - Diario del Sur","og_description":"Este jueves, el gobierno present\u00f3 una nueva oferta salarial a los gremios docentes. La propuesta incluye cobertura contra la inflaci\u00f3n anual, incremento del Fondo Provincial de Incentivo Docente y compromiso para trabajar sobre el desachatamiento de la pir\u00e1mide salarial. Los paritarios del CGE, Bruno Frizzo y Conrado Lamboglia expusieron la oferta del gobierno. \u00abBuscamos dar [&hellip;]","og_url":"https:\/\/diariodelsurdigital.com.ar\/?p=1016","og_site_name":"Diario del Sur","article_published_time":"2025-02-13T19:59:13+00:00","article_modified_time":"2025-02-13T19:59:14+00:00","og_image":[{"width":992,"height":661,"url":"https:\/\/diariodelsurdigital.com.ar\/wp-content\/uploads\/2025\/02\/md-2025-02-13T165800.091.webp","type":"image\/webp"}],"author":"Diario del Sur Digital","twitter_card":"summary_large_image","twitter_misc":{"Escrito por":"Diario del Sur Digital","Tiempo de lectura":"2 minutos"},"schema":{"@context":"https:\/\/schema.org","@graph":[{"@type":"Article","@id":"https:\/\/diariodelsurdigital.com.ar\/?p=1016#article","isPartOf":{"@id":"https:\/\/diariodelsurdigital.com.ar\/?p=1016"},"author":{"name":"Diario del Sur Digital","@id":"https:\/\/diariodelsurdigital.com.ar\/#\/schema\/person\/1a4992532ed62965c968031b49195c81"},"headline":"El gobierno provincial present\u00f3 una oferta salarial anual para los docentes","datePublished":"2025-02-13T19:59:13+00:00","dateModified":"2025-02-13T19:59:14+00:00","mainEntityOfPage":{"@id":"https:\/\/diariodelsurdigital.com.ar\/?p=1016"},"wordCount":330,"commentCount":0,"image":{"@id":"https:\/\/diariodelsurdigital.com.ar\/?p=1016#primaryimage"},"thumbnailUrl":"https:\/\/diariodelsurdigital.com.ar\/wp-content\/uploads\/2025\/02\/md-2025-02-13T165800.091.webp","articleSection":["Inter\u00e9s General","Provinciales"],"inLanguage":"es","potentialAction":[{"@type":"CommentAction","name":"Comment","target":["https:\/\/diariodelsurdigital.com.ar\/?p=1016#respond"]}]},{"@type":"WebPage","@id":"https:\/\/diariodelsurdigital.com.ar\/?p=1016","url":"https:\/\/diariodelsurdigital.com.ar\/?p=1016","name":"El gobierno provincial present\u00f3 una oferta salarial anual para los docentes - Diario del Sur","isPartOf":{"@id":"https:\/\/diariodelsurdigital.com.ar\/#website"},"primaryImageOfPage":{"@id":"https:\/\/diariodelsurdigital.com.ar\/?p=1016#primaryimage"},"image":{"@id":"https:\/\/diariodelsurdigital.com.ar\/?p=1016#primaryimage"},"thumbnailUrl":"https:\/\/diariodelsurdigital.com.ar\/wp-content\/uploads\/2025\/02\/md-2025-02-13T165800.091.webp","datePublished":"2025-02-13T19:59:13+00:00","dateModified":"2025-02-13T19:59:14+00:00","author":{"@id":"https:\/\/diariodelsurdigital.com.ar\/#\/schema\/person\/1a4992532ed62965c968031b49195c81"},"breadcrumb":{"@id":"https:\/\/diariodelsurdigital.com.ar\/?p=1016#breadcrumb"},"inLanguage":"es","potentialAction":[{"@type":"ReadAction","target":["https:\/\/diariodelsurdigital.com.ar\/?p=1016"]}]},{"@type":"ImageObject","inLanguage":"es","@id":"https:\/\/diariodelsurdigital.com.ar\/?p=1016#primaryimage","url":"https:\/\/diariodelsurdigital.com.ar\/wp-content\/uploads\/2025\/02\/md-2025-02-13T165800.091.webp","contentUrl":"https:\/\/diariodelsurdigital.com.ar\/wp-content\/uploads\/2025\/02\/md-2025-02-13T165800.091.webp","width":992,"height":661},{"@type":"BreadcrumbList","@id":"https:\/\/diariodelsurdigital.com.ar\/?p=1016#breadcrumb","itemListElement":[{"@type":"ListItem","position":1,"name":"Portada","item":"https:\/\/diariodelsurdigital.com.ar\/"},{"@type":"ListItem","position":2,"name":"El gobierno provincial present\u00f3 una oferta salarial anual para los docentes"}]},{"@type":"WebSite","@id":"https:\/\/diariodelsurdigital.com.ar\/#website","url":"https:\/\/diariodelsurdigital.com.ar\/","name":"Diario del Sur","description":"Digital","potentialAction":[{"@type":"SearchAction","target":{"@type":"EntryPoint","urlTemplate":"https:\/\/diariodelsurdigital.com.ar\/?s={search_term_string}"},"query-input":{"@type":"PropertyValueSpecification","valueRequired":true,"valueName":"search_term_string"}}],"inLanguage":"es"},{"@type":"Person","@id":"https:\/\/diariodelsurdigital.com.ar\/#\/schema\/person\/1a4992532ed62965c968031b49195c81","name":"Diario del Sur Digital","image":{"@type":"ImageObject","inLanguage":"es","@id":"https:\/\/secure.gravatar.com\/avatar\/f0c7c47fc7146d19828273b9b8eda651c9c7ab583767e6338d3d3bee825adf76?s=96&d=mm&r=g","url":"https:\/\/secure.gravatar.com\/avatar\/f0c7c47fc7146d19828273b9b8eda651c9c7ab583767e6338d3d3bee825adf76?s=96&d=mm&r=g","contentUrl":"https:\/\/secure.gravatar.com\/avatar\/f0c7c47fc7146d19828273b9b8eda651c9c7ab583767e6338d3d3bee825adf76?s=96&d=mm&r=g","caption":"Diario del Sur Digital"},"url":"https:\/\/diariodelsurdigital.com.ar\/?author=4"}]}},"_links":{"self":[{"href":"https:\/\/diariodelsurdigital.com.ar\/index.php?rest_route=\/wp\/v2\/posts\/1016","targetHints":{"allow":["GET"]}}],"collection":[{"href":"https:\/\/diariodelsurdigital.com.ar\/index.php?rest_route=\/wp\/v2\/posts"}],"about":[{"href":"https:\/\/diariodelsurdigital.com.ar\/index.php?rest_route=\/wp\/v2\/types\/post"}],"author":[{"embeddable":true,"href":"https:\/\/diariodelsurdigital.com.ar\/index.php?rest_route=\/wp\/v2\/users\/4"}],"replies":[{"embeddable":true,"href":"https:\/\/diariodelsurdigital.com.ar\/index.php?rest_route=%2Fwp%2Fv2%2Fcomments&post=1016"}],"version-history":[{"count":1,"href":"https:\/\/diariodelsurdigital.com.ar\/index.php?rest_route=\/wp\/v2\/posts\/1016\/revisions"}],"predecessor-version":[{"id":1018,"href":"https:\/\/diariodelsurdigital.com.ar\/index.php?rest_route=\/wp\/v2\/posts\/1016\/revisions\/1018"}],"wp:featuredmedia":[{"embeddable":true,"href":"https:\/\/diariodelsurdigital.com.ar\/index.php?rest_route=\/wp\/v2\/media\/1017"}],"wp:attachment":[{"href":"https:\/\/diariodelsurdigital.com.ar\/index.php?rest_route=%2Fwp%2Fv2%2Fmedia&parent=1016"}],"wp:term":[{"taxonomy":"category","embeddable":true,"href":"https:\/\/diariodelsurdigital.com.ar\/index.php?rest_route=%2Fwp%2Fv2%2Fcategories&post=1016"},{"taxonomy":"post_tag","embeddable":true,"href":"https:\/\/diariodelsurdigital.com.ar\/index.php?rest_route=%2Fwp%2Fv2%2Ftags&post=1016"}],"curies":[{"name":"wp","href":"https:\/\/api.w.org\/{rel}","templated":true}]}}