{"id":1021,"date":"2025-02-14T15:16:41","date_gmt":"2025-02-14T18:16:41","guid":{"rendered":"https:\/\/diariodelsurdigital.com.ar\/?p=1021"},"modified":"2025-02-14T15:16:42","modified_gmt":"2025-02-14T18:16:42","slug":"la-canasta-basica-de-pobreza-ya-supera-los-1-033-000","status":"publish","type":"post","link":"https:\/\/diariodelsurdigital.com.ar\/?p=1021","title":{"rendered":"La canasta b\u00e1sica de pobreza ya supera los $ 1.033.000"},"content":{"rendered":"\n<p>La cifra corresponde a los gastos m\u00ednimos necesarios para una familia tipo. Ese valor es el que determina la l\u00ednea de pobreza. En enero subi\u00f3 0,9%, seg\u00fan el Indec.<\/p>\n\n\n\n<p><strong>La l\u00ednea de pobreza del mes de enero qued\u00f3 fijada en $ 1.033.716<\/strong>, seg\u00fan la estimaci\u00f3n que realiz\u00f3 el&nbsp;<strong><a href=\"https:\/\/www.indec.gob.ar\/uploads\/informesdeprensa\/canasta_02_25A0110BB32A.pdf\" rel=\"noreferrer noopener\" target=\"_blank\">Indec<\/a><\/strong>&nbsp;sobre los&nbsp;<strong>gastos que necesita una familia tipo&nbsp;<\/strong>compuesta por una pareja y dos hijos peque\u00f1os. En paralelo,&nbsp;<strong>la l\u00ednea de indigencia alcanz\u00f3 los $ 453.384<\/strong>&nbsp;para ese mismo grupo familiar.<\/p>\n\n\n\n<p>Las cifras fueron difundidas por el organismo estad\u00edstico en su informe sobre valorizaci\u00f3n de la&nbsp;<strong>Canasta B\u00e1sica Total (CBT) y la Canasta B\u00e1sica Alimentaria (CBA)<\/strong>, respectivamente<strong>.<\/strong>&nbsp;<strong>En enero, ambas incrementaron su costo en 0,9%, bastante por debajo del \u00edndice de precios al consumidor<\/strong>&nbsp;(IPC), que surge de un relevamiento mucho m\u00e1s amplio y que&nbsp;<a href=\"https:\/\/www.tiempoar.com.ar\/ta_article\/la-inflacion-de-enero-fue-del-22\/\">mostr\u00f3 una suba de 2,2% en el primer mes del a\u00f1o<\/a>.<\/p>\n\n\n\n<p>Con esos n\u00fameros,&nbsp;<strong>el incremento interanual de la Canasta B\u00e1sica Total fue de 73,2%<\/strong>. En el caso de la&nbsp;<strong>Canasta B\u00e1sica Alimentaria, fue de 58,8%<\/strong>. Ambas cifras est\u00e1n bastante&nbsp;<strong>por debajo del 84,5% que subi\u00f3 el IPC.<\/strong><\/p>\n\n\n\n<p>La raz\u00f3n de esta diferencia est\u00e1 en que desde comienzos del a\u00f1o pasado<strong>&nbsp;la suba del rubro Alimentos y bebidas<\/strong>, en el que se concentran los consumos de estas canastas,&nbsp;<strong>fue bastante menor que la de otros sectores<\/strong>, fundamentalmente de los servicios del hogar (gas, electricidad), transporte y comunicaciones. El distinto ritmo al que crecieron en los \u00faltimos 12 meses est\u00e1 vinculado tambi\u00e9n al colch\u00f3n que se hab\u00eda armado durante 2023, cuando se present\u00f3 el fen\u00f3meno inverso y los alimentos eran los que m\u00e1s sub\u00edan, castigando a los sectores de menor poder adquisitivo.<\/p>\n\n\n\n<p><strong>La CBA incluye los alimentos necesarios para cubrir los requerimientos en calor\u00edas y prote\u00ednas imprescindibles para las necesidades de los integrantes del grupo familiar.<\/strong>&nbsp;Las cantidades y tipo de los alimentos se seleccionaron en funci\u00f3n de los h\u00e1bitos de consumo de la poblaci\u00f3n revelados por la Encuesta Nacional de Gastos de los Hogares (ENGHo) que tambi\u00e9n realiza el Indec.<\/p>\n\n\n\n<p>Para el c\u00e1lculo de la CBT se ampl\u00eda ese valor (en una proporci\u00f3n que surge de la ENGHo) para considerar los bienes y servicios no alimentarios de ese grupo.<\/p>\n\n\n\n<p>Cuando la suma de los ingresos familiares no alcanza a cubrir la CBT se considera que todos sus integrantes son pobres. Si no alcanzan el monto de la CBA, se los considera indigentes.<\/p>\n\n\n\n<p>El hecho de que ambas canastas est\u00e1n creciendo por debajo del nivel general de los precios hace que el gobierno tenga expectativas de que los n\u00fameros de pobreza e indigencia hayan mejorado sustancialmente con relaci\u00f3n a los de la primera mitad de 2024, cuando tocaron el 52,9% y el 18,1% respectivamente. Para que la hip\u00f3tesis oficial se concrete habr\u00e1 que esperar a fines de marzo, cuando el Indec terminar\u00e1 de procesar los datos sobre lo ocurrido en esa materia en el segundo semestre del a\u00f1o pasado.<\/p>\n","protected":false},"excerpt":{"rendered":"<p>La cifra corresponde a los gastos m\u00ednimos necesarios para una familia tipo. Ese valor es el que determina la l\u00ednea de pobreza. En enero subi\u00f3 0,9%, seg\u00fan el Indec. La l\u00ednea de pobreza del mes de enero qued\u00f3 fijada en $ 1.033.716, seg\u00fan la estimaci\u00f3n que realiz\u00f3 el&nbsp;Indec&nbsp;sobre los&nbsp;gastos que necesita una familia tipo&nbsp;compuesta por [&hellip;]<\/p>\n","protected":false},"author":4,"featured_media":1022,"comment_status":"open","ping_status":"open","sticky":false,"template":"","format":"standard","meta":{"footnotes":""},"categories":[19,18],"tags":[],"class_list":{"0":"post-1021","1":"post","2":"type-post","3":"status-publish","4":"format-standard","5":"has-post-thumbnail","7":"category-interes-general","8":"category-nacionales"},"yoast_head":"<!-- This site is optimized with the Yoast SEO plugin v27.4 - https:\/\/yoast.com\/product\/yoast-seo-wordpress\/ -->\n<title>La canasta b\u00e1sica de pobreza ya supera los $ 1.033.000 - Diario del Sur<\/title>\n<meta name=\"robots\" content=\"index, follow, max-snippet:-1, max-image-preview:large, max-video-preview:-1\" \/>\n<link rel=\"canonical\" href=\"https:\/\/diariodelsurdigital.com.ar\/?p=1021\" \/>\n<meta property=\"og:locale\" content=\"es_ES\" \/>\n<meta property=\"og:type\" content=\"article\" \/>\n<meta property=\"og:title\" content=\"La canasta b\u00e1sica de pobreza ya supera los $ 1.033.000 - Diario del Sur\" \/>\n<meta property=\"og:description\" content=\"La cifra corresponde a los gastos m\u00ednimos necesarios para una familia tipo. Ese valor es el que determina la l\u00ednea de pobreza. En enero subi\u00f3 0,9%, seg\u00fan el Indec. La l\u00ednea de pobreza del mes de enero qued\u00f3 fijada en $ 1.033.716, seg\u00fan la estimaci\u00f3n que realiz\u00f3 el&nbsp;Indec&nbsp;sobre los&nbsp;gastos que necesita una familia tipo&nbsp;compuesta por [&hellip;]\" \/>\n<meta property=\"og:url\" content=\"https:\/\/diariodelsurdigital.com.ar\/?p=1021\" \/>\n<meta property=\"og:site_name\" content=\"Diario del Sur\" \/>\n<meta property=\"article:published_time\" content=\"2025-02-14T18:16:41+00:00\" \/>\n<meta property=\"article:modified_time\" content=\"2025-02-14T18:16:42+00:00\" \/>\n<meta property=\"og:image\" content=\"https:\/\/diariodelsurdigital.com.ar\/wp-content\/uploads\/2025\/02\/COMEDERO-VILLA-FIORITO_NInOS_POBREZA_ALIMENTOS_SARAPURA_008.jpg\" \/>\n\t<meta property=\"og:image:width\" content=\"1200\" \/>\n\t<meta property=\"og:image:height\" content=\"800\" \/>\n\t<meta property=\"og:image:type\" content=\"image\/jpeg\" \/>\n<meta name=\"author\" content=\"Diario del Sur Digital\" \/>\n<meta name=\"twitter:card\" content=\"summary_large_image\" \/>\n<meta name=\"twitter:label1\" content=\"Escrito por\" \/>\n\t<meta name=\"twitter:data1\" content=\"Diario del Sur Digital\" \/>\n\t<meta name=\"twitter:label2\" content=\"Tiempo de lectura\" \/>\n\t<meta name=\"twitter:data2\" content=\"3 minutos\" \/>\n<script type=\"application\/ld+json\" class=\"yoast-schema-graph\">{\"@context\":\"https:\\\/\\\/schema.org\",\"@graph\":[{\"@type\":\"Article\",\"@id\":\"https:\\\/\\\/diariodelsurdigital.com.ar\\\/?p=1021#article\",\"isPartOf\":{\"@id\":\"https:\\\/\\\/diariodelsurdigital.com.ar\\\/?p=1021\"},\"author\":{\"name\":\"Diario del Sur Digital\",\"@id\":\"https:\\\/\\\/diariodelsurdigital.com.ar\\\/#\\\/schema\\\/person\\\/1a4992532ed62965c968031b49195c81\"},\"headline\":\"La canasta b\u00e1sica de pobreza ya supera los $ 1.033.000\",\"datePublished\":\"2025-02-14T18:16:41+00:00\",\"dateModified\":\"2025-02-14T18:16:42+00:00\",\"mainEntityOfPage\":{\"@id\":\"https:\\\/\\\/diariodelsurdigital.com.ar\\\/?p=1021\"},\"wordCount\":532,\"commentCount\":0,\"image\":{\"@id\":\"https:\\\/\\\/diariodelsurdigital.com.ar\\\/?p=1021#primaryimage\"},\"thumbnailUrl\":\"https:\\\/\\\/diariodelsurdigital.com.ar\\\/wp-content\\\/uploads\\\/2025\\\/02\\\/COMEDERO-VILLA-FIORITO_NInOS_POBREZA_ALIMENTOS_SARAPURA_008.jpg\",\"articleSection\":[\"Inter\u00e9s General\",\"Nacionales\"],\"inLanguage\":\"es\",\"potentialAction\":[{\"@type\":\"CommentAction\",\"name\":\"Comment\",\"target\":[\"https:\\\/\\\/diariodelsurdigital.com.ar\\\/?p=1021#respond\"]}]},{\"@type\":\"WebPage\",\"@id\":\"https:\\\/\\\/diariodelsurdigital.com.ar\\\/?p=1021\",\"url\":\"https:\\\/\\\/diariodelsurdigital.com.ar\\\/?p=1021\",\"name\":\"La canasta b\u00e1sica de pobreza ya supera los $ 1.033.000 - Diario del Sur\",\"isPartOf\":{\"@id\":\"https:\\\/\\\/diariodelsurdigital.com.ar\\\/#website\"},\"primaryImageOfPage\":{\"@id\":\"https:\\\/\\\/diariodelsurdigital.com.ar\\\/?p=1021#primaryimage\"},\"image\":{\"@id\":\"https:\\\/\\\/diariodelsurdigital.com.ar\\\/?p=1021#primaryimage\"},\"thumbnailUrl\":\"https:\\\/\\\/diariodelsurdigital.com.ar\\\/wp-content\\\/uploads\\\/2025\\\/02\\\/COMEDERO-VILLA-FIORITO_NInOS_POBREZA_ALIMENTOS_SARAPURA_008.jpg\",\"datePublished\":\"2025-02-14T18:16:41+00:00\",\"dateModified\":\"2025-02-14T18:16:42+00:00\",\"author\":{\"@id\":\"https:\\\/\\\/diariodelsurdigital.com.ar\\\/#\\\/schema\\\/person\\\/1a4992532ed62965c968031b49195c81\"},\"breadcrumb\":{\"@id\":\"https:\\\/\\\/diariodelsurdigital.com.ar\\\/?p=1021#breadcrumb\"},\"inLanguage\":\"es\",\"potentialAction\":[{\"@type\":\"ReadAction\",\"target\":[\"https:\\\/\\\/diariodelsurdigital.com.ar\\\/?p=1021\"]}]},{\"@type\":\"ImageObject\",\"inLanguage\":\"es\",\"@id\":\"https:\\\/\\\/diariodelsurdigital.com.ar\\\/?p=1021#primaryimage\",\"url\":\"https:\\\/\\\/diariodelsurdigital.com.ar\\\/wp-content\\\/uploads\\\/2025\\\/02\\\/COMEDERO-VILLA-FIORITO_NInOS_POBREZA_ALIMENTOS_SARAPURA_008.jpg\",\"contentUrl\":\"https:\\\/\\\/diariodelsurdigital.com.ar\\\/wp-content\\\/uploads\\\/2025\\\/02\\\/COMEDERO-VILLA-FIORITO_NInOS_POBREZA_ALIMENTOS_SARAPURA_008.jpg\",\"width\":1200,\"height\":800},{\"@type\":\"BreadcrumbList\",\"@id\":\"https:\\\/\\\/diariodelsurdigital.com.ar\\\/?p=1021#breadcrumb\",\"itemListElement\":[{\"@type\":\"ListItem\",\"position\":1,\"name\":\"Portada\",\"item\":\"https:\\\/\\\/diariodelsurdigital.com.ar\\\/\"},{\"@type\":\"ListItem\",\"position\":2,\"name\":\"La canasta b\u00e1sica de pobreza ya supera los $ 1.033.000\"}]},{\"@type\":\"WebSite\",\"@id\":\"https:\\\/\\\/diariodelsurdigital.com.ar\\\/#website\",\"url\":\"https:\\\/\\\/diariodelsurdigital.com.ar\\\/\",\"name\":\"Diario del Sur\",\"description\":\"Digital\",\"potentialAction\":[{\"@type\":\"SearchAction\",\"target\":{\"@type\":\"EntryPoint\",\"urlTemplate\":\"https:\\\/\\\/diariodelsurdigital.com.ar\\\/?s={search_term_string}\"},\"query-input\":{\"@type\":\"PropertyValueSpecification\",\"valueRequired\":true,\"valueName\":\"search_term_string\"}}],\"inLanguage\":\"es\"},{\"@type\":\"Person\",\"@id\":\"https:\\\/\\\/diariodelsurdigital.com.ar\\\/#\\\/schema\\\/person\\\/1a4992532ed62965c968031b49195c81\",\"name\":\"Diario del Sur Digital\",\"image\":{\"@type\":\"ImageObject\",\"inLanguage\":\"es\",\"@id\":\"https:\\\/\\\/secure.gravatar.com\\\/avatar\\\/f0c7c47fc7146d19828273b9b8eda651c9c7ab583767e6338d3d3bee825adf76?s=96&d=mm&r=g\",\"url\":\"https:\\\/\\\/secure.gravatar.com\\\/avatar\\\/f0c7c47fc7146d19828273b9b8eda651c9c7ab583767e6338d3d3bee825adf76?s=96&d=mm&r=g\",\"contentUrl\":\"https:\\\/\\\/secure.gravatar.com\\\/avatar\\\/f0c7c47fc7146d19828273b9b8eda651c9c7ab583767e6338d3d3bee825adf76?s=96&d=mm&r=g\",\"caption\":\"Diario del Sur Digital\"},\"url\":\"https:\\\/\\\/diariodelsurdigital.com.ar\\\/?author=4\"}]}<\/script>\n<!-- \/ Yoast SEO plugin. -->","yoast_head_json":{"title":"La canasta b\u00e1sica de pobreza ya supera los $ 1.033.000 - Diario del Sur","robots":{"index":"index","follow":"follow","max-snippet":"max-snippet:-1","max-image-preview":"max-image-preview:large","max-video-preview":"max-video-preview:-1"},"canonical":"https:\/\/diariodelsurdigital.com.ar\/?p=1021","og_locale":"es_ES","og_type":"article","og_title":"La canasta b\u00e1sica de pobreza ya supera los $ 1.033.000 - Diario del Sur","og_description":"La cifra corresponde a los gastos m\u00ednimos necesarios para una familia tipo. Ese valor es el que determina la l\u00ednea de pobreza. En enero subi\u00f3 0,9%, seg\u00fan el Indec. La l\u00ednea de pobreza del mes de enero qued\u00f3 fijada en $ 1.033.716, seg\u00fan la estimaci\u00f3n que realiz\u00f3 el&nbsp;Indec&nbsp;sobre los&nbsp;gastos que necesita una familia tipo&nbsp;compuesta por [&hellip;]","og_url":"https:\/\/diariodelsurdigital.com.ar\/?p=1021","og_site_name":"Diario del Sur","article_published_time":"2025-02-14T18:16:41+00:00","article_modified_time":"2025-02-14T18:16:42+00:00","og_image":[{"width":1200,"height":800,"url":"https:\/\/diariodelsurdigital.com.ar\/wp-content\/uploads\/2025\/02\/COMEDERO-VILLA-FIORITO_NInOS_POBREZA_ALIMENTOS_SARAPURA_008.jpg","type":"image\/jpeg"}],"author":"Diario del Sur Digital","twitter_card":"summary_large_image","twitter_misc":{"Escrito por":"Diario del Sur Digital","Tiempo de lectura":"3 minutos"},"schema":{"@context":"https:\/\/schema.org","@graph":[{"@type":"Article","@id":"https:\/\/diariodelsurdigital.com.ar\/?p=1021#article","isPartOf":{"@id":"https:\/\/diariodelsurdigital.com.ar\/?p=1021"},"author":{"name":"Diario del Sur Digital","@id":"https:\/\/diariodelsurdigital.com.ar\/#\/schema\/person\/1a4992532ed62965c968031b49195c81"},"headline":"La canasta b\u00e1sica de pobreza ya supera los $ 1.033.000","datePublished":"2025-02-14T18:16:41+00:00","dateModified":"2025-02-14T18:16:42+00:00","mainEntityOfPage":{"@id":"https:\/\/diariodelsurdigital.com.ar\/?p=1021"},"wordCount":532,"commentCount":0,"image":{"@id":"https:\/\/diariodelsurdigital.com.ar\/?p=1021#primaryimage"},"thumbnailUrl":"https:\/\/diariodelsurdigital.com.ar\/wp-content\/uploads\/2025\/02\/COMEDERO-VILLA-FIORITO_NInOS_POBREZA_ALIMENTOS_SARAPURA_008.jpg","articleSection":["Inter\u00e9s General","Nacionales"],"inLanguage":"es","potentialAction":[{"@type":"CommentAction","name":"Comment","target":["https:\/\/diariodelsurdigital.com.ar\/?p=1021#respond"]}]},{"@type":"WebPage","@id":"https:\/\/diariodelsurdigital.com.ar\/?p=1021","url":"https:\/\/diariodelsurdigital.com.ar\/?p=1021","name":"La canasta b\u00e1sica de pobreza ya supera los $ 1.033.000 - Diario del Sur","isPartOf":{"@id":"https:\/\/diariodelsurdigital.com.ar\/#website"},"primaryImageOfPage":{"@id":"https:\/\/diariodelsurdigital.com.ar\/?p=1021#primaryimage"},"image":{"@id":"https:\/\/diariodelsurdigital.com.ar\/?p=1021#primaryimage"},"thumbnailUrl":"https:\/\/diariodelsurdigital.com.ar\/wp-content\/uploads\/2025\/02\/COMEDERO-VILLA-FIORITO_NInOS_POBREZA_ALIMENTOS_SARAPURA_008.jpg","datePublished":"2025-02-14T18:16:41+00:00","dateModified":"2025-02-14T18:16:42+00:00","author":{"@id":"https:\/\/diariodelsurdigital.com.ar\/#\/schema\/person\/1a4992532ed62965c968031b49195c81"},"breadcrumb":{"@id":"https:\/\/diariodelsurdigital.com.ar\/?p=1021#breadcrumb"},"inLanguage":"es","potentialAction":[{"@type":"ReadAction","target":["https:\/\/diariodelsurdigital.com.ar\/?p=1021"]}]},{"@type":"ImageObject","inLanguage":"es","@id":"https:\/\/diariodelsurdigital.com.ar\/?p=1021#primaryimage","url":"https:\/\/diariodelsurdigital.com.ar\/wp-content\/uploads\/2025\/02\/COMEDERO-VILLA-FIORITO_NInOS_POBREZA_ALIMENTOS_SARAPURA_008.jpg","contentUrl":"https:\/\/diariodelsurdigital.com.ar\/wp-content\/uploads\/2025\/02\/COMEDERO-VILLA-FIORITO_NInOS_POBREZA_ALIMENTOS_SARAPURA_008.jpg","width":1200,"height":800},{"@type":"BreadcrumbList","@id":"https:\/\/diariodelsurdigital.com.ar\/?p=1021#breadcrumb","itemListElement":[{"@type":"ListItem","position":1,"name":"Portada","item":"https:\/\/diariodelsurdigital.com.ar\/"},{"@type":"ListItem","position":2,"name":"La canasta b\u00e1sica de pobreza ya supera los $ 1.033.000"}]},{"@type":"WebSite","@id":"https:\/\/diariodelsurdigital.com.ar\/#website","url":"https:\/\/diariodelsurdigital.com.ar\/","name":"Diario del Sur","description":"Digital","potentialAction":[{"@type":"SearchAction","target":{"@type":"EntryPoint","urlTemplate":"https:\/\/diariodelsurdigital.com.ar\/?s={search_term_string}"},"query-input":{"@type":"PropertyValueSpecification","valueRequired":true,"valueName":"search_term_string"}}],"inLanguage":"es"},{"@type":"Person","@id":"https:\/\/diariodelsurdigital.com.ar\/#\/schema\/person\/1a4992532ed62965c968031b49195c81","name":"Diario del Sur Digital","image":{"@type":"ImageObject","inLanguage":"es","@id":"https:\/\/secure.gravatar.com\/avatar\/f0c7c47fc7146d19828273b9b8eda651c9c7ab583767e6338d3d3bee825adf76?s=96&d=mm&r=g","url":"https:\/\/secure.gravatar.com\/avatar\/f0c7c47fc7146d19828273b9b8eda651c9c7ab583767e6338d3d3bee825adf76?s=96&d=mm&r=g","contentUrl":"https:\/\/secure.gravatar.com\/avatar\/f0c7c47fc7146d19828273b9b8eda651c9c7ab583767e6338d3d3bee825adf76?s=96&d=mm&r=g","caption":"Diario del Sur Digital"},"url":"https:\/\/diariodelsurdigital.com.ar\/?author=4"}]}},"_links":{"self":[{"href":"https:\/\/diariodelsurdigital.com.ar\/index.php?rest_route=\/wp\/v2\/posts\/1021","targetHints":{"allow":["GET"]}}],"collection":[{"href":"https:\/\/diariodelsurdigital.com.ar\/index.php?rest_route=\/wp\/v2\/posts"}],"about":[{"href":"https:\/\/diariodelsurdigital.com.ar\/index.php?rest_route=\/wp\/v2\/types\/post"}],"author":[{"embeddable":true,"href":"https:\/\/diariodelsurdigital.com.ar\/index.php?rest_route=\/wp\/v2\/users\/4"}],"replies":[{"embeddable":true,"href":"https:\/\/diariodelsurdigital.com.ar\/index.php?rest_route=%2Fwp%2Fv2%2Fcomments&post=1021"}],"version-history":[{"count":1,"href":"https:\/\/diariodelsurdigital.com.ar\/index.php?rest_route=\/wp\/v2\/posts\/1021\/revisions"}],"predecessor-version":[{"id":1023,"href":"https:\/\/diariodelsurdigital.com.ar\/index.php?rest_route=\/wp\/v2\/posts\/1021\/revisions\/1023"}],"wp:featuredmedia":[{"embeddable":true,"href":"https:\/\/diariodelsurdigital.com.ar\/index.php?rest_route=\/wp\/v2\/media\/1022"}],"wp:attachment":[{"href":"https:\/\/diariodelsurdigital.com.ar\/index.php?rest_route=%2Fwp%2Fv2%2Fmedia&parent=1021"}],"wp:term":[{"taxonomy":"category","embeddable":true,"href":"https:\/\/diariodelsurdigital.com.ar\/index.php?rest_route=%2Fwp%2Fv2%2Fcategories&post=1021"},{"taxonomy":"post_tag","embeddable":true,"href":"https:\/\/diariodelsurdigital.com.ar\/index.php?rest_route=%2Fwp%2Fv2%2Ftags&post=1021"}],"curies":[{"name":"wp","href":"https:\/\/api.w.org\/{rel}","templated":true}]}}