{"id":1024,"date":"2025-02-14T15:24:59","date_gmt":"2025-02-14T18:24:59","guid":{"rendered":"https:\/\/diariodelsurdigital.com.ar\/?p=1024"},"modified":"2025-02-14T15:25:01","modified_gmt":"2025-02-14T18:25:01","slug":"mas-de-30-sindicatos-denuncian-un-dibujo-oficial-en-la-inflacion-festejada-por-el-gobierno","status":"publish","type":"post","link":"https:\/\/diariodelsurdigital.com.ar\/?p=1024","title":{"rendered":"M\u00e1s de 30 sindicatos denuncian \u201cun dibujo oficial\u201d en la inflaci\u00f3n festejada por el gobierno"},"content":{"rendered":"\n<p>\u201cEl Indec utiliza una metodolog\u00eda de c\u00e1lculo desactualizada\u201d, se\u00f1ala el comunicado de los gremios nucleados en la CGT y la CTA. La metodolog\u00eda para medir los precios y el llamado a la unidad.<\/p>\n\n\n\n<p>Pocas horas despu\u00e9s de que el gobierno difundiera y celebrara el dato de inflaci\u00f3n de enero,\u00a0<strong>36 sindicatos ligados a la CGT y a la CTA salieron a discutir la estad\u00edstica. \u201cEl\u00a0<a href=\"https:\/\/www.indec.gob.ar\/\" target=\"_blank\" rel=\"noreferrer noopener\">Indec<\/a>\u00a0utiliza una metodolog\u00eda de c\u00e1lculo desactualizada\u201d<\/strong>, denuncia el comunicado de los gremios y se\u00f1ala \u00abun desfasaje cercano al 15% (en contra de los salarios) entre los datos oficiales y la inflaci\u00f3n sufrida en 2024\u201d.<\/p>\n\n\n\n<p><strong>Aceiteros, la Asociaci\u00f3n Bancaria, ATE, distintos gremios docentes, sectores de Luz y Fuerza, judiciales, m\u00e9dicos y trabajadores de prensa nucleados en Sipreba<\/strong>&nbsp;son algunos de los firmantes de la carta.&nbsp;<strong>\u201c<a href=\"https:\/\/www.tiempoar.com.ar\/ta_article\/la-canasta-basica-de-pobreza-ya-supera-los-1-033-000\/\" target=\"_blank\" rel=\"noreferrer noopener\">La mayor\u00eda de los trabajadores\/as cada vez est\u00e1n m\u00e1s lejos del Salario M\u00ednimo, Vital y M\u00f3vil (SMVM)<\/a>, aprobado en la Ley de Contrato de Trabajo y en la Constitucional Nacional\u201d,<\/strong>&nbsp;remarca el texto.<\/p>\n\n\n\n<h2 class=\"wp-block-heading\">\u00bfM\u00e1s inflaci\u00f3n? sindicato<\/h2>\n\n\n\n<p>Con ejemplos concretos y distintos argumentos, las organizaciones sindicales explican por qu\u00e9 la inflaci\u00f3n no refleja la realidad de los trabajadores.&nbsp;&nbsp;<strong>\u201cEl gobierno no se atreve a modificarlo porque develar\u00eda que la inflaci\u00f3n es mayor que la publicada\u201d<\/strong>, sostiene.&nbsp;<\/p>\n\n\n\n<figure class=\"wp-block-image\"><img decoding=\"async\" src=\"https:\/\/www.tiempoar.com.ar\/wp-content\/uploads\/2024\/07\/gondolas-precios-inflacion-foto-NA-1024x683.jpg\" alt=\"aumentos sindicatos\" class=\"wp-image-790796\"\/><\/figure>\n\n\n\n<p><em>Foto: NA<\/em><\/p>\n\n\n\n<p>\u201c\u00bfPor qu\u00e9 hay que actualizar la forma de medirla? Porque peri\u00f3dicamente la Encuesta Nacional&nbsp; de Gastos de los hogares (ENGho) revela las variaciones del consumo y su impacto en el c\u00e1lculo de la inflaci\u00f3n. Hace muchos a\u00f1os que no se realiza una modificaci\u00f3n integral y eso genera diferencias cada vez m\u00e1s agudas\u201d, detalla el comunicado que sale a marcar un contrapunto en la agenda econ\u00f3mica y contrasta los datos festejados por el gobierno.&nbsp;<\/p>\n\n\n\n<p>La menci\u00f3n al Salario M\u00ednimo no es casual, sino que es una bandera que sirve para organizar y unir el debate que atraviesa a todos los gremios m\u00e1s all\u00e1 del sector en el que est\u00e9n enmarcados. \u201cPara asegurar alimentaci\u00f3n adecuada, vivienda digna, educaci\u00f3n, vestuario, salud, transporte, esparcimiento, vacaciones y previsi\u00f3n a finales de 2024 un trabajador\/a deb\u00eda percibir&nbsp;<strong>un ingreso bruto m\u00ednimo de $1.900.000 mensuales\u201d,<\/strong>&nbsp;mencionan los gremios y recuerdan que el SMVM tiene rango constitucional.&nbsp;<\/p>\n\n\n\n<figure class=\"wp-block-image\"><img decoding=\"async\" src=\"https:\/\/www.tiempoar.com.ar\/wp-content\/uploads\/2021\/05\/a7a2a073c84d9cb263a7f6b2f6a10dae_BIG-1024x683.jpg\" alt=\"\" class=\"wp-image-79287\"\/><\/figure>\n\n\n\n<p><em>Foto: Indec.gob.ar<\/em><\/p>\n\n\n\n<p><strong>Las distintas organizaciones referenciadas en la CTA y la CGT, adem\u00e1s, marcan un camino y convocan a la unidad contra las pol\u00edticas del gobierno de Javier Milei.&nbsp;<\/strong>\u201cTenemos los datos, las causas que explican las diferencias entre la realidad y el dibujo oficial, y el veredicto de la mayor\u00eda de la poblaci\u00f3n que comprueba mes a mes que no son ciertos los n\u00fameros que se comunican oficialmente. El futuro ya lleg\u00f3. El bolsillo canta claro.&nbsp;<strong>Necesitamos unirnos para reparar esta injusticia\u201d, remarcan los m\u00e1s de 30 firmantes.<\/strong><\/p>\n","protected":false},"excerpt":{"rendered":"<p>\u201cEl Indec utiliza una metodolog\u00eda de c\u00e1lculo desactualizada\u201d, se\u00f1ala el comunicado de los gremios nucleados en la CGT y la CTA. La metodolog\u00eda para medir los precios y el llamado a la unidad. Pocas horas despu\u00e9s de que el gobierno difundiera y celebrara el dato de inflaci\u00f3n de enero,\u00a036 sindicatos ligados a la CGT y [&hellip;]<\/p>\n","protected":false},"author":4,"featured_media":1025,"comment_status":"open","ping_status":"open","sticky":false,"template":"","format":"standard","meta":{"footnotes":""},"categories":[19,18],"tags":[],"class_list":{"0":"post-1024","1":"post","2":"type-post","3":"status-publish","4":"format-standard","5":"has-post-thumbnail","7":"category-interes-general","8":"category-nacionales"},"yoast_head":"<!-- This site is optimized with the Yoast SEO plugin v27.4 - https:\/\/yoast.com\/product\/yoast-seo-wordpress\/ -->\n<title>M\u00e1s de 30 sindicatos denuncian \u201cun dibujo oficial\u201d en la inflaci\u00f3n festejada por el gobierno - Diario del Sur<\/title>\n<meta name=\"robots\" content=\"index, follow, max-snippet:-1, max-image-preview:large, max-video-preview:-1\" \/>\n<link rel=\"canonical\" href=\"https:\/\/diariodelsurdigital.com.ar\/?p=1024\" \/>\n<meta property=\"og:locale\" content=\"es_ES\" \/>\n<meta property=\"og:type\" content=\"article\" \/>\n<meta property=\"og:title\" content=\"M\u00e1s de 30 sindicatos denuncian \u201cun dibujo oficial\u201d en la inflaci\u00f3n festejada por el gobierno - Diario del Sur\" \/>\n<meta property=\"og:description\" content=\"\u201cEl Indec utiliza una metodolog\u00eda de c\u00e1lculo desactualizada\u201d, se\u00f1ala el comunicado de los gremios nucleados en la CGT y la CTA. La metodolog\u00eda para medir los precios y el llamado a la unidad. Pocas horas despu\u00e9s de que el gobierno difundiera y celebrara el dato de inflaci\u00f3n de enero,\u00a036 sindicatos ligados a la CGT y [&hellip;]\" \/>\n<meta property=\"og:url\" content=\"https:\/\/diariodelsurdigital.com.ar\/?p=1024\" \/>\n<meta property=\"og:site_name\" content=\"Diario del Sur\" \/>\n<meta property=\"article:published_time\" content=\"2025-02-14T18:24:59+00:00\" \/>\n<meta property=\"article:modified_time\" content=\"2025-02-14T18:25:01+00:00\" \/>\n<meta property=\"og:image\" content=\"https:\/\/diariodelsurdigital.com.ar\/wp-content\/uploads\/2025\/02\/a7a2a073c84d9cb263a7f6b2f6a10dae_BIG.jpg\" \/>\n\t<meta property=\"og:image:width\" content=\"1200\" \/>\n\t<meta property=\"og:image:height\" content=\"800\" \/>\n\t<meta property=\"og:image:type\" content=\"image\/jpeg\" \/>\n<meta name=\"author\" content=\"Diario del Sur Digital\" \/>\n<meta name=\"twitter:card\" content=\"summary_large_image\" \/>\n<meta name=\"twitter:label1\" content=\"Escrito por\" \/>\n\t<meta name=\"twitter:data1\" content=\"Diario del Sur Digital\" \/>\n\t<meta name=\"twitter:label2\" content=\"Tiempo de lectura\" \/>\n\t<meta name=\"twitter:data2\" content=\"3 minutos\" \/>\n<script type=\"application\/ld+json\" class=\"yoast-schema-graph\">{\"@context\":\"https:\\\/\\\/schema.org\",\"@graph\":[{\"@type\":\"Article\",\"@id\":\"https:\\\/\\\/diariodelsurdigital.com.ar\\\/?p=1024#article\",\"isPartOf\":{\"@id\":\"https:\\\/\\\/diariodelsurdigital.com.ar\\\/?p=1024\"},\"author\":{\"name\":\"Diario del Sur Digital\",\"@id\":\"https:\\\/\\\/diariodelsurdigital.com.ar\\\/#\\\/schema\\\/person\\\/1a4992532ed62965c968031b49195c81\"},\"headline\":\"M\u00e1s de 30 sindicatos denuncian \u201cun dibujo oficial\u201d en la inflaci\u00f3n festejada por el gobierno\",\"datePublished\":\"2025-02-14T18:24:59+00:00\",\"dateModified\":\"2025-02-14T18:25:01+00:00\",\"mainEntityOfPage\":{\"@id\":\"https:\\\/\\\/diariodelsurdigital.com.ar\\\/?p=1024\"},\"wordCount\":517,\"commentCount\":0,\"image\":{\"@id\":\"https:\\\/\\\/diariodelsurdigital.com.ar\\\/?p=1024#primaryimage\"},\"thumbnailUrl\":\"https:\\\/\\\/diariodelsurdigital.com.ar\\\/wp-content\\\/uploads\\\/2025\\\/02\\\/a7a2a073c84d9cb263a7f6b2f6a10dae_BIG.jpg\",\"articleSection\":[\"Inter\u00e9s General\",\"Nacionales\"],\"inLanguage\":\"es\",\"potentialAction\":[{\"@type\":\"CommentAction\",\"name\":\"Comment\",\"target\":[\"https:\\\/\\\/diariodelsurdigital.com.ar\\\/?p=1024#respond\"]}]},{\"@type\":\"WebPage\",\"@id\":\"https:\\\/\\\/diariodelsurdigital.com.ar\\\/?p=1024\",\"url\":\"https:\\\/\\\/diariodelsurdigital.com.ar\\\/?p=1024\",\"name\":\"M\u00e1s de 30 sindicatos denuncian \u201cun dibujo oficial\u201d en la inflaci\u00f3n festejada por el gobierno - Diario del Sur\",\"isPartOf\":{\"@id\":\"https:\\\/\\\/diariodelsurdigital.com.ar\\\/#website\"},\"primaryImageOfPage\":{\"@id\":\"https:\\\/\\\/diariodelsurdigital.com.ar\\\/?p=1024#primaryimage\"},\"image\":{\"@id\":\"https:\\\/\\\/diariodelsurdigital.com.ar\\\/?p=1024#primaryimage\"},\"thumbnailUrl\":\"https:\\\/\\\/diariodelsurdigital.com.ar\\\/wp-content\\\/uploads\\\/2025\\\/02\\\/a7a2a073c84d9cb263a7f6b2f6a10dae_BIG.jpg\",\"datePublished\":\"2025-02-14T18:24:59+00:00\",\"dateModified\":\"2025-02-14T18:25:01+00:00\",\"author\":{\"@id\":\"https:\\\/\\\/diariodelsurdigital.com.ar\\\/#\\\/schema\\\/person\\\/1a4992532ed62965c968031b49195c81\"},\"breadcrumb\":{\"@id\":\"https:\\\/\\\/diariodelsurdigital.com.ar\\\/?p=1024#breadcrumb\"},\"inLanguage\":\"es\",\"potentialAction\":[{\"@type\":\"ReadAction\",\"target\":[\"https:\\\/\\\/diariodelsurdigital.com.ar\\\/?p=1024\"]}]},{\"@type\":\"ImageObject\",\"inLanguage\":\"es\",\"@id\":\"https:\\\/\\\/diariodelsurdigital.com.ar\\\/?p=1024#primaryimage\",\"url\":\"https:\\\/\\\/diariodelsurdigital.com.ar\\\/wp-content\\\/uploads\\\/2025\\\/02\\\/a7a2a073c84d9cb263a7f6b2f6a10dae_BIG.jpg\",\"contentUrl\":\"https:\\\/\\\/diariodelsurdigital.com.ar\\\/wp-content\\\/uploads\\\/2025\\\/02\\\/a7a2a073c84d9cb263a7f6b2f6a10dae_BIG.jpg\",\"width\":1200,\"height\":800},{\"@type\":\"BreadcrumbList\",\"@id\":\"https:\\\/\\\/diariodelsurdigital.com.ar\\\/?p=1024#breadcrumb\",\"itemListElement\":[{\"@type\":\"ListItem\",\"position\":1,\"name\":\"Portada\",\"item\":\"https:\\\/\\\/diariodelsurdigital.com.ar\\\/\"},{\"@type\":\"ListItem\",\"position\":2,\"name\":\"M\u00e1s de 30 sindicatos denuncian \u201cun dibujo oficial\u201d en la inflaci\u00f3n festejada por el gobierno\"}]},{\"@type\":\"WebSite\",\"@id\":\"https:\\\/\\\/diariodelsurdigital.com.ar\\\/#website\",\"url\":\"https:\\\/\\\/diariodelsurdigital.com.ar\\\/\",\"name\":\"Diario del Sur\",\"description\":\"Digital\",\"potentialAction\":[{\"@type\":\"SearchAction\",\"target\":{\"@type\":\"EntryPoint\",\"urlTemplate\":\"https:\\\/\\\/diariodelsurdigital.com.ar\\\/?s={search_term_string}\"},\"query-input\":{\"@type\":\"PropertyValueSpecification\",\"valueRequired\":true,\"valueName\":\"search_term_string\"}}],\"inLanguage\":\"es\"},{\"@type\":\"Person\",\"@id\":\"https:\\\/\\\/diariodelsurdigital.com.ar\\\/#\\\/schema\\\/person\\\/1a4992532ed62965c968031b49195c81\",\"name\":\"Diario del Sur Digital\",\"image\":{\"@type\":\"ImageObject\",\"inLanguage\":\"es\",\"@id\":\"https:\\\/\\\/secure.gravatar.com\\\/avatar\\\/f0c7c47fc7146d19828273b9b8eda651c9c7ab583767e6338d3d3bee825adf76?s=96&d=mm&r=g\",\"url\":\"https:\\\/\\\/secure.gravatar.com\\\/avatar\\\/f0c7c47fc7146d19828273b9b8eda651c9c7ab583767e6338d3d3bee825adf76?s=96&d=mm&r=g\",\"contentUrl\":\"https:\\\/\\\/secure.gravatar.com\\\/avatar\\\/f0c7c47fc7146d19828273b9b8eda651c9c7ab583767e6338d3d3bee825adf76?s=96&d=mm&r=g\",\"caption\":\"Diario del Sur Digital\"},\"url\":\"https:\\\/\\\/diariodelsurdigital.com.ar\\\/?author=4\"}]}<\/script>\n<!-- \/ Yoast SEO plugin. -->","yoast_head_json":{"title":"M\u00e1s de 30 sindicatos denuncian \u201cun dibujo oficial\u201d en la inflaci\u00f3n festejada por el gobierno - Diario del Sur","robots":{"index":"index","follow":"follow","max-snippet":"max-snippet:-1","max-image-preview":"max-image-preview:large","max-video-preview":"max-video-preview:-1"},"canonical":"https:\/\/diariodelsurdigital.com.ar\/?p=1024","og_locale":"es_ES","og_type":"article","og_title":"M\u00e1s de 30 sindicatos denuncian \u201cun dibujo oficial\u201d en la inflaci\u00f3n festejada por el gobierno - Diario del Sur","og_description":"\u201cEl Indec utiliza una metodolog\u00eda de c\u00e1lculo desactualizada\u201d, se\u00f1ala el comunicado de los gremios nucleados en la CGT y la CTA. La metodolog\u00eda para medir los precios y el llamado a la unidad. Pocas horas despu\u00e9s de que el gobierno difundiera y celebrara el dato de inflaci\u00f3n de enero,\u00a036 sindicatos ligados a la CGT y [&hellip;]","og_url":"https:\/\/diariodelsurdigital.com.ar\/?p=1024","og_site_name":"Diario del Sur","article_published_time":"2025-02-14T18:24:59+00:00","article_modified_time":"2025-02-14T18:25:01+00:00","og_image":[{"width":1200,"height":800,"url":"https:\/\/diariodelsurdigital.com.ar\/wp-content\/uploads\/2025\/02\/a7a2a073c84d9cb263a7f6b2f6a10dae_BIG.jpg","type":"image\/jpeg"}],"author":"Diario del Sur Digital","twitter_card":"summary_large_image","twitter_misc":{"Escrito por":"Diario del Sur Digital","Tiempo de lectura":"3 minutos"},"schema":{"@context":"https:\/\/schema.org","@graph":[{"@type":"Article","@id":"https:\/\/diariodelsurdigital.com.ar\/?p=1024#article","isPartOf":{"@id":"https:\/\/diariodelsurdigital.com.ar\/?p=1024"},"author":{"name":"Diario del Sur Digital","@id":"https:\/\/diariodelsurdigital.com.ar\/#\/schema\/person\/1a4992532ed62965c968031b49195c81"},"headline":"M\u00e1s de 30 sindicatos denuncian \u201cun dibujo oficial\u201d en la inflaci\u00f3n festejada por el gobierno","datePublished":"2025-02-14T18:24:59+00:00","dateModified":"2025-02-14T18:25:01+00:00","mainEntityOfPage":{"@id":"https:\/\/diariodelsurdigital.com.ar\/?p=1024"},"wordCount":517,"commentCount":0,"image":{"@id":"https:\/\/diariodelsurdigital.com.ar\/?p=1024#primaryimage"},"thumbnailUrl":"https:\/\/diariodelsurdigital.com.ar\/wp-content\/uploads\/2025\/02\/a7a2a073c84d9cb263a7f6b2f6a10dae_BIG.jpg","articleSection":["Inter\u00e9s General","Nacionales"],"inLanguage":"es","potentialAction":[{"@type":"CommentAction","name":"Comment","target":["https:\/\/diariodelsurdigital.com.ar\/?p=1024#respond"]}]},{"@type":"WebPage","@id":"https:\/\/diariodelsurdigital.com.ar\/?p=1024","url":"https:\/\/diariodelsurdigital.com.ar\/?p=1024","name":"M\u00e1s de 30 sindicatos denuncian \u201cun dibujo oficial\u201d en la inflaci\u00f3n festejada por el gobierno - Diario del Sur","isPartOf":{"@id":"https:\/\/diariodelsurdigital.com.ar\/#website"},"primaryImageOfPage":{"@id":"https:\/\/diariodelsurdigital.com.ar\/?p=1024#primaryimage"},"image":{"@id":"https:\/\/diariodelsurdigital.com.ar\/?p=1024#primaryimage"},"thumbnailUrl":"https:\/\/diariodelsurdigital.com.ar\/wp-content\/uploads\/2025\/02\/a7a2a073c84d9cb263a7f6b2f6a10dae_BIG.jpg","datePublished":"2025-02-14T18:24:59+00:00","dateModified":"2025-02-14T18:25:01+00:00","author":{"@id":"https:\/\/diariodelsurdigital.com.ar\/#\/schema\/person\/1a4992532ed62965c968031b49195c81"},"breadcrumb":{"@id":"https:\/\/diariodelsurdigital.com.ar\/?p=1024#breadcrumb"},"inLanguage":"es","potentialAction":[{"@type":"ReadAction","target":["https:\/\/diariodelsurdigital.com.ar\/?p=1024"]}]},{"@type":"ImageObject","inLanguage":"es","@id":"https:\/\/diariodelsurdigital.com.ar\/?p=1024#primaryimage","url":"https:\/\/diariodelsurdigital.com.ar\/wp-content\/uploads\/2025\/02\/a7a2a073c84d9cb263a7f6b2f6a10dae_BIG.jpg","contentUrl":"https:\/\/diariodelsurdigital.com.ar\/wp-content\/uploads\/2025\/02\/a7a2a073c84d9cb263a7f6b2f6a10dae_BIG.jpg","width":1200,"height":800},{"@type":"BreadcrumbList","@id":"https:\/\/diariodelsurdigital.com.ar\/?p=1024#breadcrumb","itemListElement":[{"@type":"ListItem","position":1,"name":"Portada","item":"https:\/\/diariodelsurdigital.com.ar\/"},{"@type":"ListItem","position":2,"name":"M\u00e1s de 30 sindicatos denuncian \u201cun dibujo oficial\u201d en la inflaci\u00f3n festejada por el gobierno"}]},{"@type":"WebSite","@id":"https:\/\/diariodelsurdigital.com.ar\/#website","url":"https:\/\/diariodelsurdigital.com.ar\/","name":"Diario del Sur","description":"Digital","potentialAction":[{"@type":"SearchAction","target":{"@type":"EntryPoint","urlTemplate":"https:\/\/diariodelsurdigital.com.ar\/?s={search_term_string}"},"query-input":{"@type":"PropertyValueSpecification","valueRequired":true,"valueName":"search_term_string"}}],"inLanguage":"es"},{"@type":"Person","@id":"https:\/\/diariodelsurdigital.com.ar\/#\/schema\/person\/1a4992532ed62965c968031b49195c81","name":"Diario del Sur Digital","image":{"@type":"ImageObject","inLanguage":"es","@id":"https:\/\/secure.gravatar.com\/avatar\/f0c7c47fc7146d19828273b9b8eda651c9c7ab583767e6338d3d3bee825adf76?s=96&d=mm&r=g","url":"https:\/\/secure.gravatar.com\/avatar\/f0c7c47fc7146d19828273b9b8eda651c9c7ab583767e6338d3d3bee825adf76?s=96&d=mm&r=g","contentUrl":"https:\/\/secure.gravatar.com\/avatar\/f0c7c47fc7146d19828273b9b8eda651c9c7ab583767e6338d3d3bee825adf76?s=96&d=mm&r=g","caption":"Diario del Sur Digital"},"url":"https:\/\/diariodelsurdigital.com.ar\/?author=4"}]}},"_links":{"self":[{"href":"https:\/\/diariodelsurdigital.com.ar\/index.php?rest_route=\/wp\/v2\/posts\/1024","targetHints":{"allow":["GET"]}}],"collection":[{"href":"https:\/\/diariodelsurdigital.com.ar\/index.php?rest_route=\/wp\/v2\/posts"}],"about":[{"href":"https:\/\/diariodelsurdigital.com.ar\/index.php?rest_route=\/wp\/v2\/types\/post"}],"author":[{"embeddable":true,"href":"https:\/\/diariodelsurdigital.com.ar\/index.php?rest_route=\/wp\/v2\/users\/4"}],"replies":[{"embeddable":true,"href":"https:\/\/diariodelsurdigital.com.ar\/index.php?rest_route=%2Fwp%2Fv2%2Fcomments&post=1024"}],"version-history":[{"count":1,"href":"https:\/\/diariodelsurdigital.com.ar\/index.php?rest_route=\/wp\/v2\/posts\/1024\/revisions"}],"predecessor-version":[{"id":1026,"href":"https:\/\/diariodelsurdigital.com.ar\/index.php?rest_route=\/wp\/v2\/posts\/1024\/revisions\/1026"}],"wp:featuredmedia":[{"embeddable":true,"href":"https:\/\/diariodelsurdigital.com.ar\/index.php?rest_route=\/wp\/v2\/media\/1025"}],"wp:attachment":[{"href":"https:\/\/diariodelsurdigital.com.ar\/index.php?rest_route=%2Fwp%2Fv2%2Fmedia&parent=1024"}],"wp:term":[{"taxonomy":"category","embeddable":true,"href":"https:\/\/diariodelsurdigital.com.ar\/index.php?rest_route=%2Fwp%2Fv2%2Fcategories&post=1024"},{"taxonomy":"post_tag","embeddable":true,"href":"https:\/\/diariodelsurdigital.com.ar\/index.php?rest_route=%2Fwp%2Fv2%2Ftags&post=1024"}],"curies":[{"name":"wp","href":"https:\/\/api.w.org\/{rel}","templated":true}]}}