{"id":1027,"date":"2025-02-14T15:34:06","date_gmt":"2025-02-14T18:34:06","guid":{"rendered":"https:\/\/diariodelsurdigital.com.ar\/?p=1027"},"modified":"2025-02-14T15:34:09","modified_gmt":"2025-02-14T18:34:09","slug":"un-cientifico-del-conicet-encendio-las-alarmas-por-los-carpinchos-verdes","status":"publish","type":"post","link":"https:\/\/diariodelsurdigital.com.ar\/?p=1027","title":{"rendered":"Un cient\u00edfico del Conicet encendi\u00f3 las alarmas por los carpinchos verdes"},"content":{"rendered":"\n<p>En las \u00faltimas horas, im\u00e1genes de&nbsp;<strong>carpinchos te\u00f1idos de verde<\/strong>&nbsp;en aguas de Entre R\u00edos desataron sorpresa y preocupaci\u00f3n. Aunque a simple vista pueda parecer algo simp\u00e1tico, la realidad es distinta: la coloraci\u00f3n est\u00e1 relacionada con la proliferaci\u00f3n de&nbsp;<strong>cianobacterias<\/strong>, tambi\u00e9n llamadas algas verdeazules, que pueden ser peligrosas para la fauna silvestre y para los humanos.<\/p>\n\n\n\n<p>El bi\u00f3logo Eduardo Echepare, investigador del&nbsp;<strong>Conicet<\/strong>, explic\u00f3 en una entrevista con&nbsp;<strong>Telefe Noticias<\/strong>&nbsp;que este fen\u00f3meno ocurre especialmente entre febrero y abril debido a la presencia masiva de estas bacterias. \u201cLas cianobacterias producen toxinas que afectan no solo a los carpinchos, sino tambi\u00e9n a las personas que entran en contacto con el agua contaminada\u201d, advirti\u00f3. Entre los s\u00edntomas m\u00e1s comunes, mencion\u00f3&nbsp;<strong>gastroenteritis, v\u00f3mitos, diarrea, otitis e irritaciones en los ojos y las mucosas<\/strong>.<\/p>\n\n\n\n<p>Echepare tambi\u00e9n alert\u00f3 sobre casos m\u00e1s graves en los que el consumo de agua contaminada o la exposici\u00f3n prolongada puede provocar&nbsp;<strong>da\u00f1os hep\u00e1ticos y neurol\u00f3gicos<\/strong>. Se\u00f1al\u00f3 que este problema afecta a toda la cuenca del&nbsp;<strong>r\u00edo Uruguay<\/strong>, lo que obliga a extremar las precauciones en actividades recreativas y a monitorear las plantas potabilizadoras de agua.<\/p>\n\n\n\n<h4 class=\"wp-block-heading\">La mano del hombre, clave en la proliferaci\u00f3n de cianobacterias<\/h4>\n\n\n\n<p>El especialista del Conicet explic\u00f3 que el aumento de cianobacterias est\u00e1 vinculado directamente con la acci\u00f3n humana. \u201cEl vertido de efluentes cloacales sin tratamiento adecuado, el uso de fertilizantes con alto contenido de f\u00f3sforo y nitr\u00f3geno, y la destrucci\u00f3n de humedales naturales act\u00faan como un c\u00f3ctel perfecto para su proliferaci\u00f3n\u201d, destac\u00f3 Echepare. Adem\u00e1s, mencion\u00f3 el impacto del cambio clim\u00e1tico y la construcci\u00f3n de la&nbsp;<strong>represa de Salto Grande<\/strong>&nbsp;en Concordia como factores que alteran el ciclo hidrol\u00f3gico del r\u00edo.<\/p>\n\n\n\n<p>\u201cEstamos alimentando estas bacterias continuamente al suministrarles nutrientes. Mientras estas condiciones se mantengan, las explosiones de cianobacterias seguir\u00e1n empeorando\u201d, concluy\u00f3 Echepare.<\/p>\n","protected":false},"excerpt":{"rendered":"<p>En las \u00faltimas horas, im\u00e1genes de&nbsp;carpinchos te\u00f1idos de verde&nbsp;en aguas de Entre R\u00edos desataron sorpresa y preocupaci\u00f3n. Aunque a simple vista pueda parecer algo simp\u00e1tico, la realidad es distinta: la coloraci\u00f3n est\u00e1 relacionada con la proliferaci\u00f3n de&nbsp;cianobacterias, tambi\u00e9n llamadas algas verdeazules, que pueden ser peligrosas para la fauna silvestre y para los humanos. El bi\u00f3logo [&hellip;]<\/p>\n","protected":false},"author":4,"featured_media":925,"comment_status":"open","ping_status":"open","sticky":false,"template":"","format":"standard","meta":{"footnotes":""},"categories":[19,16],"tags":[],"class_list":{"0":"post-1027","1":"post","2":"type-post","3":"status-publish","4":"format-standard","5":"has-post-thumbnail","7":"category-interes-general","8":"category-locales"},"yoast_head":"<!-- This site is optimized with the Yoast SEO plugin v27.4 - https:\/\/yoast.com\/product\/yoast-seo-wordpress\/ -->\n<title>Un cient\u00edfico del Conicet encendi\u00f3 las alarmas por los carpinchos verdes - Diario del Sur<\/title>\n<meta name=\"robots\" content=\"index, follow, max-snippet:-1, max-image-preview:large, max-video-preview:-1\" \/>\n<link rel=\"canonical\" href=\"https:\/\/diariodelsurdigital.com.ar\/?p=1027\" \/>\n<meta property=\"og:locale\" content=\"es_ES\" \/>\n<meta property=\"og:type\" content=\"article\" \/>\n<meta property=\"og:title\" content=\"Un cient\u00edfico del Conicet encendi\u00f3 las alarmas por los carpinchos verdes - Diario del Sur\" \/>\n<meta property=\"og:description\" content=\"En las \u00faltimas horas, im\u00e1genes de&nbsp;carpinchos te\u00f1idos de verde&nbsp;en aguas de Entre R\u00edos desataron sorpresa y preocupaci\u00f3n. Aunque a simple vista pueda parecer algo simp\u00e1tico, la realidad es distinta: la coloraci\u00f3n est\u00e1 relacionada con la proliferaci\u00f3n de&nbsp;cianobacterias, tambi\u00e9n llamadas algas verdeazules, que pueden ser peligrosas para la fauna silvestre y para los humanos. El bi\u00f3logo [&hellip;]\" \/>\n<meta property=\"og:url\" content=\"https:\/\/diariodelsurdigital.com.ar\/?p=1027\" \/>\n<meta property=\"og:site_name\" content=\"Diario del Sur\" \/>\n<meta property=\"article:published_time\" content=\"2025-02-14T18:34:06+00:00\" \/>\n<meta property=\"article:modified_time\" content=\"2025-02-14T18:34:09+00:00\" \/>\n<meta property=\"og:image\" content=\"https:\/\/diariodelsurdigital.com.ar\/wp-content\/uploads\/2025\/02\/Imagen-de-WhatsApp-2025-02-09-a-las-01.11.39_27dbe270.jpg\" \/>\n\t<meta property=\"og:image:width\" content=\"420\" \/>\n\t<meta property=\"og:image:height\" content=\"385\" \/>\n\t<meta property=\"og:image:type\" content=\"image\/jpeg\" \/>\n<meta name=\"author\" content=\"Diario del Sur Digital\" \/>\n<meta name=\"twitter:card\" content=\"summary_large_image\" \/>\n<meta name=\"twitter:label1\" content=\"Escrito por\" \/>\n\t<meta name=\"twitter:data1\" content=\"Diario del Sur Digital\" \/>\n\t<meta name=\"twitter:label2\" content=\"Tiempo de lectura\" \/>\n\t<meta name=\"twitter:data2\" content=\"2 minutos\" \/>\n<script type=\"application\/ld+json\" class=\"yoast-schema-graph\">{\"@context\":\"https:\\\/\\\/schema.org\",\"@graph\":[{\"@type\":\"Article\",\"@id\":\"https:\\\/\\\/diariodelsurdigital.com.ar\\\/?p=1027#article\",\"isPartOf\":{\"@id\":\"https:\\\/\\\/diariodelsurdigital.com.ar\\\/?p=1027\"},\"author\":{\"name\":\"Diario del Sur Digital\",\"@id\":\"https:\\\/\\\/diariodelsurdigital.com.ar\\\/#\\\/schema\\\/person\\\/1a4992532ed62965c968031b49195c81\"},\"headline\":\"Un cient\u00edfico del Conicet encendi\u00f3 las alarmas por los carpinchos verdes\",\"datePublished\":\"2025-02-14T18:34:06+00:00\",\"dateModified\":\"2025-02-14T18:34:09+00:00\",\"mainEntityOfPage\":{\"@id\":\"https:\\\/\\\/diariodelsurdigital.com.ar\\\/?p=1027\"},\"wordCount\":354,\"commentCount\":0,\"image\":{\"@id\":\"https:\\\/\\\/diariodelsurdigital.com.ar\\\/?p=1027#primaryimage\"},\"thumbnailUrl\":\"https:\\\/\\\/diariodelsurdigital.com.ar\\\/wp-content\\\/uploads\\\/2025\\\/02\\\/Imagen-de-WhatsApp-2025-02-09-a-las-01.11.39_27dbe270.jpg\",\"articleSection\":[\"Inter\u00e9s General\",\"Locales\"],\"inLanguage\":\"es\",\"potentialAction\":[{\"@type\":\"CommentAction\",\"name\":\"Comment\",\"target\":[\"https:\\\/\\\/diariodelsurdigital.com.ar\\\/?p=1027#respond\"]}]},{\"@type\":\"WebPage\",\"@id\":\"https:\\\/\\\/diariodelsurdigital.com.ar\\\/?p=1027\",\"url\":\"https:\\\/\\\/diariodelsurdigital.com.ar\\\/?p=1027\",\"name\":\"Un cient\u00edfico del Conicet encendi\u00f3 las alarmas por los carpinchos verdes - Diario del Sur\",\"isPartOf\":{\"@id\":\"https:\\\/\\\/diariodelsurdigital.com.ar\\\/#website\"},\"primaryImageOfPage\":{\"@id\":\"https:\\\/\\\/diariodelsurdigital.com.ar\\\/?p=1027#primaryimage\"},\"image\":{\"@id\":\"https:\\\/\\\/diariodelsurdigital.com.ar\\\/?p=1027#primaryimage\"},\"thumbnailUrl\":\"https:\\\/\\\/diariodelsurdigital.com.ar\\\/wp-content\\\/uploads\\\/2025\\\/02\\\/Imagen-de-WhatsApp-2025-02-09-a-las-01.11.39_27dbe270.jpg\",\"datePublished\":\"2025-02-14T18:34:06+00:00\",\"dateModified\":\"2025-02-14T18:34:09+00:00\",\"author\":{\"@id\":\"https:\\\/\\\/diariodelsurdigital.com.ar\\\/#\\\/schema\\\/person\\\/1a4992532ed62965c968031b49195c81\"},\"breadcrumb\":{\"@id\":\"https:\\\/\\\/diariodelsurdigital.com.ar\\\/?p=1027#breadcrumb\"},\"inLanguage\":\"es\",\"potentialAction\":[{\"@type\":\"ReadAction\",\"target\":[\"https:\\\/\\\/diariodelsurdigital.com.ar\\\/?p=1027\"]}]},{\"@type\":\"ImageObject\",\"inLanguage\":\"es\",\"@id\":\"https:\\\/\\\/diariodelsurdigital.com.ar\\\/?p=1027#primaryimage\",\"url\":\"https:\\\/\\\/diariodelsurdigital.com.ar\\\/wp-content\\\/uploads\\\/2025\\\/02\\\/Imagen-de-WhatsApp-2025-02-09-a-las-01.11.39_27dbe270.jpg\",\"contentUrl\":\"https:\\\/\\\/diariodelsurdigital.com.ar\\\/wp-content\\\/uploads\\\/2025\\\/02\\\/Imagen-de-WhatsApp-2025-02-09-a-las-01.11.39_27dbe270.jpg\",\"width\":420,\"height\":385},{\"@type\":\"BreadcrumbList\",\"@id\":\"https:\\\/\\\/diariodelsurdigital.com.ar\\\/?p=1027#breadcrumb\",\"itemListElement\":[{\"@type\":\"ListItem\",\"position\":1,\"name\":\"Portada\",\"item\":\"https:\\\/\\\/diariodelsurdigital.com.ar\\\/\"},{\"@type\":\"ListItem\",\"position\":2,\"name\":\"Un cient\u00edfico del Conicet encendi\u00f3 las alarmas por los carpinchos verdes\"}]},{\"@type\":\"WebSite\",\"@id\":\"https:\\\/\\\/diariodelsurdigital.com.ar\\\/#website\",\"url\":\"https:\\\/\\\/diariodelsurdigital.com.ar\\\/\",\"name\":\"Diario del Sur\",\"description\":\"Digital\",\"potentialAction\":[{\"@type\":\"SearchAction\",\"target\":{\"@type\":\"EntryPoint\",\"urlTemplate\":\"https:\\\/\\\/diariodelsurdigital.com.ar\\\/?s={search_term_string}\"},\"query-input\":{\"@type\":\"PropertyValueSpecification\",\"valueRequired\":true,\"valueName\":\"search_term_string\"}}],\"inLanguage\":\"es\"},{\"@type\":\"Person\",\"@id\":\"https:\\\/\\\/diariodelsurdigital.com.ar\\\/#\\\/schema\\\/person\\\/1a4992532ed62965c968031b49195c81\",\"name\":\"Diario del Sur Digital\",\"image\":{\"@type\":\"ImageObject\",\"inLanguage\":\"es\",\"@id\":\"https:\\\/\\\/secure.gravatar.com\\\/avatar\\\/f0c7c47fc7146d19828273b9b8eda651c9c7ab583767e6338d3d3bee825adf76?s=96&d=mm&r=g\",\"url\":\"https:\\\/\\\/secure.gravatar.com\\\/avatar\\\/f0c7c47fc7146d19828273b9b8eda651c9c7ab583767e6338d3d3bee825adf76?s=96&d=mm&r=g\",\"contentUrl\":\"https:\\\/\\\/secure.gravatar.com\\\/avatar\\\/f0c7c47fc7146d19828273b9b8eda651c9c7ab583767e6338d3d3bee825adf76?s=96&d=mm&r=g\",\"caption\":\"Diario del Sur Digital\"},\"url\":\"https:\\\/\\\/diariodelsurdigital.com.ar\\\/?author=4\"}]}<\/script>\n<!-- \/ Yoast SEO plugin. -->","yoast_head_json":{"title":"Un cient\u00edfico del Conicet encendi\u00f3 las alarmas por los carpinchos verdes - Diario del Sur","robots":{"index":"index","follow":"follow","max-snippet":"max-snippet:-1","max-image-preview":"max-image-preview:large","max-video-preview":"max-video-preview:-1"},"canonical":"https:\/\/diariodelsurdigital.com.ar\/?p=1027","og_locale":"es_ES","og_type":"article","og_title":"Un cient\u00edfico del Conicet encendi\u00f3 las alarmas por los carpinchos verdes - Diario del Sur","og_description":"En las \u00faltimas horas, im\u00e1genes de&nbsp;carpinchos te\u00f1idos de verde&nbsp;en aguas de Entre R\u00edos desataron sorpresa y preocupaci\u00f3n. Aunque a simple vista pueda parecer algo simp\u00e1tico, la realidad es distinta: la coloraci\u00f3n est\u00e1 relacionada con la proliferaci\u00f3n de&nbsp;cianobacterias, tambi\u00e9n llamadas algas verdeazules, que pueden ser peligrosas para la fauna silvestre y para los humanos. El bi\u00f3logo [&hellip;]","og_url":"https:\/\/diariodelsurdigital.com.ar\/?p=1027","og_site_name":"Diario del Sur","article_published_time":"2025-02-14T18:34:06+00:00","article_modified_time":"2025-02-14T18:34:09+00:00","og_image":[{"width":420,"height":385,"url":"https:\/\/diariodelsurdigital.com.ar\/wp-content\/uploads\/2025\/02\/Imagen-de-WhatsApp-2025-02-09-a-las-01.11.39_27dbe270.jpg","type":"image\/jpeg"}],"author":"Diario del Sur Digital","twitter_card":"summary_large_image","twitter_misc":{"Escrito por":"Diario del Sur Digital","Tiempo de lectura":"2 minutos"},"schema":{"@context":"https:\/\/schema.org","@graph":[{"@type":"Article","@id":"https:\/\/diariodelsurdigital.com.ar\/?p=1027#article","isPartOf":{"@id":"https:\/\/diariodelsurdigital.com.ar\/?p=1027"},"author":{"name":"Diario del Sur Digital","@id":"https:\/\/diariodelsurdigital.com.ar\/#\/schema\/person\/1a4992532ed62965c968031b49195c81"},"headline":"Un cient\u00edfico del Conicet encendi\u00f3 las alarmas por los carpinchos verdes","datePublished":"2025-02-14T18:34:06+00:00","dateModified":"2025-02-14T18:34:09+00:00","mainEntityOfPage":{"@id":"https:\/\/diariodelsurdigital.com.ar\/?p=1027"},"wordCount":354,"commentCount":0,"image":{"@id":"https:\/\/diariodelsurdigital.com.ar\/?p=1027#primaryimage"},"thumbnailUrl":"https:\/\/diariodelsurdigital.com.ar\/wp-content\/uploads\/2025\/02\/Imagen-de-WhatsApp-2025-02-09-a-las-01.11.39_27dbe270.jpg","articleSection":["Inter\u00e9s General","Locales"],"inLanguage":"es","potentialAction":[{"@type":"CommentAction","name":"Comment","target":["https:\/\/diariodelsurdigital.com.ar\/?p=1027#respond"]}]},{"@type":"WebPage","@id":"https:\/\/diariodelsurdigital.com.ar\/?p=1027","url":"https:\/\/diariodelsurdigital.com.ar\/?p=1027","name":"Un cient\u00edfico del Conicet encendi\u00f3 las alarmas por los carpinchos verdes - Diario del Sur","isPartOf":{"@id":"https:\/\/diariodelsurdigital.com.ar\/#website"},"primaryImageOfPage":{"@id":"https:\/\/diariodelsurdigital.com.ar\/?p=1027#primaryimage"},"image":{"@id":"https:\/\/diariodelsurdigital.com.ar\/?p=1027#primaryimage"},"thumbnailUrl":"https:\/\/diariodelsurdigital.com.ar\/wp-content\/uploads\/2025\/02\/Imagen-de-WhatsApp-2025-02-09-a-las-01.11.39_27dbe270.jpg","datePublished":"2025-02-14T18:34:06+00:00","dateModified":"2025-02-14T18:34:09+00:00","author":{"@id":"https:\/\/diariodelsurdigital.com.ar\/#\/schema\/person\/1a4992532ed62965c968031b49195c81"},"breadcrumb":{"@id":"https:\/\/diariodelsurdigital.com.ar\/?p=1027#breadcrumb"},"inLanguage":"es","potentialAction":[{"@type":"ReadAction","target":["https:\/\/diariodelsurdigital.com.ar\/?p=1027"]}]},{"@type":"ImageObject","inLanguage":"es","@id":"https:\/\/diariodelsurdigital.com.ar\/?p=1027#primaryimage","url":"https:\/\/diariodelsurdigital.com.ar\/wp-content\/uploads\/2025\/02\/Imagen-de-WhatsApp-2025-02-09-a-las-01.11.39_27dbe270.jpg","contentUrl":"https:\/\/diariodelsurdigital.com.ar\/wp-content\/uploads\/2025\/02\/Imagen-de-WhatsApp-2025-02-09-a-las-01.11.39_27dbe270.jpg","width":420,"height":385},{"@type":"BreadcrumbList","@id":"https:\/\/diariodelsurdigital.com.ar\/?p=1027#breadcrumb","itemListElement":[{"@type":"ListItem","position":1,"name":"Portada","item":"https:\/\/diariodelsurdigital.com.ar\/"},{"@type":"ListItem","position":2,"name":"Un cient\u00edfico del Conicet encendi\u00f3 las alarmas por los carpinchos verdes"}]},{"@type":"WebSite","@id":"https:\/\/diariodelsurdigital.com.ar\/#website","url":"https:\/\/diariodelsurdigital.com.ar\/","name":"Diario del Sur","description":"Digital","potentialAction":[{"@type":"SearchAction","target":{"@type":"EntryPoint","urlTemplate":"https:\/\/diariodelsurdigital.com.ar\/?s={search_term_string}"},"query-input":{"@type":"PropertyValueSpecification","valueRequired":true,"valueName":"search_term_string"}}],"inLanguage":"es"},{"@type":"Person","@id":"https:\/\/diariodelsurdigital.com.ar\/#\/schema\/person\/1a4992532ed62965c968031b49195c81","name":"Diario del Sur Digital","image":{"@type":"ImageObject","inLanguage":"es","@id":"https:\/\/secure.gravatar.com\/avatar\/f0c7c47fc7146d19828273b9b8eda651c9c7ab583767e6338d3d3bee825adf76?s=96&d=mm&r=g","url":"https:\/\/secure.gravatar.com\/avatar\/f0c7c47fc7146d19828273b9b8eda651c9c7ab583767e6338d3d3bee825adf76?s=96&d=mm&r=g","contentUrl":"https:\/\/secure.gravatar.com\/avatar\/f0c7c47fc7146d19828273b9b8eda651c9c7ab583767e6338d3d3bee825adf76?s=96&d=mm&r=g","caption":"Diario del Sur Digital"},"url":"https:\/\/diariodelsurdigital.com.ar\/?author=4"}]}},"_links":{"self":[{"href":"https:\/\/diariodelsurdigital.com.ar\/index.php?rest_route=\/wp\/v2\/posts\/1027","targetHints":{"allow":["GET"]}}],"collection":[{"href":"https:\/\/diariodelsurdigital.com.ar\/index.php?rest_route=\/wp\/v2\/posts"}],"about":[{"href":"https:\/\/diariodelsurdigital.com.ar\/index.php?rest_route=\/wp\/v2\/types\/post"}],"author":[{"embeddable":true,"href":"https:\/\/diariodelsurdigital.com.ar\/index.php?rest_route=\/wp\/v2\/users\/4"}],"replies":[{"embeddable":true,"href":"https:\/\/diariodelsurdigital.com.ar\/index.php?rest_route=%2Fwp%2Fv2%2Fcomments&post=1027"}],"version-history":[{"count":1,"href":"https:\/\/diariodelsurdigital.com.ar\/index.php?rest_route=\/wp\/v2\/posts\/1027\/revisions"}],"predecessor-version":[{"id":1028,"href":"https:\/\/diariodelsurdigital.com.ar\/index.php?rest_route=\/wp\/v2\/posts\/1027\/revisions\/1028"}],"wp:featuredmedia":[{"embeddable":true,"href":"https:\/\/diariodelsurdigital.com.ar\/index.php?rest_route=\/wp\/v2\/media\/925"}],"wp:attachment":[{"href":"https:\/\/diariodelsurdigital.com.ar\/index.php?rest_route=%2Fwp%2Fv2%2Fmedia&parent=1027"}],"wp:term":[{"taxonomy":"category","embeddable":true,"href":"https:\/\/diariodelsurdigital.com.ar\/index.php?rest_route=%2Fwp%2Fv2%2Fcategories&post=1027"},{"taxonomy":"post_tag","embeddable":true,"href":"https:\/\/diariodelsurdigital.com.ar\/index.php?rest_route=%2Fwp%2Fv2%2Ftags&post=1027"}],"curies":[{"name":"wp","href":"https:\/\/api.w.org\/{rel}","templated":true}]}}