{"id":1029,"date":"2025-02-14T15:43:20","date_gmt":"2025-02-14T18:43:20","guid":{"rendered":"https:\/\/diariodelsurdigital.com.ar\/?p=1029"},"modified":"2025-02-14T15:43:22","modified_gmt":"2025-02-14T18:43:22","slug":"la-libertad-avanza-el-gobierno-dara-de-baja-los-300-000-permisos-para-cultivar-marihuana-del-reprocann","status":"publish","type":"post","link":"https:\/\/diariodelsurdigital.com.ar\/?p=1029","title":{"rendered":"La Libertad Avanza: el Gobierno dar\u00e1 de baja los 300.000 permisos para cultivar marihuana del REPROCANN"},"content":{"rendered":"\n<p>Lo anunci\u00f3 la ministra de Seguridad, Patricia Bullrich, lo que atenta contra pacientes que necesitan cannabis medicinal. Habl\u00f3 de \u00abdesv\u00edo a la venta ilegal\u00bb y asegur\u00f3: \u201cVamos a empezar de cero\u201d.<\/p>\n\n\n\n<p>Vivimos una \u00e9poca donde las palabras quedan vac\u00edas de significado. Es el caso de la fuerza de gobierno que, autoproclamada La Libertad Avanza, ataca sin freno derechos sociales conquistados en los \u00faltimos a\u00f1os. El cultivo de&nbsp;<a href=\"https:\/\/www.tiempoar.com.ar\/ta_article\/el-mundo-cannabis-otra-victima-del-ataque-conservador-del-gobierno-de-javier-milei\/\" target=\"_blank\" rel=\"noreferrer noopener\">marihuana&nbsp;<\/a>es lo \u00faltimo: el Ejecutivo anunci\u00f3 que dar\u00e1 de baja los 300 mil permisos del<strong>&nbsp;Registro del Programa de Cannabis (Reprocann)<\/strong>. \u00bfLas principales v\u00edctimas? Las y los pacientes que necesitan del cannabis medicinal.<\/p>\n\n\n\n<p>As\u00ed lo afirm\u00f3 la ministra de Seguridad de la Naci\u00f3n, Patricia Bullrich: \u201c<strong>no es ley el desv\u00edo a la venta ilegal<\/strong>&nbsp;(\u2026). Algunos creen que no hace da\u00f1o, pero se ha convertido en una droga muy peligrosa. El THC \u2014la sustancia que te cambia la neurolog\u00eda\u2014 que hay en Argentina es de 18%, mientras que la que est\u00e1 legalizada en Uruguay se acepta hasta un 2%. Es como una soja transg\u00e9nica (sic)\u201d.<\/p>\n\n\n\n<p>\u201c<strong>Hemos tenido un problema muy serio<\/strong>&nbsp;\u2013acot\u00f3 la funcionaria, ex macrista\u2013&nbsp;<strong>Vamos a dar todo de baja, vamos a empezar de cero<\/strong>\u201d. Y atac\u00f3 tambi\u00e9n al uso del cannabis medicinal, cuando sostuvo que bajo la gesti\u00f3n de&nbsp;<strong>Alberto Fern\u00e1ndez<\/strong>, \u201c<strong>se aprobaron m\u00e1s de 300 mil permisos para sembrar marihuana<\/strong>. M\u00e1s otros 30 mil que pod\u00edan sembrar para venderle remedios a otros, remedios que no est\u00e1n avalados por el ANMAC, remedios que no necesariamente, que son muchas veces caseros\u201d.<\/p>\n\n\n\n<figure class=\"wp-block-image\"><img decoding=\"async\" src=\"https:\/\/www.tiempoar.com.ar\/wp-content\/uploads\/2025\/02\/Patricia-Bullrich-foto-NA.jpg\" alt=\"\" class=\"wp-image-869458\"\/><\/figure>\n\n\n\n<h2 class=\"wp-block-heading\">Los ataques del Gobierno al REPROCANN<\/h2>\n\n\n\n<p>El REPROCANN, que naci\u00f3 en 2021, es el Registro Nacional de Personas Autorizadas al Cultivo Controlado con Fines Medicinales y Terap\u00e9uticos. Su principal objetivo es permitir a los pacientes autorizados cultivar cannabis bajo un control riguroso para tratar enfermedades espec\u00edficas. De acuerdo con la ley, los cultivadores pueden sembrar entre una y nueve plantas y transportar hasta 40 gramos de flores secas. Sin embargo, la medida ahora implementada por el Gobierno pretende revisar todos los permisos previos.<\/p>\n\n\n\n<p>La decisi\u00f3n es el corolario de ataques anteriores del Gobierno hacia el sector cann\u00e1bico. Ya en abril, el vocero&nbsp;<strong>Manuel Adorni<\/strong>&nbsp;justificaba el recorte de unos 140 mil millones de pesos y adelantaba: \u201c<strong>se comenzaron a revisar requisitos de inscripci\u00f3n en el Registro de Productores de Cannabis<\/strong>, popularmente conocido como&nbsp;<strong><a href=\"https:\/\/reprocann.msal.gob.ar\/auth\" target=\"_blank\" rel=\"noreferrer noopener\">REPROCANN<\/a><\/strong>, en el que se detect\u00f3 que en la gesti\u00f3n anterior se emitieron m\u00e1s de 90 mil solicitudes sin diagn\u00f3sticos basados en evidencia cient\u00edfica\u201d.<\/p>\n\n\n\n<p>\u201cPrimero, el&nbsp;<strong>REPROCANN<\/strong>&nbsp;no es un registro de productores sino de pacientes; y segundo, sobra la evidencia cient\u00edfica. Basta escarbar un poquito\u201d, manifest\u00f3 en ese momento a&nbsp;<em>Tiempo<\/em>&nbsp;el abogado&nbsp;<strong>Juan Palomino<\/strong>, especializado en derecho cann\u00e1bico.<\/p>\n\n\n\n<figure class=\"wp-block-image\"><img decoding=\"async\" src=\"https:\/\/www.tiempoar.com.ar\/wp-content\/uploads\/2024\/04\/Cannabis-Medicinal-Castelli-2-1-1-1024x683.jpg\" alt=\"\" class=\"wp-image-756209\"\/><figcaption class=\"wp-element-caption\">Castelli es uno de los municipios bonaerenses que impuls\u00f3 la producci\u00f3n e investigaci\u00f3n del cannabis y el c\u00e1\u00f1amo.<\/figcaption><\/figure>\n\n\n\n<h2 class=\"wp-block-heading\">El programa de Cannabis<\/h2>\n\n\n\n<p>El a\u00f1o pasado, el Ejecutivo propuso ante el&nbsp;<strong>Consejo Consultivo Honorario (CCH) del Programa de Cannabis<\/strong>&nbsp;la modificaci\u00f3n de la resoluci\u00f3n 800 de la Ley 27.350 para restringir las patolog\u00edas por las cuales los profesionales de la salud pueden indicar el uso del cannabis medicinal.<\/p>\n\n\n\n<p>Seg\u00fan se inform\u00f3 al&nbsp;<strong>CCH<\/strong>,&nbsp;<strong>hasta el a\u00f1o pasado se recib\u00edan cerca de 1000 solicitudes por d\u00eda y s\u00f3lo estaban aprobando 40 tr\u00e1mites<\/strong>. El embudo ya era insostenible. \u00abEst\u00e1n colapsados de prontos despachos y de amparos de pacientes. Hay 450 ONG\u2019s o m\u00e1s que est\u00e1n esperando el alta para poder utilizar el sistema. Frente a esto realmente&nbsp;<strong>me cuesta entender c\u00f3mo fue que analizaron y establecieron que no hay evidencia cient\u00edfica en m\u00e1s de 90.000 inscripciones<\/strong>\u201d, insisti\u00f3 el abogado.<\/p>\n\n\n\n<p>Como relat\u00f3&nbsp;<strong>Sebasti\u00e1n Basalo<\/strong>, referente del movimiento cann\u00e1bico, organizador de la&nbsp;<strong>Expo Cannabis<\/strong>&nbsp;y director de la revista&nbsp;<strong>THC<\/strong>, desde el&nbsp;<strong>Ministerio de Salud<\/strong>&nbsp;indicaron que este retraso se debe a que buscan auditar el proceso, \u00ab<strong>lo cual ser\u00eda positivo si redunda en una mayor agilidad y eficiencia, pero a la vez informaron que tambi\u00e9n pretenden limitar el n\u00famero de patolog\u00edas<\/strong>&nbsp;por las cuales puede prescribirse cannabis medicinal, algo que&nbsp;<strong>va en contra de la evidencia cient\u00edfica<\/strong>&nbsp;y de la misma Ley 27.350 que afirma que basta con la indicaci\u00f3n de un m\u00e9dico\u00bb. Un mecanismo similar al ajuste a las universidades: la excusa de auditar mientras avanzan en un recorte efectivo.<\/p>\n\n\n\n<figure class=\"wp-block-image\"><img decoding=\"async\" src=\"https:\/\/www.tiempoar.com.ar\/wp-content\/uploads\/2024\/04\/cannabis-medicinal-foto-agrogenetica-riojana-1-1024x683.jpg\" alt=\"\" class=\"wp-image-756208\"\/><figcaption class=\"wp-element-caption\">En La Rioja existen proyectos mixtos auspiciados por el gobierno provincial, el sector privado y la universidad local.<\/figcaption><\/figure>\n\n\n\n<p><em>Foto: Agrogenetica riojana<\/em><\/p>\n\n\n\n<p><em>Foto: Agrogenetica riojana<\/em><\/p>\n\n\n\n<p>La&nbsp;<strong>Sociedad Argentina de Endocannabinolog\u00eda y Terap\u00e9utica Cann\u00e1bica<\/strong>, integrada por profesionales y especialistas en el uso terap\u00e9utico de la planta, denunci\u00f3 que&nbsp;<strong>el gobierno \u00abdesconoce el alcance real\u00bb del cannabis medicinal en la medicina actual<\/strong>&nbsp;que \u201cviene a desafiar el quehacer m\u00e9dico convencional siendo, en la mayor\u00eda de los casos, los mismos pacientes quienes concurren con la terap\u00e9utica instaurada en busca de acompa\u00f1amiento y validaci\u00f3n del uso de la planta para paliar sus dolencias\u201d.<\/p>\n\n\n\n<h2 class=\"wp-block-heading\">Salud, industria y regulaci\u00f3n<\/h2>\n\n\n\n<p><strong>Basalo<\/strong>&nbsp;destac\u00f3 que el&nbsp;<strong>REPROCANN<\/strong>&nbsp;casi no representa un costo econ\u00f3mico para el Estado: \u00abvino funcionando muy bien estos a\u00f1os y&nbsp;<strong>de \u00e9l depende la salud y la calidad de vida de casi 300 mil personas que ya se inscribieron y otras cientos de miles que est\u00e1n esperando<\/strong>\u201d. Las leyes 27.350 y 27.669 no solo \u201cblanquearon\u201d una situaci\u00f3n cotidiana para los usuarios, sino que tambi\u00e9n ampl\u00edan la aplicaci\u00f3n de la planta, extendiendo su uso para la construcci\u00f3n, los textiles, la celulosa y productos de consumo humano como los comestibles.<\/p>\n\n\n\n<p>En esa visi\u00f3n conservadora contra el cannabis,&nbsp;<strong>el gobierno atenta contra la generaci\u00f3n de divisas de una industria en alza, que podr\u00eda ayudar a paliar el d\u00e9ficit, una bandera mile\u00edsta<\/strong>. Lo ideol\u00f3gico prima por sobre lo econ\u00f3mico y la salud. \u201c<strong>Se trata de una industria regulada porque es una excepci\u00f3n a la Ley de estupefacciones<\/strong>&nbsp;y las autoridades son federales porque se trata de un delito penal bajo su competencia, que est\u00e1 regulada en Argentina y en el mundo\u201d, explic\u00f3&nbsp;<strong>Pablo Fazio<\/strong>, presidente de la&nbsp;<strong>C\u00e1mara Argentina del Cannabis (ArgenCann)<\/strong>&nbsp;y director de&nbsp;<strong>Pampa Hemp<\/strong>, firma pionera en obtener como emprendimiento privado la autorizaci\u00f3n del&nbsp;<strong>Ministerio de Salud<\/strong>&nbsp;para desarrollar un cultivo con fines productivos y de investigaci\u00f3n.<\/p>\n\n\n\n<figure class=\"wp-block-image\"><img decoding=\"async\" src=\"https:\/\/www.tiempoar.com.ar\/wp-content\/uploads\/2024\/04\/cannabis-medicinal1-foto-1-1024x683.jpg\" alt=\"\" class=\"wp-image-756207\"\/><\/figure>\n\n\n\n<h2 class=\"wp-block-heading\">REPROCANN provinciales<\/h2>\n\n\n\n<p>Como relat\u00f3&nbsp;<em>Tiempo&nbsp;<\/em>en octubre, ante las demoras de&nbsp;<strong>casi un a\u00f1o por parte del gobierno nacional en renovar u otorgar nuevas altas en el Registro del Programa de Cannabis (Reprocann),<\/strong>&nbsp;avanzan diferentes normativas locales para poder cumplir con la Ley Nacional 27.350 de Uso Medicinal de la<a href=\"https:\/\/www.tiempoar.com.ar\/etiqueta\/cannabis\/\" target=\"_blank\" rel=\"noreferrer noopener\">&nbsp;Planta de Cannabis y sus derivados<\/a>.<\/p>\n\n\n\n<p>La provincia de Chubut aprob\u00f3 una legislaci\u00f3n alternativa y por estos d\u00edas los diputados y diputadas porte\u00f1as avanzaron con una norma similar para la Ciudad de Buenos Aires. Mientras tanto, este tipo de iniciativas de multiplican en al menos cuatro provincias m\u00e1s:&nbsp;<strong>Chaco, Mendoza, Neuqu\u00e9n y Tierra del Fuego,&nbsp;<\/strong>donde hay una federaci\u00f3n local de clubes y organizaciones cann\u00e1bicas..<\/p>\n\n\n\n<p>Federico \u00abSinvi\u00bb Sinagra, miembro de Cultivando Derechos y referente de la<a href=\"https:\/\/fecca.com.ar\/#:~:text=FECCA%20es%20la%20Federaci%C3%B3n%20de,medicinal%2C%20seguro%20y%20de%20calidad.\" target=\"_blank\" rel=\"noreferrer noopener\">&nbsp;Federaci\u00f3n de Clubes Cann\u00e1bicos de la Rep\u00fablica Argentina<\/a>, explic\u00f3 a&nbsp;<em>Tiempo&nbsp;<\/em>el escenario actual del sector que hab\u00eda tenido un gran impulso en los \u00faltimos a\u00f1os con la sanci\u00f3n y reglamentaci\u00f3n de las leyes 27.350 y 27.669, cuyo corolario fue la creaci\u00f3n del REPROCANN y la Agencia Regulatoria de la Industria del C\u00e1\u00f1amo y del Cannabis Medicinal (ARICCAME): \u201c<strong>desde el inicio del gobierno de Javier Milei, el REPROCANN est\u00e1 parado<\/strong>. Salieron algunas aprobaciones pero muy a cuentagotas frente a las miles de demandas tanto de renovaciones como de nuevas altas\u201d.<\/p>\n\n\n\n<figure class=\"wp-block-image\"><img decoding=\"async\" src=\"https:\/\/www.tiempoar.com.ar\/wp-content\/uploads\/2024\/04\/Cannabis-Medicinal-argentina-1-1-1-1024x683.jpg\" alt=\"\" class=\"wp-image-756212\"\/><\/figure>\n\n\n\n<h2 class=\"wp-block-heading\">Miles de pacientes que esperan<\/h2>\n\n\n\n<p>El abogado Juan Palomino, especialista en derecho cann\u00e1bico y fundador del Estudio420, denunci\u00f3 que \u201cel Ministerio de Salud no s\u00f3lo no aprueba a los m\u00e1s de<strong>&nbsp;130 mil pacientes<\/strong>&nbsp;que est\u00e1n esperando, sino que&nbsp;<strong>a pacientes que ya fueron aprobados les est\u00e1n cambiando el estado nuevamente a pendiente\u201d.<\/strong><\/p>\n\n\n\n<p>Y critic\u00f3 la resoluci\u00f3n de la cartera que hoy conduce<strong>&nbsp;Mario Lugones&nbsp;<\/strong>que les exige a los m\u00e9dicos contar con una Diplomatura o Maestr\u00eda sobre el uso medicinal de la planta: \u201clos profesionales de la salud no tienen ni donde cargar esa informaci\u00f3n.&nbsp;<strong>Esta situaci\u00f3n es insostenible, se avasallan derechos adquiridos. Es grav\u00edsimo<\/strong>\u201d.<\/p>\n\n\n\n<p>Sinagra resumi\u00f3: \u201cfrente a esta situaci\u00f3n donde las personas quedan a merced de la<strong>&nbsp;Ley de Drogas<\/strong>, generamos esta estrategia para atender la desmovilizaci\u00f3n generalizada fomentada por la represi\u00f3n del gobierno y para contrastar el ataque a la ampliaci\u00f3n de cualquier tipo de derechos\u201d.<\/p>\n","protected":false},"excerpt":{"rendered":"<p>Lo anunci\u00f3 la ministra de Seguridad, Patricia Bullrich, lo que atenta contra pacientes que necesitan cannabis medicinal. Habl\u00f3 de \u00abdesv\u00edo a la venta ilegal\u00bb y asegur\u00f3: \u201cVamos a empezar de cero\u201d. Vivimos una \u00e9poca donde las palabras quedan vac\u00edas de significado. Es el caso de la fuerza de gobierno que, autoproclamada La Libertad Avanza, ataca [&hellip;]<\/p>\n","protected":false},"author":4,"featured_media":1030,"comment_status":"open","ping_status":"open","sticky":false,"template":"","format":"standard","meta":{"footnotes":""},"categories":[19],"tags":[],"class_list":{"0":"post-1029","1":"post","2":"type-post","3":"status-publish","4":"format-standard","5":"has-post-thumbnail","7":"category-interes-general"},"yoast_head":"<!-- This site is optimized with the Yoast SEO plugin v27.4 - https:\/\/yoast.com\/product\/yoast-seo-wordpress\/ -->\n<title>La Libertad Avanza: el Gobierno dar\u00e1 de baja los 300.000 permisos para cultivar marihuana del REPROCANN - Diario del Sur<\/title>\n<meta name=\"robots\" content=\"index, follow, max-snippet:-1, max-image-preview:large, max-video-preview:-1\" \/>\n<link rel=\"canonical\" href=\"https:\/\/diariodelsurdigital.com.ar\/?p=1029\" \/>\n<meta property=\"og:locale\" content=\"es_ES\" \/>\n<meta property=\"og:type\" content=\"article\" \/>\n<meta property=\"og:title\" content=\"La Libertad Avanza: el Gobierno dar\u00e1 de baja los 300.000 permisos para cultivar marihuana del REPROCANN - Diario del Sur\" \/>\n<meta property=\"og:description\" content=\"Lo anunci\u00f3 la ministra de Seguridad, Patricia Bullrich, lo que atenta contra pacientes que necesitan cannabis medicinal. Habl\u00f3 de \u00abdesv\u00edo a la venta ilegal\u00bb y asegur\u00f3: \u201cVamos a empezar de cero\u201d. Vivimos una \u00e9poca donde las palabras quedan vac\u00edas de significado. Es el caso de la fuerza de gobierno que, autoproclamada La Libertad Avanza, ataca [&hellip;]\" \/>\n<meta property=\"og:url\" content=\"https:\/\/diariodelsurdigital.com.ar\/?p=1029\" \/>\n<meta property=\"og:site_name\" content=\"Diario del Sur\" \/>\n<meta property=\"article:published_time\" content=\"2025-02-14T18:43:20+00:00\" \/>\n<meta property=\"article:modified_time\" content=\"2025-02-14T18:43:22+00:00\" \/>\n<meta property=\"og:image\" content=\"https:\/\/diariodelsurdigital.com.ar\/wp-content\/uploads\/2025\/02\/Cannabis-medicinal-Mama-Cultiva_Juan-Mabromata-AFP.jpg\" \/>\n\t<meta property=\"og:image:width\" content=\"1200\" \/>\n\t<meta property=\"og:image:height\" content=\"800\" \/>\n\t<meta property=\"og:image:type\" content=\"image\/jpeg\" \/>\n<meta name=\"author\" content=\"Diario del Sur Digital\" \/>\n<meta name=\"twitter:card\" content=\"summary_large_image\" \/>\n<meta name=\"twitter:label1\" content=\"Escrito por\" \/>\n\t<meta name=\"twitter:data1\" content=\"Diario del Sur Digital\" \/>\n\t<meta name=\"twitter:label2\" content=\"Tiempo de lectura\" \/>\n\t<meta name=\"twitter:data2\" content=\"8 minutos\" \/>\n<script type=\"application\/ld+json\" class=\"yoast-schema-graph\">{\"@context\":\"https:\\\/\\\/schema.org\",\"@graph\":[{\"@type\":\"Article\",\"@id\":\"https:\\\/\\\/diariodelsurdigital.com.ar\\\/?p=1029#article\",\"isPartOf\":{\"@id\":\"https:\\\/\\\/diariodelsurdigital.com.ar\\\/?p=1029\"},\"author\":{\"name\":\"Diario del Sur Digital\",\"@id\":\"https:\\\/\\\/diariodelsurdigital.com.ar\\\/#\\\/schema\\\/person\\\/1a4992532ed62965c968031b49195c81\"},\"headline\":\"La Libertad Avanza: el Gobierno dar\u00e1 de baja los 300.000 permisos para cultivar marihuana del REPROCANN\",\"datePublished\":\"2025-02-14T18:43:20+00:00\",\"dateModified\":\"2025-02-14T18:43:22+00:00\",\"mainEntityOfPage\":{\"@id\":\"https:\\\/\\\/diariodelsurdigital.com.ar\\\/?p=1029\"},\"wordCount\":1545,\"commentCount\":0,\"image\":{\"@id\":\"https:\\\/\\\/diariodelsurdigital.com.ar\\\/?p=1029#primaryimage\"},\"thumbnailUrl\":\"https:\\\/\\\/diariodelsurdigital.com.ar\\\/wp-content\\\/uploads\\\/2025\\\/02\\\/Cannabis-medicinal-Mama-Cultiva_Juan-Mabromata-AFP.jpg\",\"articleSection\":[\"Inter\u00e9s General\"],\"inLanguage\":\"es\",\"potentialAction\":[{\"@type\":\"CommentAction\",\"name\":\"Comment\",\"target\":[\"https:\\\/\\\/diariodelsurdigital.com.ar\\\/?p=1029#respond\"]}]},{\"@type\":\"WebPage\",\"@id\":\"https:\\\/\\\/diariodelsurdigital.com.ar\\\/?p=1029\",\"url\":\"https:\\\/\\\/diariodelsurdigital.com.ar\\\/?p=1029\",\"name\":\"La Libertad Avanza: el Gobierno dar\u00e1 de baja los 300.000 permisos para cultivar marihuana del REPROCANN - Diario del Sur\",\"isPartOf\":{\"@id\":\"https:\\\/\\\/diariodelsurdigital.com.ar\\\/#website\"},\"primaryImageOfPage\":{\"@id\":\"https:\\\/\\\/diariodelsurdigital.com.ar\\\/?p=1029#primaryimage\"},\"image\":{\"@id\":\"https:\\\/\\\/diariodelsurdigital.com.ar\\\/?p=1029#primaryimage\"},\"thumbnailUrl\":\"https:\\\/\\\/diariodelsurdigital.com.ar\\\/wp-content\\\/uploads\\\/2025\\\/02\\\/Cannabis-medicinal-Mama-Cultiva_Juan-Mabromata-AFP.jpg\",\"datePublished\":\"2025-02-14T18:43:20+00:00\",\"dateModified\":\"2025-02-14T18:43:22+00:00\",\"author\":{\"@id\":\"https:\\\/\\\/diariodelsurdigital.com.ar\\\/#\\\/schema\\\/person\\\/1a4992532ed62965c968031b49195c81\"},\"breadcrumb\":{\"@id\":\"https:\\\/\\\/diariodelsurdigital.com.ar\\\/?p=1029#breadcrumb\"},\"inLanguage\":\"es\",\"potentialAction\":[{\"@type\":\"ReadAction\",\"target\":[\"https:\\\/\\\/diariodelsurdigital.com.ar\\\/?p=1029\"]}]},{\"@type\":\"ImageObject\",\"inLanguage\":\"es\",\"@id\":\"https:\\\/\\\/diariodelsurdigital.com.ar\\\/?p=1029#primaryimage\",\"url\":\"https:\\\/\\\/diariodelsurdigital.com.ar\\\/wp-content\\\/uploads\\\/2025\\\/02\\\/Cannabis-medicinal-Mama-Cultiva_Juan-Mabromata-AFP.jpg\",\"contentUrl\":\"https:\\\/\\\/diariodelsurdigital.com.ar\\\/wp-content\\\/uploads\\\/2025\\\/02\\\/Cannabis-medicinal-Mama-Cultiva_Juan-Mabromata-AFP.jpg\",\"width\":1200,\"height\":800},{\"@type\":\"BreadcrumbList\",\"@id\":\"https:\\\/\\\/diariodelsurdigital.com.ar\\\/?p=1029#breadcrumb\",\"itemListElement\":[{\"@type\":\"ListItem\",\"position\":1,\"name\":\"Portada\",\"item\":\"https:\\\/\\\/diariodelsurdigital.com.ar\\\/\"},{\"@type\":\"ListItem\",\"position\":2,\"name\":\"La Libertad Avanza: el Gobierno dar\u00e1 de baja los 300.000 permisos para cultivar marihuana del REPROCANN\"}]},{\"@type\":\"WebSite\",\"@id\":\"https:\\\/\\\/diariodelsurdigital.com.ar\\\/#website\",\"url\":\"https:\\\/\\\/diariodelsurdigital.com.ar\\\/\",\"name\":\"Diario del Sur\",\"description\":\"Digital\",\"potentialAction\":[{\"@type\":\"SearchAction\",\"target\":{\"@type\":\"EntryPoint\",\"urlTemplate\":\"https:\\\/\\\/diariodelsurdigital.com.ar\\\/?s={search_term_string}\"},\"query-input\":{\"@type\":\"PropertyValueSpecification\",\"valueRequired\":true,\"valueName\":\"search_term_string\"}}],\"inLanguage\":\"es\"},{\"@type\":\"Person\",\"@id\":\"https:\\\/\\\/diariodelsurdigital.com.ar\\\/#\\\/schema\\\/person\\\/1a4992532ed62965c968031b49195c81\",\"name\":\"Diario del Sur Digital\",\"image\":{\"@type\":\"ImageObject\",\"inLanguage\":\"es\",\"@id\":\"https:\\\/\\\/secure.gravatar.com\\\/avatar\\\/f0c7c47fc7146d19828273b9b8eda651c9c7ab583767e6338d3d3bee825adf76?s=96&d=mm&r=g\",\"url\":\"https:\\\/\\\/secure.gravatar.com\\\/avatar\\\/f0c7c47fc7146d19828273b9b8eda651c9c7ab583767e6338d3d3bee825adf76?s=96&d=mm&r=g\",\"contentUrl\":\"https:\\\/\\\/secure.gravatar.com\\\/avatar\\\/f0c7c47fc7146d19828273b9b8eda651c9c7ab583767e6338d3d3bee825adf76?s=96&d=mm&r=g\",\"caption\":\"Diario del Sur Digital\"},\"url\":\"https:\\\/\\\/diariodelsurdigital.com.ar\\\/?author=4\"}]}<\/script>\n<!-- \/ Yoast SEO plugin. -->","yoast_head_json":{"title":"La Libertad Avanza: el Gobierno dar\u00e1 de baja los 300.000 permisos para cultivar marihuana del REPROCANN - Diario del Sur","robots":{"index":"index","follow":"follow","max-snippet":"max-snippet:-1","max-image-preview":"max-image-preview:large","max-video-preview":"max-video-preview:-1"},"canonical":"https:\/\/diariodelsurdigital.com.ar\/?p=1029","og_locale":"es_ES","og_type":"article","og_title":"La Libertad Avanza: el Gobierno dar\u00e1 de baja los 300.000 permisos para cultivar marihuana del REPROCANN - Diario del Sur","og_description":"Lo anunci\u00f3 la ministra de Seguridad, Patricia Bullrich, lo que atenta contra pacientes que necesitan cannabis medicinal. Habl\u00f3 de \u00abdesv\u00edo a la venta ilegal\u00bb y asegur\u00f3: \u201cVamos a empezar de cero\u201d. Vivimos una \u00e9poca donde las palabras quedan vac\u00edas de significado. Es el caso de la fuerza de gobierno que, autoproclamada La Libertad Avanza, ataca [&hellip;]","og_url":"https:\/\/diariodelsurdigital.com.ar\/?p=1029","og_site_name":"Diario del Sur","article_published_time":"2025-02-14T18:43:20+00:00","article_modified_time":"2025-02-14T18:43:22+00:00","og_image":[{"width":1200,"height":800,"url":"https:\/\/diariodelsurdigital.com.ar\/wp-content\/uploads\/2025\/02\/Cannabis-medicinal-Mama-Cultiva_Juan-Mabromata-AFP.jpg","type":"image\/jpeg"}],"author":"Diario del Sur Digital","twitter_card":"summary_large_image","twitter_misc":{"Escrito por":"Diario del Sur Digital","Tiempo de lectura":"8 minutos"},"schema":{"@context":"https:\/\/schema.org","@graph":[{"@type":"Article","@id":"https:\/\/diariodelsurdigital.com.ar\/?p=1029#article","isPartOf":{"@id":"https:\/\/diariodelsurdigital.com.ar\/?p=1029"},"author":{"name":"Diario del Sur Digital","@id":"https:\/\/diariodelsurdigital.com.ar\/#\/schema\/person\/1a4992532ed62965c968031b49195c81"},"headline":"La Libertad Avanza: el Gobierno dar\u00e1 de baja los 300.000 permisos para cultivar marihuana del REPROCANN","datePublished":"2025-02-14T18:43:20+00:00","dateModified":"2025-02-14T18:43:22+00:00","mainEntityOfPage":{"@id":"https:\/\/diariodelsurdigital.com.ar\/?p=1029"},"wordCount":1545,"commentCount":0,"image":{"@id":"https:\/\/diariodelsurdigital.com.ar\/?p=1029#primaryimage"},"thumbnailUrl":"https:\/\/diariodelsurdigital.com.ar\/wp-content\/uploads\/2025\/02\/Cannabis-medicinal-Mama-Cultiva_Juan-Mabromata-AFP.jpg","articleSection":["Inter\u00e9s General"],"inLanguage":"es","potentialAction":[{"@type":"CommentAction","name":"Comment","target":["https:\/\/diariodelsurdigital.com.ar\/?p=1029#respond"]}]},{"@type":"WebPage","@id":"https:\/\/diariodelsurdigital.com.ar\/?p=1029","url":"https:\/\/diariodelsurdigital.com.ar\/?p=1029","name":"La Libertad Avanza: el Gobierno dar\u00e1 de baja los 300.000 permisos para cultivar marihuana del REPROCANN - Diario del Sur","isPartOf":{"@id":"https:\/\/diariodelsurdigital.com.ar\/#website"},"primaryImageOfPage":{"@id":"https:\/\/diariodelsurdigital.com.ar\/?p=1029#primaryimage"},"image":{"@id":"https:\/\/diariodelsurdigital.com.ar\/?p=1029#primaryimage"},"thumbnailUrl":"https:\/\/diariodelsurdigital.com.ar\/wp-content\/uploads\/2025\/02\/Cannabis-medicinal-Mama-Cultiva_Juan-Mabromata-AFP.jpg","datePublished":"2025-02-14T18:43:20+00:00","dateModified":"2025-02-14T18:43:22+00:00","author":{"@id":"https:\/\/diariodelsurdigital.com.ar\/#\/schema\/person\/1a4992532ed62965c968031b49195c81"},"breadcrumb":{"@id":"https:\/\/diariodelsurdigital.com.ar\/?p=1029#breadcrumb"},"inLanguage":"es","potentialAction":[{"@type":"ReadAction","target":["https:\/\/diariodelsurdigital.com.ar\/?p=1029"]}]},{"@type":"ImageObject","inLanguage":"es","@id":"https:\/\/diariodelsurdigital.com.ar\/?p=1029#primaryimage","url":"https:\/\/diariodelsurdigital.com.ar\/wp-content\/uploads\/2025\/02\/Cannabis-medicinal-Mama-Cultiva_Juan-Mabromata-AFP.jpg","contentUrl":"https:\/\/diariodelsurdigital.com.ar\/wp-content\/uploads\/2025\/02\/Cannabis-medicinal-Mama-Cultiva_Juan-Mabromata-AFP.jpg","width":1200,"height":800},{"@type":"BreadcrumbList","@id":"https:\/\/diariodelsurdigital.com.ar\/?p=1029#breadcrumb","itemListElement":[{"@type":"ListItem","position":1,"name":"Portada","item":"https:\/\/diariodelsurdigital.com.ar\/"},{"@type":"ListItem","position":2,"name":"La Libertad Avanza: el Gobierno dar\u00e1 de baja los 300.000 permisos para cultivar marihuana del REPROCANN"}]},{"@type":"WebSite","@id":"https:\/\/diariodelsurdigital.com.ar\/#website","url":"https:\/\/diariodelsurdigital.com.ar\/","name":"Diario del Sur","description":"Digital","potentialAction":[{"@type":"SearchAction","target":{"@type":"EntryPoint","urlTemplate":"https:\/\/diariodelsurdigital.com.ar\/?s={search_term_string}"},"query-input":{"@type":"PropertyValueSpecification","valueRequired":true,"valueName":"search_term_string"}}],"inLanguage":"es"},{"@type":"Person","@id":"https:\/\/diariodelsurdigital.com.ar\/#\/schema\/person\/1a4992532ed62965c968031b49195c81","name":"Diario del Sur Digital","image":{"@type":"ImageObject","inLanguage":"es","@id":"https:\/\/secure.gravatar.com\/avatar\/f0c7c47fc7146d19828273b9b8eda651c9c7ab583767e6338d3d3bee825adf76?s=96&d=mm&r=g","url":"https:\/\/secure.gravatar.com\/avatar\/f0c7c47fc7146d19828273b9b8eda651c9c7ab583767e6338d3d3bee825adf76?s=96&d=mm&r=g","contentUrl":"https:\/\/secure.gravatar.com\/avatar\/f0c7c47fc7146d19828273b9b8eda651c9c7ab583767e6338d3d3bee825adf76?s=96&d=mm&r=g","caption":"Diario del Sur Digital"},"url":"https:\/\/diariodelsurdigital.com.ar\/?author=4"}]}},"_links":{"self":[{"href":"https:\/\/diariodelsurdigital.com.ar\/index.php?rest_route=\/wp\/v2\/posts\/1029","targetHints":{"allow":["GET"]}}],"collection":[{"href":"https:\/\/diariodelsurdigital.com.ar\/index.php?rest_route=\/wp\/v2\/posts"}],"about":[{"href":"https:\/\/diariodelsurdigital.com.ar\/index.php?rest_route=\/wp\/v2\/types\/post"}],"author":[{"embeddable":true,"href":"https:\/\/diariodelsurdigital.com.ar\/index.php?rest_route=\/wp\/v2\/users\/4"}],"replies":[{"embeddable":true,"href":"https:\/\/diariodelsurdigital.com.ar\/index.php?rest_route=%2Fwp%2Fv2%2Fcomments&post=1029"}],"version-history":[{"count":1,"href":"https:\/\/diariodelsurdigital.com.ar\/index.php?rest_route=\/wp\/v2\/posts\/1029\/revisions"}],"predecessor-version":[{"id":1031,"href":"https:\/\/diariodelsurdigital.com.ar\/index.php?rest_route=\/wp\/v2\/posts\/1029\/revisions\/1031"}],"wp:featuredmedia":[{"embeddable":true,"href":"https:\/\/diariodelsurdigital.com.ar\/index.php?rest_route=\/wp\/v2\/media\/1030"}],"wp:attachment":[{"href":"https:\/\/diariodelsurdigital.com.ar\/index.php?rest_route=%2Fwp%2Fv2%2Fmedia&parent=1029"}],"wp:term":[{"taxonomy":"category","embeddable":true,"href":"https:\/\/diariodelsurdigital.com.ar\/index.php?rest_route=%2Fwp%2Fv2%2Fcategories&post=1029"},{"taxonomy":"post_tag","embeddable":true,"href":"https:\/\/diariodelsurdigital.com.ar\/index.php?rest_route=%2Fwp%2Fv2%2Ftags&post=1029"}],"curies":[{"name":"wp","href":"https:\/\/api.w.org\/{rel}","templated":true}]}}