{"id":1032,"date":"2025-02-15T17:28:24","date_gmt":"2025-02-15T20:28:24","guid":{"rendered":"https:\/\/diariodelsurdigital.com.ar\/?p=1032"},"modified":"2025-02-15T17:45:04","modified_gmt":"2025-02-15T20:45:04","slug":"con-criticas-a-la-dirigencia-analisis-y-propuestas-se-realizo-un-plenario-peronista-en-concordia","status":"publish","type":"post","link":"https:\/\/diariodelsurdigital.com.ar\/?p=1032","title":{"rendered":"Con cr\u00edticas a la dirigencia, an\u00e1lisis y propuestas se realiz\u00f3 un Plenario Peronista en Concordia"},"content":{"rendered":"\n<p><\/p>\n\n\n\n<p>Desde las 18 horas de este viernes, comenzaron a llegar militantes de los distintos sectores de Concordia al local del Partido Justicialista de Concordia. El Plenario comenz\u00f3 luego de la llegada de militantes de la localidad de Paran\u00e1, entre ellos, el Presidente del Partido Justicialista de esa localidad, Jorge \u201cKinoto\u201d V\u00e1zquez, la ex legisladora provincial, Lucy Grimalt y algunos consejeros.<\/p>\n\n\n\n<p>Con la premisa, \u201cPrimero la Patria, segundo el Movimiento y por \u00faltimo las Personas\u201d, los visitantes fueron recibidos por la Vicepresidente del PJ Concordia, Yan Barbona y la consejera Agnes Perez, por ausencia con aviso de su Presidente, Facundo Ru\u00edz D\u00edaz. Participaron del c\u00f3nclave tambi\u00e9n los congresales, Gustavo D\u00edaz, Beto Gonz\u00e1lez, Rub\u00e9n Bonelli y la ex concejal Cristina Salas. La organizaci\u00f3n del encuentro estuvo coordinada por el referente y militante social, Guillermo De Castelli.<\/p>\n\n\n\n<p>Como primer punto, los presentes fueron tomando la palabra. En las alocuciones se remarc\u00f3 en general, varias cr\u00edticas a la dirigencia justicialista atornillada al poder durante m\u00e1s de 20 a\u00f1os, que tuvo como producto el triunfo a nivel nacional con Milei, a nivel provincial con Frigerio y local con Azcu\u00e9.<\/p>\n\n\n\n<p>Las cr\u00edticas tampoco estuvieron ausentes para el gobierno nacional, que con la claudicaci\u00f3n de algunos que se dicen peronistas, llevaron a la Argentina a un grado de desigualdad social y de sometimiento nunca visto.<\/p>\n\n\n\n<p>Ante el adverso estado de situaci\u00f3n social que viven vastos sectores en la ciudad de Concordia, se propuso la realizaci\u00f3n de eventos para recaudar alimentos y otros elementos que ser\u00e1n destinados a los m\u00e1s despose\u00eddos.<\/p>\n\n\n\n<p>Con respecto a lo que se denomin\u00f3 \u201ctraici\u00f3n a los intereses del peronismo\u201d por parte de algunos funcionarios y legisladores, se propuso realizar una misiva firmada por consejeros, congresales y militantes al Consejo Provincial del Partido Justicialista de Entre R\u00edos que consiste en que \u201ctodo compa\u00f1ero que en caso de ser elegido senador nacional \u00f3 diputado nacional por el Partido Justicialista de Entre R\u00edos, deje por adelantado su renuncia indeclinable al cargo de legislador nacional en caso de que incurra como lo hizo el ex senador Edgardo Kueider, votando en contra de los intereses del peronismo\u201d.<\/p>\n\n\n\n<p>De la misma forma, tambi\u00e9n se acord\u00f3 por unanimidad de los presentes al Plenario, de que \u201ctodo aquel compa\u00f1ero, que se desempe\u00f1a ocupando un cargo de intendente, concejal, legislador provincial o funcionario en la provincia de Entre R\u00edos, que no haya aportado al Consejo Provincial del Partido Justicialista de Entre R\u00edos, lo que estipula por Carta Org\u00e1nica Partidaria, a partir del corriente a\u00f1o 2025, no pueda ser, precandidato \u00f3 candidato a ning\u00fan cargo en nombre del Partido Justicialista, entendiendo que los cargos no son de las personas, sino del Partido Justicialista de Entre R\u00edos\u201d.<\/p>\n\n\n\n\n\n<figure class=\"wp-block-image size-large\"><img loading=\"lazy\" decoding=\"async\" width=\"1024\" height=\"768\" src=\"https:\/\/diariodelsurdigital.com.ar\/wp-content\/uploads\/2025\/02\/Imagen-de-WhatsApp-2025-02-15-a-las-15.27.55_8cd5d1bf-1024x768.jpg\" alt=\"\" class=\"wp-image-1034\" srcset=\"https:\/\/diariodelsurdigital.com.ar\/wp-content\/uploads\/2025\/02\/Imagen-de-WhatsApp-2025-02-15-a-las-15.27.55_8cd5d1bf-1024x768.jpg 1024w, https:\/\/diariodelsurdigital.com.ar\/wp-content\/uploads\/2025\/02\/Imagen-de-WhatsApp-2025-02-15-a-las-15.27.55_8cd5d1bf-300x225.jpg 300w, https:\/\/diariodelsurdigital.com.ar\/wp-content\/uploads\/2025\/02\/Imagen-de-WhatsApp-2025-02-15-a-las-15.27.55_8cd5d1bf-768x576.jpg 768w, https:\/\/diariodelsurdigital.com.ar\/wp-content\/uploads\/2025\/02\/Imagen-de-WhatsApp-2025-02-15-a-las-15.27.55_8cd5d1bf-1536x1152.jpg 1536w, https:\/\/diariodelsurdigital.com.ar\/wp-content\/uploads\/2025\/02\/Imagen-de-WhatsApp-2025-02-15-a-las-15.27.55_8cd5d1bf-560x420.jpg 560w, https:\/\/diariodelsurdigital.com.ar\/wp-content\/uploads\/2025\/02\/Imagen-de-WhatsApp-2025-02-15-a-las-15.27.55_8cd5d1bf-80x60.jpg 80w, https:\/\/diariodelsurdigital.com.ar\/wp-content\/uploads\/2025\/02\/Imagen-de-WhatsApp-2025-02-15-a-las-15.27.55_8cd5d1bf-696x522.jpg 696w, https:\/\/diariodelsurdigital.com.ar\/wp-content\/uploads\/2025\/02\/Imagen-de-WhatsApp-2025-02-15-a-las-15.27.55_8cd5d1bf-1068x801.jpg 1068w, https:\/\/diariodelsurdigital.com.ar\/wp-content\/uploads\/2025\/02\/Imagen-de-WhatsApp-2025-02-15-a-las-15.27.55_8cd5d1bf-265x198.jpg 265w, https:\/\/diariodelsurdigital.com.ar\/wp-content\/uploads\/2025\/02\/Imagen-de-WhatsApp-2025-02-15-a-las-15.27.55_8cd5d1bf.jpg 1600w\" sizes=\"auto, (max-width: 1024px) 100vw, 1024px\" \/><\/figure>\n","protected":false},"excerpt":{"rendered":"<p>Desde las 18 horas de este viernes, comenzaron a llegar militantes de los distintos sectores de Concordia al local del Partido Justicialista de Concordia. El Plenario comenz\u00f3 luego de la llegada de militantes de la localidad de Paran\u00e1, entre ellos, el Presidente del Partido Justicialista de esa localidad, Jorge \u201cKinoto\u201d V\u00e1zquez, la ex legisladora provincial, [&hellip;]<\/p>\n","protected":false},"author":2,"featured_media":1033,"comment_status":"open","ping_status":"open","sticky":false,"template":"","format":"standard","meta":{"footnotes":""},"categories":[16],"tags":[],"class_list":{"0":"post-1032","1":"post","2":"type-post","3":"status-publish","4":"format-standard","5":"has-post-thumbnail","7":"category-locales"},"yoast_head":"<!-- This site is optimized with the Yoast SEO plugin v27.4 - https:\/\/yoast.com\/product\/yoast-seo-wordpress\/ -->\n<title>Con cr\u00edticas a la dirigencia, an\u00e1lisis y propuestas se realiz\u00f3 un Plenario Peronista en Concordia - Diario del Sur<\/title>\n<meta name=\"robots\" content=\"index, follow, max-snippet:-1, max-image-preview:large, max-video-preview:-1\" \/>\n<link rel=\"canonical\" href=\"https:\/\/diariodelsurdigital.com.ar\/?p=1032\" \/>\n<meta property=\"og:locale\" content=\"es_ES\" \/>\n<meta property=\"og:type\" content=\"article\" \/>\n<meta property=\"og:title\" content=\"Con cr\u00edticas a la dirigencia, an\u00e1lisis y propuestas se realiz\u00f3 un Plenario Peronista en Concordia - Diario del Sur\" \/>\n<meta property=\"og:description\" content=\"Desde las 18 horas de este viernes, comenzaron a llegar militantes de los distintos sectores de Concordia al local del Partido Justicialista de Concordia. El Plenario comenz\u00f3 luego de la llegada de militantes de la localidad de Paran\u00e1, entre ellos, el Presidente del Partido Justicialista de esa localidad, Jorge \u201cKinoto\u201d V\u00e1zquez, la ex legisladora provincial, [&hellip;]\" \/>\n<meta property=\"og:url\" content=\"https:\/\/diariodelsurdigital.com.ar\/?p=1032\" \/>\n<meta property=\"og:site_name\" content=\"Diario del Sur\" \/>\n<meta property=\"article:published_time\" content=\"2025-02-15T20:28:24+00:00\" \/>\n<meta property=\"article:modified_time\" content=\"2025-02-15T20:45:04+00:00\" \/>\n<meta property=\"og:image\" content=\"https:\/\/diariodelsurdigital.com.ar\/wp-content\/uploads\/2025\/02\/Imagen-de-WhatsApp-2025-02-15-a-las-17.24.58_5181d507.jpg\" \/>\n\t<meta property=\"og:image:width\" content=\"612\" \/>\n\t<meta property=\"og:image:height\" content=\"324\" \/>\n\t<meta property=\"og:image:type\" content=\"image\/jpeg\" \/>\n<meta name=\"author\" content=\"Diario del Sur Digital\" \/>\n<meta name=\"twitter:card\" content=\"summary_large_image\" \/>\n<meta name=\"twitter:label1\" content=\"Escrito por\" \/>\n\t<meta name=\"twitter:data1\" content=\"Diario del Sur Digital\" \/>\n\t<meta name=\"twitter:label2\" content=\"Tiempo de lectura\" \/>\n\t<meta name=\"twitter:data2\" content=\"3 minutos\" \/>\n<script type=\"application\/ld+json\" class=\"yoast-schema-graph\">{\"@context\":\"https:\\\/\\\/schema.org\",\"@graph\":[{\"@type\":\"Article\",\"@id\":\"https:\\\/\\\/diariodelsurdigital.com.ar\\\/?p=1032#article\",\"isPartOf\":{\"@id\":\"https:\\\/\\\/diariodelsurdigital.com.ar\\\/?p=1032\"},\"author\":{\"name\":\"Diario del Sur Digital\",\"@id\":\"https:\\\/\\\/diariodelsurdigital.com.ar\\\/#\\\/schema\\\/person\\\/6136a32571657f7dba980b88b04c5465\"},\"headline\":\"Con cr\u00edticas a la dirigencia, an\u00e1lisis y propuestas se realiz\u00f3 un Plenario Peronista en Concordia\",\"datePublished\":\"2025-02-15T20:28:24+00:00\",\"dateModified\":\"2025-02-15T20:45:04+00:00\",\"mainEntityOfPage\":{\"@id\":\"https:\\\/\\\/diariodelsurdigital.com.ar\\\/?p=1032\"},\"wordCount\":487,\"commentCount\":0,\"image\":{\"@id\":\"https:\\\/\\\/diariodelsurdigital.com.ar\\\/?p=1032#primaryimage\"},\"thumbnailUrl\":\"https:\\\/\\\/diariodelsurdigital.com.ar\\\/wp-content\\\/uploads\\\/2025\\\/02\\\/Imagen-de-WhatsApp-2025-02-15-a-las-17.24.58_5181d507.jpg\",\"articleSection\":[\"Locales\"],\"inLanguage\":\"es\",\"potentialAction\":[{\"@type\":\"CommentAction\",\"name\":\"Comment\",\"target\":[\"https:\\\/\\\/diariodelsurdigital.com.ar\\\/?p=1032#respond\"]}]},{\"@type\":\"WebPage\",\"@id\":\"https:\\\/\\\/diariodelsurdigital.com.ar\\\/?p=1032\",\"url\":\"https:\\\/\\\/diariodelsurdigital.com.ar\\\/?p=1032\",\"name\":\"Con cr\u00edticas a la dirigencia, an\u00e1lisis y propuestas se realiz\u00f3 un Plenario Peronista en Concordia - Diario del Sur\",\"isPartOf\":{\"@id\":\"https:\\\/\\\/diariodelsurdigital.com.ar\\\/#website\"},\"primaryImageOfPage\":{\"@id\":\"https:\\\/\\\/diariodelsurdigital.com.ar\\\/?p=1032#primaryimage\"},\"image\":{\"@id\":\"https:\\\/\\\/diariodelsurdigital.com.ar\\\/?p=1032#primaryimage\"},\"thumbnailUrl\":\"https:\\\/\\\/diariodelsurdigital.com.ar\\\/wp-content\\\/uploads\\\/2025\\\/02\\\/Imagen-de-WhatsApp-2025-02-15-a-las-17.24.58_5181d507.jpg\",\"datePublished\":\"2025-02-15T20:28:24+00:00\",\"dateModified\":\"2025-02-15T20:45:04+00:00\",\"author\":{\"@id\":\"https:\\\/\\\/diariodelsurdigital.com.ar\\\/#\\\/schema\\\/person\\\/6136a32571657f7dba980b88b04c5465\"},\"breadcrumb\":{\"@id\":\"https:\\\/\\\/diariodelsurdigital.com.ar\\\/?p=1032#breadcrumb\"},\"inLanguage\":\"es\",\"potentialAction\":[{\"@type\":\"ReadAction\",\"target\":[\"https:\\\/\\\/diariodelsurdigital.com.ar\\\/?p=1032\"]}]},{\"@type\":\"ImageObject\",\"inLanguage\":\"es\",\"@id\":\"https:\\\/\\\/diariodelsurdigital.com.ar\\\/?p=1032#primaryimage\",\"url\":\"https:\\\/\\\/diariodelsurdigital.com.ar\\\/wp-content\\\/uploads\\\/2025\\\/02\\\/Imagen-de-WhatsApp-2025-02-15-a-las-17.24.58_5181d507.jpg\",\"contentUrl\":\"https:\\\/\\\/diariodelsurdigital.com.ar\\\/wp-content\\\/uploads\\\/2025\\\/02\\\/Imagen-de-WhatsApp-2025-02-15-a-las-17.24.58_5181d507.jpg\",\"width\":612,\"height\":324},{\"@type\":\"BreadcrumbList\",\"@id\":\"https:\\\/\\\/diariodelsurdigital.com.ar\\\/?p=1032#breadcrumb\",\"itemListElement\":[{\"@type\":\"ListItem\",\"position\":1,\"name\":\"Portada\",\"item\":\"https:\\\/\\\/diariodelsurdigital.com.ar\\\/\"},{\"@type\":\"ListItem\",\"position\":2,\"name\":\"Con cr\u00edticas a la dirigencia, an\u00e1lisis y propuestas se realiz\u00f3 un Plenario Peronista en Concordia\"}]},{\"@type\":\"WebSite\",\"@id\":\"https:\\\/\\\/diariodelsurdigital.com.ar\\\/#website\",\"url\":\"https:\\\/\\\/diariodelsurdigital.com.ar\\\/\",\"name\":\"Diario del Sur\",\"description\":\"Digital\",\"potentialAction\":[{\"@type\":\"SearchAction\",\"target\":{\"@type\":\"EntryPoint\",\"urlTemplate\":\"https:\\\/\\\/diariodelsurdigital.com.ar\\\/?s={search_term_string}\"},\"query-input\":{\"@type\":\"PropertyValueSpecification\",\"valueRequired\":true,\"valueName\":\"search_term_string\"}}],\"inLanguage\":\"es\"},{\"@type\":\"Person\",\"@id\":\"https:\\\/\\\/diariodelsurdigital.com.ar\\\/#\\\/schema\\\/person\\\/6136a32571657f7dba980b88b04c5465\",\"name\":\"Diario del Sur Digital\",\"image\":{\"@type\":\"ImageObject\",\"inLanguage\":\"es\",\"@id\":\"https:\\\/\\\/secure.gravatar.com\\\/avatar\\\/4c29ceac98541dd42460b2474aaa5dd37594d6ce6cb3cf2c101d09b48ee287ba?s=96&d=mm&r=g\",\"url\":\"https:\\\/\\\/secure.gravatar.com\\\/avatar\\\/4c29ceac98541dd42460b2474aaa5dd37594d6ce6cb3cf2c101d09b48ee287ba?s=96&d=mm&r=g\",\"contentUrl\":\"https:\\\/\\\/secure.gravatar.com\\\/avatar\\\/4c29ceac98541dd42460b2474aaa5dd37594d6ce6cb3cf2c101d09b48ee287ba?s=96&d=mm&r=g\",\"caption\":\"Diario del Sur Digital\"},\"url\":\"https:\\\/\\\/diariodelsurdigital.com.ar\\\/?author=2\"}]}<\/script>\n<!-- \/ Yoast SEO plugin. -->","yoast_head_json":{"title":"Con cr\u00edticas a la dirigencia, an\u00e1lisis y propuestas se realiz\u00f3 un Plenario Peronista en Concordia - Diario del Sur","robots":{"index":"index","follow":"follow","max-snippet":"max-snippet:-1","max-image-preview":"max-image-preview:large","max-video-preview":"max-video-preview:-1"},"canonical":"https:\/\/diariodelsurdigital.com.ar\/?p=1032","og_locale":"es_ES","og_type":"article","og_title":"Con cr\u00edticas a la dirigencia, an\u00e1lisis y propuestas se realiz\u00f3 un Plenario Peronista en Concordia - Diario del Sur","og_description":"Desde las 18 horas de este viernes, comenzaron a llegar militantes de los distintos sectores de Concordia al local del Partido Justicialista de Concordia. El Plenario comenz\u00f3 luego de la llegada de militantes de la localidad de Paran\u00e1, entre ellos, el Presidente del Partido Justicialista de esa localidad, Jorge \u201cKinoto\u201d V\u00e1zquez, la ex legisladora provincial, [&hellip;]","og_url":"https:\/\/diariodelsurdigital.com.ar\/?p=1032","og_site_name":"Diario del Sur","article_published_time":"2025-02-15T20:28:24+00:00","article_modified_time":"2025-02-15T20:45:04+00:00","og_image":[{"width":612,"height":324,"url":"https:\/\/diariodelsurdigital.com.ar\/wp-content\/uploads\/2025\/02\/Imagen-de-WhatsApp-2025-02-15-a-las-17.24.58_5181d507.jpg","type":"image\/jpeg"}],"author":"Diario del Sur Digital","twitter_card":"summary_large_image","twitter_misc":{"Escrito por":"Diario del Sur Digital","Tiempo de lectura":"3 minutos"},"schema":{"@context":"https:\/\/schema.org","@graph":[{"@type":"Article","@id":"https:\/\/diariodelsurdigital.com.ar\/?p=1032#article","isPartOf":{"@id":"https:\/\/diariodelsurdigital.com.ar\/?p=1032"},"author":{"name":"Diario del Sur Digital","@id":"https:\/\/diariodelsurdigital.com.ar\/#\/schema\/person\/6136a32571657f7dba980b88b04c5465"},"headline":"Con cr\u00edticas a la dirigencia, an\u00e1lisis y propuestas se realiz\u00f3 un Plenario Peronista en Concordia","datePublished":"2025-02-15T20:28:24+00:00","dateModified":"2025-02-15T20:45:04+00:00","mainEntityOfPage":{"@id":"https:\/\/diariodelsurdigital.com.ar\/?p=1032"},"wordCount":487,"commentCount":0,"image":{"@id":"https:\/\/diariodelsurdigital.com.ar\/?p=1032#primaryimage"},"thumbnailUrl":"https:\/\/diariodelsurdigital.com.ar\/wp-content\/uploads\/2025\/02\/Imagen-de-WhatsApp-2025-02-15-a-las-17.24.58_5181d507.jpg","articleSection":["Locales"],"inLanguage":"es","potentialAction":[{"@type":"CommentAction","name":"Comment","target":["https:\/\/diariodelsurdigital.com.ar\/?p=1032#respond"]}]},{"@type":"WebPage","@id":"https:\/\/diariodelsurdigital.com.ar\/?p=1032","url":"https:\/\/diariodelsurdigital.com.ar\/?p=1032","name":"Con cr\u00edticas a la dirigencia, an\u00e1lisis y propuestas se realiz\u00f3 un Plenario Peronista en Concordia - Diario del Sur","isPartOf":{"@id":"https:\/\/diariodelsurdigital.com.ar\/#website"},"primaryImageOfPage":{"@id":"https:\/\/diariodelsurdigital.com.ar\/?p=1032#primaryimage"},"image":{"@id":"https:\/\/diariodelsurdigital.com.ar\/?p=1032#primaryimage"},"thumbnailUrl":"https:\/\/diariodelsurdigital.com.ar\/wp-content\/uploads\/2025\/02\/Imagen-de-WhatsApp-2025-02-15-a-las-17.24.58_5181d507.jpg","datePublished":"2025-02-15T20:28:24+00:00","dateModified":"2025-02-15T20:45:04+00:00","author":{"@id":"https:\/\/diariodelsurdigital.com.ar\/#\/schema\/person\/6136a32571657f7dba980b88b04c5465"},"breadcrumb":{"@id":"https:\/\/diariodelsurdigital.com.ar\/?p=1032#breadcrumb"},"inLanguage":"es","potentialAction":[{"@type":"ReadAction","target":["https:\/\/diariodelsurdigital.com.ar\/?p=1032"]}]},{"@type":"ImageObject","inLanguage":"es","@id":"https:\/\/diariodelsurdigital.com.ar\/?p=1032#primaryimage","url":"https:\/\/diariodelsurdigital.com.ar\/wp-content\/uploads\/2025\/02\/Imagen-de-WhatsApp-2025-02-15-a-las-17.24.58_5181d507.jpg","contentUrl":"https:\/\/diariodelsurdigital.com.ar\/wp-content\/uploads\/2025\/02\/Imagen-de-WhatsApp-2025-02-15-a-las-17.24.58_5181d507.jpg","width":612,"height":324},{"@type":"BreadcrumbList","@id":"https:\/\/diariodelsurdigital.com.ar\/?p=1032#breadcrumb","itemListElement":[{"@type":"ListItem","position":1,"name":"Portada","item":"https:\/\/diariodelsurdigital.com.ar\/"},{"@type":"ListItem","position":2,"name":"Con cr\u00edticas a la dirigencia, an\u00e1lisis y propuestas se realiz\u00f3 un Plenario Peronista en Concordia"}]},{"@type":"WebSite","@id":"https:\/\/diariodelsurdigital.com.ar\/#website","url":"https:\/\/diariodelsurdigital.com.ar\/","name":"Diario del Sur","description":"Digital","potentialAction":[{"@type":"SearchAction","target":{"@type":"EntryPoint","urlTemplate":"https:\/\/diariodelsurdigital.com.ar\/?s={search_term_string}"},"query-input":{"@type":"PropertyValueSpecification","valueRequired":true,"valueName":"search_term_string"}}],"inLanguage":"es"},{"@type":"Person","@id":"https:\/\/diariodelsurdigital.com.ar\/#\/schema\/person\/6136a32571657f7dba980b88b04c5465","name":"Diario del Sur Digital","image":{"@type":"ImageObject","inLanguage":"es","@id":"https:\/\/secure.gravatar.com\/avatar\/4c29ceac98541dd42460b2474aaa5dd37594d6ce6cb3cf2c101d09b48ee287ba?s=96&d=mm&r=g","url":"https:\/\/secure.gravatar.com\/avatar\/4c29ceac98541dd42460b2474aaa5dd37594d6ce6cb3cf2c101d09b48ee287ba?s=96&d=mm&r=g","contentUrl":"https:\/\/secure.gravatar.com\/avatar\/4c29ceac98541dd42460b2474aaa5dd37594d6ce6cb3cf2c101d09b48ee287ba?s=96&d=mm&r=g","caption":"Diario del Sur Digital"},"url":"https:\/\/diariodelsurdigital.com.ar\/?author=2"}]}},"_links":{"self":[{"href":"https:\/\/diariodelsurdigital.com.ar\/index.php?rest_route=\/wp\/v2\/posts\/1032","targetHints":{"allow":["GET"]}}],"collection":[{"href":"https:\/\/diariodelsurdigital.com.ar\/index.php?rest_route=\/wp\/v2\/posts"}],"about":[{"href":"https:\/\/diariodelsurdigital.com.ar\/index.php?rest_route=\/wp\/v2\/types\/post"}],"author":[{"embeddable":true,"href":"https:\/\/diariodelsurdigital.com.ar\/index.php?rest_route=\/wp\/v2\/users\/2"}],"replies":[{"embeddable":true,"href":"https:\/\/diariodelsurdigital.com.ar\/index.php?rest_route=%2Fwp%2Fv2%2Fcomments&post=1032"}],"version-history":[{"count":2,"href":"https:\/\/diariodelsurdigital.com.ar\/index.php?rest_route=\/wp\/v2\/posts\/1032\/revisions"}],"predecessor-version":[{"id":1036,"href":"https:\/\/diariodelsurdigital.com.ar\/index.php?rest_route=\/wp\/v2\/posts\/1032\/revisions\/1036"}],"wp:featuredmedia":[{"embeddable":true,"href":"https:\/\/diariodelsurdigital.com.ar\/index.php?rest_route=\/wp\/v2\/media\/1033"}],"wp:attachment":[{"href":"https:\/\/diariodelsurdigital.com.ar\/index.php?rest_route=%2Fwp%2Fv2%2Fmedia&parent=1032"}],"wp:term":[{"taxonomy":"category","embeddable":true,"href":"https:\/\/diariodelsurdigital.com.ar\/index.php?rest_route=%2Fwp%2Fv2%2Fcategories&post=1032"},{"taxonomy":"post_tag","embeddable":true,"href":"https:\/\/diariodelsurdigital.com.ar\/index.php?rest_route=%2Fwp%2Fv2%2Ftags&post=1032"}],"curies":[{"name":"wp","href":"https:\/\/api.w.org\/{rel}","templated":true}]}}