{"id":1037,"date":"2025-02-16T15:55:26","date_gmt":"2025-02-16T18:55:26","guid":{"rendered":"https:\/\/diariodelsurdigital.com.ar\/?p=1037"},"modified":"2025-02-16T15:55:27","modified_gmt":"2025-02-16T18:55:27","slug":"fallecio-el-ex-secretario-de-deportes-luis-fonseca","status":"publish","type":"post","link":"https:\/\/diariodelsurdigital.com.ar\/?p=1037","title":{"rendered":"Falleci\u00f3 el ex secretario de Deportes, Luis Fonseca"},"content":{"rendered":"\n<p>El reconocido profesor de Educaci\u00f3n F\u00edsica, tambi\u00e9n se desempe\u00f1\u00f3 como funcionario del \u00e1rea de Deportes. Luis Emilio Fonseca, fue secretario de Deportes de la provincia de Entre R\u00edos. Creador de programas deportivos vinculados a la inclusi\u00f3n social. Tambi\u00e9n se destac\u00f3 por su bondad, pero sobre todo por su sencillez. Durante este \u00faltimo tiempo se lo vi\u00f3 conduciendo un remis por las calles de Concordia.<\/p>\n","protected":false},"excerpt":{"rendered":"<p>El reconocido profesor de Educaci\u00f3n F\u00edsica, tambi\u00e9n se desempe\u00f1\u00f3 como funcionario del \u00e1rea de Deportes. Luis Emilio Fonseca, fue secretario de Deportes de la provincia de Entre R\u00edos. Creador de programas deportivos vinculados a la inclusi\u00f3n social. Tambi\u00e9n se destac\u00f3 por su bondad, pero sobre todo por su sencillez. Durante este \u00faltimo tiempo se lo [&hellip;]<\/p>\n","protected":false},"author":2,"featured_media":1038,"comment_status":"open","ping_status":"open","sticky":false,"template":"","format":"standard","meta":{"footnotes":""},"categories":[16],"tags":[],"class_list":{"0":"post-1037","1":"post","2":"type-post","3":"status-publish","4":"format-standard","5":"has-post-thumbnail","7":"category-locales"},"yoast_head":"<!-- This site is optimized with the Yoast SEO plugin v27.4 - https:\/\/yoast.com\/product\/yoast-seo-wordpress\/ -->\n<title>Falleci\u00f3 el ex secretario de Deportes, Luis Fonseca - Diario del Sur<\/title>\n<meta name=\"robots\" content=\"index, follow, max-snippet:-1, max-image-preview:large, max-video-preview:-1\" \/>\n<link rel=\"canonical\" href=\"https:\/\/diariodelsurdigital.com.ar\/?p=1037\" \/>\n<meta property=\"og:locale\" content=\"es_ES\" \/>\n<meta property=\"og:type\" content=\"article\" \/>\n<meta property=\"og:title\" content=\"Falleci\u00f3 el ex secretario de Deportes, Luis Fonseca - Diario del Sur\" \/>\n<meta property=\"og:description\" content=\"El reconocido profesor de Educaci\u00f3n F\u00edsica, tambi\u00e9n se desempe\u00f1\u00f3 como funcionario del \u00e1rea de Deportes. Luis Emilio Fonseca, fue secretario de Deportes de la provincia de Entre R\u00edos. Creador de programas deportivos vinculados a la inclusi\u00f3n social. Tambi\u00e9n se destac\u00f3 por su bondad, pero sobre todo por su sencillez. Durante este \u00faltimo tiempo se lo [&hellip;]\" \/>\n<meta property=\"og:url\" content=\"https:\/\/diariodelsurdigital.com.ar\/?p=1037\" \/>\n<meta property=\"og:site_name\" content=\"Diario del Sur\" \/>\n<meta property=\"article:published_time\" content=\"2025-02-16T18:55:26+00:00\" \/>\n<meta property=\"article:modified_time\" content=\"2025-02-16T18:55:27+00:00\" \/>\n<meta property=\"og:image\" content=\"https:\/\/diariodelsurdigital.com.ar\/wp-content\/uploads\/2025\/02\/Imagen-de-WhatsApp-2025-02-16-a-las-15.53.21_0fe5ae0b.jpg\" \/>\n\t<meta property=\"og:image:width\" content=\"473\" \/>\n\t<meta property=\"og:image:height\" content=\"309\" \/>\n\t<meta property=\"og:image:type\" content=\"image\/jpeg\" \/>\n<meta name=\"author\" content=\"Diario del Sur Digital\" \/>\n<meta name=\"twitter:card\" content=\"summary_large_image\" \/>\n<meta name=\"twitter:label1\" content=\"Escrito por\" \/>\n\t<meta name=\"twitter:data1\" content=\"Diario del Sur Digital\" \/>\n\t<meta name=\"twitter:label2\" content=\"Tiempo de lectura\" \/>\n\t<meta name=\"twitter:data2\" content=\"1 minuto\" \/>\n<script type=\"application\/ld+json\" class=\"yoast-schema-graph\">{\"@context\":\"https:\\\/\\\/schema.org\",\"@graph\":[{\"@type\":\"Article\",\"@id\":\"https:\\\/\\\/diariodelsurdigital.com.ar\\\/?p=1037#article\",\"isPartOf\":{\"@id\":\"https:\\\/\\\/diariodelsurdigital.com.ar\\\/?p=1037\"},\"author\":{\"name\":\"Diario del Sur Digital\",\"@id\":\"https:\\\/\\\/diariodelsurdigital.com.ar\\\/#\\\/schema\\\/person\\\/6136a32571657f7dba980b88b04c5465\"},\"headline\":\"Falleci\u00f3 el ex secretario de Deportes, Luis Fonseca\",\"datePublished\":\"2025-02-16T18:55:26+00:00\",\"dateModified\":\"2025-02-16T18:55:27+00:00\",\"mainEntityOfPage\":{\"@id\":\"https:\\\/\\\/diariodelsurdigital.com.ar\\\/?p=1037\"},\"wordCount\":78,\"commentCount\":0,\"image\":{\"@id\":\"https:\\\/\\\/diariodelsurdigital.com.ar\\\/?p=1037#primaryimage\"},\"thumbnailUrl\":\"https:\\\/\\\/diariodelsurdigital.com.ar\\\/wp-content\\\/uploads\\\/2025\\\/02\\\/Imagen-de-WhatsApp-2025-02-16-a-las-15.53.21_0fe5ae0b.jpg\",\"articleSection\":[\"Locales\"],\"inLanguage\":\"es\",\"potentialAction\":[{\"@type\":\"CommentAction\",\"name\":\"Comment\",\"target\":[\"https:\\\/\\\/diariodelsurdigital.com.ar\\\/?p=1037#respond\"]}]},{\"@type\":\"WebPage\",\"@id\":\"https:\\\/\\\/diariodelsurdigital.com.ar\\\/?p=1037\",\"url\":\"https:\\\/\\\/diariodelsurdigital.com.ar\\\/?p=1037\",\"name\":\"Falleci\u00f3 el ex secretario de Deportes, Luis Fonseca - Diario del Sur\",\"isPartOf\":{\"@id\":\"https:\\\/\\\/diariodelsurdigital.com.ar\\\/#website\"},\"primaryImageOfPage\":{\"@id\":\"https:\\\/\\\/diariodelsurdigital.com.ar\\\/?p=1037#primaryimage\"},\"image\":{\"@id\":\"https:\\\/\\\/diariodelsurdigital.com.ar\\\/?p=1037#primaryimage\"},\"thumbnailUrl\":\"https:\\\/\\\/diariodelsurdigital.com.ar\\\/wp-content\\\/uploads\\\/2025\\\/02\\\/Imagen-de-WhatsApp-2025-02-16-a-las-15.53.21_0fe5ae0b.jpg\",\"datePublished\":\"2025-02-16T18:55:26+00:00\",\"dateModified\":\"2025-02-16T18:55:27+00:00\",\"author\":{\"@id\":\"https:\\\/\\\/diariodelsurdigital.com.ar\\\/#\\\/schema\\\/person\\\/6136a32571657f7dba980b88b04c5465\"},\"breadcrumb\":{\"@id\":\"https:\\\/\\\/diariodelsurdigital.com.ar\\\/?p=1037#breadcrumb\"},\"inLanguage\":\"es\",\"potentialAction\":[{\"@type\":\"ReadAction\",\"target\":[\"https:\\\/\\\/diariodelsurdigital.com.ar\\\/?p=1037\"]}]},{\"@type\":\"ImageObject\",\"inLanguage\":\"es\",\"@id\":\"https:\\\/\\\/diariodelsurdigital.com.ar\\\/?p=1037#primaryimage\",\"url\":\"https:\\\/\\\/diariodelsurdigital.com.ar\\\/wp-content\\\/uploads\\\/2025\\\/02\\\/Imagen-de-WhatsApp-2025-02-16-a-las-15.53.21_0fe5ae0b.jpg\",\"contentUrl\":\"https:\\\/\\\/diariodelsurdigital.com.ar\\\/wp-content\\\/uploads\\\/2025\\\/02\\\/Imagen-de-WhatsApp-2025-02-16-a-las-15.53.21_0fe5ae0b.jpg\",\"width\":473,\"height\":309},{\"@type\":\"BreadcrumbList\",\"@id\":\"https:\\\/\\\/diariodelsurdigital.com.ar\\\/?p=1037#breadcrumb\",\"itemListElement\":[{\"@type\":\"ListItem\",\"position\":1,\"name\":\"Portada\",\"item\":\"https:\\\/\\\/diariodelsurdigital.com.ar\\\/\"},{\"@type\":\"ListItem\",\"position\":2,\"name\":\"Falleci\u00f3 el ex secretario de Deportes, Luis Fonseca\"}]},{\"@type\":\"WebSite\",\"@id\":\"https:\\\/\\\/diariodelsurdigital.com.ar\\\/#website\",\"url\":\"https:\\\/\\\/diariodelsurdigital.com.ar\\\/\",\"name\":\"Diario del Sur\",\"description\":\"Digital\",\"potentialAction\":[{\"@type\":\"SearchAction\",\"target\":{\"@type\":\"EntryPoint\",\"urlTemplate\":\"https:\\\/\\\/diariodelsurdigital.com.ar\\\/?s={search_term_string}\"},\"query-input\":{\"@type\":\"PropertyValueSpecification\",\"valueRequired\":true,\"valueName\":\"search_term_string\"}}],\"inLanguage\":\"es\"},{\"@type\":\"Person\",\"@id\":\"https:\\\/\\\/diariodelsurdigital.com.ar\\\/#\\\/schema\\\/person\\\/6136a32571657f7dba980b88b04c5465\",\"name\":\"Diario del Sur Digital\",\"image\":{\"@type\":\"ImageObject\",\"inLanguage\":\"es\",\"@id\":\"https:\\\/\\\/secure.gravatar.com\\\/avatar\\\/4c29ceac98541dd42460b2474aaa5dd37594d6ce6cb3cf2c101d09b48ee287ba?s=96&d=mm&r=g\",\"url\":\"https:\\\/\\\/secure.gravatar.com\\\/avatar\\\/4c29ceac98541dd42460b2474aaa5dd37594d6ce6cb3cf2c101d09b48ee287ba?s=96&d=mm&r=g\",\"contentUrl\":\"https:\\\/\\\/secure.gravatar.com\\\/avatar\\\/4c29ceac98541dd42460b2474aaa5dd37594d6ce6cb3cf2c101d09b48ee287ba?s=96&d=mm&r=g\",\"caption\":\"Diario del Sur Digital\"},\"url\":\"https:\\\/\\\/diariodelsurdigital.com.ar\\\/?author=2\"}]}<\/script>\n<!-- \/ Yoast SEO plugin. -->","yoast_head_json":{"title":"Falleci\u00f3 el ex secretario de Deportes, Luis Fonseca - Diario del Sur","robots":{"index":"index","follow":"follow","max-snippet":"max-snippet:-1","max-image-preview":"max-image-preview:large","max-video-preview":"max-video-preview:-1"},"canonical":"https:\/\/diariodelsurdigital.com.ar\/?p=1037","og_locale":"es_ES","og_type":"article","og_title":"Falleci\u00f3 el ex secretario de Deportes, Luis Fonseca - Diario del Sur","og_description":"El reconocido profesor de Educaci\u00f3n F\u00edsica, tambi\u00e9n se desempe\u00f1\u00f3 como funcionario del \u00e1rea de Deportes. Luis Emilio Fonseca, fue secretario de Deportes de la provincia de Entre R\u00edos. Creador de programas deportivos vinculados a la inclusi\u00f3n social. Tambi\u00e9n se destac\u00f3 por su bondad, pero sobre todo por su sencillez. Durante este \u00faltimo tiempo se lo [&hellip;]","og_url":"https:\/\/diariodelsurdigital.com.ar\/?p=1037","og_site_name":"Diario del Sur","article_published_time":"2025-02-16T18:55:26+00:00","article_modified_time":"2025-02-16T18:55:27+00:00","og_image":[{"width":473,"height":309,"url":"https:\/\/diariodelsurdigital.com.ar\/wp-content\/uploads\/2025\/02\/Imagen-de-WhatsApp-2025-02-16-a-las-15.53.21_0fe5ae0b.jpg","type":"image\/jpeg"}],"author":"Diario del Sur Digital","twitter_card":"summary_large_image","twitter_misc":{"Escrito por":"Diario del Sur Digital","Tiempo de lectura":"1 minuto"},"schema":{"@context":"https:\/\/schema.org","@graph":[{"@type":"Article","@id":"https:\/\/diariodelsurdigital.com.ar\/?p=1037#article","isPartOf":{"@id":"https:\/\/diariodelsurdigital.com.ar\/?p=1037"},"author":{"name":"Diario del Sur Digital","@id":"https:\/\/diariodelsurdigital.com.ar\/#\/schema\/person\/6136a32571657f7dba980b88b04c5465"},"headline":"Falleci\u00f3 el ex secretario de Deportes, Luis Fonseca","datePublished":"2025-02-16T18:55:26+00:00","dateModified":"2025-02-16T18:55:27+00:00","mainEntityOfPage":{"@id":"https:\/\/diariodelsurdigital.com.ar\/?p=1037"},"wordCount":78,"commentCount":0,"image":{"@id":"https:\/\/diariodelsurdigital.com.ar\/?p=1037#primaryimage"},"thumbnailUrl":"https:\/\/diariodelsurdigital.com.ar\/wp-content\/uploads\/2025\/02\/Imagen-de-WhatsApp-2025-02-16-a-las-15.53.21_0fe5ae0b.jpg","articleSection":["Locales"],"inLanguage":"es","potentialAction":[{"@type":"CommentAction","name":"Comment","target":["https:\/\/diariodelsurdigital.com.ar\/?p=1037#respond"]}]},{"@type":"WebPage","@id":"https:\/\/diariodelsurdigital.com.ar\/?p=1037","url":"https:\/\/diariodelsurdigital.com.ar\/?p=1037","name":"Falleci\u00f3 el ex secretario de Deportes, Luis Fonseca - Diario del Sur","isPartOf":{"@id":"https:\/\/diariodelsurdigital.com.ar\/#website"},"primaryImageOfPage":{"@id":"https:\/\/diariodelsurdigital.com.ar\/?p=1037#primaryimage"},"image":{"@id":"https:\/\/diariodelsurdigital.com.ar\/?p=1037#primaryimage"},"thumbnailUrl":"https:\/\/diariodelsurdigital.com.ar\/wp-content\/uploads\/2025\/02\/Imagen-de-WhatsApp-2025-02-16-a-las-15.53.21_0fe5ae0b.jpg","datePublished":"2025-02-16T18:55:26+00:00","dateModified":"2025-02-16T18:55:27+00:00","author":{"@id":"https:\/\/diariodelsurdigital.com.ar\/#\/schema\/person\/6136a32571657f7dba980b88b04c5465"},"breadcrumb":{"@id":"https:\/\/diariodelsurdigital.com.ar\/?p=1037#breadcrumb"},"inLanguage":"es","potentialAction":[{"@type":"ReadAction","target":["https:\/\/diariodelsurdigital.com.ar\/?p=1037"]}]},{"@type":"ImageObject","inLanguage":"es","@id":"https:\/\/diariodelsurdigital.com.ar\/?p=1037#primaryimage","url":"https:\/\/diariodelsurdigital.com.ar\/wp-content\/uploads\/2025\/02\/Imagen-de-WhatsApp-2025-02-16-a-las-15.53.21_0fe5ae0b.jpg","contentUrl":"https:\/\/diariodelsurdigital.com.ar\/wp-content\/uploads\/2025\/02\/Imagen-de-WhatsApp-2025-02-16-a-las-15.53.21_0fe5ae0b.jpg","width":473,"height":309},{"@type":"BreadcrumbList","@id":"https:\/\/diariodelsurdigital.com.ar\/?p=1037#breadcrumb","itemListElement":[{"@type":"ListItem","position":1,"name":"Portada","item":"https:\/\/diariodelsurdigital.com.ar\/"},{"@type":"ListItem","position":2,"name":"Falleci\u00f3 el ex secretario de Deportes, Luis Fonseca"}]},{"@type":"WebSite","@id":"https:\/\/diariodelsurdigital.com.ar\/#website","url":"https:\/\/diariodelsurdigital.com.ar\/","name":"Diario del Sur","description":"Digital","potentialAction":[{"@type":"SearchAction","target":{"@type":"EntryPoint","urlTemplate":"https:\/\/diariodelsurdigital.com.ar\/?s={search_term_string}"},"query-input":{"@type":"PropertyValueSpecification","valueRequired":true,"valueName":"search_term_string"}}],"inLanguage":"es"},{"@type":"Person","@id":"https:\/\/diariodelsurdigital.com.ar\/#\/schema\/person\/6136a32571657f7dba980b88b04c5465","name":"Diario del Sur Digital","image":{"@type":"ImageObject","inLanguage":"es","@id":"https:\/\/secure.gravatar.com\/avatar\/4c29ceac98541dd42460b2474aaa5dd37594d6ce6cb3cf2c101d09b48ee287ba?s=96&d=mm&r=g","url":"https:\/\/secure.gravatar.com\/avatar\/4c29ceac98541dd42460b2474aaa5dd37594d6ce6cb3cf2c101d09b48ee287ba?s=96&d=mm&r=g","contentUrl":"https:\/\/secure.gravatar.com\/avatar\/4c29ceac98541dd42460b2474aaa5dd37594d6ce6cb3cf2c101d09b48ee287ba?s=96&d=mm&r=g","caption":"Diario del Sur Digital"},"url":"https:\/\/diariodelsurdigital.com.ar\/?author=2"}]}},"_links":{"self":[{"href":"https:\/\/diariodelsurdigital.com.ar\/index.php?rest_route=\/wp\/v2\/posts\/1037","targetHints":{"allow":["GET"]}}],"collection":[{"href":"https:\/\/diariodelsurdigital.com.ar\/index.php?rest_route=\/wp\/v2\/posts"}],"about":[{"href":"https:\/\/diariodelsurdigital.com.ar\/index.php?rest_route=\/wp\/v2\/types\/post"}],"author":[{"embeddable":true,"href":"https:\/\/diariodelsurdigital.com.ar\/index.php?rest_route=\/wp\/v2\/users\/2"}],"replies":[{"embeddable":true,"href":"https:\/\/diariodelsurdigital.com.ar\/index.php?rest_route=%2Fwp%2Fv2%2Fcomments&post=1037"}],"version-history":[{"count":1,"href":"https:\/\/diariodelsurdigital.com.ar\/index.php?rest_route=\/wp\/v2\/posts\/1037\/revisions"}],"predecessor-version":[{"id":1039,"href":"https:\/\/diariodelsurdigital.com.ar\/index.php?rest_route=\/wp\/v2\/posts\/1037\/revisions\/1039"}],"wp:featuredmedia":[{"embeddable":true,"href":"https:\/\/diariodelsurdigital.com.ar\/index.php?rest_route=\/wp\/v2\/media\/1038"}],"wp:attachment":[{"href":"https:\/\/diariodelsurdigital.com.ar\/index.php?rest_route=%2Fwp%2Fv2%2Fmedia&parent=1037"}],"wp:term":[{"taxonomy":"category","embeddable":true,"href":"https:\/\/diariodelsurdigital.com.ar\/index.php?rest_route=%2Fwp%2Fv2%2Fcategories&post=1037"},{"taxonomy":"post_tag","embeddable":true,"href":"https:\/\/diariodelsurdigital.com.ar\/index.php?rest_route=%2Fwp%2Fv2%2Ftags&post=1037"}],"curies":[{"name":"wp","href":"https:\/\/api.w.org\/{rel}","templated":true}]}}