{"id":1041,"date":"2025-02-16T18:51:17","date_gmt":"2025-02-16T21:51:17","guid":{"rendered":"https:\/\/diariodelsurdigital.com.ar\/?p=1041"},"modified":"2025-02-16T18:53:26","modified_gmt":"2025-02-16T21:53:26","slug":"denuncian-a-funcionarios-de-azcue-por-acoso-maltrato-y-persecucion-laboral","status":"publish","type":"post","link":"https:\/\/diariodelsurdigital.com.ar\/?p=1041","title":{"rendered":"Denuncian a funcionarios de Azcu\u00e9 por acoso, maltrato y persecuci\u00f3n laboral"},"content":{"rendered":"\n<p>Se trata de un empleado de planta permanente del \u00a0InVyTAM (Instituto de Viviendas y Tierras Aut\u00e1rquico Municipal). En comunicaci\u00f3n con <strong>Diario del SUR Digital<\/strong>, Mat\u00edas Mieres, indic\u00f3 que hace varios a\u00f1os trabaja en el sector y que desde hace un tiempo viene padeciendo el acoso y maltrato.<\/p>\n\n\n\n<p>Mieres se\u00f1al\u00f3 a esta hoja que \u201cen el mes de agosto del 2023 tuve un accidente laboral con 8 meses afuera para recuperarme de una cirug\u00eda por ligamentos cruzados y meniscos. Al reincorporarme en febrero del 2024, ya con la actual gesti\u00f3n, me encuentro con que no tengo mi lugar de trabajo, mi cargo, ni mis adicionales. Me sacaron todo. Me hicieron un vac\u00edo y menosprecio. Con discriminaciones y falsas acusaciones. Dec\u00edan que me ausentaba, sabiendo que era en forma justificada por problemas de salud de mi pareja que padece c\u00e1ncer\u201d, explic\u00f3 indignado Mieres.<\/p>\n\n\n\n<p><strong>Nepotismo ilustrado<\/strong><\/p>\n\n\n\n<p>Seg\u00fan pudo saber <strong>Diario del SUR Digital<\/strong>, el InVyTAM se ha transformado en una especie de cofrad\u00eda en donde reina el nepotismo. La estructura org\u00e1nica del Instituto de Viviendas, est\u00e1 compuesta por un Directorio con tres direcciones a cargo. El Presidente del \u00a0InVyTAM es Giuliano Rossi, marido de Diana Ya\u00f1ez, que oficia a su vez de contadora del Instituto de Vivienda. A su vez el Presidente, tiene un asesor que es su hermano, Danilo Rossi. Como se ve, todo queda en familia. Salvo otra contadora, pero que tambi\u00e9n trabaja en t\u00e1ndem con la cofrad\u00eda, que es Paola Pezzelatto. Todos ellos presuntamente confabulados contra el empleado Mat\u00edas Mieres.<\/p>\n\n\n\n<p><strong>De mal en peor<\/strong><\/p>\n\n\n\n<p>Seg\u00fan lo manifestado por el empleado del Instituto de Viviendas, \u201cMe entero de que en el d\u00eda de hoy (viernes pasado) me vuelve a pasar lo mismo que en febrero del 2024. Me tienen sin elementos ni funciones. Estuve un mes fuera de servicios porque tom\u00e9 mis vacaciones extraordinarias. Vacaciones que me corresponden por derecho, motivo por el cual, Danilo Rossi (cu\u00f1ado de Diana Ya\u00f1ez y mujer de Giuliano Rossi) me piden que no trabaje mas ah\u00ed de manera informal, sin nada escrito, ni firmado, sacando todas mis pertenencias del sitio en donde cumpl\u00eda mis funciones. Actualmente estoy sin tareas y sin saber qu\u00e9 hacer\u201d, manifest\u00f3 Mieres. (Foto).<\/p>\n\n\n\n<p>Por \u00faltimo, el empleado del Instituto, indic\u00f3 que, \u201cEsta situaci\u00f3n es angustiante. Me siento desprotegido. Ac\u00e1 parece que predominan m\u00e1s los valores y v\u00ednculos sentimentales, m\u00e1s que lo laborales, distorsionando la relaci\u00f3n jefe-empleado por el de cu\u00f1ado-cu\u00f1ada, marido y mujer\u201d, asest\u00f3 Mieres.<\/p>\n\n\n\n<figure class=\"wp-block-image size-large\"><img loading=\"lazy\" decoding=\"async\" width=\"1024\" height=\"771\" src=\"https:\/\/diariodelsurdigital.com.ar\/wp-content\/uploads\/2025\/02\/Imagen-de-WhatsApp-2025-02-13-a-las-10.21.44_ad90b4d4-1024x771.jpg\" alt=\"\" class=\"wp-image-1043\" srcset=\"https:\/\/diariodelsurdigital.com.ar\/wp-content\/uploads\/2025\/02\/Imagen-de-WhatsApp-2025-02-13-a-las-10.21.44_ad90b4d4-1024x771.jpg 1024w, https:\/\/diariodelsurdigital.com.ar\/wp-content\/uploads\/2025\/02\/Imagen-de-WhatsApp-2025-02-13-a-las-10.21.44_ad90b4d4-300x226.jpg 300w, https:\/\/diariodelsurdigital.com.ar\/wp-content\/uploads\/2025\/02\/Imagen-de-WhatsApp-2025-02-13-a-las-10.21.44_ad90b4d4-768x578.jpg 768w, https:\/\/diariodelsurdigital.com.ar\/wp-content\/uploads\/2025\/02\/Imagen-de-WhatsApp-2025-02-13-a-las-10.21.44_ad90b4d4-1536x1156.jpg 1536w, https:\/\/diariodelsurdigital.com.ar\/wp-content\/uploads\/2025\/02\/Imagen-de-WhatsApp-2025-02-13-a-las-10.21.44_ad90b4d4-558x420.jpg 558w, https:\/\/diariodelsurdigital.com.ar\/wp-content\/uploads\/2025\/02\/Imagen-de-WhatsApp-2025-02-13-a-las-10.21.44_ad90b4d4-80x60.jpg 80w, https:\/\/diariodelsurdigital.com.ar\/wp-content\/uploads\/2025\/02\/Imagen-de-WhatsApp-2025-02-13-a-las-10.21.44_ad90b4d4-696x524.jpg 696w, https:\/\/diariodelsurdigital.com.ar\/wp-content\/uploads\/2025\/02\/Imagen-de-WhatsApp-2025-02-13-a-las-10.21.44_ad90b4d4-1068x804.jpg 1068w, https:\/\/diariodelsurdigital.com.ar\/wp-content\/uploads\/2025\/02\/Imagen-de-WhatsApp-2025-02-13-a-las-10.21.44_ad90b4d4.jpg 1600w\" sizes=\"auto, (max-width: 1024px) 100vw, 1024px\" \/><\/figure>\n\n\n\n<figure class=\"wp-block-image size-large\"><img loading=\"lazy\" decoding=\"async\" width=\"1024\" height=\"576\" src=\"https:\/\/diariodelsurdigital.com.ar\/wp-content\/uploads\/2025\/02\/Imagen-de-WhatsApp-2025-02-13-a-las-10.21.45_ccf84ac2-1024x576.jpg\" alt=\"\" class=\"wp-image-1044\" srcset=\"https:\/\/diariodelsurdigital.com.ar\/wp-content\/uploads\/2025\/02\/Imagen-de-WhatsApp-2025-02-13-a-las-10.21.45_ccf84ac2-1024x576.jpg 1024w, https:\/\/diariodelsurdigital.com.ar\/wp-content\/uploads\/2025\/02\/Imagen-de-WhatsApp-2025-02-13-a-las-10.21.45_ccf84ac2-300x169.jpg 300w, https:\/\/diariodelsurdigital.com.ar\/wp-content\/uploads\/2025\/02\/Imagen-de-WhatsApp-2025-02-13-a-las-10.21.45_ccf84ac2-768x432.jpg 768w, https:\/\/diariodelsurdigital.com.ar\/wp-content\/uploads\/2025\/02\/Imagen-de-WhatsApp-2025-02-13-a-las-10.21.45_ccf84ac2-1536x864.jpg 1536w, https:\/\/diariodelsurdigital.com.ar\/wp-content\/uploads\/2025\/02\/Imagen-de-WhatsApp-2025-02-13-a-las-10.21.45_ccf84ac2-747x420.jpg 747w, https:\/\/diariodelsurdigital.com.ar\/wp-content\/uploads\/2025\/02\/Imagen-de-WhatsApp-2025-02-13-a-las-10.21.45_ccf84ac2-696x391.jpg 696w, https:\/\/diariodelsurdigital.com.ar\/wp-content\/uploads\/2025\/02\/Imagen-de-WhatsApp-2025-02-13-a-las-10.21.45_ccf84ac2-1068x600.jpg 1068w, https:\/\/diariodelsurdigital.com.ar\/wp-content\/uploads\/2025\/02\/Imagen-de-WhatsApp-2025-02-13-a-las-10.21.45_ccf84ac2.jpg 1599w\" sizes=\"auto, (max-width: 1024px) 100vw, 1024px\" \/><\/figure>\n","protected":false},"excerpt":{"rendered":"<p>Se trata de un empleado de planta permanente del \u00a0InVyTAM (Instituto de Viviendas y Tierras Aut\u00e1rquico Municipal). En comunicaci\u00f3n con Diario del SUR Digital, Mat\u00edas Mieres, indic\u00f3 que hace varios a\u00f1os trabaja en el sector y que desde hace un tiempo viene padeciendo el acoso y maltrato. Mieres se\u00f1al\u00f3 a esta hoja que \u201cen el [&hellip;]<\/p>\n","protected":false},"author":2,"featured_media":1042,"comment_status":"open","ping_status":"open","sticky":false,"template":"","format":"standard","meta":{"footnotes":""},"categories":[16],"tags":[],"class_list":{"0":"post-1041","1":"post","2":"type-post","3":"status-publish","4":"format-standard","5":"has-post-thumbnail","7":"category-locales"},"yoast_head":"<!-- This site is optimized with the Yoast SEO plugin v27.4 - https:\/\/yoast.com\/product\/yoast-seo-wordpress\/ -->\n<title>Denuncian a funcionarios de Azcu\u00e9 por acoso, maltrato y persecuci\u00f3n laboral - Diario del Sur<\/title>\n<meta name=\"robots\" content=\"index, follow, max-snippet:-1, max-image-preview:large, max-video-preview:-1\" \/>\n<link rel=\"canonical\" href=\"https:\/\/diariodelsurdigital.com.ar\/?p=1041\" \/>\n<meta property=\"og:locale\" content=\"es_ES\" \/>\n<meta property=\"og:type\" content=\"article\" \/>\n<meta property=\"og:title\" content=\"Denuncian a funcionarios de Azcu\u00e9 por acoso, maltrato y persecuci\u00f3n laboral - Diario del Sur\" \/>\n<meta property=\"og:description\" content=\"Se trata de un empleado de planta permanente del \u00a0InVyTAM (Instituto de Viviendas y Tierras Aut\u00e1rquico Municipal). En comunicaci\u00f3n con Diario del SUR Digital, Mat\u00edas Mieres, indic\u00f3 que hace varios a\u00f1os trabaja en el sector y que desde hace un tiempo viene padeciendo el acoso y maltrato. Mieres se\u00f1al\u00f3 a esta hoja que \u201cen el [&hellip;]\" \/>\n<meta property=\"og:url\" content=\"https:\/\/diariodelsurdigital.com.ar\/?p=1041\" \/>\n<meta property=\"og:site_name\" content=\"Diario del Sur\" \/>\n<meta property=\"article:published_time\" content=\"2025-02-16T21:51:17+00:00\" \/>\n<meta property=\"article:modified_time\" content=\"2025-02-16T21:53:26+00:00\" \/>\n<meta property=\"og:image\" content=\"https:\/\/diariodelsurdigital.com.ar\/wp-content\/uploads\/2025\/02\/Imagen-de-WhatsApp-2025-02-13-a-las-10.21.45_e2f673b9.jpg\" \/>\n\t<meta property=\"og:image:width\" content=\"488\" \/>\n\t<meta property=\"og:image:height\" content=\"287\" \/>\n\t<meta property=\"og:image:type\" content=\"image\/jpeg\" \/>\n<meta name=\"author\" content=\"Diario del Sur Digital\" \/>\n<meta name=\"twitter:card\" content=\"summary_large_image\" \/>\n<meta name=\"twitter:label1\" content=\"Escrito por\" \/>\n\t<meta name=\"twitter:data1\" content=\"Diario del Sur Digital\" \/>\n\t<meta name=\"twitter:label2\" content=\"Tiempo de lectura\" \/>\n\t<meta name=\"twitter:data2\" content=\"3 minutos\" \/>\n<script type=\"application\/ld+json\" class=\"yoast-schema-graph\">{\"@context\":\"https:\\\/\\\/schema.org\",\"@graph\":[{\"@type\":\"Article\",\"@id\":\"https:\\\/\\\/diariodelsurdigital.com.ar\\\/?p=1041#article\",\"isPartOf\":{\"@id\":\"https:\\\/\\\/diariodelsurdigital.com.ar\\\/?p=1041\"},\"author\":{\"name\":\"Diario del Sur Digital\",\"@id\":\"https:\\\/\\\/diariodelsurdigital.com.ar\\\/#\\\/schema\\\/person\\\/6136a32571657f7dba980b88b04c5465\"},\"headline\":\"Denuncian a funcionarios de Azcu\u00e9 por acoso, maltrato y persecuci\u00f3n laboral\",\"datePublished\":\"2025-02-16T21:51:17+00:00\",\"dateModified\":\"2025-02-16T21:53:26+00:00\",\"mainEntityOfPage\":{\"@id\":\"https:\\\/\\\/diariodelsurdigital.com.ar\\\/?p=1041\"},\"wordCount\":442,\"commentCount\":0,\"image\":{\"@id\":\"https:\\\/\\\/diariodelsurdigital.com.ar\\\/?p=1041#primaryimage\"},\"thumbnailUrl\":\"https:\\\/\\\/diariodelsurdigital.com.ar\\\/wp-content\\\/uploads\\\/2025\\\/02\\\/Imagen-de-WhatsApp-2025-02-13-a-las-10.21.45_e2f673b9.jpg\",\"articleSection\":[\"Locales\"],\"inLanguage\":\"es\",\"potentialAction\":[{\"@type\":\"CommentAction\",\"name\":\"Comment\",\"target\":[\"https:\\\/\\\/diariodelsurdigital.com.ar\\\/?p=1041#respond\"]}]},{\"@type\":\"WebPage\",\"@id\":\"https:\\\/\\\/diariodelsurdigital.com.ar\\\/?p=1041\",\"url\":\"https:\\\/\\\/diariodelsurdigital.com.ar\\\/?p=1041\",\"name\":\"Denuncian a funcionarios de Azcu\u00e9 por acoso, maltrato y persecuci\u00f3n laboral - Diario del Sur\",\"isPartOf\":{\"@id\":\"https:\\\/\\\/diariodelsurdigital.com.ar\\\/#website\"},\"primaryImageOfPage\":{\"@id\":\"https:\\\/\\\/diariodelsurdigital.com.ar\\\/?p=1041#primaryimage\"},\"image\":{\"@id\":\"https:\\\/\\\/diariodelsurdigital.com.ar\\\/?p=1041#primaryimage\"},\"thumbnailUrl\":\"https:\\\/\\\/diariodelsurdigital.com.ar\\\/wp-content\\\/uploads\\\/2025\\\/02\\\/Imagen-de-WhatsApp-2025-02-13-a-las-10.21.45_e2f673b9.jpg\",\"datePublished\":\"2025-02-16T21:51:17+00:00\",\"dateModified\":\"2025-02-16T21:53:26+00:00\",\"author\":{\"@id\":\"https:\\\/\\\/diariodelsurdigital.com.ar\\\/#\\\/schema\\\/person\\\/6136a32571657f7dba980b88b04c5465\"},\"breadcrumb\":{\"@id\":\"https:\\\/\\\/diariodelsurdigital.com.ar\\\/?p=1041#breadcrumb\"},\"inLanguage\":\"es\",\"potentialAction\":[{\"@type\":\"ReadAction\",\"target\":[\"https:\\\/\\\/diariodelsurdigital.com.ar\\\/?p=1041\"]}]},{\"@type\":\"ImageObject\",\"inLanguage\":\"es\",\"@id\":\"https:\\\/\\\/diariodelsurdigital.com.ar\\\/?p=1041#primaryimage\",\"url\":\"https:\\\/\\\/diariodelsurdigital.com.ar\\\/wp-content\\\/uploads\\\/2025\\\/02\\\/Imagen-de-WhatsApp-2025-02-13-a-las-10.21.45_e2f673b9.jpg\",\"contentUrl\":\"https:\\\/\\\/diariodelsurdigital.com.ar\\\/wp-content\\\/uploads\\\/2025\\\/02\\\/Imagen-de-WhatsApp-2025-02-13-a-las-10.21.45_e2f673b9.jpg\",\"width\":488,\"height\":287},{\"@type\":\"BreadcrumbList\",\"@id\":\"https:\\\/\\\/diariodelsurdigital.com.ar\\\/?p=1041#breadcrumb\",\"itemListElement\":[{\"@type\":\"ListItem\",\"position\":1,\"name\":\"Portada\",\"item\":\"https:\\\/\\\/diariodelsurdigital.com.ar\\\/\"},{\"@type\":\"ListItem\",\"position\":2,\"name\":\"Denuncian a funcionarios de Azcu\u00e9 por acoso, maltrato y persecuci\u00f3n laboral\"}]},{\"@type\":\"WebSite\",\"@id\":\"https:\\\/\\\/diariodelsurdigital.com.ar\\\/#website\",\"url\":\"https:\\\/\\\/diariodelsurdigital.com.ar\\\/\",\"name\":\"Diario del Sur\",\"description\":\"Digital\",\"potentialAction\":[{\"@type\":\"SearchAction\",\"target\":{\"@type\":\"EntryPoint\",\"urlTemplate\":\"https:\\\/\\\/diariodelsurdigital.com.ar\\\/?s={search_term_string}\"},\"query-input\":{\"@type\":\"PropertyValueSpecification\",\"valueRequired\":true,\"valueName\":\"search_term_string\"}}],\"inLanguage\":\"es\"},{\"@type\":\"Person\",\"@id\":\"https:\\\/\\\/diariodelsurdigital.com.ar\\\/#\\\/schema\\\/person\\\/6136a32571657f7dba980b88b04c5465\",\"name\":\"Diario del Sur Digital\",\"image\":{\"@type\":\"ImageObject\",\"inLanguage\":\"es\",\"@id\":\"https:\\\/\\\/secure.gravatar.com\\\/avatar\\\/4c29ceac98541dd42460b2474aaa5dd37594d6ce6cb3cf2c101d09b48ee287ba?s=96&d=mm&r=g\",\"url\":\"https:\\\/\\\/secure.gravatar.com\\\/avatar\\\/4c29ceac98541dd42460b2474aaa5dd37594d6ce6cb3cf2c101d09b48ee287ba?s=96&d=mm&r=g\",\"contentUrl\":\"https:\\\/\\\/secure.gravatar.com\\\/avatar\\\/4c29ceac98541dd42460b2474aaa5dd37594d6ce6cb3cf2c101d09b48ee287ba?s=96&d=mm&r=g\",\"caption\":\"Diario del Sur Digital\"},\"url\":\"https:\\\/\\\/diariodelsurdigital.com.ar\\\/?author=2\"}]}<\/script>\n<!-- \/ Yoast SEO plugin. -->","yoast_head_json":{"title":"Denuncian a funcionarios de Azcu\u00e9 por acoso, maltrato y persecuci\u00f3n laboral - Diario del Sur","robots":{"index":"index","follow":"follow","max-snippet":"max-snippet:-1","max-image-preview":"max-image-preview:large","max-video-preview":"max-video-preview:-1"},"canonical":"https:\/\/diariodelsurdigital.com.ar\/?p=1041","og_locale":"es_ES","og_type":"article","og_title":"Denuncian a funcionarios de Azcu\u00e9 por acoso, maltrato y persecuci\u00f3n laboral - Diario del Sur","og_description":"Se trata de un empleado de planta permanente del \u00a0InVyTAM (Instituto de Viviendas y Tierras Aut\u00e1rquico Municipal). En comunicaci\u00f3n con Diario del SUR Digital, Mat\u00edas Mieres, indic\u00f3 que hace varios a\u00f1os trabaja en el sector y que desde hace un tiempo viene padeciendo el acoso y maltrato. Mieres se\u00f1al\u00f3 a esta hoja que \u201cen el [&hellip;]","og_url":"https:\/\/diariodelsurdigital.com.ar\/?p=1041","og_site_name":"Diario del Sur","article_published_time":"2025-02-16T21:51:17+00:00","article_modified_time":"2025-02-16T21:53:26+00:00","og_image":[{"width":488,"height":287,"url":"https:\/\/diariodelsurdigital.com.ar\/wp-content\/uploads\/2025\/02\/Imagen-de-WhatsApp-2025-02-13-a-las-10.21.45_e2f673b9.jpg","type":"image\/jpeg"}],"author":"Diario del Sur Digital","twitter_card":"summary_large_image","twitter_misc":{"Escrito por":"Diario del Sur Digital","Tiempo de lectura":"3 minutos"},"schema":{"@context":"https:\/\/schema.org","@graph":[{"@type":"Article","@id":"https:\/\/diariodelsurdigital.com.ar\/?p=1041#article","isPartOf":{"@id":"https:\/\/diariodelsurdigital.com.ar\/?p=1041"},"author":{"name":"Diario del Sur Digital","@id":"https:\/\/diariodelsurdigital.com.ar\/#\/schema\/person\/6136a32571657f7dba980b88b04c5465"},"headline":"Denuncian a funcionarios de Azcu\u00e9 por acoso, maltrato y persecuci\u00f3n laboral","datePublished":"2025-02-16T21:51:17+00:00","dateModified":"2025-02-16T21:53:26+00:00","mainEntityOfPage":{"@id":"https:\/\/diariodelsurdigital.com.ar\/?p=1041"},"wordCount":442,"commentCount":0,"image":{"@id":"https:\/\/diariodelsurdigital.com.ar\/?p=1041#primaryimage"},"thumbnailUrl":"https:\/\/diariodelsurdigital.com.ar\/wp-content\/uploads\/2025\/02\/Imagen-de-WhatsApp-2025-02-13-a-las-10.21.45_e2f673b9.jpg","articleSection":["Locales"],"inLanguage":"es","potentialAction":[{"@type":"CommentAction","name":"Comment","target":["https:\/\/diariodelsurdigital.com.ar\/?p=1041#respond"]}]},{"@type":"WebPage","@id":"https:\/\/diariodelsurdigital.com.ar\/?p=1041","url":"https:\/\/diariodelsurdigital.com.ar\/?p=1041","name":"Denuncian a funcionarios de Azcu\u00e9 por acoso, maltrato y persecuci\u00f3n laboral - Diario del Sur","isPartOf":{"@id":"https:\/\/diariodelsurdigital.com.ar\/#website"},"primaryImageOfPage":{"@id":"https:\/\/diariodelsurdigital.com.ar\/?p=1041#primaryimage"},"image":{"@id":"https:\/\/diariodelsurdigital.com.ar\/?p=1041#primaryimage"},"thumbnailUrl":"https:\/\/diariodelsurdigital.com.ar\/wp-content\/uploads\/2025\/02\/Imagen-de-WhatsApp-2025-02-13-a-las-10.21.45_e2f673b9.jpg","datePublished":"2025-02-16T21:51:17+00:00","dateModified":"2025-02-16T21:53:26+00:00","author":{"@id":"https:\/\/diariodelsurdigital.com.ar\/#\/schema\/person\/6136a32571657f7dba980b88b04c5465"},"breadcrumb":{"@id":"https:\/\/diariodelsurdigital.com.ar\/?p=1041#breadcrumb"},"inLanguage":"es","potentialAction":[{"@type":"ReadAction","target":["https:\/\/diariodelsurdigital.com.ar\/?p=1041"]}]},{"@type":"ImageObject","inLanguage":"es","@id":"https:\/\/diariodelsurdigital.com.ar\/?p=1041#primaryimage","url":"https:\/\/diariodelsurdigital.com.ar\/wp-content\/uploads\/2025\/02\/Imagen-de-WhatsApp-2025-02-13-a-las-10.21.45_e2f673b9.jpg","contentUrl":"https:\/\/diariodelsurdigital.com.ar\/wp-content\/uploads\/2025\/02\/Imagen-de-WhatsApp-2025-02-13-a-las-10.21.45_e2f673b9.jpg","width":488,"height":287},{"@type":"BreadcrumbList","@id":"https:\/\/diariodelsurdigital.com.ar\/?p=1041#breadcrumb","itemListElement":[{"@type":"ListItem","position":1,"name":"Portada","item":"https:\/\/diariodelsurdigital.com.ar\/"},{"@type":"ListItem","position":2,"name":"Denuncian a funcionarios de Azcu\u00e9 por acoso, maltrato y persecuci\u00f3n laboral"}]},{"@type":"WebSite","@id":"https:\/\/diariodelsurdigital.com.ar\/#website","url":"https:\/\/diariodelsurdigital.com.ar\/","name":"Diario del Sur","description":"Digital","potentialAction":[{"@type":"SearchAction","target":{"@type":"EntryPoint","urlTemplate":"https:\/\/diariodelsurdigital.com.ar\/?s={search_term_string}"},"query-input":{"@type":"PropertyValueSpecification","valueRequired":true,"valueName":"search_term_string"}}],"inLanguage":"es"},{"@type":"Person","@id":"https:\/\/diariodelsurdigital.com.ar\/#\/schema\/person\/6136a32571657f7dba980b88b04c5465","name":"Diario del Sur Digital","image":{"@type":"ImageObject","inLanguage":"es","@id":"https:\/\/secure.gravatar.com\/avatar\/4c29ceac98541dd42460b2474aaa5dd37594d6ce6cb3cf2c101d09b48ee287ba?s=96&d=mm&r=g","url":"https:\/\/secure.gravatar.com\/avatar\/4c29ceac98541dd42460b2474aaa5dd37594d6ce6cb3cf2c101d09b48ee287ba?s=96&d=mm&r=g","contentUrl":"https:\/\/secure.gravatar.com\/avatar\/4c29ceac98541dd42460b2474aaa5dd37594d6ce6cb3cf2c101d09b48ee287ba?s=96&d=mm&r=g","caption":"Diario del Sur Digital"},"url":"https:\/\/diariodelsurdigital.com.ar\/?author=2"}]}},"_links":{"self":[{"href":"https:\/\/diariodelsurdigital.com.ar\/index.php?rest_route=\/wp\/v2\/posts\/1041","targetHints":{"allow":["GET"]}}],"collection":[{"href":"https:\/\/diariodelsurdigital.com.ar\/index.php?rest_route=\/wp\/v2\/posts"}],"about":[{"href":"https:\/\/diariodelsurdigital.com.ar\/index.php?rest_route=\/wp\/v2\/types\/post"}],"author":[{"embeddable":true,"href":"https:\/\/diariodelsurdigital.com.ar\/index.php?rest_route=\/wp\/v2\/users\/2"}],"replies":[{"embeddable":true,"href":"https:\/\/diariodelsurdigital.com.ar\/index.php?rest_route=%2Fwp%2Fv2%2Fcomments&post=1041"}],"version-history":[{"count":2,"href":"https:\/\/diariodelsurdigital.com.ar\/index.php?rest_route=\/wp\/v2\/posts\/1041\/revisions"}],"predecessor-version":[{"id":1046,"href":"https:\/\/diariodelsurdigital.com.ar\/index.php?rest_route=\/wp\/v2\/posts\/1041\/revisions\/1046"}],"wp:featuredmedia":[{"embeddable":true,"href":"https:\/\/diariodelsurdigital.com.ar\/index.php?rest_route=\/wp\/v2\/media\/1042"}],"wp:attachment":[{"href":"https:\/\/diariodelsurdigital.com.ar\/index.php?rest_route=%2Fwp%2Fv2%2Fmedia&parent=1041"}],"wp:term":[{"taxonomy":"category","embeddable":true,"href":"https:\/\/diariodelsurdigital.com.ar\/index.php?rest_route=%2Fwp%2Fv2%2Fcategories&post=1041"},{"taxonomy":"post_tag","embeddable":true,"href":"https:\/\/diariodelsurdigital.com.ar\/index.php?rest_route=%2Fwp%2Fv2%2Ftags&post=1041"}],"curies":[{"name":"wp","href":"https:\/\/api.w.org\/{rel}","templated":true}]}}