{"id":1051,"date":"2025-02-17T14:25:34","date_gmt":"2025-02-17T17:25:34","guid":{"rendered":"https:\/\/diariodelsurdigital.com.ar\/?p=1051"},"modified":"2025-02-17T14:25:35","modified_gmt":"2025-02-17T17:25:35","slug":"uner-es-la-primera-universidad-nacional-en-reactivar-sus-obras","status":"publish","type":"post","link":"https:\/\/diariodelsurdigital.com.ar\/?p=1051","title":{"rendered":"UNER es la primera universidad nacional en reactivar sus obras"},"content":{"rendered":"\n<p>Mediante gestiones de las autoridades de la Universidad Nacional de Entre R\u00edos (UNER) ante Naci\u00f3n, se retomaron los trabajos en distintos puntos de la provincia, tras m\u00e1s de un a\u00f1o paralizados.<\/p>\n\n\n\n<p>A fines de a\u00f1o, el rector Andr\u00e9s Sabella hab\u00eda adelantado que \u00abdurante todo 2024 estuvimos gestionando para reactivar las obras paralizadas y que se identificaran como prioritarias. Logramos destrabar el expediente y hemos firmado el reinicio a partir de febrero. Estamos muy contentos con esta noticia y quiero destacar que somos la primera universidad que logra reiniciar las obras que hab\u00edan sido paralizadas a fines de 2023\u00bb. Desde hace unos d\u00edas, la reactivaci\u00f3n de la obra del Hospital Veterinario en Gualeguaych\u00fa y del pabell\u00f3n de aulas en Villaguay, ya es un hecho.<\/p>\n\n\n\n<p><strong>Obra clave<\/strong><\/p>\n\n\n\n<p>El Hospital Escuela de la carrera de Medicina Veterinaria responde a la necesidad de espacios para el desarrollo de actividades acad\u00e9micas y de investigaci\u00f3n, como tambi\u00e9n de pr\u00e1cticas profesionales, en Gualeguaych\u00fa, la \u00fanica ciudad entrerriana donde se dicta dicha carrera. El financiamiento se obtuvo en 2022 mediante ejecuci\u00f3n del gobierno nacional, con financiamiento del Banco de Desarrollo de Am\u00e9rica Latina (CAF).<\/p>\n\n\n\n<p>La carrera de Medicina Veterinaria de la UNER comenz\u00f3 a dictarse en Gualeguaych\u00fa en 2019 y esta obra ser\u00e1 la primera en su tipo en nuestra provincia. Contempla la construcci\u00f3n de cuatro bloques funcionales con aulas y laboratorios, que constituir\u00e1n un \u00e1mbito educativo de primer nivel y quedar\u00e1n vinculados a sectores existentes.<\/p>\n\n\n\n<p>El proyecto dispone de tres pabellones alrededor de una peque\u00f1a plaza seca central como espacio vinculante y de esparcimiento para los estudiantes. Un cuarto pabell\u00f3n se constituir\u00e1 en un peque\u00f1o SUM y Sala de conferencias.<\/p>\n\n\n\n<p>El predio destinado a estos fines \u2212ubicado en el Polo Educativo de Gualeguaych\u00fa\u2212 se extiende en 9.000 m2, de los cuales 1632 m2 ser\u00e1n cubiertos y 7450 m2 constituir\u00e1n espacios parquizados al aire libre, necesarios para el desarrollo de las pr\u00e1cticas de los laboratorios.<\/p>\n\n\n\n<p><strong>Kinesiolog\u00eda y Fisiatr\u00eda crecen<\/strong><\/p>\n\n\n\n<p>Por otra parte, tambi\u00e9n se reinici\u00f3 la ampliaci\u00f3n de la sede de la Licenciatura en Kinesiolog\u00eda y Fisiatr\u00eda (Villaguay). La importancia de esta obra se fundamenta en la necesidad de generar nuevos espacios destinados a aulas, debido al crecimiento sostenido de la matr\u00edcula de estudiantes. La Universidad dicta esta carrera en la mencionada ciudad entrerriana, desde 1998.<\/p>\n\n\n\n<p>La obra se proyecta en una superficie de 739.78 m2 cubiertos y 192 m2 semicubiertos. En el interior, la superficie se destinar\u00e1 a aulas, circulaciones para ingreso y egreso del edificio. El sector de servicios estar\u00e1 compuesto por sanitarios para damas, caballeros y&nbsp; sanitario universal. El emplazamiento del edificio se encuentra previsto en un sector estrat\u00e9gico de predio de la FCS UNER, predio Villaguay -contiguo al Hospital Santa Rosa de Lima-. De esta manera, la Facultad ampliar\u00e1 su infraestructura en pos de la calidad educativa.<\/p>\n\n\n\n<p><strong>Gimnasio universitario<\/strong><\/p>\n\n\n\n<p>La obra, realizada con fondos propios de la instituci\u00f3n, avanz\u00f3 durante 2024 y a la fecha se aproxima su inauguraci\u00f3n. Est\u00e1 destinada a la comunidad de la Facultad de Ciencias de la Salud, que hasta el momento utilizaba espacios de clubes de la ciudad, mediante convenios. Las instalaciones prev\u00e9n el desarrollo de diferentes actividades deportivas como b\u00e1squet, v\u00f3ley y f\u00fatbol 5. Tambi\u00e9n podr\u00e1n ser utilizadas como Sal\u00f3n de usos m\u00faltiples.<\/p>\n","protected":false},"excerpt":{"rendered":"<p>Mediante gestiones de las autoridades de la Universidad Nacional de Entre R\u00edos (UNER) ante Naci\u00f3n, se retomaron los trabajos en distintos puntos de la provincia, tras m\u00e1s de un a\u00f1o paralizados. A fines de a\u00f1o, el rector Andr\u00e9s Sabella hab\u00eda adelantado que \u00abdurante todo 2024 estuvimos gestionando para reactivar las obras paralizadas y que se [&hellip;]<\/p>\n","protected":false},"author":4,"featured_media":1052,"comment_status":"open","ping_status":"open","sticky":false,"template":"","format":"standard","meta":{"footnotes":""},"categories":[19,17],"tags":[],"class_list":{"0":"post-1051","1":"post","2":"type-post","3":"status-publish","4":"format-standard","5":"has-post-thumbnail","7":"category-interes-general","8":"category-provinciales"},"yoast_head":"<!-- This site is optimized with the Yoast SEO plugin v27.4 - https:\/\/yoast.com\/product\/yoast-seo-wordpress\/ -->\n<title>UNER es la primera universidad nacional en reactivar sus obras - Diario del Sur<\/title>\n<meta name=\"robots\" content=\"index, follow, max-snippet:-1, max-image-preview:large, max-video-preview:-1\" \/>\n<link rel=\"canonical\" href=\"https:\/\/diariodelsurdigital.com.ar\/?p=1051\" \/>\n<meta property=\"og:locale\" content=\"es_ES\" \/>\n<meta property=\"og:type\" content=\"article\" \/>\n<meta property=\"og:title\" content=\"UNER es la primera universidad nacional en reactivar sus obras - Diario del Sur\" \/>\n<meta property=\"og:description\" content=\"Mediante gestiones de las autoridades de la Universidad Nacional de Entre R\u00edos (UNER) ante Naci\u00f3n, se retomaron los trabajos en distintos puntos de la provincia, tras m\u00e1s de un a\u00f1o paralizados. A fines de a\u00f1o, el rector Andr\u00e9s Sabella hab\u00eda adelantado que \u00abdurante todo 2024 estuvimos gestionando para reactivar las obras paralizadas y que se [&hellip;]\" \/>\n<meta property=\"og:url\" content=\"https:\/\/diariodelsurdigital.com.ar\/?p=1051\" \/>\n<meta property=\"og:site_name\" content=\"Diario del Sur\" \/>\n<meta property=\"article:published_time\" content=\"2025-02-17T17:25:34+00:00\" \/>\n<meta property=\"article:modified_time\" content=\"2025-02-17T17:25:35+00:00\" \/>\n<meta property=\"og:image\" content=\"https:\/\/diariodelsurdigital.com.ar\/wp-content\/uploads\/2025\/02\/md-2025-02-17T142221.218.webp\" \/>\n\t<meta property=\"og:image:width\" content=\"992\" \/>\n\t<meta property=\"og:image:height\" content=\"558\" \/>\n\t<meta property=\"og:image:type\" content=\"image\/webp\" \/>\n<meta name=\"author\" content=\"Diario del Sur Digital\" \/>\n<meta name=\"twitter:card\" content=\"summary_large_image\" \/>\n<meta name=\"twitter:label1\" content=\"Escrito por\" \/>\n\t<meta name=\"twitter:data1\" content=\"Diario del Sur Digital\" \/>\n\t<meta name=\"twitter:label2\" content=\"Tiempo de lectura\" \/>\n\t<meta name=\"twitter:data2\" content=\"3 minutos\" \/>\n<script type=\"application\/ld+json\" class=\"yoast-schema-graph\">{\"@context\":\"https:\\\/\\\/schema.org\",\"@graph\":[{\"@type\":\"Article\",\"@id\":\"https:\\\/\\\/diariodelsurdigital.com.ar\\\/?p=1051#article\",\"isPartOf\":{\"@id\":\"https:\\\/\\\/diariodelsurdigital.com.ar\\\/?p=1051\"},\"author\":{\"name\":\"Diario del Sur Digital\",\"@id\":\"https:\\\/\\\/diariodelsurdigital.com.ar\\\/#\\\/schema\\\/person\\\/1a4992532ed62965c968031b49195c81\"},\"headline\":\"UNER es la primera universidad nacional en reactivar sus obras\",\"datePublished\":\"2025-02-17T17:25:34+00:00\",\"dateModified\":\"2025-02-17T17:25:35+00:00\",\"mainEntityOfPage\":{\"@id\":\"https:\\\/\\\/diariodelsurdigital.com.ar\\\/?p=1051\"},\"wordCount\":578,\"commentCount\":0,\"image\":{\"@id\":\"https:\\\/\\\/diariodelsurdigital.com.ar\\\/?p=1051#primaryimage\"},\"thumbnailUrl\":\"https:\\\/\\\/diariodelsurdigital.com.ar\\\/wp-content\\\/uploads\\\/2025\\\/02\\\/md-2025-02-17T142221.218.webp\",\"articleSection\":[\"Inter\u00e9s General\",\"Provinciales\"],\"inLanguage\":\"es\",\"potentialAction\":[{\"@type\":\"CommentAction\",\"name\":\"Comment\",\"target\":[\"https:\\\/\\\/diariodelsurdigital.com.ar\\\/?p=1051#respond\"]}]},{\"@type\":\"WebPage\",\"@id\":\"https:\\\/\\\/diariodelsurdigital.com.ar\\\/?p=1051\",\"url\":\"https:\\\/\\\/diariodelsurdigital.com.ar\\\/?p=1051\",\"name\":\"UNER es la primera universidad nacional en reactivar sus obras - Diario del Sur\",\"isPartOf\":{\"@id\":\"https:\\\/\\\/diariodelsurdigital.com.ar\\\/#website\"},\"primaryImageOfPage\":{\"@id\":\"https:\\\/\\\/diariodelsurdigital.com.ar\\\/?p=1051#primaryimage\"},\"image\":{\"@id\":\"https:\\\/\\\/diariodelsurdigital.com.ar\\\/?p=1051#primaryimage\"},\"thumbnailUrl\":\"https:\\\/\\\/diariodelsurdigital.com.ar\\\/wp-content\\\/uploads\\\/2025\\\/02\\\/md-2025-02-17T142221.218.webp\",\"datePublished\":\"2025-02-17T17:25:34+00:00\",\"dateModified\":\"2025-02-17T17:25:35+00:00\",\"author\":{\"@id\":\"https:\\\/\\\/diariodelsurdigital.com.ar\\\/#\\\/schema\\\/person\\\/1a4992532ed62965c968031b49195c81\"},\"breadcrumb\":{\"@id\":\"https:\\\/\\\/diariodelsurdigital.com.ar\\\/?p=1051#breadcrumb\"},\"inLanguage\":\"es\",\"potentialAction\":[{\"@type\":\"ReadAction\",\"target\":[\"https:\\\/\\\/diariodelsurdigital.com.ar\\\/?p=1051\"]}]},{\"@type\":\"ImageObject\",\"inLanguage\":\"es\",\"@id\":\"https:\\\/\\\/diariodelsurdigital.com.ar\\\/?p=1051#primaryimage\",\"url\":\"https:\\\/\\\/diariodelsurdigital.com.ar\\\/wp-content\\\/uploads\\\/2025\\\/02\\\/md-2025-02-17T142221.218.webp\",\"contentUrl\":\"https:\\\/\\\/diariodelsurdigital.com.ar\\\/wp-content\\\/uploads\\\/2025\\\/02\\\/md-2025-02-17T142221.218.webp\",\"width\":992,\"height\":558},{\"@type\":\"BreadcrumbList\",\"@id\":\"https:\\\/\\\/diariodelsurdigital.com.ar\\\/?p=1051#breadcrumb\",\"itemListElement\":[{\"@type\":\"ListItem\",\"position\":1,\"name\":\"Portada\",\"item\":\"https:\\\/\\\/diariodelsurdigital.com.ar\\\/\"},{\"@type\":\"ListItem\",\"position\":2,\"name\":\"UNER es la primera universidad nacional en reactivar sus obras\"}]},{\"@type\":\"WebSite\",\"@id\":\"https:\\\/\\\/diariodelsurdigital.com.ar\\\/#website\",\"url\":\"https:\\\/\\\/diariodelsurdigital.com.ar\\\/\",\"name\":\"Diario del Sur\",\"description\":\"Digital\",\"potentialAction\":[{\"@type\":\"SearchAction\",\"target\":{\"@type\":\"EntryPoint\",\"urlTemplate\":\"https:\\\/\\\/diariodelsurdigital.com.ar\\\/?s={search_term_string}\"},\"query-input\":{\"@type\":\"PropertyValueSpecification\",\"valueRequired\":true,\"valueName\":\"search_term_string\"}}],\"inLanguage\":\"es\"},{\"@type\":\"Person\",\"@id\":\"https:\\\/\\\/diariodelsurdigital.com.ar\\\/#\\\/schema\\\/person\\\/1a4992532ed62965c968031b49195c81\",\"name\":\"Diario del Sur Digital\",\"image\":{\"@type\":\"ImageObject\",\"inLanguage\":\"es\",\"@id\":\"https:\\\/\\\/secure.gravatar.com\\\/avatar\\\/f0c7c47fc7146d19828273b9b8eda651c9c7ab583767e6338d3d3bee825adf76?s=96&d=mm&r=g\",\"url\":\"https:\\\/\\\/secure.gravatar.com\\\/avatar\\\/f0c7c47fc7146d19828273b9b8eda651c9c7ab583767e6338d3d3bee825adf76?s=96&d=mm&r=g\",\"contentUrl\":\"https:\\\/\\\/secure.gravatar.com\\\/avatar\\\/f0c7c47fc7146d19828273b9b8eda651c9c7ab583767e6338d3d3bee825adf76?s=96&d=mm&r=g\",\"caption\":\"Diario del Sur Digital\"},\"url\":\"https:\\\/\\\/diariodelsurdigital.com.ar\\\/?author=4\"}]}<\/script>\n<!-- \/ Yoast SEO plugin. -->","yoast_head_json":{"title":"UNER es la primera universidad nacional en reactivar sus obras - Diario del Sur","robots":{"index":"index","follow":"follow","max-snippet":"max-snippet:-1","max-image-preview":"max-image-preview:large","max-video-preview":"max-video-preview:-1"},"canonical":"https:\/\/diariodelsurdigital.com.ar\/?p=1051","og_locale":"es_ES","og_type":"article","og_title":"UNER es la primera universidad nacional en reactivar sus obras - Diario del Sur","og_description":"Mediante gestiones de las autoridades de la Universidad Nacional de Entre R\u00edos (UNER) ante Naci\u00f3n, se retomaron los trabajos en distintos puntos de la provincia, tras m\u00e1s de un a\u00f1o paralizados. A fines de a\u00f1o, el rector Andr\u00e9s Sabella hab\u00eda adelantado que \u00abdurante todo 2024 estuvimos gestionando para reactivar las obras paralizadas y que se [&hellip;]","og_url":"https:\/\/diariodelsurdigital.com.ar\/?p=1051","og_site_name":"Diario del Sur","article_published_time":"2025-02-17T17:25:34+00:00","article_modified_time":"2025-02-17T17:25:35+00:00","og_image":[{"width":992,"height":558,"url":"https:\/\/diariodelsurdigital.com.ar\/wp-content\/uploads\/2025\/02\/md-2025-02-17T142221.218.webp","type":"image\/webp"}],"author":"Diario del Sur Digital","twitter_card":"summary_large_image","twitter_misc":{"Escrito por":"Diario del Sur Digital","Tiempo de lectura":"3 minutos"},"schema":{"@context":"https:\/\/schema.org","@graph":[{"@type":"Article","@id":"https:\/\/diariodelsurdigital.com.ar\/?p=1051#article","isPartOf":{"@id":"https:\/\/diariodelsurdigital.com.ar\/?p=1051"},"author":{"name":"Diario del Sur Digital","@id":"https:\/\/diariodelsurdigital.com.ar\/#\/schema\/person\/1a4992532ed62965c968031b49195c81"},"headline":"UNER es la primera universidad nacional en reactivar sus obras","datePublished":"2025-02-17T17:25:34+00:00","dateModified":"2025-02-17T17:25:35+00:00","mainEntityOfPage":{"@id":"https:\/\/diariodelsurdigital.com.ar\/?p=1051"},"wordCount":578,"commentCount":0,"image":{"@id":"https:\/\/diariodelsurdigital.com.ar\/?p=1051#primaryimage"},"thumbnailUrl":"https:\/\/diariodelsurdigital.com.ar\/wp-content\/uploads\/2025\/02\/md-2025-02-17T142221.218.webp","articleSection":["Inter\u00e9s General","Provinciales"],"inLanguage":"es","potentialAction":[{"@type":"CommentAction","name":"Comment","target":["https:\/\/diariodelsurdigital.com.ar\/?p=1051#respond"]}]},{"@type":"WebPage","@id":"https:\/\/diariodelsurdigital.com.ar\/?p=1051","url":"https:\/\/diariodelsurdigital.com.ar\/?p=1051","name":"UNER es la primera universidad nacional en reactivar sus obras - Diario del Sur","isPartOf":{"@id":"https:\/\/diariodelsurdigital.com.ar\/#website"},"primaryImageOfPage":{"@id":"https:\/\/diariodelsurdigital.com.ar\/?p=1051#primaryimage"},"image":{"@id":"https:\/\/diariodelsurdigital.com.ar\/?p=1051#primaryimage"},"thumbnailUrl":"https:\/\/diariodelsurdigital.com.ar\/wp-content\/uploads\/2025\/02\/md-2025-02-17T142221.218.webp","datePublished":"2025-02-17T17:25:34+00:00","dateModified":"2025-02-17T17:25:35+00:00","author":{"@id":"https:\/\/diariodelsurdigital.com.ar\/#\/schema\/person\/1a4992532ed62965c968031b49195c81"},"breadcrumb":{"@id":"https:\/\/diariodelsurdigital.com.ar\/?p=1051#breadcrumb"},"inLanguage":"es","potentialAction":[{"@type":"ReadAction","target":["https:\/\/diariodelsurdigital.com.ar\/?p=1051"]}]},{"@type":"ImageObject","inLanguage":"es","@id":"https:\/\/diariodelsurdigital.com.ar\/?p=1051#primaryimage","url":"https:\/\/diariodelsurdigital.com.ar\/wp-content\/uploads\/2025\/02\/md-2025-02-17T142221.218.webp","contentUrl":"https:\/\/diariodelsurdigital.com.ar\/wp-content\/uploads\/2025\/02\/md-2025-02-17T142221.218.webp","width":992,"height":558},{"@type":"BreadcrumbList","@id":"https:\/\/diariodelsurdigital.com.ar\/?p=1051#breadcrumb","itemListElement":[{"@type":"ListItem","position":1,"name":"Portada","item":"https:\/\/diariodelsurdigital.com.ar\/"},{"@type":"ListItem","position":2,"name":"UNER es la primera universidad nacional en reactivar sus obras"}]},{"@type":"WebSite","@id":"https:\/\/diariodelsurdigital.com.ar\/#website","url":"https:\/\/diariodelsurdigital.com.ar\/","name":"Diario del Sur","description":"Digital","potentialAction":[{"@type":"SearchAction","target":{"@type":"EntryPoint","urlTemplate":"https:\/\/diariodelsurdigital.com.ar\/?s={search_term_string}"},"query-input":{"@type":"PropertyValueSpecification","valueRequired":true,"valueName":"search_term_string"}}],"inLanguage":"es"},{"@type":"Person","@id":"https:\/\/diariodelsurdigital.com.ar\/#\/schema\/person\/1a4992532ed62965c968031b49195c81","name":"Diario del Sur Digital","image":{"@type":"ImageObject","inLanguage":"es","@id":"https:\/\/secure.gravatar.com\/avatar\/f0c7c47fc7146d19828273b9b8eda651c9c7ab583767e6338d3d3bee825adf76?s=96&d=mm&r=g","url":"https:\/\/secure.gravatar.com\/avatar\/f0c7c47fc7146d19828273b9b8eda651c9c7ab583767e6338d3d3bee825adf76?s=96&d=mm&r=g","contentUrl":"https:\/\/secure.gravatar.com\/avatar\/f0c7c47fc7146d19828273b9b8eda651c9c7ab583767e6338d3d3bee825adf76?s=96&d=mm&r=g","caption":"Diario del Sur Digital"},"url":"https:\/\/diariodelsurdigital.com.ar\/?author=4"}]}},"_links":{"self":[{"href":"https:\/\/diariodelsurdigital.com.ar\/index.php?rest_route=\/wp\/v2\/posts\/1051","targetHints":{"allow":["GET"]}}],"collection":[{"href":"https:\/\/diariodelsurdigital.com.ar\/index.php?rest_route=\/wp\/v2\/posts"}],"about":[{"href":"https:\/\/diariodelsurdigital.com.ar\/index.php?rest_route=\/wp\/v2\/types\/post"}],"author":[{"embeddable":true,"href":"https:\/\/diariodelsurdigital.com.ar\/index.php?rest_route=\/wp\/v2\/users\/4"}],"replies":[{"embeddable":true,"href":"https:\/\/diariodelsurdigital.com.ar\/index.php?rest_route=%2Fwp%2Fv2%2Fcomments&post=1051"}],"version-history":[{"count":1,"href":"https:\/\/diariodelsurdigital.com.ar\/index.php?rest_route=\/wp\/v2\/posts\/1051\/revisions"}],"predecessor-version":[{"id":1053,"href":"https:\/\/diariodelsurdigital.com.ar\/index.php?rest_route=\/wp\/v2\/posts\/1051\/revisions\/1053"}],"wp:featuredmedia":[{"embeddable":true,"href":"https:\/\/diariodelsurdigital.com.ar\/index.php?rest_route=\/wp\/v2\/media\/1052"}],"wp:attachment":[{"href":"https:\/\/diariodelsurdigital.com.ar\/index.php?rest_route=%2Fwp%2Fv2%2Fmedia&parent=1051"}],"wp:term":[{"taxonomy":"category","embeddable":true,"href":"https:\/\/diariodelsurdigital.com.ar\/index.php?rest_route=%2Fwp%2Fv2%2Fcategories&post=1051"},{"taxonomy":"post_tag","embeddable":true,"href":"https:\/\/diariodelsurdigital.com.ar\/index.php?rest_route=%2Fwp%2Fv2%2Ftags&post=1051"}],"curies":[{"name":"wp","href":"https:\/\/api.w.org\/{rel}","templated":true}]}}