{"id":1054,"date":"2025-02-17T14:28:51","date_gmt":"2025-02-17T17:28:51","guid":{"rendered":"https:\/\/diariodelsurdigital.com.ar\/?p=1054"},"modified":"2025-02-17T14:28:52","modified_gmt":"2025-02-17T17:28:52","slug":"brasil-lula-va-por-la-reeleccion-si-su-salud-lo-permite","status":"publish","type":"post","link":"https:\/\/diariodelsurdigital.com.ar\/?p=1054","title":{"rendered":"Brasil: Lula va por la reelecci\u00f3n si su salud lo permite"},"content":{"rendered":"\n<p>\u00abSi me encuentro bien y creo que puedo ser candidato, ser\u00e9 candidato\u00bb a presidente en las elecciones de octubre de 2026, declar\u00f3 el mandatario.<\/p>\n\n\n\n<p>El presidente brasile\u00f1o, Luiz In\u00e1cio Lula da Silva, plante\u00f3 este viernes que se presentar\u00e1 a la reelecci\u00f3n en 2026, si est\u00e1 al \u00ab100 % de salud\u00bb y con la misma energ\u00eda que tiene ahora.<\/p>\n\n\n\n<p>\u00abSi me encuentro bien y creo que puedo ser candidato, ser\u00e9 candidato, pero no es mi prioridad ahora\u00bb, se\u00f1al\u00f3 el mandatario de 79 a\u00f1os en una entrevista a una radio local, en el marco de su visita a Bel\u00e9m para conocer in situ las obras de cara a la Cumbre del Clima (COP30).<\/p>\n\n\n\n<p>No obstante, dijo que debe \u00abser consciente\u00bb de su edad avanzada y, por lo tanto, \u00abno puede mentir a nadie\u00bb y \u00abmucho menos\u00bb mentirse a s\u00ed mismo. Adem\u00e1s, record\u00f3 que ser candidato implica \u00abuna discusi\u00f3n con muchos partidos pol\u00edticos y con la sociedad brasile\u00f1a\u00bb.<\/p>\n\n\n\n<p>\u00abEs muy temprano para hablar de las elecciones de 2026\u00bb, subray\u00f3 para despu\u00e9s afirmar que a\u00fan pretende \u00abentregar mucho\u00bb hasta el final de su Gobierno. Lula est\u00e1 en el tercero de sus cuatro a\u00f1os de mandato y cumplir\u00e1 81 a\u00f1os cuando se celebren las elecciones presidenciales de octubre de 2026.<\/p>\n\n\n\n<p>Los sondeos publicados hasta la fecha le dan como favorito frente a una derecha fragmentada entre varios posibles postulantes que intentan absorber el capital pol\u00edtico del expresidente ultraderechista Jair Bolsonaro, inhabilitado por atacar las instituciones democr\u00e1ticas y sembrar sospechas sobre las elecciones.<\/p>\n\n\n\n<p>Por otro lado, el Partido de los Trabajadores (PT) solo piensa en Lula como su candidato para 2026, aunque el antiguo dirigente sindical parece no haberse decidido a\u00fan. Y es que Lula ha tenido algunos problemas de salud desde que asumi\u00f3 la Presidencia, el 1 de enero de 2023.<\/p>\n\n\n\n<p>En el \u00faltimo, en diciembre del a\u00f1o pasado, fue sometido a una intervenci\u00f3n quir\u00fargica de urgencia para drenar una hemorragia intracraneal derivada de una ca\u00edda que sufri\u00f3 en casa unas semanas antes. La cirug\u00eda le oblig\u00f3 a estar varios d\u00edas bajo cuidados intensivos, aunque no le qued\u00f3 ninguna secuela neurol\u00f3gica, seg\u00fan su equipo m\u00e9dico.<\/p>\n\n\n\n<p>En noviembre de 2022, poco despu\u00e9s de ganar las elecciones frente a Bolsonaro, estuvo hospitalizado para la retirada de una peque\u00f1a \u00e1rea de \u00ableucoplasia\u00bb -manchas blancas- en las cuerdas vocales. Ya en el poder, en marzo de 2023, tuvo una bronconeumon\u00eda que le oblig\u00f3 a postergar una importante visita de Estado a China.<\/p>\n\n\n\n<p><strong>Reciprocidad con EE.UU.<\/strong><\/p>\n\n\n\n<p>Por otra parte, Lula asegur\u00f3 el viernes que Brasil responder\u00e1 con \u00abreciprocidad\u00bb hacia Estados Unidos si su hom\u00f3logo Donald Trump aplica aranceles al acero brasile\u00f1o, como anunci\u00f3.<\/p>\n\n\n\n<p>\u00abSi gravan el acero brasile\u00f1o, reaccionaremos comercialmente o denunciaremos ante la Organizaci\u00f3n Mundial de Comercio o gravaremos los productos que importamos de ellos\u00bb, dijo en una entrevista a la radio local Clube de Par\u00e1. \u00abNo hay duda, habr\u00e1 reciprocidad de Brasil en cualquier actitud que (Estados Unidos) tome contra Brasil\u00bb, advirti\u00f3 el mandatario izquierdista. \u00abTrump puede decir lo que quiera, es el presidente de Estados Unidos. Pero no puede hacer lo que quiera.\u00bb<\/p>\n\n\n\n<p>Brasil importa una gran cantidad de bienes manufacturados producidos en Estados Unidos a partir de acero, como maquinaria industrial, motores de autom\u00f3viles y piezas para la industria aeron\u00e1utica.<\/p>\n\n\n\n<p>Trump anunci\u00f3 el jueves que impondr\u00e1 \u00abaranceles rec\u00edprocos\u00bb a sus socios comerciales, en una declaraci\u00f3n que encendi\u00f3 las alarmas de una guerra comercial con aliados y rivales.<\/p>\n\n\n\n<p>El martes, un d\u00eda despu\u00e9s de que el republicano anunciara nuevos aranceles del 25% al acero, el ministro de Relaciones Institucionales brasile\u00f1o, Alexandre Padilha, anunci\u00f3 que Brasil \u00abno entrar\u00e1 en ninguna guerra comercial\u00bb en respuesta, public\u00f3 P\u00e1gina 12.<\/p>\n\n\n\n<p>Con 4,08 millones de toneladas de acero exportadas a Estados Unidos en 2024, Brasil es el segundo mayor proveedor, despu\u00e9s de Canad\u00e1.&nbsp;<\/p>\n","protected":false},"excerpt":{"rendered":"<p>\u00abSi me encuentro bien y creo que puedo ser candidato, ser\u00e9 candidato\u00bb a presidente en las elecciones de octubre de 2026, declar\u00f3 el mandatario. El presidente brasile\u00f1o, Luiz In\u00e1cio Lula da Silva, plante\u00f3 este viernes que se presentar\u00e1 a la reelecci\u00f3n en 2026, si est\u00e1 al \u00ab100 % de salud\u00bb y con la misma energ\u00eda [&hellip;]<\/p>\n","protected":false},"author":4,"featured_media":1055,"comment_status":"open","ping_status":"open","sticky":false,"template":"","format":"standard","meta":{"footnotes":""},"categories":[20,22],"tags":[],"class_list":{"0":"post-1054","1":"post","2":"type-post","3":"status-publish","4":"format-standard","5":"has-post-thumbnail","7":"category-internacionales","8":"category-politica"},"yoast_head":"<!-- This site is optimized with the Yoast SEO plugin v27.4 - https:\/\/yoast.com\/product\/yoast-seo-wordpress\/ -->\n<title>Brasil: Lula va por la reelecci\u00f3n si su salud lo permite - Diario del Sur<\/title>\n<meta name=\"robots\" content=\"index, follow, max-snippet:-1, max-image-preview:large, max-video-preview:-1\" \/>\n<link rel=\"canonical\" href=\"https:\/\/diariodelsurdigital.com.ar\/?p=1054\" \/>\n<meta property=\"og:locale\" content=\"es_ES\" \/>\n<meta property=\"og:type\" content=\"article\" \/>\n<meta property=\"og:title\" content=\"Brasil: Lula va por la reelecci\u00f3n si su salud lo permite - Diario del Sur\" \/>\n<meta property=\"og:description\" content=\"\u00abSi me encuentro bien y creo que puedo ser candidato, ser\u00e9 candidato\u00bb a presidente en las elecciones de octubre de 2026, declar\u00f3 el mandatario. El presidente brasile\u00f1o, Luiz In\u00e1cio Lula da Silva, plante\u00f3 este viernes que se presentar\u00e1 a la reelecci\u00f3n en 2026, si est\u00e1 al \u00ab100 % de salud\u00bb y con la misma energ\u00eda [&hellip;]\" \/>\n<meta property=\"og:url\" content=\"https:\/\/diariodelsurdigital.com.ar\/?p=1054\" \/>\n<meta property=\"og:site_name\" content=\"Diario del Sur\" \/>\n<meta property=\"article:published_time\" content=\"2025-02-17T17:28:51+00:00\" \/>\n<meta property=\"article:modified_time\" content=\"2025-02-17T17:28:52+00:00\" \/>\n<meta property=\"og:image\" content=\"https:\/\/diariodelsurdigital.com.ar\/wp-content\/uploads\/2025\/02\/md-2025-02-17T142621.661.webp\" \/>\n\t<meta property=\"og:image:width\" content=\"992\" \/>\n\t<meta property=\"og:image:height\" content=\"661\" \/>\n\t<meta property=\"og:image:type\" content=\"image\/webp\" \/>\n<meta name=\"author\" content=\"Diario del Sur Digital\" \/>\n<meta name=\"twitter:card\" content=\"summary_large_image\" \/>\n<meta name=\"twitter:label1\" content=\"Escrito por\" \/>\n\t<meta name=\"twitter:data1\" content=\"Diario del Sur Digital\" \/>\n\t<meta name=\"twitter:label2\" content=\"Tiempo de lectura\" \/>\n\t<meta name=\"twitter:data2\" content=\"4 minutos\" \/>\n<script type=\"application\/ld+json\" class=\"yoast-schema-graph\">{\"@context\":\"https:\\\/\\\/schema.org\",\"@graph\":[{\"@type\":\"Article\",\"@id\":\"https:\\\/\\\/diariodelsurdigital.com.ar\\\/?p=1054#article\",\"isPartOf\":{\"@id\":\"https:\\\/\\\/diariodelsurdigital.com.ar\\\/?p=1054\"},\"author\":{\"name\":\"Diario del Sur Digital\",\"@id\":\"https:\\\/\\\/diariodelsurdigital.com.ar\\\/#\\\/schema\\\/person\\\/1a4992532ed62965c968031b49195c81\"},\"headline\":\"Brasil: Lula va por la reelecci\u00f3n si su salud lo permite\",\"datePublished\":\"2025-02-17T17:28:51+00:00\",\"dateModified\":\"2025-02-17T17:28:52+00:00\",\"mainEntityOfPage\":{\"@id\":\"https:\\\/\\\/diariodelsurdigital.com.ar\\\/?p=1054\"},\"wordCount\":661,\"commentCount\":0,\"image\":{\"@id\":\"https:\\\/\\\/diariodelsurdigital.com.ar\\\/?p=1054#primaryimage\"},\"thumbnailUrl\":\"https:\\\/\\\/diariodelsurdigital.com.ar\\\/wp-content\\\/uploads\\\/2025\\\/02\\\/md-2025-02-17T142621.661.webp\",\"articleSection\":[\"Internacionales\",\"Pol\u00edtica\"],\"inLanguage\":\"es\",\"potentialAction\":[{\"@type\":\"CommentAction\",\"name\":\"Comment\",\"target\":[\"https:\\\/\\\/diariodelsurdigital.com.ar\\\/?p=1054#respond\"]}]},{\"@type\":\"WebPage\",\"@id\":\"https:\\\/\\\/diariodelsurdigital.com.ar\\\/?p=1054\",\"url\":\"https:\\\/\\\/diariodelsurdigital.com.ar\\\/?p=1054\",\"name\":\"Brasil: Lula va por la reelecci\u00f3n si su salud lo permite - Diario del Sur\",\"isPartOf\":{\"@id\":\"https:\\\/\\\/diariodelsurdigital.com.ar\\\/#website\"},\"primaryImageOfPage\":{\"@id\":\"https:\\\/\\\/diariodelsurdigital.com.ar\\\/?p=1054#primaryimage\"},\"image\":{\"@id\":\"https:\\\/\\\/diariodelsurdigital.com.ar\\\/?p=1054#primaryimage\"},\"thumbnailUrl\":\"https:\\\/\\\/diariodelsurdigital.com.ar\\\/wp-content\\\/uploads\\\/2025\\\/02\\\/md-2025-02-17T142621.661.webp\",\"datePublished\":\"2025-02-17T17:28:51+00:00\",\"dateModified\":\"2025-02-17T17:28:52+00:00\",\"author\":{\"@id\":\"https:\\\/\\\/diariodelsurdigital.com.ar\\\/#\\\/schema\\\/person\\\/1a4992532ed62965c968031b49195c81\"},\"breadcrumb\":{\"@id\":\"https:\\\/\\\/diariodelsurdigital.com.ar\\\/?p=1054#breadcrumb\"},\"inLanguage\":\"es\",\"potentialAction\":[{\"@type\":\"ReadAction\",\"target\":[\"https:\\\/\\\/diariodelsurdigital.com.ar\\\/?p=1054\"]}]},{\"@type\":\"ImageObject\",\"inLanguage\":\"es\",\"@id\":\"https:\\\/\\\/diariodelsurdigital.com.ar\\\/?p=1054#primaryimage\",\"url\":\"https:\\\/\\\/diariodelsurdigital.com.ar\\\/wp-content\\\/uploads\\\/2025\\\/02\\\/md-2025-02-17T142621.661.webp\",\"contentUrl\":\"https:\\\/\\\/diariodelsurdigital.com.ar\\\/wp-content\\\/uploads\\\/2025\\\/02\\\/md-2025-02-17T142621.661.webp\",\"width\":992,\"height\":661},{\"@type\":\"BreadcrumbList\",\"@id\":\"https:\\\/\\\/diariodelsurdigital.com.ar\\\/?p=1054#breadcrumb\",\"itemListElement\":[{\"@type\":\"ListItem\",\"position\":1,\"name\":\"Portada\",\"item\":\"https:\\\/\\\/diariodelsurdigital.com.ar\\\/\"},{\"@type\":\"ListItem\",\"position\":2,\"name\":\"Brasil: Lula va por la reelecci\u00f3n si su salud lo permite\"}]},{\"@type\":\"WebSite\",\"@id\":\"https:\\\/\\\/diariodelsurdigital.com.ar\\\/#website\",\"url\":\"https:\\\/\\\/diariodelsurdigital.com.ar\\\/\",\"name\":\"Diario del Sur\",\"description\":\"Digital\",\"potentialAction\":[{\"@type\":\"SearchAction\",\"target\":{\"@type\":\"EntryPoint\",\"urlTemplate\":\"https:\\\/\\\/diariodelsurdigital.com.ar\\\/?s={search_term_string}\"},\"query-input\":{\"@type\":\"PropertyValueSpecification\",\"valueRequired\":true,\"valueName\":\"search_term_string\"}}],\"inLanguage\":\"es\"},{\"@type\":\"Person\",\"@id\":\"https:\\\/\\\/diariodelsurdigital.com.ar\\\/#\\\/schema\\\/person\\\/1a4992532ed62965c968031b49195c81\",\"name\":\"Diario del Sur Digital\",\"image\":{\"@type\":\"ImageObject\",\"inLanguage\":\"es\",\"@id\":\"https:\\\/\\\/secure.gravatar.com\\\/avatar\\\/f0c7c47fc7146d19828273b9b8eda651c9c7ab583767e6338d3d3bee825adf76?s=96&d=mm&r=g\",\"url\":\"https:\\\/\\\/secure.gravatar.com\\\/avatar\\\/f0c7c47fc7146d19828273b9b8eda651c9c7ab583767e6338d3d3bee825adf76?s=96&d=mm&r=g\",\"contentUrl\":\"https:\\\/\\\/secure.gravatar.com\\\/avatar\\\/f0c7c47fc7146d19828273b9b8eda651c9c7ab583767e6338d3d3bee825adf76?s=96&d=mm&r=g\",\"caption\":\"Diario del Sur Digital\"},\"url\":\"https:\\\/\\\/diariodelsurdigital.com.ar\\\/?author=4\"}]}<\/script>\n<!-- \/ Yoast SEO plugin. -->","yoast_head_json":{"title":"Brasil: Lula va por la reelecci\u00f3n si su salud lo permite - Diario del Sur","robots":{"index":"index","follow":"follow","max-snippet":"max-snippet:-1","max-image-preview":"max-image-preview:large","max-video-preview":"max-video-preview:-1"},"canonical":"https:\/\/diariodelsurdigital.com.ar\/?p=1054","og_locale":"es_ES","og_type":"article","og_title":"Brasil: Lula va por la reelecci\u00f3n si su salud lo permite - Diario del Sur","og_description":"\u00abSi me encuentro bien y creo que puedo ser candidato, ser\u00e9 candidato\u00bb a presidente en las elecciones de octubre de 2026, declar\u00f3 el mandatario. El presidente brasile\u00f1o, Luiz In\u00e1cio Lula da Silva, plante\u00f3 este viernes que se presentar\u00e1 a la reelecci\u00f3n en 2026, si est\u00e1 al \u00ab100 % de salud\u00bb y con la misma energ\u00eda [&hellip;]","og_url":"https:\/\/diariodelsurdigital.com.ar\/?p=1054","og_site_name":"Diario del Sur","article_published_time":"2025-02-17T17:28:51+00:00","article_modified_time":"2025-02-17T17:28:52+00:00","og_image":[{"width":992,"height":661,"url":"https:\/\/diariodelsurdigital.com.ar\/wp-content\/uploads\/2025\/02\/md-2025-02-17T142621.661.webp","type":"image\/webp"}],"author":"Diario del Sur Digital","twitter_card":"summary_large_image","twitter_misc":{"Escrito por":"Diario del Sur Digital","Tiempo de lectura":"4 minutos"},"schema":{"@context":"https:\/\/schema.org","@graph":[{"@type":"Article","@id":"https:\/\/diariodelsurdigital.com.ar\/?p=1054#article","isPartOf":{"@id":"https:\/\/diariodelsurdigital.com.ar\/?p=1054"},"author":{"name":"Diario del Sur Digital","@id":"https:\/\/diariodelsurdigital.com.ar\/#\/schema\/person\/1a4992532ed62965c968031b49195c81"},"headline":"Brasil: Lula va por la reelecci\u00f3n si su salud lo permite","datePublished":"2025-02-17T17:28:51+00:00","dateModified":"2025-02-17T17:28:52+00:00","mainEntityOfPage":{"@id":"https:\/\/diariodelsurdigital.com.ar\/?p=1054"},"wordCount":661,"commentCount":0,"image":{"@id":"https:\/\/diariodelsurdigital.com.ar\/?p=1054#primaryimage"},"thumbnailUrl":"https:\/\/diariodelsurdigital.com.ar\/wp-content\/uploads\/2025\/02\/md-2025-02-17T142621.661.webp","articleSection":["Internacionales","Pol\u00edtica"],"inLanguage":"es","potentialAction":[{"@type":"CommentAction","name":"Comment","target":["https:\/\/diariodelsurdigital.com.ar\/?p=1054#respond"]}]},{"@type":"WebPage","@id":"https:\/\/diariodelsurdigital.com.ar\/?p=1054","url":"https:\/\/diariodelsurdigital.com.ar\/?p=1054","name":"Brasil: Lula va por la reelecci\u00f3n si su salud lo permite - Diario del Sur","isPartOf":{"@id":"https:\/\/diariodelsurdigital.com.ar\/#website"},"primaryImageOfPage":{"@id":"https:\/\/diariodelsurdigital.com.ar\/?p=1054#primaryimage"},"image":{"@id":"https:\/\/diariodelsurdigital.com.ar\/?p=1054#primaryimage"},"thumbnailUrl":"https:\/\/diariodelsurdigital.com.ar\/wp-content\/uploads\/2025\/02\/md-2025-02-17T142621.661.webp","datePublished":"2025-02-17T17:28:51+00:00","dateModified":"2025-02-17T17:28:52+00:00","author":{"@id":"https:\/\/diariodelsurdigital.com.ar\/#\/schema\/person\/1a4992532ed62965c968031b49195c81"},"breadcrumb":{"@id":"https:\/\/diariodelsurdigital.com.ar\/?p=1054#breadcrumb"},"inLanguage":"es","potentialAction":[{"@type":"ReadAction","target":["https:\/\/diariodelsurdigital.com.ar\/?p=1054"]}]},{"@type":"ImageObject","inLanguage":"es","@id":"https:\/\/diariodelsurdigital.com.ar\/?p=1054#primaryimage","url":"https:\/\/diariodelsurdigital.com.ar\/wp-content\/uploads\/2025\/02\/md-2025-02-17T142621.661.webp","contentUrl":"https:\/\/diariodelsurdigital.com.ar\/wp-content\/uploads\/2025\/02\/md-2025-02-17T142621.661.webp","width":992,"height":661},{"@type":"BreadcrumbList","@id":"https:\/\/diariodelsurdigital.com.ar\/?p=1054#breadcrumb","itemListElement":[{"@type":"ListItem","position":1,"name":"Portada","item":"https:\/\/diariodelsurdigital.com.ar\/"},{"@type":"ListItem","position":2,"name":"Brasil: Lula va por la reelecci\u00f3n si su salud lo permite"}]},{"@type":"WebSite","@id":"https:\/\/diariodelsurdigital.com.ar\/#website","url":"https:\/\/diariodelsurdigital.com.ar\/","name":"Diario del Sur","description":"Digital","potentialAction":[{"@type":"SearchAction","target":{"@type":"EntryPoint","urlTemplate":"https:\/\/diariodelsurdigital.com.ar\/?s={search_term_string}"},"query-input":{"@type":"PropertyValueSpecification","valueRequired":true,"valueName":"search_term_string"}}],"inLanguage":"es"},{"@type":"Person","@id":"https:\/\/diariodelsurdigital.com.ar\/#\/schema\/person\/1a4992532ed62965c968031b49195c81","name":"Diario del Sur Digital","image":{"@type":"ImageObject","inLanguage":"es","@id":"https:\/\/secure.gravatar.com\/avatar\/f0c7c47fc7146d19828273b9b8eda651c9c7ab583767e6338d3d3bee825adf76?s=96&d=mm&r=g","url":"https:\/\/secure.gravatar.com\/avatar\/f0c7c47fc7146d19828273b9b8eda651c9c7ab583767e6338d3d3bee825adf76?s=96&d=mm&r=g","contentUrl":"https:\/\/secure.gravatar.com\/avatar\/f0c7c47fc7146d19828273b9b8eda651c9c7ab583767e6338d3d3bee825adf76?s=96&d=mm&r=g","caption":"Diario del Sur Digital"},"url":"https:\/\/diariodelsurdigital.com.ar\/?author=4"}]}},"_links":{"self":[{"href":"https:\/\/diariodelsurdigital.com.ar\/index.php?rest_route=\/wp\/v2\/posts\/1054","targetHints":{"allow":["GET"]}}],"collection":[{"href":"https:\/\/diariodelsurdigital.com.ar\/index.php?rest_route=\/wp\/v2\/posts"}],"about":[{"href":"https:\/\/diariodelsurdigital.com.ar\/index.php?rest_route=\/wp\/v2\/types\/post"}],"author":[{"embeddable":true,"href":"https:\/\/diariodelsurdigital.com.ar\/index.php?rest_route=\/wp\/v2\/users\/4"}],"replies":[{"embeddable":true,"href":"https:\/\/diariodelsurdigital.com.ar\/index.php?rest_route=%2Fwp%2Fv2%2Fcomments&post=1054"}],"version-history":[{"count":1,"href":"https:\/\/diariodelsurdigital.com.ar\/index.php?rest_route=\/wp\/v2\/posts\/1054\/revisions"}],"predecessor-version":[{"id":1056,"href":"https:\/\/diariodelsurdigital.com.ar\/index.php?rest_route=\/wp\/v2\/posts\/1054\/revisions\/1056"}],"wp:featuredmedia":[{"embeddable":true,"href":"https:\/\/diariodelsurdigital.com.ar\/index.php?rest_route=\/wp\/v2\/media\/1055"}],"wp:attachment":[{"href":"https:\/\/diariodelsurdigital.com.ar\/index.php?rest_route=%2Fwp%2Fv2%2Fmedia&parent=1054"}],"wp:term":[{"taxonomy":"category","embeddable":true,"href":"https:\/\/diariodelsurdigital.com.ar\/index.php?rest_route=%2Fwp%2Fv2%2Fcategories&post=1054"},{"taxonomy":"post_tag","embeddable":true,"href":"https:\/\/diariodelsurdigital.com.ar\/index.php?rest_route=%2Fwp%2Fv2%2Ftags&post=1054"}],"curies":[{"name":"wp","href":"https:\/\/api.w.org\/{rel}","templated":true}]}}