{"id":1057,"date":"2025-02-17T14:30:24","date_gmt":"2025-02-17T17:30:24","guid":{"rendered":"https:\/\/diariodelsurdigital.com.ar\/?p=1057"},"modified":"2025-02-17T14:30:25","modified_gmt":"2025-02-17T17:30:25","slug":"comienza-la-ultima-semana-de-vacaciones-para-los-alumnos-en-entre-rios","status":"publish","type":"post","link":"https:\/\/diariodelsurdigital.com.ar\/?p=1057","title":{"rendered":"Comienza la \u00faltima semana de vacaciones para los alumnos en Entre R\u00edos"},"content":{"rendered":"\n<p>Las escuelas est\u00e1n abiertas y comienzan los recuperatorios. Las clases iniciar\u00e1n la semana pr\u00f3xima. Conoc\u00e9 las fechas del Ciclo Lectivo 2025.<\/p>\n\n\n\n<p>Cuenta regresiva para los alumnos entrerrianos. Hoy inicia la \u00faltima semana de vacaciones, ya que el lunes 24 de febrero comienza el Ciclo Lectivo 2025 en Entre R\u00edos.<\/p>\n\n\n\n<p>Para este a\u00f1o se prev\u00e9n 190 d\u00edas de clases, bajo Resoluci\u00f3n N\u00ba 4.240 del Consejo General de Educaci\u00f3n (CGE), que es la que establece las pautas del Calendario Escolar.<\/p>\n\n\n\n<p>El comienzo de clases est\u00e1 previsto para la misma fecha en los niveles inicial, primario y secundario. De todos modos, cada instituci\u00f3n suele establecer una semana de per\u00edodo de adaptaci\u00f3n en algunos cursos en particular.<\/p>\n\n\n\n<p>Durante esta semana pr\u00f3xima, adem\u00e1s, inician las mesas examinadoras para las personas que adeuden materias pendientes. Cada instituci\u00f3n educativa debe definir los d\u00edas y horarios para las respectivas materias.<\/p>\n\n\n\n<h2 class=\"wp-block-heading\"><strong>Reabrieron las escuelas<\/strong><\/h2>\n\n\n\n<p>Los equipos de supervisi\u00f3n y directivos de todos los niveles y modalidades reabrieron las escuelas el pasado lunes, por lo cual inici\u00f3 formalmente el Calendario Escolar en la provincia.<\/p>\n\n\n\n<p>En tanto, el martes 11 volvieron los docentes, quienes comenzaron a organizarse para el regreso a las aulas. En las instituciones p\u00fablicas, adem\u00e1s, este viernes tienen asamblea para debatir la nueva propuesta salarial del Gobierno.<\/p>\n\n\n\n<p>Adem\u00e1s, hoy 14 de febrero se realiza la primera Jornada Institucional, destinada a equipos institucionales de nivel inicial, primario y secundario, de todas las modalidades y tipos de gesti\u00f3n. Es presencial en cada instituci\u00f3n, con una duraci\u00f3n de cuatro horas reloj.<\/p>\n\n\n\n<h2 class=\"wp-block-heading\"><strong>Vacaciones de invierno y fin de clases<\/strong><\/h2>\n\n\n\n<p>Para todos los niveles y modalidades de la educaci\u00f3n en Entre R\u00edos, el receso de invierno ser\u00e1 del 7 al 18 de julio y el 23 de diciembre finalizar\u00e1n las clases con cierre diversificado de trayectorias escolares en los niveles inicial, primario, secundario en todas sus modalidades y tipos de gesti\u00f3n.<\/p>\n\n\n\n<h2 class=\"wp-block-heading\"><strong>Ciclo lectivo 2025 en Entre R\u00edos: Fechas de trimestres<\/strong><\/h2>\n\n\n\n<p><strong>Para nivel inicial:<\/strong><\/p>\n\n\n\n<p>. Per\u00edodo de inicio: 24\/02\/25 al 31\/03\/25<\/p>\n\n\n\n<p>. Primer per\u00edodo: 01\/04\/25 al 04\/07\/25<\/p>\n\n\n\n<p>. Segundo per\u00edodo: 21\/07\/25 al 28\/11\/25<\/p>\n\n\n\n<p><strong>Para nivel primario y sus modalidades<\/strong><\/p>\n\n\n\n<p>. Primer trimestre: 24\/02\/25 al 23\/05\/25<\/p>\n\n\n\n<p>. Segundo trimestre: 26\/05\/25 al 29\/08\/25<\/p>\n\n\n\n<p>. Tercer trimestre: 01\/09\/25 al 19\/12\/25<\/p>\n\n\n\n<p>. Febrero 2026: per\u00edodo de integraci\u00f3n, intensificaci\u00f3n y evaluaci\u00f3n de saberes.<\/p>\n\n\n\n<p><strong>Para nivel segundario y sus modalidades:<\/strong><\/p>\n\n\n\n<p>. Primer trimestre: 24\/02\/25 al 23\/05\/25<\/p>\n\n\n\n<p>. Segundo trimestre: 26\/05\/25 al 29\/08\/25<\/p>\n\n\n\n<p>. Tercer trimestre: 01\/09\/25 al 19\/12\/25<\/p>\n\n\n\n<p>. Febrero 2026: per\u00edodo de integraci\u00f3n, intensificaci\u00f3n y evaluaci\u00f3n de saberes.<\/p>\n\n\n\n<p><strong>Para nivel superior:<\/strong><\/p>\n\n\n\n<p>. Primer cuatrimestre: 10\/03\/25 al 04\/07\/25<\/p>\n\n\n\n<p>. Segundo cuatrimestre: 11\/08\/25 al 21\/11\/25<\/p>\n\n\n\n<p>. Febrero\/Marzo 2026: Mesas evaluadoras ordinarias, public\u00f3 Ahora.<\/p>\n","protected":false},"excerpt":{"rendered":"<p>Las escuelas est\u00e1n abiertas y comienzan los recuperatorios. Las clases iniciar\u00e1n la semana pr\u00f3xima. Conoc\u00e9 las fechas del Ciclo Lectivo 2025. Cuenta regresiva para los alumnos entrerrianos. Hoy inicia la \u00faltima semana de vacaciones, ya que el lunes 24 de febrero comienza el Ciclo Lectivo 2025 en Entre R\u00edos. Para este a\u00f1o se prev\u00e9n 190 [&hellip;]<\/p>\n","protected":false},"author":4,"featured_media":1058,"comment_status":"open","ping_status":"open","sticky":false,"template":"","format":"standard","meta":{"footnotes":""},"categories":[17],"tags":[],"class_list":{"0":"post-1057","1":"post","2":"type-post","3":"status-publish","4":"format-standard","5":"has-post-thumbnail","7":"category-provinciales"},"yoast_head":"<!-- This site is optimized with the Yoast SEO plugin v27.4 - https:\/\/yoast.com\/product\/yoast-seo-wordpress\/ -->\n<title>Comienza la \u00faltima semana de vacaciones para los alumnos en Entre R\u00edos - Diario del Sur<\/title>\n<meta name=\"robots\" content=\"index, follow, max-snippet:-1, max-image-preview:large, max-video-preview:-1\" \/>\n<link rel=\"canonical\" href=\"https:\/\/diariodelsurdigital.com.ar\/?p=1057\" \/>\n<meta property=\"og:locale\" content=\"es_ES\" \/>\n<meta property=\"og:type\" content=\"article\" \/>\n<meta property=\"og:title\" content=\"Comienza la \u00faltima semana de vacaciones para los alumnos en Entre R\u00edos - Diario del Sur\" \/>\n<meta property=\"og:description\" content=\"Las escuelas est\u00e1n abiertas y comienzan los recuperatorios. Las clases iniciar\u00e1n la semana pr\u00f3xima. Conoc\u00e9 las fechas del Ciclo Lectivo 2025. Cuenta regresiva para los alumnos entrerrianos. Hoy inicia la \u00faltima semana de vacaciones, ya que el lunes 24 de febrero comienza el Ciclo Lectivo 2025 en Entre R\u00edos. Para este a\u00f1o se prev\u00e9n 190 [&hellip;]\" \/>\n<meta property=\"og:url\" content=\"https:\/\/diariodelsurdigital.com.ar\/?p=1057\" \/>\n<meta property=\"og:site_name\" content=\"Diario del Sur\" \/>\n<meta property=\"article:published_time\" content=\"2025-02-17T17:30:24+00:00\" \/>\n<meta property=\"article:modified_time\" content=\"2025-02-17T17:30:25+00:00\" \/>\n<meta property=\"og:image\" content=\"https:\/\/diariodelsurdigital.com.ar\/wp-content\/uploads\/2025\/02\/md-2025-02-17T142917.031.webp\" \/>\n\t<meta property=\"og:image:width\" content=\"992\" \/>\n\t<meta property=\"og:image:height\" content=\"557\" \/>\n\t<meta property=\"og:image:type\" content=\"image\/webp\" \/>\n<meta name=\"author\" content=\"Diario del Sur Digital\" \/>\n<meta name=\"twitter:card\" content=\"summary_large_image\" \/>\n<meta name=\"twitter:label1\" content=\"Escrito por\" \/>\n\t<meta name=\"twitter:data1\" content=\"Diario del Sur Digital\" \/>\n\t<meta name=\"twitter:label2\" content=\"Tiempo de lectura\" \/>\n\t<meta name=\"twitter:data2\" content=\"3 minutos\" \/>\n<script type=\"application\/ld+json\" class=\"yoast-schema-graph\">{\"@context\":\"https:\\\/\\\/schema.org\",\"@graph\":[{\"@type\":\"Article\",\"@id\":\"https:\\\/\\\/diariodelsurdigital.com.ar\\\/?p=1057#article\",\"isPartOf\":{\"@id\":\"https:\\\/\\\/diariodelsurdigital.com.ar\\\/?p=1057\"},\"author\":{\"name\":\"Diario del Sur Digital\",\"@id\":\"https:\\\/\\\/diariodelsurdigital.com.ar\\\/#\\\/schema\\\/person\\\/1a4992532ed62965c968031b49195c81\"},\"headline\":\"Comienza la \u00faltima semana de vacaciones para los alumnos en Entre R\u00edos\",\"datePublished\":\"2025-02-17T17:30:24+00:00\",\"dateModified\":\"2025-02-17T17:30:25+00:00\",\"mainEntityOfPage\":{\"@id\":\"https:\\\/\\\/diariodelsurdigital.com.ar\\\/?p=1057\"},\"wordCount\":435,\"commentCount\":0,\"image\":{\"@id\":\"https:\\\/\\\/diariodelsurdigital.com.ar\\\/?p=1057#primaryimage\"},\"thumbnailUrl\":\"https:\\\/\\\/diariodelsurdigital.com.ar\\\/wp-content\\\/uploads\\\/2025\\\/02\\\/md-2025-02-17T142917.031.webp\",\"articleSection\":[\"Provinciales\"],\"inLanguage\":\"es\",\"potentialAction\":[{\"@type\":\"CommentAction\",\"name\":\"Comment\",\"target\":[\"https:\\\/\\\/diariodelsurdigital.com.ar\\\/?p=1057#respond\"]}]},{\"@type\":\"WebPage\",\"@id\":\"https:\\\/\\\/diariodelsurdigital.com.ar\\\/?p=1057\",\"url\":\"https:\\\/\\\/diariodelsurdigital.com.ar\\\/?p=1057\",\"name\":\"Comienza la \u00faltima semana de vacaciones para los alumnos en Entre R\u00edos - Diario del Sur\",\"isPartOf\":{\"@id\":\"https:\\\/\\\/diariodelsurdigital.com.ar\\\/#website\"},\"primaryImageOfPage\":{\"@id\":\"https:\\\/\\\/diariodelsurdigital.com.ar\\\/?p=1057#primaryimage\"},\"image\":{\"@id\":\"https:\\\/\\\/diariodelsurdigital.com.ar\\\/?p=1057#primaryimage\"},\"thumbnailUrl\":\"https:\\\/\\\/diariodelsurdigital.com.ar\\\/wp-content\\\/uploads\\\/2025\\\/02\\\/md-2025-02-17T142917.031.webp\",\"datePublished\":\"2025-02-17T17:30:24+00:00\",\"dateModified\":\"2025-02-17T17:30:25+00:00\",\"author\":{\"@id\":\"https:\\\/\\\/diariodelsurdigital.com.ar\\\/#\\\/schema\\\/person\\\/1a4992532ed62965c968031b49195c81\"},\"breadcrumb\":{\"@id\":\"https:\\\/\\\/diariodelsurdigital.com.ar\\\/?p=1057#breadcrumb\"},\"inLanguage\":\"es\",\"potentialAction\":[{\"@type\":\"ReadAction\",\"target\":[\"https:\\\/\\\/diariodelsurdigital.com.ar\\\/?p=1057\"]}]},{\"@type\":\"ImageObject\",\"inLanguage\":\"es\",\"@id\":\"https:\\\/\\\/diariodelsurdigital.com.ar\\\/?p=1057#primaryimage\",\"url\":\"https:\\\/\\\/diariodelsurdigital.com.ar\\\/wp-content\\\/uploads\\\/2025\\\/02\\\/md-2025-02-17T142917.031.webp\",\"contentUrl\":\"https:\\\/\\\/diariodelsurdigital.com.ar\\\/wp-content\\\/uploads\\\/2025\\\/02\\\/md-2025-02-17T142917.031.webp\",\"width\":992,\"height\":557},{\"@type\":\"BreadcrumbList\",\"@id\":\"https:\\\/\\\/diariodelsurdigital.com.ar\\\/?p=1057#breadcrumb\",\"itemListElement\":[{\"@type\":\"ListItem\",\"position\":1,\"name\":\"Portada\",\"item\":\"https:\\\/\\\/diariodelsurdigital.com.ar\\\/\"},{\"@type\":\"ListItem\",\"position\":2,\"name\":\"Comienza la \u00faltima semana de vacaciones para los alumnos en Entre R\u00edos\"}]},{\"@type\":\"WebSite\",\"@id\":\"https:\\\/\\\/diariodelsurdigital.com.ar\\\/#website\",\"url\":\"https:\\\/\\\/diariodelsurdigital.com.ar\\\/\",\"name\":\"Diario del Sur\",\"description\":\"Digital\",\"potentialAction\":[{\"@type\":\"SearchAction\",\"target\":{\"@type\":\"EntryPoint\",\"urlTemplate\":\"https:\\\/\\\/diariodelsurdigital.com.ar\\\/?s={search_term_string}\"},\"query-input\":{\"@type\":\"PropertyValueSpecification\",\"valueRequired\":true,\"valueName\":\"search_term_string\"}}],\"inLanguage\":\"es\"},{\"@type\":\"Person\",\"@id\":\"https:\\\/\\\/diariodelsurdigital.com.ar\\\/#\\\/schema\\\/person\\\/1a4992532ed62965c968031b49195c81\",\"name\":\"Diario del Sur Digital\",\"image\":{\"@type\":\"ImageObject\",\"inLanguage\":\"es\",\"@id\":\"https:\\\/\\\/secure.gravatar.com\\\/avatar\\\/f0c7c47fc7146d19828273b9b8eda651c9c7ab583767e6338d3d3bee825adf76?s=96&d=mm&r=g\",\"url\":\"https:\\\/\\\/secure.gravatar.com\\\/avatar\\\/f0c7c47fc7146d19828273b9b8eda651c9c7ab583767e6338d3d3bee825adf76?s=96&d=mm&r=g\",\"contentUrl\":\"https:\\\/\\\/secure.gravatar.com\\\/avatar\\\/f0c7c47fc7146d19828273b9b8eda651c9c7ab583767e6338d3d3bee825adf76?s=96&d=mm&r=g\",\"caption\":\"Diario del Sur Digital\"},\"url\":\"https:\\\/\\\/diariodelsurdigital.com.ar\\\/?author=4\"}]}<\/script>\n<!-- \/ Yoast SEO plugin. -->","yoast_head_json":{"title":"Comienza la \u00faltima semana de vacaciones para los alumnos en Entre R\u00edos - Diario del Sur","robots":{"index":"index","follow":"follow","max-snippet":"max-snippet:-1","max-image-preview":"max-image-preview:large","max-video-preview":"max-video-preview:-1"},"canonical":"https:\/\/diariodelsurdigital.com.ar\/?p=1057","og_locale":"es_ES","og_type":"article","og_title":"Comienza la \u00faltima semana de vacaciones para los alumnos en Entre R\u00edos - Diario del Sur","og_description":"Las escuelas est\u00e1n abiertas y comienzan los recuperatorios. Las clases iniciar\u00e1n la semana pr\u00f3xima. Conoc\u00e9 las fechas del Ciclo Lectivo 2025. Cuenta regresiva para los alumnos entrerrianos. Hoy inicia la \u00faltima semana de vacaciones, ya que el lunes 24 de febrero comienza el Ciclo Lectivo 2025 en Entre R\u00edos. Para este a\u00f1o se prev\u00e9n 190 [&hellip;]","og_url":"https:\/\/diariodelsurdigital.com.ar\/?p=1057","og_site_name":"Diario del Sur","article_published_time":"2025-02-17T17:30:24+00:00","article_modified_time":"2025-02-17T17:30:25+00:00","og_image":[{"width":992,"height":557,"url":"https:\/\/diariodelsurdigital.com.ar\/wp-content\/uploads\/2025\/02\/md-2025-02-17T142917.031.webp","type":"image\/webp"}],"author":"Diario del Sur Digital","twitter_card":"summary_large_image","twitter_misc":{"Escrito por":"Diario del Sur Digital","Tiempo de lectura":"3 minutos"},"schema":{"@context":"https:\/\/schema.org","@graph":[{"@type":"Article","@id":"https:\/\/diariodelsurdigital.com.ar\/?p=1057#article","isPartOf":{"@id":"https:\/\/diariodelsurdigital.com.ar\/?p=1057"},"author":{"name":"Diario del Sur Digital","@id":"https:\/\/diariodelsurdigital.com.ar\/#\/schema\/person\/1a4992532ed62965c968031b49195c81"},"headline":"Comienza la \u00faltima semana de vacaciones para los alumnos en Entre R\u00edos","datePublished":"2025-02-17T17:30:24+00:00","dateModified":"2025-02-17T17:30:25+00:00","mainEntityOfPage":{"@id":"https:\/\/diariodelsurdigital.com.ar\/?p=1057"},"wordCount":435,"commentCount":0,"image":{"@id":"https:\/\/diariodelsurdigital.com.ar\/?p=1057#primaryimage"},"thumbnailUrl":"https:\/\/diariodelsurdigital.com.ar\/wp-content\/uploads\/2025\/02\/md-2025-02-17T142917.031.webp","articleSection":["Provinciales"],"inLanguage":"es","potentialAction":[{"@type":"CommentAction","name":"Comment","target":["https:\/\/diariodelsurdigital.com.ar\/?p=1057#respond"]}]},{"@type":"WebPage","@id":"https:\/\/diariodelsurdigital.com.ar\/?p=1057","url":"https:\/\/diariodelsurdigital.com.ar\/?p=1057","name":"Comienza la \u00faltima semana de vacaciones para los alumnos en Entre R\u00edos - Diario del Sur","isPartOf":{"@id":"https:\/\/diariodelsurdigital.com.ar\/#website"},"primaryImageOfPage":{"@id":"https:\/\/diariodelsurdigital.com.ar\/?p=1057#primaryimage"},"image":{"@id":"https:\/\/diariodelsurdigital.com.ar\/?p=1057#primaryimage"},"thumbnailUrl":"https:\/\/diariodelsurdigital.com.ar\/wp-content\/uploads\/2025\/02\/md-2025-02-17T142917.031.webp","datePublished":"2025-02-17T17:30:24+00:00","dateModified":"2025-02-17T17:30:25+00:00","author":{"@id":"https:\/\/diariodelsurdigital.com.ar\/#\/schema\/person\/1a4992532ed62965c968031b49195c81"},"breadcrumb":{"@id":"https:\/\/diariodelsurdigital.com.ar\/?p=1057#breadcrumb"},"inLanguage":"es","potentialAction":[{"@type":"ReadAction","target":["https:\/\/diariodelsurdigital.com.ar\/?p=1057"]}]},{"@type":"ImageObject","inLanguage":"es","@id":"https:\/\/diariodelsurdigital.com.ar\/?p=1057#primaryimage","url":"https:\/\/diariodelsurdigital.com.ar\/wp-content\/uploads\/2025\/02\/md-2025-02-17T142917.031.webp","contentUrl":"https:\/\/diariodelsurdigital.com.ar\/wp-content\/uploads\/2025\/02\/md-2025-02-17T142917.031.webp","width":992,"height":557},{"@type":"BreadcrumbList","@id":"https:\/\/diariodelsurdigital.com.ar\/?p=1057#breadcrumb","itemListElement":[{"@type":"ListItem","position":1,"name":"Portada","item":"https:\/\/diariodelsurdigital.com.ar\/"},{"@type":"ListItem","position":2,"name":"Comienza la \u00faltima semana de vacaciones para los alumnos en Entre R\u00edos"}]},{"@type":"WebSite","@id":"https:\/\/diariodelsurdigital.com.ar\/#website","url":"https:\/\/diariodelsurdigital.com.ar\/","name":"Diario del Sur","description":"Digital","potentialAction":[{"@type":"SearchAction","target":{"@type":"EntryPoint","urlTemplate":"https:\/\/diariodelsurdigital.com.ar\/?s={search_term_string}"},"query-input":{"@type":"PropertyValueSpecification","valueRequired":true,"valueName":"search_term_string"}}],"inLanguage":"es"},{"@type":"Person","@id":"https:\/\/diariodelsurdigital.com.ar\/#\/schema\/person\/1a4992532ed62965c968031b49195c81","name":"Diario del Sur Digital","image":{"@type":"ImageObject","inLanguage":"es","@id":"https:\/\/secure.gravatar.com\/avatar\/f0c7c47fc7146d19828273b9b8eda651c9c7ab583767e6338d3d3bee825adf76?s=96&d=mm&r=g","url":"https:\/\/secure.gravatar.com\/avatar\/f0c7c47fc7146d19828273b9b8eda651c9c7ab583767e6338d3d3bee825adf76?s=96&d=mm&r=g","contentUrl":"https:\/\/secure.gravatar.com\/avatar\/f0c7c47fc7146d19828273b9b8eda651c9c7ab583767e6338d3d3bee825adf76?s=96&d=mm&r=g","caption":"Diario del Sur Digital"},"url":"https:\/\/diariodelsurdigital.com.ar\/?author=4"}]}},"_links":{"self":[{"href":"https:\/\/diariodelsurdigital.com.ar\/index.php?rest_route=\/wp\/v2\/posts\/1057","targetHints":{"allow":["GET"]}}],"collection":[{"href":"https:\/\/diariodelsurdigital.com.ar\/index.php?rest_route=\/wp\/v2\/posts"}],"about":[{"href":"https:\/\/diariodelsurdigital.com.ar\/index.php?rest_route=\/wp\/v2\/types\/post"}],"author":[{"embeddable":true,"href":"https:\/\/diariodelsurdigital.com.ar\/index.php?rest_route=\/wp\/v2\/users\/4"}],"replies":[{"embeddable":true,"href":"https:\/\/diariodelsurdigital.com.ar\/index.php?rest_route=%2Fwp%2Fv2%2Fcomments&post=1057"}],"version-history":[{"count":1,"href":"https:\/\/diariodelsurdigital.com.ar\/index.php?rest_route=\/wp\/v2\/posts\/1057\/revisions"}],"predecessor-version":[{"id":1059,"href":"https:\/\/diariodelsurdigital.com.ar\/index.php?rest_route=\/wp\/v2\/posts\/1057\/revisions\/1059"}],"wp:featuredmedia":[{"embeddable":true,"href":"https:\/\/diariodelsurdigital.com.ar\/index.php?rest_route=\/wp\/v2\/media\/1058"}],"wp:attachment":[{"href":"https:\/\/diariodelsurdigital.com.ar\/index.php?rest_route=%2Fwp%2Fv2%2Fmedia&parent=1057"}],"wp:term":[{"taxonomy":"category","embeddable":true,"href":"https:\/\/diariodelsurdigital.com.ar\/index.php?rest_route=%2Fwp%2Fv2%2Fcategories&post=1057"},{"taxonomy":"post_tag","embeddable":true,"href":"https:\/\/diariodelsurdigital.com.ar\/index.php?rest_route=%2Fwp%2Fv2%2Ftags&post=1057"}],"curies":[{"name":"wp","href":"https:\/\/api.w.org\/{rel}","templated":true}]}}