{"id":1060,"date":"2025-02-17T14:32:28","date_gmt":"2025-02-17T17:32:28","guid":{"rendered":"https:\/\/diariodelsurdigital.com.ar\/?p=1060"},"modified":"2025-02-17T14:32:29","modified_gmt":"2025-02-17T17:32:29","slug":"la-oposicion-pide-juicio-politico-a-milei-tras-su-promocion-al-polemico-token-libra","status":"publish","type":"post","link":"https:\/\/diariodelsurdigital.com.ar\/?p=1060","title":{"rendered":"La oposici\u00f3n pide juicio pol\u00edtico a Milei tras su promoci\u00f3n al pol\u00e9mico token $LIBRA"},"content":{"rendered":"\n<p>Distintos sectores del arco pol\u00edtico piden avanzar con el juicio al Presidente tras lo sucedido con el criptoactivo. La comisi\u00f3n de la C\u00e1mara de Diputados encargada de avanzar con este proceso cuenta con 31 miembros.<\/p>\n\n\n\n<p>Las repercusiones del esc\u00e1ndalo cripto que involucra al presidente Javier Milei contin\u00faan y, ahora, diferentes sectores de la oposici\u00f3n buscan impulsar un juicio pol\u00edtico al l\u00edder libertario. En las \u00faltimas horas, el bloque de diputados de Uni\u00f3n por la Patria (UxP) emiti\u00f3 un mensaje a trav\u00e9s de sus redes sociales en donde aseguraron que \u00abla participaci\u00f3n de Milei en un delito de estafa cripto es de enorme gravedad\u00bb.<\/p>\n\n\n\n<p>De esta manera, referentes de todo el arco pol\u00edtico opositor pidieron conformar una comisi\u00f3n en el Congreso para investigar la comisi\u00f3n de posibles delitos. Actualmente, la Comisi\u00f3n Permanente de Juicio Pol\u00edtico, en su composici\u00f3n actual, cuenta con 31 integrantes.<\/p>\n\n\n\n<p><strong>Sectores de la oposici\u00f3n buscan avanzar con el juicio pol\u00edtico a Javier Milei<\/strong><\/p>\n\n\n\n<p>Un posteo del presidente Javier Milei (La Libertad Avanza) en su cuenta de X provoc\u00f3 un revuelo que despert\u00f3 cr\u00edticas en la oposici\u00f3n. El mandatario promocion\u00f3 la criptomoneda $LIBRA que, tras su recomendaci\u00f3n, subi\u00f3 r\u00e1pidamente y a las pocas horas se desplom\u00f3.<\/p>\n\n\n\n<p>A ra\u00edz de esto, distintos referentes y sectores del arco pol\u00edtico exigieron que el Presidente brinde explicaciones y hasta anunciaron presentaciones de juicio pol\u00edtico en el Congreso.<\/p>\n\n\n\n<p>El primero en adelantar que presentar\u00e1 un pedido de juicio pol\u00edtico fue el diputado Esteban Paul\u00f3n, qui\u00e9n adem\u00e1s inform\u00f3 que ya se plante\u00f3 \u00abuna convocatoria al jefe de Gabinete para que nos explique primero qu\u00e9 relaci\u00f3n tiene el presidente con esta empresa\u00bb.<\/p>\n\n\n\n<p>Por su parte, el senador de la UCR, Mart\u00edn Losteau, indic\u00f3 que \u00abya hay un debate entre los diferentes bloques en el Congreso sobre si debe haber una Comisi\u00f3n Investigadora o si corresponde el juicio pol\u00edtico\u00bb.<\/p>\n\n\n\n<p>A estos pedidos se sum\u00f3 el de la bancada de Uni\u00f3n por la Patria qui\u00e9nes, a trav\u00e9s de su cuenta oficial de X, detallaron: \u00abNuestro bloque de diputados Nacionales decidi\u00f3 avanzar en la presentaci\u00f3n de un pedido de Juicio Pol\u00edtico contra el Presidente de la Naci\u00f3n\u00bb.<\/p>\n\n\n\n<p>Por otro lado, tambi\u00e9n se sum\u00f3 Maximiliano Ferraro, diputado de la Coalici\u00f3n C\u00edvica ARI, consider\u00f3 que Milei podr\u00eda haber violado la Ley de \u00c9tica P\u00fablica y la Ley de Entidades Financieras, \u00abparticularmente en lo referido a la publicidad para la captaci\u00f3n de recursos (art. 19). Adem\u00e1s, lo sucedido podr\u00eda configurar delitos de lavado de dinero, defraudaci\u00f3n y\/o estafa, que la UIF no puede ignorar\u00bb.<\/p>\n\n\n\n<p><strong>Qu\u00e9 es el juicio pol\u00edtico y contra qui\u00e9n puede llevarse a cabo<\/strong><\/p>\n\n\n\n<p>El juicio pol\u00edtico es el m\u00e9todo de destituci\u00f3n que tiene la Argentina para sus m\u00e1ximas autoridades del pa\u00eds. Este mecanismo est\u00e1 previsto en la Constituci\u00f3n Nacional y establece que los funcionarios sujetos a este tipo de investigaci\u00f3n son el presidente, el vicepresidente, el jefe de gabinete, los ministros del gabinete y los jueces de la Corte Suprema de Justicia de la Naci\u00f3n.<\/p>\n\n\n\n<p>El proceso est\u00e1 a cargo del Congreso de la Naci\u00f3n y su \u00fanico objeto es la destituci\u00f3n de un funcionario o su inhabilitaci\u00f3n para ejercer cargos p\u00fablicos. \u201cSu fallo no tendr\u00e1 m\u00e1s efecto que destituir al acusado, y aun declararle incapaz de ocupar ning\u00fan empleo de honor, de confianza o a sueldo en la Naci\u00f3n\u201d, explica el art\u00edculo 60 de la Constituci\u00f3n.<\/p>\n\n\n\n<p>Por otro lado, el art\u00edculo 53 de la Constituci\u00f3n establece que este juicio se puede originar por \u201cpor mal desempe\u00f1o o por delito en el ejercicio de sus funciones; o por cr\u00edmenes comunes\u201d. As\u00ed, un funcionario o un particular puede exigir el pedido de juicio pol\u00edtico que luego pasa a la Comisi\u00f3n encargada de este proceso de la C\u00e1mara de Diputados.<\/p>\n\n\n\n<p>Actualmente, dicha comisi\u00f3n tiene 31 miembros. Uni\u00f3n por la Patria ocupa 13 de estas bancas, La Libertad Avanza tiene s\u00f3lo 4 representantes &#8211; que llegan a 5 si se tiene en cuenta al monobloque de Oscar Zago (MID) &#8211; el PRO cuenta con 5 bancas mientras que la Uni\u00f3n C\u00edvica Radical, Encuentro Federal y Democracia Para Siempre tienen 2 bancas cada uno. Por \u00faltimo, la Coalici\u00f3n C\u00edvica e Innovaci\u00f3n Federal, ocupan un lugar cada uno.<\/p>\n\n\n\n<p>Esta Comisi\u00f3n es la que define qu\u00e9 denuncias son admisibles y cu\u00e1les no. Reci\u00e9n cuando se considera v\u00e1lida la denuncia, dicha Comisi\u00f3n inicia un sumario y un proceso de investigaci\u00f3n que puede incluir; citaci\u00f3n de testigos; la solicitud de informaci\u00f3n a jueces federales; el pedido a un juez para que ordene interceptar conversaciones telef\u00f3nicas y la declaraci\u00f3n del propio imputado. Finalmente, la Comisi\u00f3n debe emitir un dictamen, con la mitad m\u00e1s uno de los miembros, para definir si el juicio pol\u00edtico es desestimado o comienza su proceso en la C\u00e1mara baja.<\/p>\n\n\n\n<p>Tras el pedido y el an\u00e1lisis de la Comisi\u00f3n, es la C\u00e1mara de Diputados la encargada de ejercer la acusaci\u00f3n y precisa contar con una mayor\u00eda de 2 tercios de los presentes. En este sentido, si la acusaci\u00f3n es validada, el mismo sector del Congreso debe elegir a uno o 2 diputados que ser\u00e1n los que presenten la acusaci\u00f3n ante el Senado Luego, es la C\u00e1mara alta la responsable de, con la misma mayor\u00eda, juzgar la culpabilidad final del acusado por los diputados.<\/p>\n\n\n\n<p>Por \u00faltimo, la Constituci\u00f3n tambi\u00e9n prev\u00e9 que si el acusado es el Presidente de la Naci\u00f3n, la C\u00e1mara alta deber\u00e1 ser presidido por el presidente de la Corte Suprema de Justicia de la Naci\u00f3n durante este proceso, en este caso, Horacio Rosatti public\u00f3 \u00c1mbito.<\/p>\n","protected":false},"excerpt":{"rendered":"<p>Distintos sectores del arco pol\u00edtico piden avanzar con el juicio al Presidente tras lo sucedido con el criptoactivo. La comisi\u00f3n de la C\u00e1mara de Diputados encargada de avanzar con este proceso cuenta con 31 miembros. Las repercusiones del esc\u00e1ndalo cripto que involucra al presidente Javier Milei contin\u00faan y, ahora, diferentes sectores de la oposici\u00f3n buscan [&hellip;]<\/p>\n","protected":false},"author":4,"featured_media":1061,"comment_status":"open","ping_status":"open","sticky":false,"template":"","format":"standard","meta":{"footnotes":""},"categories":[18,22],"tags":[],"class_list":{"0":"post-1060","1":"post","2":"type-post","3":"status-publish","4":"format-standard","5":"has-post-thumbnail","7":"category-nacionales","8":"category-politica"},"yoast_head":"<!-- This site is optimized with the Yoast SEO plugin v27.4 - https:\/\/yoast.com\/product\/yoast-seo-wordpress\/ -->\n<title>La oposici\u00f3n pide juicio pol\u00edtico a Milei tras su promoci\u00f3n al pol\u00e9mico token $LIBRA - Diario del Sur<\/title>\n<meta name=\"robots\" content=\"index, follow, max-snippet:-1, max-image-preview:large, max-video-preview:-1\" \/>\n<link rel=\"canonical\" href=\"https:\/\/diariodelsurdigital.com.ar\/?p=1060\" \/>\n<meta property=\"og:locale\" content=\"es_ES\" \/>\n<meta property=\"og:type\" content=\"article\" \/>\n<meta property=\"og:title\" content=\"La oposici\u00f3n pide juicio pol\u00edtico a Milei tras su promoci\u00f3n al pol\u00e9mico token $LIBRA - Diario del Sur\" \/>\n<meta property=\"og:description\" content=\"Distintos sectores del arco pol\u00edtico piden avanzar con el juicio al Presidente tras lo sucedido con el criptoactivo. La comisi\u00f3n de la C\u00e1mara de Diputados encargada de avanzar con este proceso cuenta con 31 miembros. Las repercusiones del esc\u00e1ndalo cripto que involucra al presidente Javier Milei contin\u00faan y, ahora, diferentes sectores de la oposici\u00f3n buscan [&hellip;]\" \/>\n<meta property=\"og:url\" content=\"https:\/\/diariodelsurdigital.com.ar\/?p=1060\" \/>\n<meta property=\"og:site_name\" content=\"Diario del Sur\" \/>\n<meta property=\"article:published_time\" content=\"2025-02-17T17:32:28+00:00\" \/>\n<meta property=\"article:modified_time\" content=\"2025-02-17T17:32:29+00:00\" \/>\n<meta property=\"og:image\" content=\"https:\/\/diariodelsurdigital.com.ar\/wp-content\/uploads\/2025\/02\/md-2025-02-17T143103.072.webp\" \/>\n\t<meta property=\"og:image:width\" content=\"992\" \/>\n\t<meta property=\"og:image:height\" content=\"681\" \/>\n\t<meta property=\"og:image:type\" content=\"image\/webp\" \/>\n<meta name=\"author\" content=\"Diario del Sur Digital\" \/>\n<meta name=\"twitter:card\" content=\"summary_large_image\" \/>\n<meta name=\"twitter:label1\" content=\"Escrito por\" \/>\n\t<meta name=\"twitter:data1\" content=\"Diario del Sur Digital\" \/>\n\t<meta name=\"twitter:label2\" content=\"Tiempo de lectura\" \/>\n\t<meta name=\"twitter:data2\" content=\"5 minutos\" \/>\n<script type=\"application\/ld+json\" class=\"yoast-schema-graph\">{\"@context\":\"https:\\\/\\\/schema.org\",\"@graph\":[{\"@type\":\"Article\",\"@id\":\"https:\\\/\\\/diariodelsurdigital.com.ar\\\/?p=1060#article\",\"isPartOf\":{\"@id\":\"https:\\\/\\\/diariodelsurdigital.com.ar\\\/?p=1060\"},\"author\":{\"name\":\"Diario del Sur Digital\",\"@id\":\"https:\\\/\\\/diariodelsurdigital.com.ar\\\/#\\\/schema\\\/person\\\/1a4992532ed62965c968031b49195c81\"},\"headline\":\"La oposici\u00f3n pide juicio pol\u00edtico a Milei tras su promoci\u00f3n al pol\u00e9mico token $LIBRA\",\"datePublished\":\"2025-02-17T17:32:28+00:00\",\"dateModified\":\"2025-02-17T17:32:29+00:00\",\"mainEntityOfPage\":{\"@id\":\"https:\\\/\\\/diariodelsurdigital.com.ar\\\/?p=1060\"},\"wordCount\":1020,\"commentCount\":0,\"image\":{\"@id\":\"https:\\\/\\\/diariodelsurdigital.com.ar\\\/?p=1060#primaryimage\"},\"thumbnailUrl\":\"https:\\\/\\\/diariodelsurdigital.com.ar\\\/wp-content\\\/uploads\\\/2025\\\/02\\\/md-2025-02-17T143103.072.webp\",\"articleSection\":[\"Nacionales\",\"Pol\u00edtica\"],\"inLanguage\":\"es\",\"potentialAction\":[{\"@type\":\"CommentAction\",\"name\":\"Comment\",\"target\":[\"https:\\\/\\\/diariodelsurdigital.com.ar\\\/?p=1060#respond\"]}]},{\"@type\":\"WebPage\",\"@id\":\"https:\\\/\\\/diariodelsurdigital.com.ar\\\/?p=1060\",\"url\":\"https:\\\/\\\/diariodelsurdigital.com.ar\\\/?p=1060\",\"name\":\"La oposici\u00f3n pide juicio pol\u00edtico a Milei tras su promoci\u00f3n al pol\u00e9mico token $LIBRA - Diario del Sur\",\"isPartOf\":{\"@id\":\"https:\\\/\\\/diariodelsurdigital.com.ar\\\/#website\"},\"primaryImageOfPage\":{\"@id\":\"https:\\\/\\\/diariodelsurdigital.com.ar\\\/?p=1060#primaryimage\"},\"image\":{\"@id\":\"https:\\\/\\\/diariodelsurdigital.com.ar\\\/?p=1060#primaryimage\"},\"thumbnailUrl\":\"https:\\\/\\\/diariodelsurdigital.com.ar\\\/wp-content\\\/uploads\\\/2025\\\/02\\\/md-2025-02-17T143103.072.webp\",\"datePublished\":\"2025-02-17T17:32:28+00:00\",\"dateModified\":\"2025-02-17T17:32:29+00:00\",\"author\":{\"@id\":\"https:\\\/\\\/diariodelsurdigital.com.ar\\\/#\\\/schema\\\/person\\\/1a4992532ed62965c968031b49195c81\"},\"breadcrumb\":{\"@id\":\"https:\\\/\\\/diariodelsurdigital.com.ar\\\/?p=1060#breadcrumb\"},\"inLanguage\":\"es\",\"potentialAction\":[{\"@type\":\"ReadAction\",\"target\":[\"https:\\\/\\\/diariodelsurdigital.com.ar\\\/?p=1060\"]}]},{\"@type\":\"ImageObject\",\"inLanguage\":\"es\",\"@id\":\"https:\\\/\\\/diariodelsurdigital.com.ar\\\/?p=1060#primaryimage\",\"url\":\"https:\\\/\\\/diariodelsurdigital.com.ar\\\/wp-content\\\/uploads\\\/2025\\\/02\\\/md-2025-02-17T143103.072.webp\",\"contentUrl\":\"https:\\\/\\\/diariodelsurdigital.com.ar\\\/wp-content\\\/uploads\\\/2025\\\/02\\\/md-2025-02-17T143103.072.webp\",\"width\":992,\"height\":681},{\"@type\":\"BreadcrumbList\",\"@id\":\"https:\\\/\\\/diariodelsurdigital.com.ar\\\/?p=1060#breadcrumb\",\"itemListElement\":[{\"@type\":\"ListItem\",\"position\":1,\"name\":\"Portada\",\"item\":\"https:\\\/\\\/diariodelsurdigital.com.ar\\\/\"},{\"@type\":\"ListItem\",\"position\":2,\"name\":\"La oposici\u00f3n pide juicio pol\u00edtico a Milei tras su promoci\u00f3n al pol\u00e9mico token $LIBRA\"}]},{\"@type\":\"WebSite\",\"@id\":\"https:\\\/\\\/diariodelsurdigital.com.ar\\\/#website\",\"url\":\"https:\\\/\\\/diariodelsurdigital.com.ar\\\/\",\"name\":\"Diario del Sur\",\"description\":\"Digital\",\"potentialAction\":[{\"@type\":\"SearchAction\",\"target\":{\"@type\":\"EntryPoint\",\"urlTemplate\":\"https:\\\/\\\/diariodelsurdigital.com.ar\\\/?s={search_term_string}\"},\"query-input\":{\"@type\":\"PropertyValueSpecification\",\"valueRequired\":true,\"valueName\":\"search_term_string\"}}],\"inLanguage\":\"es\"},{\"@type\":\"Person\",\"@id\":\"https:\\\/\\\/diariodelsurdigital.com.ar\\\/#\\\/schema\\\/person\\\/1a4992532ed62965c968031b49195c81\",\"name\":\"Diario del Sur Digital\",\"image\":{\"@type\":\"ImageObject\",\"inLanguage\":\"es\",\"@id\":\"https:\\\/\\\/secure.gravatar.com\\\/avatar\\\/f0c7c47fc7146d19828273b9b8eda651c9c7ab583767e6338d3d3bee825adf76?s=96&d=mm&r=g\",\"url\":\"https:\\\/\\\/secure.gravatar.com\\\/avatar\\\/f0c7c47fc7146d19828273b9b8eda651c9c7ab583767e6338d3d3bee825adf76?s=96&d=mm&r=g\",\"contentUrl\":\"https:\\\/\\\/secure.gravatar.com\\\/avatar\\\/f0c7c47fc7146d19828273b9b8eda651c9c7ab583767e6338d3d3bee825adf76?s=96&d=mm&r=g\",\"caption\":\"Diario del Sur Digital\"},\"url\":\"https:\\\/\\\/diariodelsurdigital.com.ar\\\/?author=4\"}]}<\/script>\n<!-- \/ Yoast SEO plugin. -->","yoast_head_json":{"title":"La oposici\u00f3n pide juicio pol\u00edtico a Milei tras su promoci\u00f3n al pol\u00e9mico token $LIBRA - Diario del Sur","robots":{"index":"index","follow":"follow","max-snippet":"max-snippet:-1","max-image-preview":"max-image-preview:large","max-video-preview":"max-video-preview:-1"},"canonical":"https:\/\/diariodelsurdigital.com.ar\/?p=1060","og_locale":"es_ES","og_type":"article","og_title":"La oposici\u00f3n pide juicio pol\u00edtico a Milei tras su promoci\u00f3n al pol\u00e9mico token $LIBRA - Diario del Sur","og_description":"Distintos sectores del arco pol\u00edtico piden avanzar con el juicio al Presidente tras lo sucedido con el criptoactivo. La comisi\u00f3n de la C\u00e1mara de Diputados encargada de avanzar con este proceso cuenta con 31 miembros. Las repercusiones del esc\u00e1ndalo cripto que involucra al presidente Javier Milei contin\u00faan y, ahora, diferentes sectores de la oposici\u00f3n buscan [&hellip;]","og_url":"https:\/\/diariodelsurdigital.com.ar\/?p=1060","og_site_name":"Diario del Sur","article_published_time":"2025-02-17T17:32:28+00:00","article_modified_time":"2025-02-17T17:32:29+00:00","og_image":[{"width":992,"height":681,"url":"https:\/\/diariodelsurdigital.com.ar\/wp-content\/uploads\/2025\/02\/md-2025-02-17T143103.072.webp","type":"image\/webp"}],"author":"Diario del Sur Digital","twitter_card":"summary_large_image","twitter_misc":{"Escrito por":"Diario del Sur Digital","Tiempo de lectura":"5 minutos"},"schema":{"@context":"https:\/\/schema.org","@graph":[{"@type":"Article","@id":"https:\/\/diariodelsurdigital.com.ar\/?p=1060#article","isPartOf":{"@id":"https:\/\/diariodelsurdigital.com.ar\/?p=1060"},"author":{"name":"Diario del Sur Digital","@id":"https:\/\/diariodelsurdigital.com.ar\/#\/schema\/person\/1a4992532ed62965c968031b49195c81"},"headline":"La oposici\u00f3n pide juicio pol\u00edtico a Milei tras su promoci\u00f3n al pol\u00e9mico token $LIBRA","datePublished":"2025-02-17T17:32:28+00:00","dateModified":"2025-02-17T17:32:29+00:00","mainEntityOfPage":{"@id":"https:\/\/diariodelsurdigital.com.ar\/?p=1060"},"wordCount":1020,"commentCount":0,"image":{"@id":"https:\/\/diariodelsurdigital.com.ar\/?p=1060#primaryimage"},"thumbnailUrl":"https:\/\/diariodelsurdigital.com.ar\/wp-content\/uploads\/2025\/02\/md-2025-02-17T143103.072.webp","articleSection":["Nacionales","Pol\u00edtica"],"inLanguage":"es","potentialAction":[{"@type":"CommentAction","name":"Comment","target":["https:\/\/diariodelsurdigital.com.ar\/?p=1060#respond"]}]},{"@type":"WebPage","@id":"https:\/\/diariodelsurdigital.com.ar\/?p=1060","url":"https:\/\/diariodelsurdigital.com.ar\/?p=1060","name":"La oposici\u00f3n pide juicio pol\u00edtico a Milei tras su promoci\u00f3n al pol\u00e9mico token $LIBRA - Diario del Sur","isPartOf":{"@id":"https:\/\/diariodelsurdigital.com.ar\/#website"},"primaryImageOfPage":{"@id":"https:\/\/diariodelsurdigital.com.ar\/?p=1060#primaryimage"},"image":{"@id":"https:\/\/diariodelsurdigital.com.ar\/?p=1060#primaryimage"},"thumbnailUrl":"https:\/\/diariodelsurdigital.com.ar\/wp-content\/uploads\/2025\/02\/md-2025-02-17T143103.072.webp","datePublished":"2025-02-17T17:32:28+00:00","dateModified":"2025-02-17T17:32:29+00:00","author":{"@id":"https:\/\/diariodelsurdigital.com.ar\/#\/schema\/person\/1a4992532ed62965c968031b49195c81"},"breadcrumb":{"@id":"https:\/\/diariodelsurdigital.com.ar\/?p=1060#breadcrumb"},"inLanguage":"es","potentialAction":[{"@type":"ReadAction","target":["https:\/\/diariodelsurdigital.com.ar\/?p=1060"]}]},{"@type":"ImageObject","inLanguage":"es","@id":"https:\/\/diariodelsurdigital.com.ar\/?p=1060#primaryimage","url":"https:\/\/diariodelsurdigital.com.ar\/wp-content\/uploads\/2025\/02\/md-2025-02-17T143103.072.webp","contentUrl":"https:\/\/diariodelsurdigital.com.ar\/wp-content\/uploads\/2025\/02\/md-2025-02-17T143103.072.webp","width":992,"height":681},{"@type":"BreadcrumbList","@id":"https:\/\/diariodelsurdigital.com.ar\/?p=1060#breadcrumb","itemListElement":[{"@type":"ListItem","position":1,"name":"Portada","item":"https:\/\/diariodelsurdigital.com.ar\/"},{"@type":"ListItem","position":2,"name":"La oposici\u00f3n pide juicio pol\u00edtico a Milei tras su promoci\u00f3n al pol\u00e9mico token $LIBRA"}]},{"@type":"WebSite","@id":"https:\/\/diariodelsurdigital.com.ar\/#website","url":"https:\/\/diariodelsurdigital.com.ar\/","name":"Diario del Sur","description":"Digital","potentialAction":[{"@type":"SearchAction","target":{"@type":"EntryPoint","urlTemplate":"https:\/\/diariodelsurdigital.com.ar\/?s={search_term_string}"},"query-input":{"@type":"PropertyValueSpecification","valueRequired":true,"valueName":"search_term_string"}}],"inLanguage":"es"},{"@type":"Person","@id":"https:\/\/diariodelsurdigital.com.ar\/#\/schema\/person\/1a4992532ed62965c968031b49195c81","name":"Diario del Sur Digital","image":{"@type":"ImageObject","inLanguage":"es","@id":"https:\/\/secure.gravatar.com\/avatar\/f0c7c47fc7146d19828273b9b8eda651c9c7ab583767e6338d3d3bee825adf76?s=96&d=mm&r=g","url":"https:\/\/secure.gravatar.com\/avatar\/f0c7c47fc7146d19828273b9b8eda651c9c7ab583767e6338d3d3bee825adf76?s=96&d=mm&r=g","contentUrl":"https:\/\/secure.gravatar.com\/avatar\/f0c7c47fc7146d19828273b9b8eda651c9c7ab583767e6338d3d3bee825adf76?s=96&d=mm&r=g","caption":"Diario del Sur Digital"},"url":"https:\/\/diariodelsurdigital.com.ar\/?author=4"}]}},"_links":{"self":[{"href":"https:\/\/diariodelsurdigital.com.ar\/index.php?rest_route=\/wp\/v2\/posts\/1060","targetHints":{"allow":["GET"]}}],"collection":[{"href":"https:\/\/diariodelsurdigital.com.ar\/index.php?rest_route=\/wp\/v2\/posts"}],"about":[{"href":"https:\/\/diariodelsurdigital.com.ar\/index.php?rest_route=\/wp\/v2\/types\/post"}],"author":[{"embeddable":true,"href":"https:\/\/diariodelsurdigital.com.ar\/index.php?rest_route=\/wp\/v2\/users\/4"}],"replies":[{"embeddable":true,"href":"https:\/\/diariodelsurdigital.com.ar\/index.php?rest_route=%2Fwp%2Fv2%2Fcomments&post=1060"}],"version-history":[{"count":1,"href":"https:\/\/diariodelsurdigital.com.ar\/index.php?rest_route=\/wp\/v2\/posts\/1060\/revisions"}],"predecessor-version":[{"id":1062,"href":"https:\/\/diariodelsurdigital.com.ar\/index.php?rest_route=\/wp\/v2\/posts\/1060\/revisions\/1062"}],"wp:featuredmedia":[{"embeddable":true,"href":"https:\/\/diariodelsurdigital.com.ar\/index.php?rest_route=\/wp\/v2\/media\/1061"}],"wp:attachment":[{"href":"https:\/\/diariodelsurdigital.com.ar\/index.php?rest_route=%2Fwp%2Fv2%2Fmedia&parent=1060"}],"wp:term":[{"taxonomy":"category","embeddable":true,"href":"https:\/\/diariodelsurdigital.com.ar\/index.php?rest_route=%2Fwp%2Fv2%2Fcategories&post=1060"},{"taxonomy":"post_tag","embeddable":true,"href":"https:\/\/diariodelsurdigital.com.ar\/index.php?rest_route=%2Fwp%2Fv2%2Ftags&post=1060"}],"curies":[{"name":"wp","href":"https:\/\/api.w.org\/{rel}","templated":true}]}}