{"id":1063,"date":"2025-02-17T22:43:05","date_gmt":"2025-02-18T01:43:05","guid":{"rendered":"https:\/\/diariodelsurdigital.com.ar\/?p=1063"},"modified":"2025-02-17T22:43:05","modified_gmt":"2025-02-18T01:43:05","slug":"el-ex-gobernador-urribarri-convoco-a-una-mateada-para-este-sabado-en-concordia","status":"publish","type":"post","link":"https:\/\/diariodelsurdigital.com.ar\/?p=1063","title":{"rendered":"El ex gobernador Urribarri convoc\u00f3 a una \u00abmateada\u00bb para este s\u00e1bado en Concordia"},"content":{"rendered":"\n<h2 class=\"wp-block-heading\" id=\"nota-title\"><\/h2>\n\n\n\n<p>\u201cNo hay sectores, no hay dirigentes. Esto es muy transversal\u201d, asegur\u00f3 cuando detall\u00f3 la convocatoria realizada. \u201cNo es un acto pol\u00edtico, es una mateada\u201d, aclar\u00f3.<a href=\"whatsapp:\/\/send?text=DRU:%20El%20ex%20gobernador%20Urribarri%20convoc%C3%B3%20a%20una%20reuni%C3%B3n%20para%20este%20s%C3%A1bado%20en%20Concordia%20-%20https:\/\/www.diarioriouruguay.com.ar\/uid-85037\"><\/a><a href=\"https:\/\/www.diarioriouruguay.com.ar\/politica\/el-ex-gobernador-urribarri-convoc-a-una-reunin-para-este-sbado-en-concordia.htm#\"><\/a><a href=\"https:\/\/www.diarioriouruguay.com.ar\/politica\/el-ex-gobernador-urribarri-convoc-a-una-reunin-para-este-sbado-en-concordia.htm#\"><\/a><\/p>\n\n\n\n<p>\u201cEl video (que difundi\u00f3 en redes sociales) cuenta tal cual se gest\u00f3 esto. Desde que recuper\u00e9 la libertad, el 8 de enero, he recibido cientos de mensajes. Habl\u00e9 con muchos compa\u00f1eros, amigos. Me han venido a visitar a Concordia y varios me propusieron una juntada\u201d, dijo.<\/p>\n\n\n\n<p>\u201cNo es un acto pol\u00edtico\u201d, aclar\u00f3. \u201cEs una mateada para darnos un abrazo, para plasmar el afecto tan grande que nos han acercado por tel\u00e9fono\u201d, distingui\u00f3.<\/p>\n\n\n\n<p>\u201cNo hay sectores ac\u00e1. No hay dirigentes. Hay militancia. Esto es muy transversal\u201d, asegur\u00f3 el ex gobernador.<\/p>\n\n\n\n<p>En el video convoc\u00f3 a hablar de \u201cun poco de gesti\u00f3n, un poco de pol\u00edtica y un poco de desaf\u00edos\u201d. Precis\u00f3 al respecto que \u201cse trata de conversar sobre los desaf\u00edos que tenemos como sociedad, no los m\u00edos personalmente. Es un momento muy especial para no dar otros adjetivos calificativos. Se trata de escucharnos\u201d, dijo.<\/p>\n\n\n\n<p>\u201cSi de gesti\u00f3n hay que hablar\u201d, plante\u00f3 que la idea es \u201ccompartir eso que se escucha en los mensajes, el reconocimiento a todo lo que fuimos en ocho a\u00f1os de gobierno en Entre R\u00edos\u201d.<\/p>\n\n\n\n<p>En el mensaje difundido en sus redes, hizo referencia a encuentros del peronismo en las sedes partidarias de Paran\u00e1 y de Concordia. <\/p>\n","protected":false},"excerpt":{"rendered":"<p>\u201cNo hay sectores, no hay dirigentes. Esto es muy transversal\u201d, asegur\u00f3 cuando detall\u00f3 la convocatoria realizada. \u201cNo es un acto pol\u00edtico, es una mateada\u201d, aclar\u00f3. \u201cEl video (que difundi\u00f3 en redes sociales) cuenta tal cual se gest\u00f3 esto. Desde que recuper\u00e9 la libertad, el 8 de enero, he recibido cientos de mensajes. Habl\u00e9 con muchos [&hellip;]<\/p>\n","protected":false},"author":2,"featured_media":1064,"comment_status":"open","ping_status":"open","sticky":false,"template":"","format":"standard","meta":{"footnotes":""},"categories":[16],"tags":[],"class_list":{"0":"post-1063","1":"post","2":"type-post","3":"status-publish","4":"format-standard","5":"has-post-thumbnail","7":"category-locales"},"yoast_head":"<!-- This site is optimized with the Yoast SEO plugin v27.4 - https:\/\/yoast.com\/product\/yoast-seo-wordpress\/ -->\n<title>El ex gobernador Urribarri convoc\u00f3 a una &quot;mateada&quot; para este s\u00e1bado en Concordia - Diario del Sur<\/title>\n<meta name=\"robots\" content=\"index, follow, max-snippet:-1, max-image-preview:large, max-video-preview:-1\" \/>\n<link rel=\"canonical\" href=\"https:\/\/diariodelsurdigital.com.ar\/?p=1063\" \/>\n<meta property=\"og:locale\" content=\"es_ES\" \/>\n<meta property=\"og:type\" content=\"article\" \/>\n<meta property=\"og:title\" content=\"El ex gobernador Urribarri convoc\u00f3 a una &quot;mateada&quot; para este s\u00e1bado en Concordia - Diario del Sur\" \/>\n<meta property=\"og:description\" content=\"\u201cNo hay sectores, no hay dirigentes. Esto es muy transversal\u201d, asegur\u00f3 cuando detall\u00f3 la convocatoria realizada. \u201cNo es un acto pol\u00edtico, es una mateada\u201d, aclar\u00f3. \u201cEl video (que difundi\u00f3 en redes sociales) cuenta tal cual se gest\u00f3 esto. Desde que recuper\u00e9 la libertad, el 8 de enero, he recibido cientos de mensajes. Habl\u00e9 con muchos [&hellip;]\" \/>\n<meta property=\"og:url\" content=\"https:\/\/diariodelsurdigital.com.ar\/?p=1063\" \/>\n<meta property=\"og:site_name\" content=\"Diario del Sur\" \/>\n<meta property=\"article:published_time\" content=\"2025-02-18T01:43:05+00:00\" \/>\n<meta property=\"og:image\" content=\"https:\/\/diariodelsurdigital.com.ar\/wp-content\/uploads\/2025\/02\/sergio-KPIPMIDOYFD5BKGO3B3FSAYTNE.png\" \/>\n\t<meta property=\"og:image:width\" content=\"528\" \/>\n\t<meta property=\"og:image:height\" content=\"351\" \/>\n\t<meta property=\"og:image:type\" content=\"image\/png\" \/>\n<meta name=\"author\" content=\"Diario del Sur Digital\" \/>\n<meta name=\"twitter:card\" content=\"summary_large_image\" \/>\n<meta name=\"twitter:label1\" content=\"Escrito por\" \/>\n\t<meta name=\"twitter:data1\" content=\"Diario del Sur Digital\" \/>\n\t<meta name=\"twitter:label2\" content=\"Tiempo de lectura\" \/>\n\t<meta name=\"twitter:data2\" content=\"2 minutos\" \/>\n<script type=\"application\/ld+json\" class=\"yoast-schema-graph\">{\"@context\":\"https:\\\/\\\/schema.org\",\"@graph\":[{\"@type\":\"Article\",\"@id\":\"https:\\\/\\\/diariodelsurdigital.com.ar\\\/?p=1063#article\",\"isPartOf\":{\"@id\":\"https:\\\/\\\/diariodelsurdigital.com.ar\\\/?p=1063\"},\"author\":{\"name\":\"Diario del Sur Digital\",\"@id\":\"https:\\\/\\\/diariodelsurdigital.com.ar\\\/#\\\/schema\\\/person\\\/6136a32571657f7dba980b88b04c5465\"},\"headline\":\"El ex gobernador Urribarri convoc\u00f3 a una \u00abmateada\u00bb para este s\u00e1bado en Concordia\",\"datePublished\":\"2025-02-18T01:43:05+00:00\",\"mainEntityOfPage\":{\"@id\":\"https:\\\/\\\/diariodelsurdigital.com.ar\\\/?p=1063\"},\"wordCount\":250,\"commentCount\":0,\"image\":{\"@id\":\"https:\\\/\\\/diariodelsurdigital.com.ar\\\/?p=1063#primaryimage\"},\"thumbnailUrl\":\"https:\\\/\\\/diariodelsurdigital.com.ar\\\/wp-content\\\/uploads\\\/2025\\\/02\\\/sergio-KPIPMIDOYFD5BKGO3B3FSAYTNE.png\",\"articleSection\":[\"Locales\"],\"inLanguage\":\"es\",\"potentialAction\":[{\"@type\":\"CommentAction\",\"name\":\"Comment\",\"target\":[\"https:\\\/\\\/diariodelsurdigital.com.ar\\\/?p=1063#respond\"]}]},{\"@type\":\"WebPage\",\"@id\":\"https:\\\/\\\/diariodelsurdigital.com.ar\\\/?p=1063\",\"url\":\"https:\\\/\\\/diariodelsurdigital.com.ar\\\/?p=1063\",\"name\":\"El ex gobernador Urribarri convoc\u00f3 a una \\\"mateada\\\" para este s\u00e1bado en Concordia - Diario del Sur\",\"isPartOf\":{\"@id\":\"https:\\\/\\\/diariodelsurdigital.com.ar\\\/#website\"},\"primaryImageOfPage\":{\"@id\":\"https:\\\/\\\/diariodelsurdigital.com.ar\\\/?p=1063#primaryimage\"},\"image\":{\"@id\":\"https:\\\/\\\/diariodelsurdigital.com.ar\\\/?p=1063#primaryimage\"},\"thumbnailUrl\":\"https:\\\/\\\/diariodelsurdigital.com.ar\\\/wp-content\\\/uploads\\\/2025\\\/02\\\/sergio-KPIPMIDOYFD5BKGO3B3FSAYTNE.png\",\"datePublished\":\"2025-02-18T01:43:05+00:00\",\"author\":{\"@id\":\"https:\\\/\\\/diariodelsurdigital.com.ar\\\/#\\\/schema\\\/person\\\/6136a32571657f7dba980b88b04c5465\"},\"breadcrumb\":{\"@id\":\"https:\\\/\\\/diariodelsurdigital.com.ar\\\/?p=1063#breadcrumb\"},\"inLanguage\":\"es\",\"potentialAction\":[{\"@type\":\"ReadAction\",\"target\":[\"https:\\\/\\\/diariodelsurdigital.com.ar\\\/?p=1063\"]}]},{\"@type\":\"ImageObject\",\"inLanguage\":\"es\",\"@id\":\"https:\\\/\\\/diariodelsurdigital.com.ar\\\/?p=1063#primaryimage\",\"url\":\"https:\\\/\\\/diariodelsurdigital.com.ar\\\/wp-content\\\/uploads\\\/2025\\\/02\\\/sergio-KPIPMIDOYFD5BKGO3B3FSAYTNE.png\",\"contentUrl\":\"https:\\\/\\\/diariodelsurdigital.com.ar\\\/wp-content\\\/uploads\\\/2025\\\/02\\\/sergio-KPIPMIDOYFD5BKGO3B3FSAYTNE.png\",\"width\":528,\"height\":351},{\"@type\":\"BreadcrumbList\",\"@id\":\"https:\\\/\\\/diariodelsurdigital.com.ar\\\/?p=1063#breadcrumb\",\"itemListElement\":[{\"@type\":\"ListItem\",\"position\":1,\"name\":\"Portada\",\"item\":\"https:\\\/\\\/diariodelsurdigital.com.ar\\\/\"},{\"@type\":\"ListItem\",\"position\":2,\"name\":\"El ex gobernador Urribarri convoc\u00f3 a una \u00abmateada\u00bb para este s\u00e1bado en Concordia\"}]},{\"@type\":\"WebSite\",\"@id\":\"https:\\\/\\\/diariodelsurdigital.com.ar\\\/#website\",\"url\":\"https:\\\/\\\/diariodelsurdigital.com.ar\\\/\",\"name\":\"Diario del Sur\",\"description\":\"Digital\",\"potentialAction\":[{\"@type\":\"SearchAction\",\"target\":{\"@type\":\"EntryPoint\",\"urlTemplate\":\"https:\\\/\\\/diariodelsurdigital.com.ar\\\/?s={search_term_string}\"},\"query-input\":{\"@type\":\"PropertyValueSpecification\",\"valueRequired\":true,\"valueName\":\"search_term_string\"}}],\"inLanguage\":\"es\"},{\"@type\":\"Person\",\"@id\":\"https:\\\/\\\/diariodelsurdigital.com.ar\\\/#\\\/schema\\\/person\\\/6136a32571657f7dba980b88b04c5465\",\"name\":\"Diario del Sur Digital\",\"image\":{\"@type\":\"ImageObject\",\"inLanguage\":\"es\",\"@id\":\"https:\\\/\\\/secure.gravatar.com\\\/avatar\\\/4c29ceac98541dd42460b2474aaa5dd37594d6ce6cb3cf2c101d09b48ee287ba?s=96&d=mm&r=g\",\"url\":\"https:\\\/\\\/secure.gravatar.com\\\/avatar\\\/4c29ceac98541dd42460b2474aaa5dd37594d6ce6cb3cf2c101d09b48ee287ba?s=96&d=mm&r=g\",\"contentUrl\":\"https:\\\/\\\/secure.gravatar.com\\\/avatar\\\/4c29ceac98541dd42460b2474aaa5dd37594d6ce6cb3cf2c101d09b48ee287ba?s=96&d=mm&r=g\",\"caption\":\"Diario del Sur Digital\"},\"url\":\"https:\\\/\\\/diariodelsurdigital.com.ar\\\/?author=2\"}]}<\/script>\n<!-- \/ Yoast SEO plugin. -->","yoast_head_json":{"title":"El ex gobernador Urribarri convoc\u00f3 a una \"mateada\" para este s\u00e1bado en Concordia - Diario del Sur","robots":{"index":"index","follow":"follow","max-snippet":"max-snippet:-1","max-image-preview":"max-image-preview:large","max-video-preview":"max-video-preview:-1"},"canonical":"https:\/\/diariodelsurdigital.com.ar\/?p=1063","og_locale":"es_ES","og_type":"article","og_title":"El ex gobernador Urribarri convoc\u00f3 a una \"mateada\" para este s\u00e1bado en Concordia - Diario del Sur","og_description":"\u201cNo hay sectores, no hay dirigentes. Esto es muy transversal\u201d, asegur\u00f3 cuando detall\u00f3 la convocatoria realizada. \u201cNo es un acto pol\u00edtico, es una mateada\u201d, aclar\u00f3. \u201cEl video (que difundi\u00f3 en redes sociales) cuenta tal cual se gest\u00f3 esto. Desde que recuper\u00e9 la libertad, el 8 de enero, he recibido cientos de mensajes. Habl\u00e9 con muchos [&hellip;]","og_url":"https:\/\/diariodelsurdigital.com.ar\/?p=1063","og_site_name":"Diario del Sur","article_published_time":"2025-02-18T01:43:05+00:00","og_image":[{"width":528,"height":351,"url":"https:\/\/diariodelsurdigital.com.ar\/wp-content\/uploads\/2025\/02\/sergio-KPIPMIDOYFD5BKGO3B3FSAYTNE.png","type":"image\/png"}],"author":"Diario del Sur Digital","twitter_card":"summary_large_image","twitter_misc":{"Escrito por":"Diario del Sur Digital","Tiempo de lectura":"2 minutos"},"schema":{"@context":"https:\/\/schema.org","@graph":[{"@type":"Article","@id":"https:\/\/diariodelsurdigital.com.ar\/?p=1063#article","isPartOf":{"@id":"https:\/\/diariodelsurdigital.com.ar\/?p=1063"},"author":{"name":"Diario del Sur Digital","@id":"https:\/\/diariodelsurdigital.com.ar\/#\/schema\/person\/6136a32571657f7dba980b88b04c5465"},"headline":"El ex gobernador Urribarri convoc\u00f3 a una \u00abmateada\u00bb para este s\u00e1bado en Concordia","datePublished":"2025-02-18T01:43:05+00:00","mainEntityOfPage":{"@id":"https:\/\/diariodelsurdigital.com.ar\/?p=1063"},"wordCount":250,"commentCount":0,"image":{"@id":"https:\/\/diariodelsurdigital.com.ar\/?p=1063#primaryimage"},"thumbnailUrl":"https:\/\/diariodelsurdigital.com.ar\/wp-content\/uploads\/2025\/02\/sergio-KPIPMIDOYFD5BKGO3B3FSAYTNE.png","articleSection":["Locales"],"inLanguage":"es","potentialAction":[{"@type":"CommentAction","name":"Comment","target":["https:\/\/diariodelsurdigital.com.ar\/?p=1063#respond"]}]},{"@type":"WebPage","@id":"https:\/\/diariodelsurdigital.com.ar\/?p=1063","url":"https:\/\/diariodelsurdigital.com.ar\/?p=1063","name":"El ex gobernador Urribarri convoc\u00f3 a una \"mateada\" para este s\u00e1bado en Concordia - Diario del Sur","isPartOf":{"@id":"https:\/\/diariodelsurdigital.com.ar\/#website"},"primaryImageOfPage":{"@id":"https:\/\/diariodelsurdigital.com.ar\/?p=1063#primaryimage"},"image":{"@id":"https:\/\/diariodelsurdigital.com.ar\/?p=1063#primaryimage"},"thumbnailUrl":"https:\/\/diariodelsurdigital.com.ar\/wp-content\/uploads\/2025\/02\/sergio-KPIPMIDOYFD5BKGO3B3FSAYTNE.png","datePublished":"2025-02-18T01:43:05+00:00","author":{"@id":"https:\/\/diariodelsurdigital.com.ar\/#\/schema\/person\/6136a32571657f7dba980b88b04c5465"},"breadcrumb":{"@id":"https:\/\/diariodelsurdigital.com.ar\/?p=1063#breadcrumb"},"inLanguage":"es","potentialAction":[{"@type":"ReadAction","target":["https:\/\/diariodelsurdigital.com.ar\/?p=1063"]}]},{"@type":"ImageObject","inLanguage":"es","@id":"https:\/\/diariodelsurdigital.com.ar\/?p=1063#primaryimage","url":"https:\/\/diariodelsurdigital.com.ar\/wp-content\/uploads\/2025\/02\/sergio-KPIPMIDOYFD5BKGO3B3FSAYTNE.png","contentUrl":"https:\/\/diariodelsurdigital.com.ar\/wp-content\/uploads\/2025\/02\/sergio-KPIPMIDOYFD5BKGO3B3FSAYTNE.png","width":528,"height":351},{"@type":"BreadcrumbList","@id":"https:\/\/diariodelsurdigital.com.ar\/?p=1063#breadcrumb","itemListElement":[{"@type":"ListItem","position":1,"name":"Portada","item":"https:\/\/diariodelsurdigital.com.ar\/"},{"@type":"ListItem","position":2,"name":"El ex gobernador Urribarri convoc\u00f3 a una \u00abmateada\u00bb para este s\u00e1bado en Concordia"}]},{"@type":"WebSite","@id":"https:\/\/diariodelsurdigital.com.ar\/#website","url":"https:\/\/diariodelsurdigital.com.ar\/","name":"Diario del Sur","description":"Digital","potentialAction":[{"@type":"SearchAction","target":{"@type":"EntryPoint","urlTemplate":"https:\/\/diariodelsurdigital.com.ar\/?s={search_term_string}"},"query-input":{"@type":"PropertyValueSpecification","valueRequired":true,"valueName":"search_term_string"}}],"inLanguage":"es"},{"@type":"Person","@id":"https:\/\/diariodelsurdigital.com.ar\/#\/schema\/person\/6136a32571657f7dba980b88b04c5465","name":"Diario del Sur Digital","image":{"@type":"ImageObject","inLanguage":"es","@id":"https:\/\/secure.gravatar.com\/avatar\/4c29ceac98541dd42460b2474aaa5dd37594d6ce6cb3cf2c101d09b48ee287ba?s=96&d=mm&r=g","url":"https:\/\/secure.gravatar.com\/avatar\/4c29ceac98541dd42460b2474aaa5dd37594d6ce6cb3cf2c101d09b48ee287ba?s=96&d=mm&r=g","contentUrl":"https:\/\/secure.gravatar.com\/avatar\/4c29ceac98541dd42460b2474aaa5dd37594d6ce6cb3cf2c101d09b48ee287ba?s=96&d=mm&r=g","caption":"Diario del Sur Digital"},"url":"https:\/\/diariodelsurdigital.com.ar\/?author=2"}]}},"_links":{"self":[{"href":"https:\/\/diariodelsurdigital.com.ar\/index.php?rest_route=\/wp\/v2\/posts\/1063","targetHints":{"allow":["GET"]}}],"collection":[{"href":"https:\/\/diariodelsurdigital.com.ar\/index.php?rest_route=\/wp\/v2\/posts"}],"about":[{"href":"https:\/\/diariodelsurdigital.com.ar\/index.php?rest_route=\/wp\/v2\/types\/post"}],"author":[{"embeddable":true,"href":"https:\/\/diariodelsurdigital.com.ar\/index.php?rest_route=\/wp\/v2\/users\/2"}],"replies":[{"embeddable":true,"href":"https:\/\/diariodelsurdigital.com.ar\/index.php?rest_route=%2Fwp%2Fv2%2Fcomments&post=1063"}],"version-history":[{"count":1,"href":"https:\/\/diariodelsurdigital.com.ar\/index.php?rest_route=\/wp\/v2\/posts\/1063\/revisions"}],"predecessor-version":[{"id":1065,"href":"https:\/\/diariodelsurdigital.com.ar\/index.php?rest_route=\/wp\/v2\/posts\/1063\/revisions\/1065"}],"wp:featuredmedia":[{"embeddable":true,"href":"https:\/\/diariodelsurdigital.com.ar\/index.php?rest_route=\/wp\/v2\/media\/1064"}],"wp:attachment":[{"href":"https:\/\/diariodelsurdigital.com.ar\/index.php?rest_route=%2Fwp%2Fv2%2Fmedia&parent=1063"}],"wp:term":[{"taxonomy":"category","embeddable":true,"href":"https:\/\/diariodelsurdigital.com.ar\/index.php?rest_route=%2Fwp%2Fv2%2Fcategories&post=1063"},{"taxonomy":"post_tag","embeddable":true,"href":"https:\/\/diariodelsurdigital.com.ar\/index.php?rest_route=%2Fwp%2Fv2%2Ftags&post=1063"}],"curies":[{"name":"wp","href":"https:\/\/api.w.org\/{rel}","templated":true}]}}