{"id":1072,"date":"2025-02-18T13:39:58","date_gmt":"2025-02-18T16:39:58","guid":{"rendered":"https:\/\/diariodelsurdigital.com.ar\/?p=1072"},"modified":"2025-02-18T13:39:59","modified_gmt":"2025-02-18T16:39:59","slug":"procesaron-a-alberto-fernandez-por-violencia-de-genero-contra-fabiola-yanez","status":"publish","type":"post","link":"https:\/\/diariodelsurdigital.com.ar\/?p=1072","title":{"rendered":"Procesaron a Alberto Fern\u00e1ndez por violencia de g\u00e9nero contra Fabiola Ya\u00f1ez"},"content":{"rendered":"\n<p>El expresidente\u00a0<strong>Alberto Fern\u00e1ndez<\/strong>\u00a0fue procesado por la Justicia en una causa por violencia de g\u00e9nero iniciada por su ex pareja,\u00a0<strong>Fabiola<\/strong>\u00a0<strong>Ya\u00f1ez<\/strong>. La decisi\u00f3n fue tomada por el Juzgado Criminal y Correccional Federal N\u00b010, a cargo de<strong>\u00a0Juli\u00e1n Ercolini<\/strong>, que adem\u00e1s orden\u00f3 un embargo sobre sus bienes y restricciones de acercamiento.<\/p>\n\n\n\n<p>El juez dictamin\u00f3 el procesamiento de Fern\u00e1ndez como autor penalmente responsable de lesiones leves y graves agravadas, y amenazas coactivas, todos en concurso real. Adem\u00e1s, le impuso un embargo de $10.000.000 y mantuvo la prohibici\u00f3n de contacto con Ya\u00f1ez, quien actualmente reside en Madrid.&nbsp;<strong>Adem\u00e1s, el juez dispuso que no podr\u00e1 mantener contacto con ella por ning\u00fan medio. Aunque se levant\u00f3 la prohibici\u00f3n de salida del pa\u00eds<\/strong>, Fern\u00e1ndez deber\u00e1 informar cualquier cambio de residencia y notificar viajes de m\u00e1s de 72 horas.<\/p>\n\n\n\n<p><a href=\"https:\/\/www.eldiarioar.com\/politica\/fabiola-yanez-denuncio-alberto-fernandez-violencia-genero_1_11574656.html\">La denuncia, presentada por Ya\u00f1ez el 6 de agosto de 2024<\/a>, se\u00f1ala que&nbsp;<strong>Fern\u00e1ndez ejerci\u00f3 violencia f\u00edsica y psicol\u00f3gica contra ella desde 2016 hasta 2024, con episodios que incluyeron golpes, zamarreos y amenazas, incluso durante su mandato presidencial y tras su embarazo en 2021.<\/strong><\/p>\n\n\n\n<p>La investigaci\u00f3n incluy\u00f3 testimonios, registros m\u00e9dicos, chats de WhatsApp y fotograf\u00edas de lesiones, pruebas aportadas por el fiscal Ramiro Gonz\u00e1lez. El juez concluy\u00f3 que las pruebas presentadas son suficientes para acreditar los hechos denunciados y destac\u00f3 las secuelas psicol\u00f3gicas que Ya\u00f1ez habr\u00eda sufrido como consecuencia de la violencia ejercida.<\/p>\n\n\n\n<p>Seg\u00fan el fallo,<strong>&nbsp;la relaci\u00f3n entre Fern\u00e1ndez y Ya\u00f1ez estuvo marcada por un v\u00ednculo de poder asim\u00e9trico<\/strong>, en el que el exmandatario habr\u00eda ejercido violencia psicol\u00f3gica de manera habitual, manifestada en hostigamientos, indiferencia, insultos y controles excesivos sobre su expareja. La investigaci\u00f3n judicial tambi\u00e9n determin\u00f3 que esta violencia escal\u00f3 hasta alcanzar el plano f\u00edsico, con episodios documentados de agresiones directas, como golpes y zamarreos.<\/p>\n\n\n\n<p>En particular, Ercolini hizo hincapi\u00e9 en dos episodios centrales que sustentaron la acusaci\u00f3n. Uno de ellos ocurri\u00f3 en la madrugada del 22 de junio de ese mismo a\u00f1o, cuando el exmandatario, en medio de una discusi\u00f3n en la suite presidencial de la Quinta de Olivos, le habr\u00eda propinado un golpe de pu\u00f1o en el ojo derecho. El segundo tuvo lugar durante agosto del 2021, cuando Fern\u00e1ndez habr\u00eda sujetado fuertemente del brazo a Ya\u00f1ez, provoc\u00e1ndole un hematoma.<\/p>\n\n\n\n<p>Por su parte, la defensa de Fern\u00e1ndez neg\u00f3 las acusaciones y cuestion\u00f3 la imparcialidad del tribunal, argumentando que Ya\u00f1ez ten\u00eda problemas psiqui\u00e1tricos previos y que las pruebas eran insuficientes. Sin embargo, el juez rechaz\u00f3 estos planteos y dio curso al procesamiento.&nbsp;&nbsp;<\/p>\n\n\n\n<p>La causa se inici\u00f3 en agosto de 2024, cuando Fabiola Ya\u00f1ez present\u00f3 una denuncia formal contra Alberto Fern\u00e1ndez por violencia f\u00edsica y hostigamiento. La denuncia fue realizada mediante una videoconferencia desde Madrid con el juez Juli\u00e1n Ercolini. El juez Ercolini cit\u00f3 a Fern\u00e1ndez a declarar el 11 de diciembre del mismo a\u00f1o en los tribunales de Comodoro Py. Pero el 10 de diciembre la defensa de Fern\u00e1ndez solicit\u00f3 que la causa fuera trasladada al fuero Penal Contravencional de la Ciudad de Buenos Aires, argumentando la incompetencia del juez.<\/p>\n\n\n\n<p>D\u00edas despu\u00e9s la Justicia concedi\u00f3 una pr\u00f3rroga en la causa, postergando la declaraci\u00f3n indagatoria de Fern\u00e1ndez hasta el 4 de febrero de 2025. Finalmente, en esa fecha, el exmandatario se present\u00f3 en los tribunales federales de Comodoro Py para su declaraci\u00f3n indagatoria. Durante la audiencia, Fern\u00e1ndez desminti\u00f3 las acusaciones y se neg\u00f3 a contestar preguntas tanto del juez como del fiscal. Aleg\u00f3 que las pruebas en su contra eran insuficientes y que la causa ten\u00eda un trasfondo pol\u00edtico.&nbsp;&nbsp;<\/p>\n\n\n\n<p>El juez rechaz\u00f3 las acusaciones de falta de imparcialidad que Fern\u00e1ndez dirigi\u00f3 en su contra, se\u00f1alando que la recusaci\u00f3n del ex mandatario se basaba en argumentaciones personales y no en elementos objetivos que indicaran un inter\u00e9s indebido en el proceso. Ercolini subray\u00f3 que la investigaci\u00f3n y el procesamiento de Fern\u00e1ndez se sustentaban en pruebas contundentes, como testimonios, pericias m\u00e9dicas y registros forenses, los cuales confirmaban la existencia de un patr\u00f3n de violencia psicol\u00f3gica y f\u00edsica en el marco de la relaci\u00f3n con Ya\u00f1ez.&nbsp;<\/p>\n","protected":false},"excerpt":{"rendered":"<p>El expresidente\u00a0Alberto Fern\u00e1ndez\u00a0fue procesado por la Justicia en una causa por violencia de g\u00e9nero iniciada por su ex pareja,\u00a0Fabiola\u00a0Ya\u00f1ez. La decisi\u00f3n fue tomada por el Juzgado Criminal y Correccional Federal N\u00b010, a cargo de\u00a0Juli\u00e1n Ercolini, que adem\u00e1s orden\u00f3 un embargo sobre sus bienes y restricciones de acercamiento. El juez dictamin\u00f3 el procesamiento de Fern\u00e1ndez como [&hellip;]<\/p>\n","protected":false},"author":4,"featured_media":1073,"comment_status":"open","ping_status":"open","sticky":false,"template":"","format":"standard","meta":{"footnotes":""},"categories":[18,22],"tags":[],"class_list":{"0":"post-1072","1":"post","2":"type-post","3":"status-publish","4":"format-standard","5":"has-post-thumbnail","7":"category-nacionales","8":"category-politica"},"yoast_head":"<!-- This site is optimized with the Yoast SEO plugin v27.4 - https:\/\/yoast.com\/product\/yoast-seo-wordpress\/ -->\n<title>Procesaron a Alberto Fern\u00e1ndez por violencia de g\u00e9nero contra Fabiola Ya\u00f1ez - Diario del Sur<\/title>\n<meta name=\"robots\" content=\"index, follow, max-snippet:-1, max-image-preview:large, max-video-preview:-1\" \/>\n<link rel=\"canonical\" href=\"https:\/\/diariodelsurdigital.com.ar\/?p=1072\" \/>\n<meta property=\"og:locale\" content=\"es_ES\" \/>\n<meta property=\"og:type\" content=\"article\" \/>\n<meta property=\"og:title\" content=\"Procesaron a Alberto Fern\u00e1ndez por violencia de g\u00e9nero contra Fabiola Ya\u00f1ez - Diario del Sur\" \/>\n<meta property=\"og:description\" content=\"El expresidente\u00a0Alberto Fern\u00e1ndez\u00a0fue procesado por la Justicia en una causa por violencia de g\u00e9nero iniciada por su ex pareja,\u00a0Fabiola\u00a0Ya\u00f1ez. La decisi\u00f3n fue tomada por el Juzgado Criminal y Correccional Federal N\u00b010, a cargo de\u00a0Juli\u00e1n Ercolini, que adem\u00e1s orden\u00f3 un embargo sobre sus bienes y restricciones de acercamiento. El juez dictamin\u00f3 el procesamiento de Fern\u00e1ndez como [&hellip;]\" \/>\n<meta property=\"og:url\" content=\"https:\/\/diariodelsurdigital.com.ar\/?p=1072\" \/>\n<meta property=\"og:site_name\" content=\"Diario del Sur\" \/>\n<meta property=\"article:published_time\" content=\"2025-02-18T16:39:58+00:00\" \/>\n<meta property=\"article:modified_time\" content=\"2025-02-18T16:39:59+00:00\" \/>\n<meta property=\"og:image\" content=\"https:\/\/diariodelsurdigital.com.ar\/wp-content\/uploads\/2025\/02\/9abb4c77-4e8d-458d-9c5f-f674f34f4146_16-9-discover-aspect-ratio_default_0.webp\" \/>\n\t<meta property=\"og:image:width\" content=\"1200\" \/>\n\t<meta property=\"og:image:height\" content=\"675\" \/>\n\t<meta property=\"og:image:type\" content=\"image\/webp\" \/>\n<meta name=\"author\" content=\"Diario del Sur Digital\" \/>\n<meta name=\"twitter:card\" content=\"summary_large_image\" \/>\n<meta name=\"twitter:label1\" content=\"Escrito por\" \/>\n\t<meta name=\"twitter:data1\" content=\"Diario del Sur Digital\" \/>\n\t<meta name=\"twitter:label2\" content=\"Tiempo de lectura\" \/>\n\t<meta name=\"twitter:data2\" content=\"4 minutos\" \/>\n<script type=\"application\/ld+json\" class=\"yoast-schema-graph\">{\"@context\":\"https:\\\/\\\/schema.org\",\"@graph\":[{\"@type\":\"Article\",\"@id\":\"https:\\\/\\\/diariodelsurdigital.com.ar\\\/?p=1072#article\",\"isPartOf\":{\"@id\":\"https:\\\/\\\/diariodelsurdigital.com.ar\\\/?p=1072\"},\"author\":{\"name\":\"Diario del Sur Digital\",\"@id\":\"https:\\\/\\\/diariodelsurdigital.com.ar\\\/#\\\/schema\\\/person\\\/1a4992532ed62965c968031b49195c81\"},\"headline\":\"Procesaron a Alberto Fern\u00e1ndez por violencia de g\u00e9nero contra Fabiola Ya\u00f1ez\",\"datePublished\":\"2025-02-18T16:39:58+00:00\",\"dateModified\":\"2025-02-18T16:39:59+00:00\",\"mainEntityOfPage\":{\"@id\":\"https:\\\/\\\/diariodelsurdigital.com.ar\\\/?p=1072\"},\"wordCount\":745,\"commentCount\":0,\"image\":{\"@id\":\"https:\\\/\\\/diariodelsurdigital.com.ar\\\/?p=1072#primaryimage\"},\"thumbnailUrl\":\"https:\\\/\\\/diariodelsurdigital.com.ar\\\/wp-content\\\/uploads\\\/2025\\\/02\\\/9abb4c77-4e8d-458d-9c5f-f674f34f4146_16-9-discover-aspect-ratio_default_0.webp\",\"articleSection\":[\"Nacionales\",\"Pol\u00edtica\"],\"inLanguage\":\"es\",\"potentialAction\":[{\"@type\":\"CommentAction\",\"name\":\"Comment\",\"target\":[\"https:\\\/\\\/diariodelsurdigital.com.ar\\\/?p=1072#respond\"]}]},{\"@type\":\"WebPage\",\"@id\":\"https:\\\/\\\/diariodelsurdigital.com.ar\\\/?p=1072\",\"url\":\"https:\\\/\\\/diariodelsurdigital.com.ar\\\/?p=1072\",\"name\":\"Procesaron a Alberto Fern\u00e1ndez por violencia de g\u00e9nero contra Fabiola Ya\u00f1ez - Diario del Sur\",\"isPartOf\":{\"@id\":\"https:\\\/\\\/diariodelsurdigital.com.ar\\\/#website\"},\"primaryImageOfPage\":{\"@id\":\"https:\\\/\\\/diariodelsurdigital.com.ar\\\/?p=1072#primaryimage\"},\"image\":{\"@id\":\"https:\\\/\\\/diariodelsurdigital.com.ar\\\/?p=1072#primaryimage\"},\"thumbnailUrl\":\"https:\\\/\\\/diariodelsurdigital.com.ar\\\/wp-content\\\/uploads\\\/2025\\\/02\\\/9abb4c77-4e8d-458d-9c5f-f674f34f4146_16-9-discover-aspect-ratio_default_0.webp\",\"datePublished\":\"2025-02-18T16:39:58+00:00\",\"dateModified\":\"2025-02-18T16:39:59+00:00\",\"author\":{\"@id\":\"https:\\\/\\\/diariodelsurdigital.com.ar\\\/#\\\/schema\\\/person\\\/1a4992532ed62965c968031b49195c81\"},\"breadcrumb\":{\"@id\":\"https:\\\/\\\/diariodelsurdigital.com.ar\\\/?p=1072#breadcrumb\"},\"inLanguage\":\"es\",\"potentialAction\":[{\"@type\":\"ReadAction\",\"target\":[\"https:\\\/\\\/diariodelsurdigital.com.ar\\\/?p=1072\"]}]},{\"@type\":\"ImageObject\",\"inLanguage\":\"es\",\"@id\":\"https:\\\/\\\/diariodelsurdigital.com.ar\\\/?p=1072#primaryimage\",\"url\":\"https:\\\/\\\/diariodelsurdigital.com.ar\\\/wp-content\\\/uploads\\\/2025\\\/02\\\/9abb4c77-4e8d-458d-9c5f-f674f34f4146_16-9-discover-aspect-ratio_default_0.webp\",\"contentUrl\":\"https:\\\/\\\/diariodelsurdigital.com.ar\\\/wp-content\\\/uploads\\\/2025\\\/02\\\/9abb4c77-4e8d-458d-9c5f-f674f34f4146_16-9-discover-aspect-ratio_default_0.webp\",\"width\":1200,\"height\":675},{\"@type\":\"BreadcrumbList\",\"@id\":\"https:\\\/\\\/diariodelsurdigital.com.ar\\\/?p=1072#breadcrumb\",\"itemListElement\":[{\"@type\":\"ListItem\",\"position\":1,\"name\":\"Portada\",\"item\":\"https:\\\/\\\/diariodelsurdigital.com.ar\\\/\"},{\"@type\":\"ListItem\",\"position\":2,\"name\":\"Procesaron a Alberto Fern\u00e1ndez por violencia de g\u00e9nero contra Fabiola Ya\u00f1ez\"}]},{\"@type\":\"WebSite\",\"@id\":\"https:\\\/\\\/diariodelsurdigital.com.ar\\\/#website\",\"url\":\"https:\\\/\\\/diariodelsurdigital.com.ar\\\/\",\"name\":\"Diario del Sur\",\"description\":\"Digital\",\"potentialAction\":[{\"@type\":\"SearchAction\",\"target\":{\"@type\":\"EntryPoint\",\"urlTemplate\":\"https:\\\/\\\/diariodelsurdigital.com.ar\\\/?s={search_term_string}\"},\"query-input\":{\"@type\":\"PropertyValueSpecification\",\"valueRequired\":true,\"valueName\":\"search_term_string\"}}],\"inLanguage\":\"es\"},{\"@type\":\"Person\",\"@id\":\"https:\\\/\\\/diariodelsurdigital.com.ar\\\/#\\\/schema\\\/person\\\/1a4992532ed62965c968031b49195c81\",\"name\":\"Diario del Sur Digital\",\"image\":{\"@type\":\"ImageObject\",\"inLanguage\":\"es\",\"@id\":\"https:\\\/\\\/secure.gravatar.com\\\/avatar\\\/f0c7c47fc7146d19828273b9b8eda651c9c7ab583767e6338d3d3bee825adf76?s=96&d=mm&r=g\",\"url\":\"https:\\\/\\\/secure.gravatar.com\\\/avatar\\\/f0c7c47fc7146d19828273b9b8eda651c9c7ab583767e6338d3d3bee825adf76?s=96&d=mm&r=g\",\"contentUrl\":\"https:\\\/\\\/secure.gravatar.com\\\/avatar\\\/f0c7c47fc7146d19828273b9b8eda651c9c7ab583767e6338d3d3bee825adf76?s=96&d=mm&r=g\",\"caption\":\"Diario del Sur Digital\"},\"url\":\"https:\\\/\\\/diariodelsurdigital.com.ar\\\/?author=4\"}]}<\/script>\n<!-- \/ Yoast SEO plugin. -->","yoast_head_json":{"title":"Procesaron a Alberto Fern\u00e1ndez por violencia de g\u00e9nero contra Fabiola Ya\u00f1ez - Diario del Sur","robots":{"index":"index","follow":"follow","max-snippet":"max-snippet:-1","max-image-preview":"max-image-preview:large","max-video-preview":"max-video-preview:-1"},"canonical":"https:\/\/diariodelsurdigital.com.ar\/?p=1072","og_locale":"es_ES","og_type":"article","og_title":"Procesaron a Alberto Fern\u00e1ndez por violencia de g\u00e9nero contra Fabiola Ya\u00f1ez - Diario del Sur","og_description":"El expresidente\u00a0Alberto Fern\u00e1ndez\u00a0fue procesado por la Justicia en una causa por violencia de g\u00e9nero iniciada por su ex pareja,\u00a0Fabiola\u00a0Ya\u00f1ez. La decisi\u00f3n fue tomada por el Juzgado Criminal y Correccional Federal N\u00b010, a cargo de\u00a0Juli\u00e1n Ercolini, que adem\u00e1s orden\u00f3 un embargo sobre sus bienes y restricciones de acercamiento. El juez dictamin\u00f3 el procesamiento de Fern\u00e1ndez como [&hellip;]","og_url":"https:\/\/diariodelsurdigital.com.ar\/?p=1072","og_site_name":"Diario del Sur","article_published_time":"2025-02-18T16:39:58+00:00","article_modified_time":"2025-02-18T16:39:59+00:00","og_image":[{"width":1200,"height":675,"url":"https:\/\/diariodelsurdigital.com.ar\/wp-content\/uploads\/2025\/02\/9abb4c77-4e8d-458d-9c5f-f674f34f4146_16-9-discover-aspect-ratio_default_0.webp","type":"image\/webp"}],"author":"Diario del Sur Digital","twitter_card":"summary_large_image","twitter_misc":{"Escrito por":"Diario del Sur Digital","Tiempo de lectura":"4 minutos"},"schema":{"@context":"https:\/\/schema.org","@graph":[{"@type":"Article","@id":"https:\/\/diariodelsurdigital.com.ar\/?p=1072#article","isPartOf":{"@id":"https:\/\/diariodelsurdigital.com.ar\/?p=1072"},"author":{"name":"Diario del Sur Digital","@id":"https:\/\/diariodelsurdigital.com.ar\/#\/schema\/person\/1a4992532ed62965c968031b49195c81"},"headline":"Procesaron a Alberto Fern\u00e1ndez por violencia de g\u00e9nero contra Fabiola Ya\u00f1ez","datePublished":"2025-02-18T16:39:58+00:00","dateModified":"2025-02-18T16:39:59+00:00","mainEntityOfPage":{"@id":"https:\/\/diariodelsurdigital.com.ar\/?p=1072"},"wordCount":745,"commentCount":0,"image":{"@id":"https:\/\/diariodelsurdigital.com.ar\/?p=1072#primaryimage"},"thumbnailUrl":"https:\/\/diariodelsurdigital.com.ar\/wp-content\/uploads\/2025\/02\/9abb4c77-4e8d-458d-9c5f-f674f34f4146_16-9-discover-aspect-ratio_default_0.webp","articleSection":["Nacionales","Pol\u00edtica"],"inLanguage":"es","potentialAction":[{"@type":"CommentAction","name":"Comment","target":["https:\/\/diariodelsurdigital.com.ar\/?p=1072#respond"]}]},{"@type":"WebPage","@id":"https:\/\/diariodelsurdigital.com.ar\/?p=1072","url":"https:\/\/diariodelsurdigital.com.ar\/?p=1072","name":"Procesaron a Alberto Fern\u00e1ndez por violencia de g\u00e9nero contra Fabiola Ya\u00f1ez - Diario del Sur","isPartOf":{"@id":"https:\/\/diariodelsurdigital.com.ar\/#website"},"primaryImageOfPage":{"@id":"https:\/\/diariodelsurdigital.com.ar\/?p=1072#primaryimage"},"image":{"@id":"https:\/\/diariodelsurdigital.com.ar\/?p=1072#primaryimage"},"thumbnailUrl":"https:\/\/diariodelsurdigital.com.ar\/wp-content\/uploads\/2025\/02\/9abb4c77-4e8d-458d-9c5f-f674f34f4146_16-9-discover-aspect-ratio_default_0.webp","datePublished":"2025-02-18T16:39:58+00:00","dateModified":"2025-02-18T16:39:59+00:00","author":{"@id":"https:\/\/diariodelsurdigital.com.ar\/#\/schema\/person\/1a4992532ed62965c968031b49195c81"},"breadcrumb":{"@id":"https:\/\/diariodelsurdigital.com.ar\/?p=1072#breadcrumb"},"inLanguage":"es","potentialAction":[{"@type":"ReadAction","target":["https:\/\/diariodelsurdigital.com.ar\/?p=1072"]}]},{"@type":"ImageObject","inLanguage":"es","@id":"https:\/\/diariodelsurdigital.com.ar\/?p=1072#primaryimage","url":"https:\/\/diariodelsurdigital.com.ar\/wp-content\/uploads\/2025\/02\/9abb4c77-4e8d-458d-9c5f-f674f34f4146_16-9-discover-aspect-ratio_default_0.webp","contentUrl":"https:\/\/diariodelsurdigital.com.ar\/wp-content\/uploads\/2025\/02\/9abb4c77-4e8d-458d-9c5f-f674f34f4146_16-9-discover-aspect-ratio_default_0.webp","width":1200,"height":675},{"@type":"BreadcrumbList","@id":"https:\/\/diariodelsurdigital.com.ar\/?p=1072#breadcrumb","itemListElement":[{"@type":"ListItem","position":1,"name":"Portada","item":"https:\/\/diariodelsurdigital.com.ar\/"},{"@type":"ListItem","position":2,"name":"Procesaron a Alberto Fern\u00e1ndez por violencia de g\u00e9nero contra Fabiola Ya\u00f1ez"}]},{"@type":"WebSite","@id":"https:\/\/diariodelsurdigital.com.ar\/#website","url":"https:\/\/diariodelsurdigital.com.ar\/","name":"Diario del Sur","description":"Digital","potentialAction":[{"@type":"SearchAction","target":{"@type":"EntryPoint","urlTemplate":"https:\/\/diariodelsurdigital.com.ar\/?s={search_term_string}"},"query-input":{"@type":"PropertyValueSpecification","valueRequired":true,"valueName":"search_term_string"}}],"inLanguage":"es"},{"@type":"Person","@id":"https:\/\/diariodelsurdigital.com.ar\/#\/schema\/person\/1a4992532ed62965c968031b49195c81","name":"Diario del Sur Digital","image":{"@type":"ImageObject","inLanguage":"es","@id":"https:\/\/secure.gravatar.com\/avatar\/f0c7c47fc7146d19828273b9b8eda651c9c7ab583767e6338d3d3bee825adf76?s=96&d=mm&r=g","url":"https:\/\/secure.gravatar.com\/avatar\/f0c7c47fc7146d19828273b9b8eda651c9c7ab583767e6338d3d3bee825adf76?s=96&d=mm&r=g","contentUrl":"https:\/\/secure.gravatar.com\/avatar\/f0c7c47fc7146d19828273b9b8eda651c9c7ab583767e6338d3d3bee825adf76?s=96&d=mm&r=g","caption":"Diario del Sur Digital"},"url":"https:\/\/diariodelsurdigital.com.ar\/?author=4"}]}},"_links":{"self":[{"href":"https:\/\/diariodelsurdigital.com.ar\/index.php?rest_route=\/wp\/v2\/posts\/1072","targetHints":{"allow":["GET"]}}],"collection":[{"href":"https:\/\/diariodelsurdigital.com.ar\/index.php?rest_route=\/wp\/v2\/posts"}],"about":[{"href":"https:\/\/diariodelsurdigital.com.ar\/index.php?rest_route=\/wp\/v2\/types\/post"}],"author":[{"embeddable":true,"href":"https:\/\/diariodelsurdigital.com.ar\/index.php?rest_route=\/wp\/v2\/users\/4"}],"replies":[{"embeddable":true,"href":"https:\/\/diariodelsurdigital.com.ar\/index.php?rest_route=%2Fwp%2Fv2%2Fcomments&post=1072"}],"version-history":[{"count":1,"href":"https:\/\/diariodelsurdigital.com.ar\/index.php?rest_route=\/wp\/v2\/posts\/1072\/revisions"}],"predecessor-version":[{"id":1074,"href":"https:\/\/diariodelsurdigital.com.ar\/index.php?rest_route=\/wp\/v2\/posts\/1072\/revisions\/1074"}],"wp:featuredmedia":[{"embeddable":true,"href":"https:\/\/diariodelsurdigital.com.ar\/index.php?rest_route=\/wp\/v2\/media\/1073"}],"wp:attachment":[{"href":"https:\/\/diariodelsurdigital.com.ar\/index.php?rest_route=%2Fwp%2Fv2%2Fmedia&parent=1072"}],"wp:term":[{"taxonomy":"category","embeddable":true,"href":"https:\/\/diariodelsurdigital.com.ar\/index.php?rest_route=%2Fwp%2Fv2%2Fcategories&post=1072"},{"taxonomy":"post_tag","embeddable":true,"href":"https:\/\/diariodelsurdigital.com.ar\/index.php?rest_route=%2Fwp%2Fv2%2Ftags&post=1072"}],"curies":[{"name":"wp","href":"https:\/\/api.w.org\/{rel}","templated":true}]}}