{"id":1078,"date":"2025-02-18T15:06:39","date_gmt":"2025-02-18T18:06:39","guid":{"rendered":"https:\/\/diariodelsurdigital.com.ar\/?p=1078"},"modified":"2025-02-18T15:06:40","modified_gmt":"2025-02-18T18:06:40","slug":"duelo-en-el-concejo-sastre-cruzo-a-satalia-mendez-y-vinculo-a-gaillard-con-kueider","status":"publish","type":"post","link":"https:\/\/diariodelsurdigital.com.ar\/?p=1078","title":{"rendered":"Duelo en el Concejo: Sastre cruz\u00f3 a Satal\u00eda Mendez y vincul\u00f3 a Gaillard con Kueider"},"content":{"rendered":"\n<p><\/p>\n\n\n\n<p>En di\u00e1logo con <strong>Diario del Sur Digital<\/strong>, el concejal Felipe Sastre le respondi\u00f3 a su par opositor Guillermo Satal\u00eda Mendez que hab\u00eda criticado a Milei por el esc\u00e1ndalo de las criptomonedas: \u201cEs muy llamativo que una persona con tanta habilidad para la pol\u00edtica como el Dr. Satal\u00eda se meta a opinar en medio de una opereta, cuando el sector al que pertenece jam\u00e1s dio explicaciones sobre la causa de Kueider\u201d, espet\u00f3 el edil.<\/p>\n\n\n\n<p>En ese sentido agreg\u00f3, \u201cMe sorprende adem\u00e1s la falta de timing porque se apresura a efectuar conjeturas a \u00faltima hora del d\u00eda de ayer, cuando se esperaba que saliera la entrevista del Presidente por TN. En efecto esta ma\u00f1ana la Bolsa de Buenos Aires abri\u00f3 con subas que llegan casi al 6% promedio, lo que quiere decir que los inversores siguen creyendo en Milei\u201d, agreg\u00f3<\/p>\n\n\n\n<p>Recapitulando, Felipe Sastre apunt\u00f3, \u00abCreo que estos son tiempos de humildad y reflexi\u00f3n, en los que romper el silencio solo deber\u00eda servir para mejorarlo. Me parece que tendr\u00eda que salir a hablar lo justo y sobre lo que realmente sabe, al menos mientras se esperan novedades en la investigaci\u00f3n que mantiene con prisi\u00f3n domiciliaria al Senador destituido por haber sido hallado in fraganti, mientras ingresaba con 200 mil d\u00f3lares sin declarar a Paraguay\u201d, fulmin\u00f3 el edil del PRO.<\/p>\n\n\n\n<p>En un p\u00e1rrafo aparte, Sastre apunt\u00f3 tambi\u00e9n a la diputada nacional Carolina Gaillard: \u201cFirma el pedido de juicio pol\u00edtico, pero resulta que hasta el d\u00eda de hoy no ha podido justificar como adquiri\u00f3 un departamento en la misma torre de Kueider. Quiz\u00e1 podr\u00eda aprovechar para echar un poco de luz al tema este s\u00e1bado, cuando venga a Concordia para hacer su relanzamiento como candidata por en\u00e9sima vez como legisladora\u201d, remat\u00f3 el concejal.<\/p>\n","protected":false},"excerpt":{"rendered":"<p>En di\u00e1logo con Diario del Sur Digital, el concejal Felipe Sastre le respondi\u00f3 a su par opositor Guillermo Satal\u00eda Mendez que hab\u00eda criticado a Milei por el esc\u00e1ndalo de las criptomonedas: \u201cEs muy llamativo que una persona con tanta habilidad para la pol\u00edtica como el Dr. Satal\u00eda se meta a opinar en medio de una [&hellip;]<\/p>\n","protected":false},"author":2,"featured_media":1079,"comment_status":"open","ping_status":"open","sticky":false,"template":"","format":"standard","meta":{"footnotes":""},"categories":[16],"tags":[],"class_list":{"0":"post-1078","1":"post","2":"type-post","3":"status-publish","4":"format-standard","5":"has-post-thumbnail","7":"category-locales"},"yoast_head":"<!-- This site is optimized with the Yoast SEO plugin v27.4 - https:\/\/yoast.com\/product\/yoast-seo-wordpress\/ -->\n<title>Duelo en el Concejo: Sastre cruz\u00f3 a Satal\u00eda Mendez y vincul\u00f3 a Gaillard con Kueider - Diario del Sur<\/title>\n<meta name=\"robots\" content=\"index, follow, max-snippet:-1, max-image-preview:large, max-video-preview:-1\" \/>\n<link rel=\"canonical\" href=\"https:\/\/diariodelsurdigital.com.ar\/?p=1078\" \/>\n<meta property=\"og:locale\" content=\"es_ES\" \/>\n<meta property=\"og:type\" content=\"article\" \/>\n<meta property=\"og:title\" content=\"Duelo en el Concejo: Sastre cruz\u00f3 a Satal\u00eda Mendez y vincul\u00f3 a Gaillard con Kueider - Diario del Sur\" \/>\n<meta property=\"og:description\" content=\"En di\u00e1logo con Diario del Sur Digital, el concejal Felipe Sastre le respondi\u00f3 a su par opositor Guillermo Satal\u00eda Mendez que hab\u00eda criticado a Milei por el esc\u00e1ndalo de las criptomonedas: \u201cEs muy llamativo que una persona con tanta habilidad para la pol\u00edtica como el Dr. Satal\u00eda se meta a opinar en medio de una [&hellip;]\" \/>\n<meta property=\"og:url\" content=\"https:\/\/diariodelsurdigital.com.ar\/?p=1078\" \/>\n<meta property=\"og:site_name\" content=\"Diario del Sur\" \/>\n<meta property=\"article:published_time\" content=\"2025-02-18T18:06:39+00:00\" \/>\n<meta property=\"article:modified_time\" content=\"2025-02-18T18:06:40+00:00\" \/>\n<meta property=\"og:image\" content=\"https:\/\/diariodelsurdigital.com.ar\/wp-content\/uploads\/2025\/02\/Imagen-de-WhatsApp-2025-02-18-a-las-14.17.47_d39eb282.jpg\" \/>\n\t<meta property=\"og:image:width\" content=\"487\" \/>\n\t<meta property=\"og:image:height\" content=\"368\" \/>\n\t<meta property=\"og:image:type\" content=\"image\/jpeg\" \/>\n<meta name=\"author\" content=\"Diario del Sur Digital\" \/>\n<meta name=\"twitter:card\" content=\"summary_large_image\" \/>\n<meta name=\"twitter:label1\" content=\"Escrito por\" \/>\n\t<meta name=\"twitter:data1\" content=\"Diario del Sur Digital\" \/>\n\t<meta name=\"twitter:label2\" content=\"Tiempo de lectura\" \/>\n\t<meta name=\"twitter:data2\" content=\"2 minutos\" \/>\n<script type=\"application\/ld+json\" class=\"yoast-schema-graph\">{\"@context\":\"https:\\\/\\\/schema.org\",\"@graph\":[{\"@type\":\"Article\",\"@id\":\"https:\\\/\\\/diariodelsurdigital.com.ar\\\/?p=1078#article\",\"isPartOf\":{\"@id\":\"https:\\\/\\\/diariodelsurdigital.com.ar\\\/?p=1078\"},\"author\":{\"name\":\"Diario del Sur Digital\",\"@id\":\"https:\\\/\\\/diariodelsurdigital.com.ar\\\/#\\\/schema\\\/person\\\/6136a32571657f7dba980b88b04c5465\"},\"headline\":\"Duelo en el Concejo: Sastre cruz\u00f3 a Satal\u00eda Mendez y vincul\u00f3 a Gaillard con Kueider\",\"datePublished\":\"2025-02-18T18:06:39+00:00\",\"dateModified\":\"2025-02-18T18:06:40+00:00\",\"mainEntityOfPage\":{\"@id\":\"https:\\\/\\\/diariodelsurdigital.com.ar\\\/?p=1078\"},\"wordCount\":325,\"commentCount\":0,\"image\":{\"@id\":\"https:\\\/\\\/diariodelsurdigital.com.ar\\\/?p=1078#primaryimage\"},\"thumbnailUrl\":\"https:\\\/\\\/diariodelsurdigital.com.ar\\\/wp-content\\\/uploads\\\/2025\\\/02\\\/Imagen-de-WhatsApp-2025-02-18-a-las-14.17.47_d39eb282.jpg\",\"articleSection\":[\"Locales\"],\"inLanguage\":\"es\",\"potentialAction\":[{\"@type\":\"CommentAction\",\"name\":\"Comment\",\"target\":[\"https:\\\/\\\/diariodelsurdigital.com.ar\\\/?p=1078#respond\"]}]},{\"@type\":\"WebPage\",\"@id\":\"https:\\\/\\\/diariodelsurdigital.com.ar\\\/?p=1078\",\"url\":\"https:\\\/\\\/diariodelsurdigital.com.ar\\\/?p=1078\",\"name\":\"Duelo en el Concejo: Sastre cruz\u00f3 a Satal\u00eda Mendez y vincul\u00f3 a Gaillard con Kueider - Diario del Sur\",\"isPartOf\":{\"@id\":\"https:\\\/\\\/diariodelsurdigital.com.ar\\\/#website\"},\"primaryImageOfPage\":{\"@id\":\"https:\\\/\\\/diariodelsurdigital.com.ar\\\/?p=1078#primaryimage\"},\"image\":{\"@id\":\"https:\\\/\\\/diariodelsurdigital.com.ar\\\/?p=1078#primaryimage\"},\"thumbnailUrl\":\"https:\\\/\\\/diariodelsurdigital.com.ar\\\/wp-content\\\/uploads\\\/2025\\\/02\\\/Imagen-de-WhatsApp-2025-02-18-a-las-14.17.47_d39eb282.jpg\",\"datePublished\":\"2025-02-18T18:06:39+00:00\",\"dateModified\":\"2025-02-18T18:06:40+00:00\",\"author\":{\"@id\":\"https:\\\/\\\/diariodelsurdigital.com.ar\\\/#\\\/schema\\\/person\\\/6136a32571657f7dba980b88b04c5465\"},\"breadcrumb\":{\"@id\":\"https:\\\/\\\/diariodelsurdigital.com.ar\\\/?p=1078#breadcrumb\"},\"inLanguage\":\"es\",\"potentialAction\":[{\"@type\":\"ReadAction\",\"target\":[\"https:\\\/\\\/diariodelsurdigital.com.ar\\\/?p=1078\"]}]},{\"@type\":\"ImageObject\",\"inLanguage\":\"es\",\"@id\":\"https:\\\/\\\/diariodelsurdigital.com.ar\\\/?p=1078#primaryimage\",\"url\":\"https:\\\/\\\/diariodelsurdigital.com.ar\\\/wp-content\\\/uploads\\\/2025\\\/02\\\/Imagen-de-WhatsApp-2025-02-18-a-las-14.17.47_d39eb282.jpg\",\"contentUrl\":\"https:\\\/\\\/diariodelsurdigital.com.ar\\\/wp-content\\\/uploads\\\/2025\\\/02\\\/Imagen-de-WhatsApp-2025-02-18-a-las-14.17.47_d39eb282.jpg\",\"width\":487,\"height\":368},{\"@type\":\"BreadcrumbList\",\"@id\":\"https:\\\/\\\/diariodelsurdigital.com.ar\\\/?p=1078#breadcrumb\",\"itemListElement\":[{\"@type\":\"ListItem\",\"position\":1,\"name\":\"Portada\",\"item\":\"https:\\\/\\\/diariodelsurdigital.com.ar\\\/\"},{\"@type\":\"ListItem\",\"position\":2,\"name\":\"Duelo en el Concejo: Sastre cruz\u00f3 a Satal\u00eda Mendez y vincul\u00f3 a Gaillard con Kueider\"}]},{\"@type\":\"WebSite\",\"@id\":\"https:\\\/\\\/diariodelsurdigital.com.ar\\\/#website\",\"url\":\"https:\\\/\\\/diariodelsurdigital.com.ar\\\/\",\"name\":\"Diario del Sur\",\"description\":\"Digital\",\"potentialAction\":[{\"@type\":\"SearchAction\",\"target\":{\"@type\":\"EntryPoint\",\"urlTemplate\":\"https:\\\/\\\/diariodelsurdigital.com.ar\\\/?s={search_term_string}\"},\"query-input\":{\"@type\":\"PropertyValueSpecification\",\"valueRequired\":true,\"valueName\":\"search_term_string\"}}],\"inLanguage\":\"es\"},{\"@type\":\"Person\",\"@id\":\"https:\\\/\\\/diariodelsurdigital.com.ar\\\/#\\\/schema\\\/person\\\/6136a32571657f7dba980b88b04c5465\",\"name\":\"Diario del Sur Digital\",\"image\":{\"@type\":\"ImageObject\",\"inLanguage\":\"es\",\"@id\":\"https:\\\/\\\/secure.gravatar.com\\\/avatar\\\/4c29ceac98541dd42460b2474aaa5dd37594d6ce6cb3cf2c101d09b48ee287ba?s=96&d=mm&r=g\",\"url\":\"https:\\\/\\\/secure.gravatar.com\\\/avatar\\\/4c29ceac98541dd42460b2474aaa5dd37594d6ce6cb3cf2c101d09b48ee287ba?s=96&d=mm&r=g\",\"contentUrl\":\"https:\\\/\\\/secure.gravatar.com\\\/avatar\\\/4c29ceac98541dd42460b2474aaa5dd37594d6ce6cb3cf2c101d09b48ee287ba?s=96&d=mm&r=g\",\"caption\":\"Diario del Sur Digital\"},\"url\":\"https:\\\/\\\/diariodelsurdigital.com.ar\\\/?author=2\"}]}<\/script>\n<!-- \/ Yoast SEO plugin. -->","yoast_head_json":{"title":"Duelo en el Concejo: Sastre cruz\u00f3 a Satal\u00eda Mendez y vincul\u00f3 a Gaillard con Kueider - Diario del Sur","robots":{"index":"index","follow":"follow","max-snippet":"max-snippet:-1","max-image-preview":"max-image-preview:large","max-video-preview":"max-video-preview:-1"},"canonical":"https:\/\/diariodelsurdigital.com.ar\/?p=1078","og_locale":"es_ES","og_type":"article","og_title":"Duelo en el Concejo: Sastre cruz\u00f3 a Satal\u00eda Mendez y vincul\u00f3 a Gaillard con Kueider - Diario del Sur","og_description":"En di\u00e1logo con Diario del Sur Digital, el concejal Felipe Sastre le respondi\u00f3 a su par opositor Guillermo Satal\u00eda Mendez que hab\u00eda criticado a Milei por el esc\u00e1ndalo de las criptomonedas: \u201cEs muy llamativo que una persona con tanta habilidad para la pol\u00edtica como el Dr. Satal\u00eda se meta a opinar en medio de una [&hellip;]","og_url":"https:\/\/diariodelsurdigital.com.ar\/?p=1078","og_site_name":"Diario del Sur","article_published_time":"2025-02-18T18:06:39+00:00","article_modified_time":"2025-02-18T18:06:40+00:00","og_image":[{"width":487,"height":368,"url":"https:\/\/diariodelsurdigital.com.ar\/wp-content\/uploads\/2025\/02\/Imagen-de-WhatsApp-2025-02-18-a-las-14.17.47_d39eb282.jpg","type":"image\/jpeg"}],"author":"Diario del Sur Digital","twitter_card":"summary_large_image","twitter_misc":{"Escrito por":"Diario del Sur Digital","Tiempo de lectura":"2 minutos"},"schema":{"@context":"https:\/\/schema.org","@graph":[{"@type":"Article","@id":"https:\/\/diariodelsurdigital.com.ar\/?p=1078#article","isPartOf":{"@id":"https:\/\/diariodelsurdigital.com.ar\/?p=1078"},"author":{"name":"Diario del Sur Digital","@id":"https:\/\/diariodelsurdigital.com.ar\/#\/schema\/person\/6136a32571657f7dba980b88b04c5465"},"headline":"Duelo en el Concejo: Sastre cruz\u00f3 a Satal\u00eda Mendez y vincul\u00f3 a Gaillard con Kueider","datePublished":"2025-02-18T18:06:39+00:00","dateModified":"2025-02-18T18:06:40+00:00","mainEntityOfPage":{"@id":"https:\/\/diariodelsurdigital.com.ar\/?p=1078"},"wordCount":325,"commentCount":0,"image":{"@id":"https:\/\/diariodelsurdigital.com.ar\/?p=1078#primaryimage"},"thumbnailUrl":"https:\/\/diariodelsurdigital.com.ar\/wp-content\/uploads\/2025\/02\/Imagen-de-WhatsApp-2025-02-18-a-las-14.17.47_d39eb282.jpg","articleSection":["Locales"],"inLanguage":"es","potentialAction":[{"@type":"CommentAction","name":"Comment","target":["https:\/\/diariodelsurdigital.com.ar\/?p=1078#respond"]}]},{"@type":"WebPage","@id":"https:\/\/diariodelsurdigital.com.ar\/?p=1078","url":"https:\/\/diariodelsurdigital.com.ar\/?p=1078","name":"Duelo en el Concejo: Sastre cruz\u00f3 a Satal\u00eda Mendez y vincul\u00f3 a Gaillard con Kueider - Diario del Sur","isPartOf":{"@id":"https:\/\/diariodelsurdigital.com.ar\/#website"},"primaryImageOfPage":{"@id":"https:\/\/diariodelsurdigital.com.ar\/?p=1078#primaryimage"},"image":{"@id":"https:\/\/diariodelsurdigital.com.ar\/?p=1078#primaryimage"},"thumbnailUrl":"https:\/\/diariodelsurdigital.com.ar\/wp-content\/uploads\/2025\/02\/Imagen-de-WhatsApp-2025-02-18-a-las-14.17.47_d39eb282.jpg","datePublished":"2025-02-18T18:06:39+00:00","dateModified":"2025-02-18T18:06:40+00:00","author":{"@id":"https:\/\/diariodelsurdigital.com.ar\/#\/schema\/person\/6136a32571657f7dba980b88b04c5465"},"breadcrumb":{"@id":"https:\/\/diariodelsurdigital.com.ar\/?p=1078#breadcrumb"},"inLanguage":"es","potentialAction":[{"@type":"ReadAction","target":["https:\/\/diariodelsurdigital.com.ar\/?p=1078"]}]},{"@type":"ImageObject","inLanguage":"es","@id":"https:\/\/diariodelsurdigital.com.ar\/?p=1078#primaryimage","url":"https:\/\/diariodelsurdigital.com.ar\/wp-content\/uploads\/2025\/02\/Imagen-de-WhatsApp-2025-02-18-a-las-14.17.47_d39eb282.jpg","contentUrl":"https:\/\/diariodelsurdigital.com.ar\/wp-content\/uploads\/2025\/02\/Imagen-de-WhatsApp-2025-02-18-a-las-14.17.47_d39eb282.jpg","width":487,"height":368},{"@type":"BreadcrumbList","@id":"https:\/\/diariodelsurdigital.com.ar\/?p=1078#breadcrumb","itemListElement":[{"@type":"ListItem","position":1,"name":"Portada","item":"https:\/\/diariodelsurdigital.com.ar\/"},{"@type":"ListItem","position":2,"name":"Duelo en el Concejo: Sastre cruz\u00f3 a Satal\u00eda Mendez y vincul\u00f3 a Gaillard con Kueider"}]},{"@type":"WebSite","@id":"https:\/\/diariodelsurdigital.com.ar\/#website","url":"https:\/\/diariodelsurdigital.com.ar\/","name":"Diario del Sur","description":"Digital","potentialAction":[{"@type":"SearchAction","target":{"@type":"EntryPoint","urlTemplate":"https:\/\/diariodelsurdigital.com.ar\/?s={search_term_string}"},"query-input":{"@type":"PropertyValueSpecification","valueRequired":true,"valueName":"search_term_string"}}],"inLanguage":"es"},{"@type":"Person","@id":"https:\/\/diariodelsurdigital.com.ar\/#\/schema\/person\/6136a32571657f7dba980b88b04c5465","name":"Diario del Sur Digital","image":{"@type":"ImageObject","inLanguage":"es","@id":"https:\/\/secure.gravatar.com\/avatar\/4c29ceac98541dd42460b2474aaa5dd37594d6ce6cb3cf2c101d09b48ee287ba?s=96&d=mm&r=g","url":"https:\/\/secure.gravatar.com\/avatar\/4c29ceac98541dd42460b2474aaa5dd37594d6ce6cb3cf2c101d09b48ee287ba?s=96&d=mm&r=g","contentUrl":"https:\/\/secure.gravatar.com\/avatar\/4c29ceac98541dd42460b2474aaa5dd37594d6ce6cb3cf2c101d09b48ee287ba?s=96&d=mm&r=g","caption":"Diario del Sur Digital"},"url":"https:\/\/diariodelsurdigital.com.ar\/?author=2"}]}},"_links":{"self":[{"href":"https:\/\/diariodelsurdigital.com.ar\/index.php?rest_route=\/wp\/v2\/posts\/1078","targetHints":{"allow":["GET"]}}],"collection":[{"href":"https:\/\/diariodelsurdigital.com.ar\/index.php?rest_route=\/wp\/v2\/posts"}],"about":[{"href":"https:\/\/diariodelsurdigital.com.ar\/index.php?rest_route=\/wp\/v2\/types\/post"}],"author":[{"embeddable":true,"href":"https:\/\/diariodelsurdigital.com.ar\/index.php?rest_route=\/wp\/v2\/users\/2"}],"replies":[{"embeddable":true,"href":"https:\/\/diariodelsurdigital.com.ar\/index.php?rest_route=%2Fwp%2Fv2%2Fcomments&post=1078"}],"version-history":[{"count":1,"href":"https:\/\/diariodelsurdigital.com.ar\/index.php?rest_route=\/wp\/v2\/posts\/1078\/revisions"}],"predecessor-version":[{"id":1080,"href":"https:\/\/diariodelsurdigital.com.ar\/index.php?rest_route=\/wp\/v2\/posts\/1078\/revisions\/1080"}],"wp:featuredmedia":[{"embeddable":true,"href":"https:\/\/diariodelsurdigital.com.ar\/index.php?rest_route=\/wp\/v2\/media\/1079"}],"wp:attachment":[{"href":"https:\/\/diariodelsurdigital.com.ar\/index.php?rest_route=%2Fwp%2Fv2%2Fmedia&parent=1078"}],"wp:term":[{"taxonomy":"category","embeddable":true,"href":"https:\/\/diariodelsurdigital.com.ar\/index.php?rest_route=%2Fwp%2Fv2%2Fcategories&post=1078"},{"taxonomy":"post_tag","embeddable":true,"href":"https:\/\/diariodelsurdigital.com.ar\/index.php?rest_route=%2Fwp%2Fv2%2Ftags&post=1078"}],"curies":[{"name":"wp","href":"https:\/\/api.w.org\/{rel}","templated":true}]}}