{"id":1096,"date":"2025-02-19T11:31:12","date_gmt":"2025-02-19T14:31:12","guid":{"rendered":"https:\/\/diariodelsurdigital.com.ar\/?p=1096"},"modified":"2025-02-19T11:31:13","modified_gmt":"2025-02-19T14:31:13","slug":"la-fiscalia-acusa-a-bolsonaro-de-liderar-el-intento-de-golpe-contra-lula","status":"publish","type":"post","link":"https:\/\/diariodelsurdigital.com.ar\/?p=1096","title":{"rendered":"La Fiscal\u00eda acusa a Bolsonaro de liderar el intento de golpe contra Lula"},"content":{"rendered":"\n<p>El expresidente brasile\u00f1o Jair Bolsonaro (2019-2022) fue denunciado oficialmente este martes por el fiscal general de Brasil, Paulo Gonet,&nbsp;<strong>por haber liderado un intento de golpe de Estado&nbsp;<\/strong>tras perder las elecciones generales de 2022, con el objetivo impedir la asunci\u00f3n de Luiz In\u00e1cio Lula da Silva.<\/p>\n\n\n\n<p>De esta manera, Bolsonaro&nbsp;<strong>es el primer expresidente de Brasil acusado por la Fiscal\u00eda General de comandar un golpe de Estado<\/strong>, una denuncia que debe ser evaluada por el Supremo Tribunal Federal, la m\u00e1xima corte del pa\u00eds, que debe resolver si habilita el juicio que puede terminar en la prisi\u00f3n del exmandatario con&nbsp;<strong>una pena de hasta 28 a\u00f1os<\/strong>.<\/p>\n\n\n\n<p>La denuncia del fiscal general&nbsp;<strong>indica que Bolsonaro cometi\u00f3 los delitos de tentativa de abolici\u00f3n violenta del estado democr\u00e1tico de derecho<\/strong>&nbsp;y golpe de Estado, de da\u00f1o calificado por violencia y amenaza grave contra patrimonio federal, adem\u00e1s de participaci\u00f3n en una organizaci\u00f3n criminal.<\/p>\n\n\n\n<p>Otras 33 personas, entre militares, secretarios y exministros fueron denunciadas de participar de la trama por la cual est\u00e1 detenido desde 2024 el exjefe de ministros y excandidato a vicepresidente de Bolsonaro en 2022, el general retirado del Ej\u00e9rcito Walter Braga Netto.<\/p>\n\n\n\n<p>La Fiscal\u00eda afirma que&nbsp;<strong>exist\u00eda una organizaci\u00f3n criminal que ten\u00eda como l\u00edderes al propio presidente de la Rep\u00fablica<\/strong>&nbsp;y a su candidato a vicepresidente, el general Braga Netto.<\/p>\n\n\n\n<p>\u00abAmbos aceptaron, alentaron y ejecutaron actos tipificados en la legislaci\u00f3n penal como un atentado contra el bien jur\u00eddico de la existencia e independencia de los poderes y el estado democr\u00e1tico de derecho\u00bb, indic\u00f3.<\/p>\n\n\n\n<p>El expresidente&nbsp;<strong>Bolsonaro est\u00e1 inhabilitado por la justicia electoral de participar de elecciones hasta 2030<\/strong>&nbsp;debido a que fue condenado por utilizar el cargo para denunciar noticias falsas sobre la seguridad de las urnas electr\u00f3nicas. Tambi\u00e9n est\u00e1 siendo investigado por falsificaci\u00f3n de certificados de vacunaci\u00f3n contra la COVID-19 y por un&nbsp;<strong>supuesto contrabando y robo de joyas recibidas por la presidencia brasile\u00f1a durante su mandato.<\/strong><\/p>\n\n\n\n<p>La trama golpista que est\u00e1 siendo denunciada por el fiscal general est\u00e1 vinculada al intento de golpe de Estado del 8 de enero de 2023, cuando&nbsp;<strong>miles de seguidores de Bolsonaro invadieron y destrozaron las sedes de los tres poderes en Brasilia<\/strong>&nbsp;para reclamar a las Fuerzas Armadas dar un golpe de Estado a una semana de la asunci\u00f3n de Lula, el 1 de enero.<\/p>\n","protected":false},"excerpt":{"rendered":"<p>El expresidente brasile\u00f1o Jair Bolsonaro (2019-2022) fue denunciado oficialmente este martes por el fiscal general de Brasil, Paulo Gonet,&nbsp;por haber liderado un intento de golpe de Estado&nbsp;tras perder las elecciones generales de 2022, con el objetivo impedir la asunci\u00f3n de Luiz In\u00e1cio Lula da Silva. De esta manera, Bolsonaro&nbsp;es el primer expresidente de Brasil acusado [&hellip;]<\/p>\n","protected":false},"author":4,"featured_media":1097,"comment_status":"open","ping_status":"open","sticky":false,"template":"","format":"standard","meta":{"footnotes":""},"categories":[20],"tags":[],"class_list":{"0":"post-1096","1":"post","2":"type-post","3":"status-publish","4":"format-standard","5":"has-post-thumbnail","7":"category-internacionales"},"yoast_head":"<!-- This site is optimized with the Yoast SEO plugin v27.4 - https:\/\/yoast.com\/product\/yoast-seo-wordpress\/ -->\n<title>La Fiscal\u00eda acusa a Bolsonaro de liderar el intento de golpe contra Lula - Diario del Sur<\/title>\n<meta name=\"robots\" content=\"index, follow, max-snippet:-1, max-image-preview:large, max-video-preview:-1\" \/>\n<link rel=\"canonical\" href=\"https:\/\/diariodelsurdigital.com.ar\/?p=1096\" \/>\n<meta property=\"og:locale\" content=\"es_ES\" \/>\n<meta property=\"og:type\" content=\"article\" \/>\n<meta property=\"og:title\" content=\"La Fiscal\u00eda acusa a Bolsonaro de liderar el intento de golpe contra Lula - Diario del Sur\" \/>\n<meta property=\"og:description\" content=\"El expresidente brasile\u00f1o Jair Bolsonaro (2019-2022) fue denunciado oficialmente este martes por el fiscal general de Brasil, Paulo Gonet,&nbsp;por haber liderado un intento de golpe de Estado&nbsp;tras perder las elecciones generales de 2022, con el objetivo impedir la asunci\u00f3n de Luiz In\u00e1cio Lula da Silva. De esta manera, Bolsonaro&nbsp;es el primer expresidente de Brasil acusado [&hellip;]\" \/>\n<meta property=\"og:url\" content=\"https:\/\/diariodelsurdigital.com.ar\/?p=1096\" \/>\n<meta property=\"og:site_name\" content=\"Diario del Sur\" \/>\n<meta property=\"article:published_time\" content=\"2025-02-19T14:31:12+00:00\" \/>\n<meta property=\"article:modified_time\" content=\"2025-02-19T14:31:13+00:00\" \/>\n<meta property=\"og:image\" content=\"https:\/\/diariodelsurdigital.com.ar\/wp-content\/uploads\/2025\/02\/brasil-bolsonaro-AFP.jpg\" \/>\n\t<meta property=\"og:image:width\" content=\"1200\" \/>\n\t<meta property=\"og:image:height\" content=\"800\" \/>\n\t<meta property=\"og:image:type\" content=\"image\/jpeg\" \/>\n<meta name=\"author\" content=\"Diario del Sur Digital\" \/>\n<meta name=\"twitter:card\" content=\"summary_large_image\" \/>\n<meta name=\"twitter:label1\" content=\"Escrito por\" \/>\n\t<meta name=\"twitter:data1\" content=\"Diario del Sur Digital\" \/>\n\t<meta name=\"twitter:label2\" content=\"Tiempo de lectura\" \/>\n\t<meta name=\"twitter:data2\" content=\"2 minutos\" \/>\n<script type=\"application\/ld+json\" class=\"yoast-schema-graph\">{\"@context\":\"https:\\\/\\\/schema.org\",\"@graph\":[{\"@type\":\"Article\",\"@id\":\"https:\\\/\\\/diariodelsurdigital.com.ar\\\/?p=1096#article\",\"isPartOf\":{\"@id\":\"https:\\\/\\\/diariodelsurdigital.com.ar\\\/?p=1096\"},\"author\":{\"name\":\"Diario del Sur Digital\",\"@id\":\"https:\\\/\\\/diariodelsurdigital.com.ar\\\/#\\\/schema\\\/person\\\/1a4992532ed62965c968031b49195c81\"},\"headline\":\"La Fiscal\u00eda acusa a Bolsonaro de liderar el intento de golpe contra Lula\",\"datePublished\":\"2025-02-19T14:31:12+00:00\",\"dateModified\":\"2025-02-19T14:31:13+00:00\",\"mainEntityOfPage\":{\"@id\":\"https:\\\/\\\/diariodelsurdigital.com.ar\\\/?p=1096\"},\"wordCount\":430,\"commentCount\":0,\"image\":{\"@id\":\"https:\\\/\\\/diariodelsurdigital.com.ar\\\/?p=1096#primaryimage\"},\"thumbnailUrl\":\"https:\\\/\\\/diariodelsurdigital.com.ar\\\/wp-content\\\/uploads\\\/2025\\\/02\\\/brasil-bolsonaro-AFP.jpg\",\"articleSection\":[\"Internacionales\"],\"inLanguage\":\"es\",\"potentialAction\":[{\"@type\":\"CommentAction\",\"name\":\"Comment\",\"target\":[\"https:\\\/\\\/diariodelsurdigital.com.ar\\\/?p=1096#respond\"]}]},{\"@type\":\"WebPage\",\"@id\":\"https:\\\/\\\/diariodelsurdigital.com.ar\\\/?p=1096\",\"url\":\"https:\\\/\\\/diariodelsurdigital.com.ar\\\/?p=1096\",\"name\":\"La Fiscal\u00eda acusa a Bolsonaro de liderar el intento de golpe contra Lula - Diario del Sur\",\"isPartOf\":{\"@id\":\"https:\\\/\\\/diariodelsurdigital.com.ar\\\/#website\"},\"primaryImageOfPage\":{\"@id\":\"https:\\\/\\\/diariodelsurdigital.com.ar\\\/?p=1096#primaryimage\"},\"image\":{\"@id\":\"https:\\\/\\\/diariodelsurdigital.com.ar\\\/?p=1096#primaryimage\"},\"thumbnailUrl\":\"https:\\\/\\\/diariodelsurdigital.com.ar\\\/wp-content\\\/uploads\\\/2025\\\/02\\\/brasil-bolsonaro-AFP.jpg\",\"datePublished\":\"2025-02-19T14:31:12+00:00\",\"dateModified\":\"2025-02-19T14:31:13+00:00\",\"author\":{\"@id\":\"https:\\\/\\\/diariodelsurdigital.com.ar\\\/#\\\/schema\\\/person\\\/1a4992532ed62965c968031b49195c81\"},\"breadcrumb\":{\"@id\":\"https:\\\/\\\/diariodelsurdigital.com.ar\\\/?p=1096#breadcrumb\"},\"inLanguage\":\"es\",\"potentialAction\":[{\"@type\":\"ReadAction\",\"target\":[\"https:\\\/\\\/diariodelsurdigital.com.ar\\\/?p=1096\"]}]},{\"@type\":\"ImageObject\",\"inLanguage\":\"es\",\"@id\":\"https:\\\/\\\/diariodelsurdigital.com.ar\\\/?p=1096#primaryimage\",\"url\":\"https:\\\/\\\/diariodelsurdigital.com.ar\\\/wp-content\\\/uploads\\\/2025\\\/02\\\/brasil-bolsonaro-AFP.jpg\",\"contentUrl\":\"https:\\\/\\\/diariodelsurdigital.com.ar\\\/wp-content\\\/uploads\\\/2025\\\/02\\\/brasil-bolsonaro-AFP.jpg\",\"width\":1200,\"height\":800},{\"@type\":\"BreadcrumbList\",\"@id\":\"https:\\\/\\\/diariodelsurdigital.com.ar\\\/?p=1096#breadcrumb\",\"itemListElement\":[{\"@type\":\"ListItem\",\"position\":1,\"name\":\"Portada\",\"item\":\"https:\\\/\\\/diariodelsurdigital.com.ar\\\/\"},{\"@type\":\"ListItem\",\"position\":2,\"name\":\"La Fiscal\u00eda acusa a Bolsonaro de liderar el intento de golpe contra Lula\"}]},{\"@type\":\"WebSite\",\"@id\":\"https:\\\/\\\/diariodelsurdigital.com.ar\\\/#website\",\"url\":\"https:\\\/\\\/diariodelsurdigital.com.ar\\\/\",\"name\":\"Diario del Sur\",\"description\":\"Digital\",\"potentialAction\":[{\"@type\":\"SearchAction\",\"target\":{\"@type\":\"EntryPoint\",\"urlTemplate\":\"https:\\\/\\\/diariodelsurdigital.com.ar\\\/?s={search_term_string}\"},\"query-input\":{\"@type\":\"PropertyValueSpecification\",\"valueRequired\":true,\"valueName\":\"search_term_string\"}}],\"inLanguage\":\"es\"},{\"@type\":\"Person\",\"@id\":\"https:\\\/\\\/diariodelsurdigital.com.ar\\\/#\\\/schema\\\/person\\\/1a4992532ed62965c968031b49195c81\",\"name\":\"Diario del Sur Digital\",\"image\":{\"@type\":\"ImageObject\",\"inLanguage\":\"es\",\"@id\":\"https:\\\/\\\/secure.gravatar.com\\\/avatar\\\/f0c7c47fc7146d19828273b9b8eda651c9c7ab583767e6338d3d3bee825adf76?s=96&d=mm&r=g\",\"url\":\"https:\\\/\\\/secure.gravatar.com\\\/avatar\\\/f0c7c47fc7146d19828273b9b8eda651c9c7ab583767e6338d3d3bee825adf76?s=96&d=mm&r=g\",\"contentUrl\":\"https:\\\/\\\/secure.gravatar.com\\\/avatar\\\/f0c7c47fc7146d19828273b9b8eda651c9c7ab583767e6338d3d3bee825adf76?s=96&d=mm&r=g\",\"caption\":\"Diario del Sur Digital\"},\"url\":\"https:\\\/\\\/diariodelsurdigital.com.ar\\\/?author=4\"}]}<\/script>\n<!-- \/ Yoast SEO plugin. -->","yoast_head_json":{"title":"La Fiscal\u00eda acusa a Bolsonaro de liderar el intento de golpe contra Lula - Diario del Sur","robots":{"index":"index","follow":"follow","max-snippet":"max-snippet:-1","max-image-preview":"max-image-preview:large","max-video-preview":"max-video-preview:-1"},"canonical":"https:\/\/diariodelsurdigital.com.ar\/?p=1096","og_locale":"es_ES","og_type":"article","og_title":"La Fiscal\u00eda acusa a Bolsonaro de liderar el intento de golpe contra Lula - Diario del Sur","og_description":"El expresidente brasile\u00f1o Jair Bolsonaro (2019-2022) fue denunciado oficialmente este martes por el fiscal general de Brasil, Paulo Gonet,&nbsp;por haber liderado un intento de golpe de Estado&nbsp;tras perder las elecciones generales de 2022, con el objetivo impedir la asunci\u00f3n de Luiz In\u00e1cio Lula da Silva. De esta manera, Bolsonaro&nbsp;es el primer expresidente de Brasil acusado [&hellip;]","og_url":"https:\/\/diariodelsurdigital.com.ar\/?p=1096","og_site_name":"Diario del Sur","article_published_time":"2025-02-19T14:31:12+00:00","article_modified_time":"2025-02-19T14:31:13+00:00","og_image":[{"width":1200,"height":800,"url":"https:\/\/diariodelsurdigital.com.ar\/wp-content\/uploads\/2025\/02\/brasil-bolsonaro-AFP.jpg","type":"image\/jpeg"}],"author":"Diario del Sur Digital","twitter_card":"summary_large_image","twitter_misc":{"Escrito por":"Diario del Sur Digital","Tiempo de lectura":"2 minutos"},"schema":{"@context":"https:\/\/schema.org","@graph":[{"@type":"Article","@id":"https:\/\/diariodelsurdigital.com.ar\/?p=1096#article","isPartOf":{"@id":"https:\/\/diariodelsurdigital.com.ar\/?p=1096"},"author":{"name":"Diario del Sur Digital","@id":"https:\/\/diariodelsurdigital.com.ar\/#\/schema\/person\/1a4992532ed62965c968031b49195c81"},"headline":"La Fiscal\u00eda acusa a Bolsonaro de liderar el intento de golpe contra Lula","datePublished":"2025-02-19T14:31:12+00:00","dateModified":"2025-02-19T14:31:13+00:00","mainEntityOfPage":{"@id":"https:\/\/diariodelsurdigital.com.ar\/?p=1096"},"wordCount":430,"commentCount":0,"image":{"@id":"https:\/\/diariodelsurdigital.com.ar\/?p=1096#primaryimage"},"thumbnailUrl":"https:\/\/diariodelsurdigital.com.ar\/wp-content\/uploads\/2025\/02\/brasil-bolsonaro-AFP.jpg","articleSection":["Internacionales"],"inLanguage":"es","potentialAction":[{"@type":"CommentAction","name":"Comment","target":["https:\/\/diariodelsurdigital.com.ar\/?p=1096#respond"]}]},{"@type":"WebPage","@id":"https:\/\/diariodelsurdigital.com.ar\/?p=1096","url":"https:\/\/diariodelsurdigital.com.ar\/?p=1096","name":"La Fiscal\u00eda acusa a Bolsonaro de liderar el intento de golpe contra Lula - Diario del Sur","isPartOf":{"@id":"https:\/\/diariodelsurdigital.com.ar\/#website"},"primaryImageOfPage":{"@id":"https:\/\/diariodelsurdigital.com.ar\/?p=1096#primaryimage"},"image":{"@id":"https:\/\/diariodelsurdigital.com.ar\/?p=1096#primaryimage"},"thumbnailUrl":"https:\/\/diariodelsurdigital.com.ar\/wp-content\/uploads\/2025\/02\/brasil-bolsonaro-AFP.jpg","datePublished":"2025-02-19T14:31:12+00:00","dateModified":"2025-02-19T14:31:13+00:00","author":{"@id":"https:\/\/diariodelsurdigital.com.ar\/#\/schema\/person\/1a4992532ed62965c968031b49195c81"},"breadcrumb":{"@id":"https:\/\/diariodelsurdigital.com.ar\/?p=1096#breadcrumb"},"inLanguage":"es","potentialAction":[{"@type":"ReadAction","target":["https:\/\/diariodelsurdigital.com.ar\/?p=1096"]}]},{"@type":"ImageObject","inLanguage":"es","@id":"https:\/\/diariodelsurdigital.com.ar\/?p=1096#primaryimage","url":"https:\/\/diariodelsurdigital.com.ar\/wp-content\/uploads\/2025\/02\/brasil-bolsonaro-AFP.jpg","contentUrl":"https:\/\/diariodelsurdigital.com.ar\/wp-content\/uploads\/2025\/02\/brasil-bolsonaro-AFP.jpg","width":1200,"height":800},{"@type":"BreadcrumbList","@id":"https:\/\/diariodelsurdigital.com.ar\/?p=1096#breadcrumb","itemListElement":[{"@type":"ListItem","position":1,"name":"Portada","item":"https:\/\/diariodelsurdigital.com.ar\/"},{"@type":"ListItem","position":2,"name":"La Fiscal\u00eda acusa a Bolsonaro de liderar el intento de golpe contra Lula"}]},{"@type":"WebSite","@id":"https:\/\/diariodelsurdigital.com.ar\/#website","url":"https:\/\/diariodelsurdigital.com.ar\/","name":"Diario del Sur","description":"Digital","potentialAction":[{"@type":"SearchAction","target":{"@type":"EntryPoint","urlTemplate":"https:\/\/diariodelsurdigital.com.ar\/?s={search_term_string}"},"query-input":{"@type":"PropertyValueSpecification","valueRequired":true,"valueName":"search_term_string"}}],"inLanguage":"es"},{"@type":"Person","@id":"https:\/\/diariodelsurdigital.com.ar\/#\/schema\/person\/1a4992532ed62965c968031b49195c81","name":"Diario del Sur Digital","image":{"@type":"ImageObject","inLanguage":"es","@id":"https:\/\/secure.gravatar.com\/avatar\/f0c7c47fc7146d19828273b9b8eda651c9c7ab583767e6338d3d3bee825adf76?s=96&d=mm&r=g","url":"https:\/\/secure.gravatar.com\/avatar\/f0c7c47fc7146d19828273b9b8eda651c9c7ab583767e6338d3d3bee825adf76?s=96&d=mm&r=g","contentUrl":"https:\/\/secure.gravatar.com\/avatar\/f0c7c47fc7146d19828273b9b8eda651c9c7ab583767e6338d3d3bee825adf76?s=96&d=mm&r=g","caption":"Diario del Sur Digital"},"url":"https:\/\/diariodelsurdigital.com.ar\/?author=4"}]}},"_links":{"self":[{"href":"https:\/\/diariodelsurdigital.com.ar\/index.php?rest_route=\/wp\/v2\/posts\/1096","targetHints":{"allow":["GET"]}}],"collection":[{"href":"https:\/\/diariodelsurdigital.com.ar\/index.php?rest_route=\/wp\/v2\/posts"}],"about":[{"href":"https:\/\/diariodelsurdigital.com.ar\/index.php?rest_route=\/wp\/v2\/types\/post"}],"author":[{"embeddable":true,"href":"https:\/\/diariodelsurdigital.com.ar\/index.php?rest_route=\/wp\/v2\/users\/4"}],"replies":[{"embeddable":true,"href":"https:\/\/diariodelsurdigital.com.ar\/index.php?rest_route=%2Fwp%2Fv2%2Fcomments&post=1096"}],"version-history":[{"count":1,"href":"https:\/\/diariodelsurdigital.com.ar\/index.php?rest_route=\/wp\/v2\/posts\/1096\/revisions"}],"predecessor-version":[{"id":1098,"href":"https:\/\/diariodelsurdigital.com.ar\/index.php?rest_route=\/wp\/v2\/posts\/1096\/revisions\/1098"}],"wp:featuredmedia":[{"embeddable":true,"href":"https:\/\/diariodelsurdigital.com.ar\/index.php?rest_route=\/wp\/v2\/media\/1097"}],"wp:attachment":[{"href":"https:\/\/diariodelsurdigital.com.ar\/index.php?rest_route=%2Fwp%2Fv2%2Fmedia&parent=1096"}],"wp:term":[{"taxonomy":"category","embeddable":true,"href":"https:\/\/diariodelsurdigital.com.ar\/index.php?rest_route=%2Fwp%2Fv2%2Fcategories&post=1096"},{"taxonomy":"post_tag","embeddable":true,"href":"https:\/\/diariodelsurdigital.com.ar\/index.php?rest_route=%2Fwp%2Fv2%2Ftags&post=1096"}],"curies":[{"name":"wp","href":"https:\/\/api.w.org\/{rel}","templated":true}]}}