{"id":1106,"date":"2025-02-19T13:37:59","date_gmt":"2025-02-19T16:37:59","guid":{"rendered":"https:\/\/diariodelsurdigital.com.ar\/?p=1106"},"modified":"2025-02-19T13:38:51","modified_gmt":"2025-02-19T16:38:51","slug":"satalia-mendez-le-responde-a-sastre-no-se-pongan-nerviosos-que-el-mensaje-no-era-para-ustedes","status":"publish","type":"post","link":"https:\/\/diariodelsurdigital.com.ar\/?p=1106","title":{"rendered":"Satal\u00eda M\u00e9ndez le respondi\u00f3 a Sastre: \u201cNo se pongan nerviosos que el mensaje no era para ustedes\u201d"},"content":{"rendered":"\n<p>Mediante un comunicado, el concejal concordiense (PJ) Guillermo Satal\u00eda M\u00e9ndez, le retruc\u00f3 al edil del (Pro) Felipe Sastre, que lo hab\u00eda vinculado con el ex senador Edgardo Kueider. Texto enviado a<strong> Diario del SUR Digital<\/strong>:<\/p>\n\n\n\n<p>Nunca imagin\u00e9 que frente al esc\u00e1ndalo mundial que protagoniz\u00f3 el presidente Milei de p\u00fablico conocimiento, en el que hasta el FBI se involucr\u00f3 en la investigaci\u00f3n por denuncias internacionales, un radical, en principio macrista y ahora en modo libertario, iba a salir a buscar querer silenciarme con chicanas berretas.<\/p>\n\n\n\n<p>La \u00fanica explicaci\u00f3n que le encuentro es que la frase que iba claramente dedicada al presidente, haya hecho mella en las figuras locales, y tengan miedo que as\u00ed como ped\u00ed que el presidente esclarezca lo sucedido, en un futuro lo haga con el intendente, o funcionarios del municipio y se est\u00e9n atajando de algo.<\/p>\n\n\n\n<p>Los que me conocen saben que he trabajado pol\u00edticamente con Kueider, como tambi\u00e9n casi todo el peronismo provincial, ahora eso no quita que la situaci\u00f3n que atraviesa y atraves\u00f3 el ex senador, me haya sorprendido como a todos, y las explicaciones del caso por c\u00f3mo se dieron los hechos \u00e9l las tendr\u00e1 que dar en la justicia.<\/p>\n\n\n\n<p>Ahora, esto es muy simple, lo que ped\u00ed p\u00fablicamente al presidente, que es quien maneja como primer mandatario los destinos de este pa\u00eds, <strong>es que salga a esclarecer el hecho, nunca habl\u00e9 de juicio pol\u00edtico<\/strong>, todo esto antes que saliera la nota que di\u00f3 guionada y editada (para no complicarse judicialmente como el mismo periodista Jony Viale dijo en una interrupci\u00f3n de la entrevista que se filtr\u00f3 por el canal TN). As\u00ed que se v\u00e9 que tan equivocado no estaba con pedir aclaraciones, al final el reportaje trajo m\u00e1s sospechas que certezas al exponerse las \u201cayudas\u00bb de asesores sopl\u00e1ndole en la oreja palabras para que no meta m\u00e1s la pata y un periodista funcional a tal acto.<\/p>\n\n\n\n<p>A los radicales, especialmente Felipe quien parece haber tomado bandera en defensa de Milei antes que los propios concejales libertarios de Concordia, les recomiendo no se fanaticen con Milei al nivel de justificarlo todo, tampoco no se pongan nerviosos el mensaje no era para ustedes, hasta el propio Macri ex referente de Sastre cuestion\u00f3 al presidente.<\/p>\n\n\n\n<p>Me parece importante dejar claro que pese a que busquen silenciarme, o ensuciarme por haber tenido v\u00ednculo pol\u00edtico con tal o cual como tantos otros, es algo que no va a suceder porque no tengo nada que ocultar y adem\u00e1s la conciencia muy tranquila, y adem\u00e1s quiero que sepan que lo que ped\u00ed p\u00fablicamente como ciudadano al Sr. Presidente, como concejal lo har\u00eda tambi\u00e9n para el Sr. Intendente o cualquier miembro del ejecutivo, con la diferencia que en Concordia es mi deber como concejal opositor si sucediese alg\u00fan hecho sospechoso solicitar los informes correspondientes, y en tal caso as\u00ed lo har\u00e9.<\/p>\n","protected":false},"excerpt":{"rendered":"<p>Mediante un comunicado, el concejal concordiense (PJ) Guillermo Satal\u00eda M\u00e9ndez, le retruc\u00f3 al edil del (Pro) Felipe Sastre, que lo hab\u00eda vinculado con el ex senador Edgardo Kueider. Texto enviado a Diario del SUR Digital: Nunca imagin\u00e9 que frente al esc\u00e1ndalo mundial que protagoniz\u00f3 el presidente Milei de p\u00fablico conocimiento, en el que hasta el [&hellip;]<\/p>\n","protected":false},"author":2,"featured_media":1107,"comment_status":"open","ping_status":"open","sticky":false,"template":"","format":"standard","meta":{"footnotes":""},"categories":[16],"tags":[],"class_list":{"0":"post-1106","1":"post","2":"type-post","3":"status-publish","4":"format-standard","5":"has-post-thumbnail","7":"category-locales"},"yoast_head":"<!-- This site is optimized with the Yoast SEO plugin v27.4 - https:\/\/yoast.com\/product\/yoast-seo-wordpress\/ -->\n<title>Satal\u00eda M\u00e9ndez le respondi\u00f3 a Sastre: \u201cNo se pongan nerviosos que el mensaje no era para ustedes\u201d - Diario del Sur<\/title>\n<meta name=\"robots\" content=\"index, follow, max-snippet:-1, max-image-preview:large, max-video-preview:-1\" \/>\n<link rel=\"canonical\" href=\"https:\/\/diariodelsurdigital.com.ar\/?p=1106\" \/>\n<meta property=\"og:locale\" content=\"es_ES\" \/>\n<meta property=\"og:type\" content=\"article\" \/>\n<meta property=\"og:title\" content=\"Satal\u00eda M\u00e9ndez le respondi\u00f3 a Sastre: \u201cNo se pongan nerviosos que el mensaje no era para ustedes\u201d - Diario del Sur\" \/>\n<meta property=\"og:description\" content=\"Mediante un comunicado, el concejal concordiense (PJ) Guillermo Satal\u00eda M\u00e9ndez, le retruc\u00f3 al edil del (Pro) Felipe Sastre, que lo hab\u00eda vinculado con el ex senador Edgardo Kueider. Texto enviado a Diario del SUR Digital: Nunca imagin\u00e9 que frente al esc\u00e1ndalo mundial que protagoniz\u00f3 el presidente Milei de p\u00fablico conocimiento, en el que hasta el [&hellip;]\" \/>\n<meta property=\"og:url\" content=\"https:\/\/diariodelsurdigital.com.ar\/?p=1106\" \/>\n<meta property=\"og:site_name\" content=\"Diario del Sur\" \/>\n<meta property=\"article:published_time\" content=\"2025-02-19T16:37:59+00:00\" \/>\n<meta property=\"article:modified_time\" content=\"2025-02-19T16:38:51+00:00\" \/>\n<meta property=\"og:image\" content=\"https:\/\/diariodelsurdigital.com.ar\/wp-content\/uploads\/2025\/02\/WhatsApp-Image-2024-10-31-at-18.30.05.jpeg\" \/>\n\t<meta property=\"og:image:width\" content=\"473\" \/>\n\t<meta property=\"og:image:height\" content=\"354\" \/>\n\t<meta property=\"og:image:type\" content=\"image\/jpeg\" \/>\n<meta name=\"author\" content=\"Diario del Sur Digital\" \/>\n<meta name=\"twitter:card\" content=\"summary_large_image\" \/>\n<meta name=\"twitter:label1\" content=\"Escrito por\" \/>\n\t<meta name=\"twitter:data1\" content=\"Diario del Sur Digital\" \/>\n\t<meta name=\"twitter:label2\" content=\"Tiempo de lectura\" \/>\n\t<meta name=\"twitter:data2\" content=\"3 minutos\" \/>\n<script type=\"application\/ld+json\" class=\"yoast-schema-graph\">{\"@context\":\"https:\\\/\\\/schema.org\",\"@graph\":[{\"@type\":\"Article\",\"@id\":\"https:\\\/\\\/diariodelsurdigital.com.ar\\\/?p=1106#article\",\"isPartOf\":{\"@id\":\"https:\\\/\\\/diariodelsurdigital.com.ar\\\/?p=1106\"},\"author\":{\"name\":\"Diario del Sur Digital\",\"@id\":\"https:\\\/\\\/diariodelsurdigital.com.ar\\\/#\\\/schema\\\/person\\\/6136a32571657f7dba980b88b04c5465\"},\"headline\":\"Satal\u00eda M\u00e9ndez le respondi\u00f3 a Sastre: \u201cNo se pongan nerviosos que el mensaje no era para ustedes\u201d\",\"datePublished\":\"2025-02-19T16:37:59+00:00\",\"dateModified\":\"2025-02-19T16:38:51+00:00\",\"mainEntityOfPage\":{\"@id\":\"https:\\\/\\\/diariodelsurdigital.com.ar\\\/?p=1106\"},\"wordCount\":515,\"commentCount\":0,\"image\":{\"@id\":\"https:\\\/\\\/diariodelsurdigital.com.ar\\\/?p=1106#primaryimage\"},\"thumbnailUrl\":\"https:\\\/\\\/diariodelsurdigital.com.ar\\\/wp-content\\\/uploads\\\/2025\\\/02\\\/WhatsApp-Image-2024-10-31-at-18.30.05.jpeg\",\"articleSection\":[\"Locales\"],\"inLanguage\":\"es\",\"potentialAction\":[{\"@type\":\"CommentAction\",\"name\":\"Comment\",\"target\":[\"https:\\\/\\\/diariodelsurdigital.com.ar\\\/?p=1106#respond\"]}]},{\"@type\":\"WebPage\",\"@id\":\"https:\\\/\\\/diariodelsurdigital.com.ar\\\/?p=1106\",\"url\":\"https:\\\/\\\/diariodelsurdigital.com.ar\\\/?p=1106\",\"name\":\"Satal\u00eda M\u00e9ndez le respondi\u00f3 a Sastre: \u201cNo se pongan nerviosos que el mensaje no era para ustedes\u201d - Diario del Sur\",\"isPartOf\":{\"@id\":\"https:\\\/\\\/diariodelsurdigital.com.ar\\\/#website\"},\"primaryImageOfPage\":{\"@id\":\"https:\\\/\\\/diariodelsurdigital.com.ar\\\/?p=1106#primaryimage\"},\"image\":{\"@id\":\"https:\\\/\\\/diariodelsurdigital.com.ar\\\/?p=1106#primaryimage\"},\"thumbnailUrl\":\"https:\\\/\\\/diariodelsurdigital.com.ar\\\/wp-content\\\/uploads\\\/2025\\\/02\\\/WhatsApp-Image-2024-10-31-at-18.30.05.jpeg\",\"datePublished\":\"2025-02-19T16:37:59+00:00\",\"dateModified\":\"2025-02-19T16:38:51+00:00\",\"author\":{\"@id\":\"https:\\\/\\\/diariodelsurdigital.com.ar\\\/#\\\/schema\\\/person\\\/6136a32571657f7dba980b88b04c5465\"},\"breadcrumb\":{\"@id\":\"https:\\\/\\\/diariodelsurdigital.com.ar\\\/?p=1106#breadcrumb\"},\"inLanguage\":\"es\",\"potentialAction\":[{\"@type\":\"ReadAction\",\"target\":[\"https:\\\/\\\/diariodelsurdigital.com.ar\\\/?p=1106\"]}]},{\"@type\":\"ImageObject\",\"inLanguage\":\"es\",\"@id\":\"https:\\\/\\\/diariodelsurdigital.com.ar\\\/?p=1106#primaryimage\",\"url\":\"https:\\\/\\\/diariodelsurdigital.com.ar\\\/wp-content\\\/uploads\\\/2025\\\/02\\\/WhatsApp-Image-2024-10-31-at-18.30.05.jpeg\",\"contentUrl\":\"https:\\\/\\\/diariodelsurdigital.com.ar\\\/wp-content\\\/uploads\\\/2025\\\/02\\\/WhatsApp-Image-2024-10-31-at-18.30.05.jpeg\",\"width\":473,\"height\":354},{\"@type\":\"BreadcrumbList\",\"@id\":\"https:\\\/\\\/diariodelsurdigital.com.ar\\\/?p=1106#breadcrumb\",\"itemListElement\":[{\"@type\":\"ListItem\",\"position\":1,\"name\":\"Portada\",\"item\":\"https:\\\/\\\/diariodelsurdigital.com.ar\\\/\"},{\"@type\":\"ListItem\",\"position\":2,\"name\":\"Satal\u00eda M\u00e9ndez le respondi\u00f3 a Sastre: \u201cNo se pongan nerviosos que el mensaje no era para ustedes\u201d\"}]},{\"@type\":\"WebSite\",\"@id\":\"https:\\\/\\\/diariodelsurdigital.com.ar\\\/#website\",\"url\":\"https:\\\/\\\/diariodelsurdigital.com.ar\\\/\",\"name\":\"Diario del Sur\",\"description\":\"Digital\",\"potentialAction\":[{\"@type\":\"SearchAction\",\"target\":{\"@type\":\"EntryPoint\",\"urlTemplate\":\"https:\\\/\\\/diariodelsurdigital.com.ar\\\/?s={search_term_string}\"},\"query-input\":{\"@type\":\"PropertyValueSpecification\",\"valueRequired\":true,\"valueName\":\"search_term_string\"}}],\"inLanguage\":\"es\"},{\"@type\":\"Person\",\"@id\":\"https:\\\/\\\/diariodelsurdigital.com.ar\\\/#\\\/schema\\\/person\\\/6136a32571657f7dba980b88b04c5465\",\"name\":\"Diario del Sur Digital\",\"image\":{\"@type\":\"ImageObject\",\"inLanguage\":\"es\",\"@id\":\"https:\\\/\\\/secure.gravatar.com\\\/avatar\\\/4c29ceac98541dd42460b2474aaa5dd37594d6ce6cb3cf2c101d09b48ee287ba?s=96&d=mm&r=g\",\"url\":\"https:\\\/\\\/secure.gravatar.com\\\/avatar\\\/4c29ceac98541dd42460b2474aaa5dd37594d6ce6cb3cf2c101d09b48ee287ba?s=96&d=mm&r=g\",\"contentUrl\":\"https:\\\/\\\/secure.gravatar.com\\\/avatar\\\/4c29ceac98541dd42460b2474aaa5dd37594d6ce6cb3cf2c101d09b48ee287ba?s=96&d=mm&r=g\",\"caption\":\"Diario del Sur Digital\"},\"url\":\"https:\\\/\\\/diariodelsurdigital.com.ar\\\/?author=2\"}]}<\/script>\n<!-- \/ Yoast SEO plugin. -->","yoast_head_json":{"title":"Satal\u00eda M\u00e9ndez le respondi\u00f3 a Sastre: \u201cNo se pongan nerviosos que el mensaje no era para ustedes\u201d - Diario del Sur","robots":{"index":"index","follow":"follow","max-snippet":"max-snippet:-1","max-image-preview":"max-image-preview:large","max-video-preview":"max-video-preview:-1"},"canonical":"https:\/\/diariodelsurdigital.com.ar\/?p=1106","og_locale":"es_ES","og_type":"article","og_title":"Satal\u00eda M\u00e9ndez le respondi\u00f3 a Sastre: \u201cNo se pongan nerviosos que el mensaje no era para ustedes\u201d - Diario del Sur","og_description":"Mediante un comunicado, el concejal concordiense (PJ) Guillermo Satal\u00eda M\u00e9ndez, le retruc\u00f3 al edil del (Pro) Felipe Sastre, que lo hab\u00eda vinculado con el ex senador Edgardo Kueider. Texto enviado a Diario del SUR Digital: Nunca imagin\u00e9 que frente al esc\u00e1ndalo mundial que protagoniz\u00f3 el presidente Milei de p\u00fablico conocimiento, en el que hasta el [&hellip;]","og_url":"https:\/\/diariodelsurdigital.com.ar\/?p=1106","og_site_name":"Diario del Sur","article_published_time":"2025-02-19T16:37:59+00:00","article_modified_time":"2025-02-19T16:38:51+00:00","og_image":[{"width":473,"height":354,"url":"https:\/\/diariodelsurdigital.com.ar\/wp-content\/uploads\/2025\/02\/WhatsApp-Image-2024-10-31-at-18.30.05.jpeg","type":"image\/jpeg"}],"author":"Diario del Sur Digital","twitter_card":"summary_large_image","twitter_misc":{"Escrito por":"Diario del Sur Digital","Tiempo de lectura":"3 minutos"},"schema":{"@context":"https:\/\/schema.org","@graph":[{"@type":"Article","@id":"https:\/\/diariodelsurdigital.com.ar\/?p=1106#article","isPartOf":{"@id":"https:\/\/diariodelsurdigital.com.ar\/?p=1106"},"author":{"name":"Diario del Sur Digital","@id":"https:\/\/diariodelsurdigital.com.ar\/#\/schema\/person\/6136a32571657f7dba980b88b04c5465"},"headline":"Satal\u00eda M\u00e9ndez le respondi\u00f3 a Sastre: \u201cNo se pongan nerviosos que el mensaje no era para ustedes\u201d","datePublished":"2025-02-19T16:37:59+00:00","dateModified":"2025-02-19T16:38:51+00:00","mainEntityOfPage":{"@id":"https:\/\/diariodelsurdigital.com.ar\/?p=1106"},"wordCount":515,"commentCount":0,"image":{"@id":"https:\/\/diariodelsurdigital.com.ar\/?p=1106#primaryimage"},"thumbnailUrl":"https:\/\/diariodelsurdigital.com.ar\/wp-content\/uploads\/2025\/02\/WhatsApp-Image-2024-10-31-at-18.30.05.jpeg","articleSection":["Locales"],"inLanguage":"es","potentialAction":[{"@type":"CommentAction","name":"Comment","target":["https:\/\/diariodelsurdigital.com.ar\/?p=1106#respond"]}]},{"@type":"WebPage","@id":"https:\/\/diariodelsurdigital.com.ar\/?p=1106","url":"https:\/\/diariodelsurdigital.com.ar\/?p=1106","name":"Satal\u00eda M\u00e9ndez le respondi\u00f3 a Sastre: \u201cNo se pongan nerviosos que el mensaje no era para ustedes\u201d - Diario del Sur","isPartOf":{"@id":"https:\/\/diariodelsurdigital.com.ar\/#website"},"primaryImageOfPage":{"@id":"https:\/\/diariodelsurdigital.com.ar\/?p=1106#primaryimage"},"image":{"@id":"https:\/\/diariodelsurdigital.com.ar\/?p=1106#primaryimage"},"thumbnailUrl":"https:\/\/diariodelsurdigital.com.ar\/wp-content\/uploads\/2025\/02\/WhatsApp-Image-2024-10-31-at-18.30.05.jpeg","datePublished":"2025-02-19T16:37:59+00:00","dateModified":"2025-02-19T16:38:51+00:00","author":{"@id":"https:\/\/diariodelsurdigital.com.ar\/#\/schema\/person\/6136a32571657f7dba980b88b04c5465"},"breadcrumb":{"@id":"https:\/\/diariodelsurdigital.com.ar\/?p=1106#breadcrumb"},"inLanguage":"es","potentialAction":[{"@type":"ReadAction","target":["https:\/\/diariodelsurdigital.com.ar\/?p=1106"]}]},{"@type":"ImageObject","inLanguage":"es","@id":"https:\/\/diariodelsurdigital.com.ar\/?p=1106#primaryimage","url":"https:\/\/diariodelsurdigital.com.ar\/wp-content\/uploads\/2025\/02\/WhatsApp-Image-2024-10-31-at-18.30.05.jpeg","contentUrl":"https:\/\/diariodelsurdigital.com.ar\/wp-content\/uploads\/2025\/02\/WhatsApp-Image-2024-10-31-at-18.30.05.jpeg","width":473,"height":354},{"@type":"BreadcrumbList","@id":"https:\/\/diariodelsurdigital.com.ar\/?p=1106#breadcrumb","itemListElement":[{"@type":"ListItem","position":1,"name":"Portada","item":"https:\/\/diariodelsurdigital.com.ar\/"},{"@type":"ListItem","position":2,"name":"Satal\u00eda M\u00e9ndez le respondi\u00f3 a Sastre: \u201cNo se pongan nerviosos que el mensaje no era para ustedes\u201d"}]},{"@type":"WebSite","@id":"https:\/\/diariodelsurdigital.com.ar\/#website","url":"https:\/\/diariodelsurdigital.com.ar\/","name":"Diario del Sur","description":"Digital","potentialAction":[{"@type":"SearchAction","target":{"@type":"EntryPoint","urlTemplate":"https:\/\/diariodelsurdigital.com.ar\/?s={search_term_string}"},"query-input":{"@type":"PropertyValueSpecification","valueRequired":true,"valueName":"search_term_string"}}],"inLanguage":"es"},{"@type":"Person","@id":"https:\/\/diariodelsurdigital.com.ar\/#\/schema\/person\/6136a32571657f7dba980b88b04c5465","name":"Diario del Sur Digital","image":{"@type":"ImageObject","inLanguage":"es","@id":"https:\/\/secure.gravatar.com\/avatar\/4c29ceac98541dd42460b2474aaa5dd37594d6ce6cb3cf2c101d09b48ee287ba?s=96&d=mm&r=g","url":"https:\/\/secure.gravatar.com\/avatar\/4c29ceac98541dd42460b2474aaa5dd37594d6ce6cb3cf2c101d09b48ee287ba?s=96&d=mm&r=g","contentUrl":"https:\/\/secure.gravatar.com\/avatar\/4c29ceac98541dd42460b2474aaa5dd37594d6ce6cb3cf2c101d09b48ee287ba?s=96&d=mm&r=g","caption":"Diario del Sur Digital"},"url":"https:\/\/diariodelsurdigital.com.ar\/?author=2"}]}},"_links":{"self":[{"href":"https:\/\/diariodelsurdigital.com.ar\/index.php?rest_route=\/wp\/v2\/posts\/1106","targetHints":{"allow":["GET"]}}],"collection":[{"href":"https:\/\/diariodelsurdigital.com.ar\/index.php?rest_route=\/wp\/v2\/posts"}],"about":[{"href":"https:\/\/diariodelsurdigital.com.ar\/index.php?rest_route=\/wp\/v2\/types\/post"}],"author":[{"embeddable":true,"href":"https:\/\/diariodelsurdigital.com.ar\/index.php?rest_route=\/wp\/v2\/users\/2"}],"replies":[{"embeddable":true,"href":"https:\/\/diariodelsurdigital.com.ar\/index.php?rest_route=%2Fwp%2Fv2%2Fcomments&post=1106"}],"version-history":[{"count":2,"href":"https:\/\/diariodelsurdigital.com.ar\/index.php?rest_route=\/wp\/v2\/posts\/1106\/revisions"}],"predecessor-version":[{"id":1109,"href":"https:\/\/diariodelsurdigital.com.ar\/index.php?rest_route=\/wp\/v2\/posts\/1106\/revisions\/1109"}],"wp:featuredmedia":[{"embeddable":true,"href":"https:\/\/diariodelsurdigital.com.ar\/index.php?rest_route=\/wp\/v2\/media\/1107"}],"wp:attachment":[{"href":"https:\/\/diariodelsurdigital.com.ar\/index.php?rest_route=%2Fwp%2Fv2%2Fmedia&parent=1106"}],"wp:term":[{"taxonomy":"category","embeddable":true,"href":"https:\/\/diariodelsurdigital.com.ar\/index.php?rest_route=%2Fwp%2Fv2%2Fcategories&post=1106"},{"taxonomy":"post_tag","embeddable":true,"href":"https:\/\/diariodelsurdigital.com.ar\/index.php?rest_route=%2Fwp%2Fv2%2Ftags&post=1106"}],"curies":[{"name":"wp","href":"https:\/\/api.w.org\/{rel}","templated":true}]}}