{"id":1115,"date":"2025-02-21T20:26:05","date_gmt":"2025-02-21T23:26:05","guid":{"rendered":"https:\/\/diariodelsurdigital.com.ar\/?p=1115"},"modified":"2025-02-21T20:26:06","modified_gmt":"2025-02-21T23:26:06","slug":"explican-el-aumento-de-tasas-votado-tambien-por-concejales-justicialistas","status":"publish","type":"post","link":"https:\/\/diariodelsurdigital.com.ar\/?p=1115","title":{"rendered":"Explican el aumento de tasas votado tambi\u00e9n por concejales justicialistas"},"content":{"rendered":"\n<h2 class=\"wp-block-heading\" id=\"nota-title\">Desde el municipio se dieron explicaciones sobre las facturas de tasas que llegan con aumentos<\/h2>\n\n\n\n<p>La Direcci\u00f3n de Rentas inform\u00f3 sobre las actualizaciones tributarias, nuevas exenciones y un nuevo r\u00e9gimen de peque\u00f1os contribuyentes de Tasa Comercial, remarcando que fueron aprobadas por el Concejo Deliberante de Concordia.<\/p>\n\n\n\n<p><a href=\"whatsapp:\/\/send?text=DRU:%20Desde%20el%20municipio%20se%20dieron%20explicaciones%20sobre%20las%20facturas%20de%20tasas%20que%20llegan%20con%20aumentos%20-%20https:\/\/www.diarioriouruguay.com.ar\/uid-85123\"><\/a><a href=\"https:\/\/www.diarioriouruguay.com.ar\/economia\/desde-el-municipio-se-dieron-explicaciones-sobre-las-facturas-de-tasas-que-llegan-con-aumentos.htm#\"><\/a><a href=\"https:\/\/www.diarioriouruguay.com.ar\/economia\/desde-el-municipio-se-dieron-explicaciones-sobre-las-facturas-de-tasas-que-llegan-con-aumentos.htm#\"><\/a><\/p>\n\n\n\n<p>Seg\u00fan se explic\u00f3 oficialmente, \u201cesa norma \u201chab\u00eda establecido un 80% con respecto al a\u00f1o anterior. A pesar de ello, el municipio hizo el esfuerzo de cobrar durante todo el a\u00f1o 2024 los mismos valores, habiendo tenido la facultad de actualizarlos conforme la Ordenanza Tributaria, e hizo un aumento de los aval\u00faos&nbsp;<strong>acorde a la provincia de Entre R\u00edos, en un 146%, a pesar de que la inflaci\u00f3n hab\u00eda sido del 211,4% en 2023\u201d.<\/strong><\/p>\n\n\n\n<h5 class=\"wp-block-heading\">Nuevo a\u00f1o<\/h5>\n\n\n\n<p>En lo que respecta al a\u00f1o 2025, dado que a\u00fan no se encuentran publicados los aval\u00faos para determinar el Impuesto Inmobiliario Provincial, desde el municipio&nbsp;<strong>\u201cse consider\u00f3 pertinente aumentar en un 140% los aval\u00faos para el a\u00f1o 2025<\/strong>, en igual relaci\u00f3n al aumento de los m\u00ednimos de dichas Tasas establecidos en la Ordenanza Tributaria para el a\u00f1o 2025, aprobada por el Concejo Deliberante N\u00b038.539.<\/p>\n\n\n\n<p>La comuna considera que \u201ces importante destacar que para este a\u00f1o se dispuso, para la Tasa General Inmobiliaria, un mejor descuento para el pago de cada anticipo antes del primer vencimiento del 15%. Con estas medidas el aumento promedio de la Tasa General Inmobiliaria ronda el 122%\u201d.<\/p>\n\n\n\n<p>Tambi\u00e9n eval\u00faa que \u201ces importante poner en conocimiento que hasta el 28 de febrero estar\u00e1 disponible la posibilidad de adherir a un Plan Especial de Regularizaci\u00f3n de deudas exclusivo de Tasa General Inmobiliaria donde se condona el 50% de los intereses por mora en tanto se regularice la deuda al contado o el 30% si se consolida en 3 cuotas con d\u00e9bito autom\u00e1tico\u201d.<\/p>\n\n\n\n<h5 class=\"wp-block-heading\">Tasa comercial<\/h5>\n\n\n\n<p>Con respecto al Nuevo R\u00e9gimen de Peque\u00f1os Contribuyentes de Tasa Comercial, se inform\u00f3 que \u201ccon el Nuevo C\u00f3digo Tributario, Ordenanza N\u00b0 38.538 y la nueva Ordenanza Tributaria para el a\u00f1o 2025, N\u00b038.539, se aprob\u00f3 un nuevo r\u00e9gimen para peque\u00f1os contribuyentes de Tasa Comercial que permite adherir a aquellos vecinos que se encuentran inscriptos en el R\u00e9gimen Simplificado para Peque\u00f1os Contribuyentes de la Agencia de Recaudaci\u00f3n y Control Aduanero (ARCA \u2013 Ex AFIP) en la categor\u00eda A del mismo\u201d.<\/p>\n\n\n\n<p>Es as\u00ed que, \u201cgracias a este nuevo r\u00e9gimen, ya son 1.000 nuevos vecinos que pudieron pasar a este r\u00e9gimen especial solo abonando un incremento del 70% con respecto a lo que ven\u00edan abonando en 2024. El anterior r\u00e9gimen era muy limitado y solo pod\u00edan acceder un escaso n\u00famero de contribuyentes\u201d, se se\u00f1al\u00f3 desde la comuna. Agregando que \u201clos interesados en adherirse pueden hacerlo en las oficinas de la Direcci\u00f3n de Rentas ubicadas en la planta baja del Centro C\u00edvico\u201d.<\/p>\n\n\n\n<h5 class=\"wp-block-heading\">Nuevas exenciones<\/h5>\n\n\n\n<p>Por otro lado, argumentando \u201cel objetivo de fomentar, el desarrollo y empleo en nuestra ciudad, a partir del nuevo C\u00f3digo Tributario Municipal, Ordenanza N\u00b0 38.538 se establecieron las siguientes nuevas exenciones en Tasa Comercial:<\/p>\n\n\n\n<p><em>a) Los alquileres de inmuebles con destino comercial hasta 200 metros cuadrados.<br>b) La actividad hotelera vinculada al turismo, producto de inversiones nuevas desarrolladas en establecimientos radicados en el ejido de Concordia, durante los primeros tres (3) a\u00f1os a partir del inicio de la actividad.<br>c) La actividad de cocheras por hora dentro del radio del Estacionamiento Medido, producto de inversiones nuevas, durante los primeros tres (3) a\u00f1os a partir del inicio de la actividad.<\/em><\/p>\n\n\n\n<p>Asimismo, \u201ca partir de la Ordenanza N\u00b0 38.529, aprobada por el Concejo Deliberante, se establecieron exenciones de Tasa Comercial y Tasa General Inmobiliaria, por 5 a\u00f1os con la posibilidad de prorrogarlas, para aquellas empresas de Econom\u00eda del Conocimiento radicadas en la ciudad\u201d.<\/p>\n\n\n\n<h5 class=\"wp-block-heading\">Ampliaci\u00f3n de la base tributaria<\/h5>\n\n\n\n<p>Seg\u00fan se se\u00f1al\u00f3 tambi\u00e9n desde el municipio, \u201cdesde la Direcci\u00f3n de Rentas se viene trabajando en ampliar la base tributaria\u201d, por lo que \u201cen el a\u00f1o 2024 se triplicaron las fiscalizaciones con respecto al a\u00f1o anterior\u201d, a la par que \u201cconstantemente se hace cruce de informaci\u00f3n con ATER, detectando importante padr\u00f3n de contribuyentes no inscriptos en la Tasa Comercial a los cuales se los est\u00e1 notificando e iniciando fiscalizaci\u00f3n\u201d. Subrayando que&nbsp;<strong>\u201centre los verificados se encuentran de todo tipo de potenciales contribuyentes desde peque\u00f1as a grandes empresas como financieras, plataformas electr\u00f3nicas, entre otros\u201d.<\/strong><\/p>\n\n\n\n<h5 class=\"wp-block-heading\">Alumbrado p\u00fablico<\/h5>\n\n\n\n<p>Seg\u00fan se se\u00f1al\u00f3, \u201ca partir de la Reforma Tributaria, se pudo establecer un tope al costo del alumbrado p\u00fablico de manera de aliviar a los contribuyentes, beneficiando a m\u00e1s de 2000 micros, peque\u00f1as y medianas empresas\u201d.<\/p>\n\n\n\n<p>Actualmente y hasta el 31 de marzo \u201cse encuentra abierta la inscripci\u00f3n para que los usuarios comerciales puedan gozar de la exenci\u00f3n del 50% de dicha tasa en tanto cumplan con los requisitos establecidos en la Ordenanza Tributaria. El tr\u00e1mite se hace online desde el m\u00f3dulo de presentaci\u00f3n de declaraciones juradas de Tasa Comercial\u201d.<\/p>\n\n\n\n<p>Como cierre, el comunicado oficial del municipio remarca que, como ya lo ha se\u00f1alado el Intendente Francisco Azcu\u00e9,&nbsp;<strong>\u201clo logrado hasta el momento no es permanente, sino que se continuar\u00e1 trabajando para bajar la carga fiscal\u201d<\/strong>. Se\u00f1al\u00e1ndose que \u201cel a\u00f1o 2025 reci\u00e9n comienza y se seguir\u00e1 trabajando con el Concejo Deliberante y las organizaciones intermedias en cambios estructurales para mejorar la situaci\u00f3n de nuestra ciudad, es pos de equidad y equilibrio fiscal\u201d.<\/p>\n\n\n\n<p><a href=\"whatsapp:\/\/send?text=DRU:%20Desde%20el%20municipio%20se%20dieron%20explicaciones%20sobre%20las%20facturas%20de%20tasas%20que%20llegan%20con%20aumentos%20-%20https:\/\/www.diarioriouruguay.com.ar\/uid-85123\"><\/a><\/p>\n","protected":false},"excerpt":{"rendered":"<p>Desde el municipio se dieron explicaciones sobre las facturas de tasas que llegan con aumentos La Direcci\u00f3n de Rentas inform\u00f3 sobre las actualizaciones tributarias, nuevas exenciones y un nuevo r\u00e9gimen de peque\u00f1os contribuyentes de Tasa Comercial, remarcando que fueron aprobadas por el Concejo Deliberante de Concordia. Seg\u00fan se explic\u00f3 oficialmente, \u201cesa norma \u201chab\u00eda establecido un [&hellip;]<\/p>\n","protected":false},"author":2,"featured_media":1116,"comment_status":"open","ping_status":"open","sticky":false,"template":"","format":"standard","meta":{"footnotes":""},"categories":[16],"tags":[],"class_list":{"0":"post-1115","1":"post","2":"type-post","3":"status-publish","4":"format-standard","5":"has-post-thumbnail","7":"category-locales"},"yoast_head":"<!-- This site is optimized with the Yoast SEO plugin v27.4 - https:\/\/yoast.com\/product\/yoast-seo-wordpress\/ -->\n<title>Explican el aumento de tasas votado tambi\u00e9n por concejales justicialistas - Diario del Sur<\/title>\n<meta name=\"robots\" content=\"index, follow, max-snippet:-1, max-image-preview:large, max-video-preview:-1\" \/>\n<link rel=\"canonical\" href=\"https:\/\/diariodelsurdigital.com.ar\/?p=1115\" \/>\n<meta property=\"og:locale\" content=\"es_ES\" \/>\n<meta property=\"og:type\" content=\"article\" \/>\n<meta property=\"og:title\" content=\"Explican el aumento de tasas votado tambi\u00e9n por concejales justicialistas - Diario del Sur\" \/>\n<meta property=\"og:description\" content=\"Desde el municipio se dieron explicaciones sobre las facturas de tasas que llegan con aumentos La Direcci\u00f3n de Rentas inform\u00f3 sobre las actualizaciones tributarias, nuevas exenciones y un nuevo r\u00e9gimen de peque\u00f1os contribuyentes de Tasa Comercial, remarcando que fueron aprobadas por el Concejo Deliberante de Concordia. Seg\u00fan se explic\u00f3 oficialmente, \u201cesa norma \u201chab\u00eda establecido un [&hellip;]\" \/>\n<meta property=\"og:url\" content=\"https:\/\/diariodelsurdigital.com.ar\/?p=1115\" \/>\n<meta property=\"og:site_name\" content=\"Diario del Sur\" \/>\n<meta property=\"article:published_time\" content=\"2025-02-21T23:26:05+00:00\" \/>\n<meta property=\"article:modified_time\" content=\"2025-02-21T23:26:06+00:00\" \/>\n<meta property=\"og:image\" content=\"https:\/\/diariodelsurdigital.com.ar\/wp-content\/uploads\/2025\/02\/concejales-pj-concordiajpg.png\" \/>\n\t<meta property=\"og:image:width\" content=\"428\" \/>\n\t<meta property=\"og:image:height\" content=\"337\" \/>\n\t<meta property=\"og:image:type\" content=\"image\/png\" \/>\n<meta name=\"author\" content=\"Diario del Sur Digital\" \/>\n<meta name=\"twitter:card\" content=\"summary_large_image\" \/>\n<meta name=\"twitter:label1\" content=\"Escrito por\" \/>\n\t<meta name=\"twitter:data1\" content=\"Diario del Sur Digital\" \/>\n\t<meta name=\"twitter:label2\" content=\"Tiempo de lectura\" \/>\n\t<meta name=\"twitter:data2\" content=\"5 minutos\" \/>\n<script type=\"application\/ld+json\" class=\"yoast-schema-graph\">{\"@context\":\"https:\\\/\\\/schema.org\",\"@graph\":[{\"@type\":\"Article\",\"@id\":\"https:\\\/\\\/diariodelsurdigital.com.ar\\\/?p=1115#article\",\"isPartOf\":{\"@id\":\"https:\\\/\\\/diariodelsurdigital.com.ar\\\/?p=1115\"},\"author\":{\"name\":\"Diario del Sur Digital\",\"@id\":\"https:\\\/\\\/diariodelsurdigital.com.ar\\\/#\\\/schema\\\/person\\\/6136a32571657f7dba980b88b04c5465\"},\"headline\":\"Explican el aumento de tasas votado tambi\u00e9n por concejales justicialistas\",\"datePublished\":\"2025-02-21T23:26:05+00:00\",\"dateModified\":\"2025-02-21T23:26:06+00:00\",\"mainEntityOfPage\":{\"@id\":\"https:\\\/\\\/diariodelsurdigital.com.ar\\\/?p=1115\"},\"wordCount\":931,\"commentCount\":0,\"image\":{\"@id\":\"https:\\\/\\\/diariodelsurdigital.com.ar\\\/?p=1115#primaryimage\"},\"thumbnailUrl\":\"https:\\\/\\\/diariodelsurdigital.com.ar\\\/wp-content\\\/uploads\\\/2025\\\/02\\\/concejales-pj-concordiajpg.png\",\"articleSection\":[\"Locales\"],\"inLanguage\":\"es\",\"potentialAction\":[{\"@type\":\"CommentAction\",\"name\":\"Comment\",\"target\":[\"https:\\\/\\\/diariodelsurdigital.com.ar\\\/?p=1115#respond\"]}]},{\"@type\":\"WebPage\",\"@id\":\"https:\\\/\\\/diariodelsurdigital.com.ar\\\/?p=1115\",\"url\":\"https:\\\/\\\/diariodelsurdigital.com.ar\\\/?p=1115\",\"name\":\"Explican el aumento de tasas votado tambi\u00e9n por concejales justicialistas - Diario del Sur\",\"isPartOf\":{\"@id\":\"https:\\\/\\\/diariodelsurdigital.com.ar\\\/#website\"},\"primaryImageOfPage\":{\"@id\":\"https:\\\/\\\/diariodelsurdigital.com.ar\\\/?p=1115#primaryimage\"},\"image\":{\"@id\":\"https:\\\/\\\/diariodelsurdigital.com.ar\\\/?p=1115#primaryimage\"},\"thumbnailUrl\":\"https:\\\/\\\/diariodelsurdigital.com.ar\\\/wp-content\\\/uploads\\\/2025\\\/02\\\/concejales-pj-concordiajpg.png\",\"datePublished\":\"2025-02-21T23:26:05+00:00\",\"dateModified\":\"2025-02-21T23:26:06+00:00\",\"author\":{\"@id\":\"https:\\\/\\\/diariodelsurdigital.com.ar\\\/#\\\/schema\\\/person\\\/6136a32571657f7dba980b88b04c5465\"},\"breadcrumb\":{\"@id\":\"https:\\\/\\\/diariodelsurdigital.com.ar\\\/?p=1115#breadcrumb\"},\"inLanguage\":\"es\",\"potentialAction\":[{\"@type\":\"ReadAction\",\"target\":[\"https:\\\/\\\/diariodelsurdigital.com.ar\\\/?p=1115\"]}]},{\"@type\":\"ImageObject\",\"inLanguage\":\"es\",\"@id\":\"https:\\\/\\\/diariodelsurdigital.com.ar\\\/?p=1115#primaryimage\",\"url\":\"https:\\\/\\\/diariodelsurdigital.com.ar\\\/wp-content\\\/uploads\\\/2025\\\/02\\\/concejales-pj-concordiajpg.png\",\"contentUrl\":\"https:\\\/\\\/diariodelsurdigital.com.ar\\\/wp-content\\\/uploads\\\/2025\\\/02\\\/concejales-pj-concordiajpg.png\",\"width\":428,\"height\":337},{\"@type\":\"BreadcrumbList\",\"@id\":\"https:\\\/\\\/diariodelsurdigital.com.ar\\\/?p=1115#breadcrumb\",\"itemListElement\":[{\"@type\":\"ListItem\",\"position\":1,\"name\":\"Portada\",\"item\":\"https:\\\/\\\/diariodelsurdigital.com.ar\\\/\"},{\"@type\":\"ListItem\",\"position\":2,\"name\":\"Explican el aumento de tasas votado tambi\u00e9n por concejales justicialistas\"}]},{\"@type\":\"WebSite\",\"@id\":\"https:\\\/\\\/diariodelsurdigital.com.ar\\\/#website\",\"url\":\"https:\\\/\\\/diariodelsurdigital.com.ar\\\/\",\"name\":\"Diario del Sur\",\"description\":\"Digital\",\"potentialAction\":[{\"@type\":\"SearchAction\",\"target\":{\"@type\":\"EntryPoint\",\"urlTemplate\":\"https:\\\/\\\/diariodelsurdigital.com.ar\\\/?s={search_term_string}\"},\"query-input\":{\"@type\":\"PropertyValueSpecification\",\"valueRequired\":true,\"valueName\":\"search_term_string\"}}],\"inLanguage\":\"es\"},{\"@type\":\"Person\",\"@id\":\"https:\\\/\\\/diariodelsurdigital.com.ar\\\/#\\\/schema\\\/person\\\/6136a32571657f7dba980b88b04c5465\",\"name\":\"Diario del Sur Digital\",\"image\":{\"@type\":\"ImageObject\",\"inLanguage\":\"es\",\"@id\":\"https:\\\/\\\/secure.gravatar.com\\\/avatar\\\/4c29ceac98541dd42460b2474aaa5dd37594d6ce6cb3cf2c101d09b48ee287ba?s=96&d=mm&r=g\",\"url\":\"https:\\\/\\\/secure.gravatar.com\\\/avatar\\\/4c29ceac98541dd42460b2474aaa5dd37594d6ce6cb3cf2c101d09b48ee287ba?s=96&d=mm&r=g\",\"contentUrl\":\"https:\\\/\\\/secure.gravatar.com\\\/avatar\\\/4c29ceac98541dd42460b2474aaa5dd37594d6ce6cb3cf2c101d09b48ee287ba?s=96&d=mm&r=g\",\"caption\":\"Diario del Sur Digital\"},\"url\":\"https:\\\/\\\/diariodelsurdigital.com.ar\\\/?author=2\"}]}<\/script>\n<!-- \/ Yoast SEO plugin. -->","yoast_head_json":{"title":"Explican el aumento de tasas votado tambi\u00e9n por concejales justicialistas - Diario del Sur","robots":{"index":"index","follow":"follow","max-snippet":"max-snippet:-1","max-image-preview":"max-image-preview:large","max-video-preview":"max-video-preview:-1"},"canonical":"https:\/\/diariodelsurdigital.com.ar\/?p=1115","og_locale":"es_ES","og_type":"article","og_title":"Explican el aumento de tasas votado tambi\u00e9n por concejales justicialistas - Diario del Sur","og_description":"Desde el municipio se dieron explicaciones sobre las facturas de tasas que llegan con aumentos La Direcci\u00f3n de Rentas inform\u00f3 sobre las actualizaciones tributarias, nuevas exenciones y un nuevo r\u00e9gimen de peque\u00f1os contribuyentes de Tasa Comercial, remarcando que fueron aprobadas por el Concejo Deliberante de Concordia. Seg\u00fan se explic\u00f3 oficialmente, \u201cesa norma \u201chab\u00eda establecido un [&hellip;]","og_url":"https:\/\/diariodelsurdigital.com.ar\/?p=1115","og_site_name":"Diario del Sur","article_published_time":"2025-02-21T23:26:05+00:00","article_modified_time":"2025-02-21T23:26:06+00:00","og_image":[{"width":428,"height":337,"url":"https:\/\/diariodelsurdigital.com.ar\/wp-content\/uploads\/2025\/02\/concejales-pj-concordiajpg.png","type":"image\/png"}],"author":"Diario del Sur Digital","twitter_card":"summary_large_image","twitter_misc":{"Escrito por":"Diario del Sur Digital","Tiempo de lectura":"5 minutos"},"schema":{"@context":"https:\/\/schema.org","@graph":[{"@type":"Article","@id":"https:\/\/diariodelsurdigital.com.ar\/?p=1115#article","isPartOf":{"@id":"https:\/\/diariodelsurdigital.com.ar\/?p=1115"},"author":{"name":"Diario del Sur Digital","@id":"https:\/\/diariodelsurdigital.com.ar\/#\/schema\/person\/6136a32571657f7dba980b88b04c5465"},"headline":"Explican el aumento de tasas votado tambi\u00e9n por concejales justicialistas","datePublished":"2025-02-21T23:26:05+00:00","dateModified":"2025-02-21T23:26:06+00:00","mainEntityOfPage":{"@id":"https:\/\/diariodelsurdigital.com.ar\/?p=1115"},"wordCount":931,"commentCount":0,"image":{"@id":"https:\/\/diariodelsurdigital.com.ar\/?p=1115#primaryimage"},"thumbnailUrl":"https:\/\/diariodelsurdigital.com.ar\/wp-content\/uploads\/2025\/02\/concejales-pj-concordiajpg.png","articleSection":["Locales"],"inLanguage":"es","potentialAction":[{"@type":"CommentAction","name":"Comment","target":["https:\/\/diariodelsurdigital.com.ar\/?p=1115#respond"]}]},{"@type":"WebPage","@id":"https:\/\/diariodelsurdigital.com.ar\/?p=1115","url":"https:\/\/diariodelsurdigital.com.ar\/?p=1115","name":"Explican el aumento de tasas votado tambi\u00e9n por concejales justicialistas - Diario del Sur","isPartOf":{"@id":"https:\/\/diariodelsurdigital.com.ar\/#website"},"primaryImageOfPage":{"@id":"https:\/\/diariodelsurdigital.com.ar\/?p=1115#primaryimage"},"image":{"@id":"https:\/\/diariodelsurdigital.com.ar\/?p=1115#primaryimage"},"thumbnailUrl":"https:\/\/diariodelsurdigital.com.ar\/wp-content\/uploads\/2025\/02\/concejales-pj-concordiajpg.png","datePublished":"2025-02-21T23:26:05+00:00","dateModified":"2025-02-21T23:26:06+00:00","author":{"@id":"https:\/\/diariodelsurdigital.com.ar\/#\/schema\/person\/6136a32571657f7dba980b88b04c5465"},"breadcrumb":{"@id":"https:\/\/diariodelsurdigital.com.ar\/?p=1115#breadcrumb"},"inLanguage":"es","potentialAction":[{"@type":"ReadAction","target":["https:\/\/diariodelsurdigital.com.ar\/?p=1115"]}]},{"@type":"ImageObject","inLanguage":"es","@id":"https:\/\/diariodelsurdigital.com.ar\/?p=1115#primaryimage","url":"https:\/\/diariodelsurdigital.com.ar\/wp-content\/uploads\/2025\/02\/concejales-pj-concordiajpg.png","contentUrl":"https:\/\/diariodelsurdigital.com.ar\/wp-content\/uploads\/2025\/02\/concejales-pj-concordiajpg.png","width":428,"height":337},{"@type":"BreadcrumbList","@id":"https:\/\/diariodelsurdigital.com.ar\/?p=1115#breadcrumb","itemListElement":[{"@type":"ListItem","position":1,"name":"Portada","item":"https:\/\/diariodelsurdigital.com.ar\/"},{"@type":"ListItem","position":2,"name":"Explican el aumento de tasas votado tambi\u00e9n por concejales justicialistas"}]},{"@type":"WebSite","@id":"https:\/\/diariodelsurdigital.com.ar\/#website","url":"https:\/\/diariodelsurdigital.com.ar\/","name":"Diario del Sur","description":"Digital","potentialAction":[{"@type":"SearchAction","target":{"@type":"EntryPoint","urlTemplate":"https:\/\/diariodelsurdigital.com.ar\/?s={search_term_string}"},"query-input":{"@type":"PropertyValueSpecification","valueRequired":true,"valueName":"search_term_string"}}],"inLanguage":"es"},{"@type":"Person","@id":"https:\/\/diariodelsurdigital.com.ar\/#\/schema\/person\/6136a32571657f7dba980b88b04c5465","name":"Diario del Sur Digital","image":{"@type":"ImageObject","inLanguage":"es","@id":"https:\/\/secure.gravatar.com\/avatar\/4c29ceac98541dd42460b2474aaa5dd37594d6ce6cb3cf2c101d09b48ee287ba?s=96&d=mm&r=g","url":"https:\/\/secure.gravatar.com\/avatar\/4c29ceac98541dd42460b2474aaa5dd37594d6ce6cb3cf2c101d09b48ee287ba?s=96&d=mm&r=g","contentUrl":"https:\/\/secure.gravatar.com\/avatar\/4c29ceac98541dd42460b2474aaa5dd37594d6ce6cb3cf2c101d09b48ee287ba?s=96&d=mm&r=g","caption":"Diario del Sur Digital"},"url":"https:\/\/diariodelsurdigital.com.ar\/?author=2"}]}},"_links":{"self":[{"href":"https:\/\/diariodelsurdigital.com.ar\/index.php?rest_route=\/wp\/v2\/posts\/1115","targetHints":{"allow":["GET"]}}],"collection":[{"href":"https:\/\/diariodelsurdigital.com.ar\/index.php?rest_route=\/wp\/v2\/posts"}],"about":[{"href":"https:\/\/diariodelsurdigital.com.ar\/index.php?rest_route=\/wp\/v2\/types\/post"}],"author":[{"embeddable":true,"href":"https:\/\/diariodelsurdigital.com.ar\/index.php?rest_route=\/wp\/v2\/users\/2"}],"replies":[{"embeddable":true,"href":"https:\/\/diariodelsurdigital.com.ar\/index.php?rest_route=%2Fwp%2Fv2%2Fcomments&post=1115"}],"version-history":[{"count":1,"href":"https:\/\/diariodelsurdigital.com.ar\/index.php?rest_route=\/wp\/v2\/posts\/1115\/revisions"}],"predecessor-version":[{"id":1117,"href":"https:\/\/diariodelsurdigital.com.ar\/index.php?rest_route=\/wp\/v2\/posts\/1115\/revisions\/1117"}],"wp:featuredmedia":[{"embeddable":true,"href":"https:\/\/diariodelsurdigital.com.ar\/index.php?rest_route=\/wp\/v2\/media\/1116"}],"wp:attachment":[{"href":"https:\/\/diariodelsurdigital.com.ar\/index.php?rest_route=%2Fwp%2Fv2%2Fmedia&parent=1115"}],"wp:term":[{"taxonomy":"category","embeddable":true,"href":"https:\/\/diariodelsurdigital.com.ar\/index.php?rest_route=%2Fwp%2Fv2%2Fcategories&post=1115"},{"taxonomy":"post_tag","embeddable":true,"href":"https:\/\/diariodelsurdigital.com.ar\/index.php?rest_route=%2Fwp%2Fv2%2Ftags&post=1115"}],"curies":[{"name":"wp","href":"https:\/\/api.w.org\/{rel}","templated":true}]}}