{"id":1118,"date":"2025-02-21T20:59:38","date_gmt":"2025-02-21T23:59:38","guid":{"rendered":"https:\/\/diariodelsurdigital.com.ar\/?p=1118"},"modified":"2025-02-21T20:59:39","modified_gmt":"2025-02-21T23:59:39","slug":"se-viene-otra-ola-de-calor-en-la-region","status":"publish","type":"post","link":"https:\/\/diariodelsurdigital.com.ar\/?p=1118","title":{"rendered":"Se viene otra ola de calor en la regi\u00f3n"},"content":{"rendered":"\n<h2 class=\"wp-block-heading\" id=\"nota-title\"><\/h2>\n\n\n\n<p>Entre el pr\u00f3ximo domingo 23, lunes 24 y martes 25 de febrero, las elevadas temperaturas ganar\u00e1n protagonismo.<\/p>\n\n\n\n<p><a href=\"whatsapp:\/\/send?text=DRU:%20Viernes%20inestable%20en%20Concordia%20y%20un%20cierre%20de%20febrero%20con%20la%20vuelta%20del%20calor%20-%20https:\/\/www.diarioriouruguay.com.ar\/uid-85121\"><\/a><a href=\"https:\/\/www.diarioriouruguay.com.ar\/concordia\/viernes-inestable-en-concordia-y-un-cierre-de-febrero-con-la-vuelta-del-calor.htm#\"><\/a><a href=\"https:\/\/www.diarioriouruguay.com.ar\/concordia\/viernes-inestable-en-concordia-y-un-cierre-de-febrero-con-la-vuelta-del-calor.htm#\"><\/a><\/p>\n\n\n\n<p>A su vez, para este cierre de semana se prev\u00e9 una temperatura m\u00ednima de 22 grados y una m\u00e1xima que podr\u00eda trepar hasta los 33.<\/p>\n\n\n\n<h5 class=\"wp-block-heading\">Calor<\/h5>\n\n\n\n<p>Por otro lado, se ratific\u00f3 que el \u00faltimo tramo de febrero finalizar\u00e1 con una intensa ola de calor en gran parte del pa\u00eds, la cual se mantendr\u00eda por varios d\u00edas. Entre el pr\u00f3ximo domingo 23, lunes 24 y martes 25, las elevadas temperaturas ganar\u00e1n protagonismo.<\/p>\n\n\n\n<p>Es que para esas jornadas se prev\u00e9 un nuevo evento de temperaturas extremas, en amplias regiones, alcanzando m\u00e1ximas que van a promediar los 43\u00b0C en algunos puntos. Se tratar\u00eda del 4to evento de la temporada.<\/p>\n\n\n\n<p>En Concordia y la regi\u00f3n, para esos d\u00edas, se esperan m\u00e1ximas de entre 36 y 39 grados.<\/p>\n\n\n\n<h4 class=\"wp-block-heading\"> <\/h4>\n\n\n\n<p><a href=\"https:\/\/www.diarioriouruguay.com.ar\/temas\/CLIMA\"> <\/a><\/p>\n\n\n\n<p><a href=\"whatsapp:\/\/send?text=DRU:%20Viernes%20inestable%20en%20Concordia%20y%20un%20cierre%20de%20febrero%20con%20la%20vuelta%20del%20calor%20-%20https:\/\/www.diarioriouruguay.com.ar\/uid-85121\"><\/a><\/p>\n","protected":false},"excerpt":{"rendered":"<p>Entre el pr\u00f3ximo domingo 23, lunes 24 y martes 25 de febrero, las elevadas temperaturas ganar\u00e1n protagonismo. A su vez, para este cierre de semana se prev\u00e9 una temperatura m\u00ednima de 22 grados y una m\u00e1xima que podr\u00eda trepar hasta los 33. Calor Por otro lado, se ratific\u00f3 que el \u00faltimo tramo de febrero finalizar\u00e1 [&hellip;]<\/p>\n","protected":false},"author":2,"featured_media":1119,"comment_status":"open","ping_status":"open","sticky":false,"template":"","format":"standard","meta":{"footnotes":""},"categories":[17],"tags":[],"class_list":{"0":"post-1118","1":"post","2":"type-post","3":"status-publish","4":"format-standard","5":"has-post-thumbnail","7":"category-provinciales"},"yoast_head":"<!-- This site is optimized with the Yoast SEO plugin v27.4 - https:\/\/yoast.com\/product\/yoast-seo-wordpress\/ -->\n<title>Se viene otra ola de calor en la regi\u00f3n - Diario del Sur<\/title>\n<meta name=\"robots\" content=\"index, follow, max-snippet:-1, max-image-preview:large, max-video-preview:-1\" \/>\n<link rel=\"canonical\" href=\"https:\/\/diariodelsurdigital.com.ar\/?p=1118\" \/>\n<meta property=\"og:locale\" content=\"es_ES\" \/>\n<meta property=\"og:type\" content=\"article\" \/>\n<meta property=\"og:title\" content=\"Se viene otra ola de calor en la regi\u00f3n - Diario del Sur\" \/>\n<meta property=\"og:description\" content=\"Entre el pr\u00f3ximo domingo 23, lunes 24 y martes 25 de febrero, las elevadas temperaturas ganar\u00e1n protagonismo. A su vez, para este cierre de semana se prev\u00e9 una temperatura m\u00ednima de 22 grados y una m\u00e1xima que podr\u00eda trepar hasta los 33. Calor Por otro lado, se ratific\u00f3 que el \u00faltimo tramo de febrero finalizar\u00e1 [&hellip;]\" \/>\n<meta property=\"og:url\" content=\"https:\/\/diariodelsurdigital.com.ar\/?p=1118\" \/>\n<meta property=\"og:site_name\" content=\"Diario del Sur\" \/>\n<meta property=\"article:published_time\" content=\"2025-02-21T23:59:38+00:00\" \/>\n<meta property=\"article:modified_time\" content=\"2025-02-21T23:59:39+00:00\" \/>\n<meta property=\"og:image\" content=\"https:\/\/diariodelsurdigital.com.ar\/wp-content\/uploads\/2025\/02\/ola-de-calor-en-mexico-1593198.jpg\" \/>\n\t<meta property=\"og:image:width\" content=\"493\" \/>\n\t<meta property=\"og:image:height\" content=\"277\" \/>\n\t<meta property=\"og:image:type\" content=\"image\/jpeg\" \/>\n<meta name=\"author\" content=\"Diario del Sur Digital\" \/>\n<meta name=\"twitter:card\" content=\"summary_large_image\" \/>\n<meta name=\"twitter:label1\" content=\"Escrito por\" \/>\n\t<meta name=\"twitter:data1\" content=\"Diario del Sur Digital\" \/>\n\t<meta name=\"twitter:label2\" content=\"Tiempo de lectura\" \/>\n\t<meta name=\"twitter:data2\" content=\"1 minuto\" \/>\n<script type=\"application\/ld+json\" class=\"yoast-schema-graph\">{\"@context\":\"https:\\\/\\\/schema.org\",\"@graph\":[{\"@type\":\"Article\",\"@id\":\"https:\\\/\\\/diariodelsurdigital.com.ar\\\/?p=1118#article\",\"isPartOf\":{\"@id\":\"https:\\\/\\\/diariodelsurdigital.com.ar\\\/?p=1118\"},\"author\":{\"name\":\"Diario del Sur Digital\",\"@id\":\"https:\\\/\\\/diariodelsurdigital.com.ar\\\/#\\\/schema\\\/person\\\/6136a32571657f7dba980b88b04c5465\"},\"headline\":\"Se viene otra ola de calor en la regi\u00f3n\",\"datePublished\":\"2025-02-21T23:59:38+00:00\",\"dateModified\":\"2025-02-21T23:59:39+00:00\",\"mainEntityOfPage\":{\"@id\":\"https:\\\/\\\/diariodelsurdigital.com.ar\\\/?p=1118\"},\"wordCount\":155,\"commentCount\":0,\"image\":{\"@id\":\"https:\\\/\\\/diariodelsurdigital.com.ar\\\/?p=1118#primaryimage\"},\"thumbnailUrl\":\"https:\\\/\\\/diariodelsurdigital.com.ar\\\/wp-content\\\/uploads\\\/2025\\\/02\\\/ola-de-calor-en-mexico-1593198.jpg\",\"articleSection\":[\"Provinciales\"],\"inLanguage\":\"es\",\"potentialAction\":[{\"@type\":\"CommentAction\",\"name\":\"Comment\",\"target\":[\"https:\\\/\\\/diariodelsurdigital.com.ar\\\/?p=1118#respond\"]}]},{\"@type\":\"WebPage\",\"@id\":\"https:\\\/\\\/diariodelsurdigital.com.ar\\\/?p=1118\",\"url\":\"https:\\\/\\\/diariodelsurdigital.com.ar\\\/?p=1118\",\"name\":\"Se viene otra ola de calor en la regi\u00f3n - Diario del Sur\",\"isPartOf\":{\"@id\":\"https:\\\/\\\/diariodelsurdigital.com.ar\\\/#website\"},\"primaryImageOfPage\":{\"@id\":\"https:\\\/\\\/diariodelsurdigital.com.ar\\\/?p=1118#primaryimage\"},\"image\":{\"@id\":\"https:\\\/\\\/diariodelsurdigital.com.ar\\\/?p=1118#primaryimage\"},\"thumbnailUrl\":\"https:\\\/\\\/diariodelsurdigital.com.ar\\\/wp-content\\\/uploads\\\/2025\\\/02\\\/ola-de-calor-en-mexico-1593198.jpg\",\"datePublished\":\"2025-02-21T23:59:38+00:00\",\"dateModified\":\"2025-02-21T23:59:39+00:00\",\"author\":{\"@id\":\"https:\\\/\\\/diariodelsurdigital.com.ar\\\/#\\\/schema\\\/person\\\/6136a32571657f7dba980b88b04c5465\"},\"breadcrumb\":{\"@id\":\"https:\\\/\\\/diariodelsurdigital.com.ar\\\/?p=1118#breadcrumb\"},\"inLanguage\":\"es\",\"potentialAction\":[{\"@type\":\"ReadAction\",\"target\":[\"https:\\\/\\\/diariodelsurdigital.com.ar\\\/?p=1118\"]}]},{\"@type\":\"ImageObject\",\"inLanguage\":\"es\",\"@id\":\"https:\\\/\\\/diariodelsurdigital.com.ar\\\/?p=1118#primaryimage\",\"url\":\"https:\\\/\\\/diariodelsurdigital.com.ar\\\/wp-content\\\/uploads\\\/2025\\\/02\\\/ola-de-calor-en-mexico-1593198.jpg\",\"contentUrl\":\"https:\\\/\\\/diariodelsurdigital.com.ar\\\/wp-content\\\/uploads\\\/2025\\\/02\\\/ola-de-calor-en-mexico-1593198.jpg\",\"width\":493,\"height\":277},{\"@type\":\"BreadcrumbList\",\"@id\":\"https:\\\/\\\/diariodelsurdigital.com.ar\\\/?p=1118#breadcrumb\",\"itemListElement\":[{\"@type\":\"ListItem\",\"position\":1,\"name\":\"Portada\",\"item\":\"https:\\\/\\\/diariodelsurdigital.com.ar\\\/\"},{\"@type\":\"ListItem\",\"position\":2,\"name\":\"Se viene otra ola de calor en la regi\u00f3n\"}]},{\"@type\":\"WebSite\",\"@id\":\"https:\\\/\\\/diariodelsurdigital.com.ar\\\/#website\",\"url\":\"https:\\\/\\\/diariodelsurdigital.com.ar\\\/\",\"name\":\"Diario del Sur\",\"description\":\"Digital\",\"potentialAction\":[{\"@type\":\"SearchAction\",\"target\":{\"@type\":\"EntryPoint\",\"urlTemplate\":\"https:\\\/\\\/diariodelsurdigital.com.ar\\\/?s={search_term_string}\"},\"query-input\":{\"@type\":\"PropertyValueSpecification\",\"valueRequired\":true,\"valueName\":\"search_term_string\"}}],\"inLanguage\":\"es\"},{\"@type\":\"Person\",\"@id\":\"https:\\\/\\\/diariodelsurdigital.com.ar\\\/#\\\/schema\\\/person\\\/6136a32571657f7dba980b88b04c5465\",\"name\":\"Diario del Sur Digital\",\"image\":{\"@type\":\"ImageObject\",\"inLanguage\":\"es\",\"@id\":\"https:\\\/\\\/secure.gravatar.com\\\/avatar\\\/4c29ceac98541dd42460b2474aaa5dd37594d6ce6cb3cf2c101d09b48ee287ba?s=96&d=mm&r=g\",\"url\":\"https:\\\/\\\/secure.gravatar.com\\\/avatar\\\/4c29ceac98541dd42460b2474aaa5dd37594d6ce6cb3cf2c101d09b48ee287ba?s=96&d=mm&r=g\",\"contentUrl\":\"https:\\\/\\\/secure.gravatar.com\\\/avatar\\\/4c29ceac98541dd42460b2474aaa5dd37594d6ce6cb3cf2c101d09b48ee287ba?s=96&d=mm&r=g\",\"caption\":\"Diario del Sur Digital\"},\"url\":\"https:\\\/\\\/diariodelsurdigital.com.ar\\\/?author=2\"}]}<\/script>\n<!-- \/ Yoast SEO plugin. -->","yoast_head_json":{"title":"Se viene otra ola de calor en la regi\u00f3n - Diario del Sur","robots":{"index":"index","follow":"follow","max-snippet":"max-snippet:-1","max-image-preview":"max-image-preview:large","max-video-preview":"max-video-preview:-1"},"canonical":"https:\/\/diariodelsurdigital.com.ar\/?p=1118","og_locale":"es_ES","og_type":"article","og_title":"Se viene otra ola de calor en la regi\u00f3n - Diario del Sur","og_description":"Entre el pr\u00f3ximo domingo 23, lunes 24 y martes 25 de febrero, las elevadas temperaturas ganar\u00e1n protagonismo. A su vez, para este cierre de semana se prev\u00e9 una temperatura m\u00ednima de 22 grados y una m\u00e1xima que podr\u00eda trepar hasta los 33. Calor Por otro lado, se ratific\u00f3 que el \u00faltimo tramo de febrero finalizar\u00e1 [&hellip;]","og_url":"https:\/\/diariodelsurdigital.com.ar\/?p=1118","og_site_name":"Diario del Sur","article_published_time":"2025-02-21T23:59:38+00:00","article_modified_time":"2025-02-21T23:59:39+00:00","og_image":[{"width":493,"height":277,"url":"https:\/\/diariodelsurdigital.com.ar\/wp-content\/uploads\/2025\/02\/ola-de-calor-en-mexico-1593198.jpg","type":"image\/jpeg"}],"author":"Diario del Sur Digital","twitter_card":"summary_large_image","twitter_misc":{"Escrito por":"Diario del Sur Digital","Tiempo de lectura":"1 minuto"},"schema":{"@context":"https:\/\/schema.org","@graph":[{"@type":"Article","@id":"https:\/\/diariodelsurdigital.com.ar\/?p=1118#article","isPartOf":{"@id":"https:\/\/diariodelsurdigital.com.ar\/?p=1118"},"author":{"name":"Diario del Sur Digital","@id":"https:\/\/diariodelsurdigital.com.ar\/#\/schema\/person\/6136a32571657f7dba980b88b04c5465"},"headline":"Se viene otra ola de calor en la regi\u00f3n","datePublished":"2025-02-21T23:59:38+00:00","dateModified":"2025-02-21T23:59:39+00:00","mainEntityOfPage":{"@id":"https:\/\/diariodelsurdigital.com.ar\/?p=1118"},"wordCount":155,"commentCount":0,"image":{"@id":"https:\/\/diariodelsurdigital.com.ar\/?p=1118#primaryimage"},"thumbnailUrl":"https:\/\/diariodelsurdigital.com.ar\/wp-content\/uploads\/2025\/02\/ola-de-calor-en-mexico-1593198.jpg","articleSection":["Provinciales"],"inLanguage":"es","potentialAction":[{"@type":"CommentAction","name":"Comment","target":["https:\/\/diariodelsurdigital.com.ar\/?p=1118#respond"]}]},{"@type":"WebPage","@id":"https:\/\/diariodelsurdigital.com.ar\/?p=1118","url":"https:\/\/diariodelsurdigital.com.ar\/?p=1118","name":"Se viene otra ola de calor en la regi\u00f3n - Diario del Sur","isPartOf":{"@id":"https:\/\/diariodelsurdigital.com.ar\/#website"},"primaryImageOfPage":{"@id":"https:\/\/diariodelsurdigital.com.ar\/?p=1118#primaryimage"},"image":{"@id":"https:\/\/diariodelsurdigital.com.ar\/?p=1118#primaryimage"},"thumbnailUrl":"https:\/\/diariodelsurdigital.com.ar\/wp-content\/uploads\/2025\/02\/ola-de-calor-en-mexico-1593198.jpg","datePublished":"2025-02-21T23:59:38+00:00","dateModified":"2025-02-21T23:59:39+00:00","author":{"@id":"https:\/\/diariodelsurdigital.com.ar\/#\/schema\/person\/6136a32571657f7dba980b88b04c5465"},"breadcrumb":{"@id":"https:\/\/diariodelsurdigital.com.ar\/?p=1118#breadcrumb"},"inLanguage":"es","potentialAction":[{"@type":"ReadAction","target":["https:\/\/diariodelsurdigital.com.ar\/?p=1118"]}]},{"@type":"ImageObject","inLanguage":"es","@id":"https:\/\/diariodelsurdigital.com.ar\/?p=1118#primaryimage","url":"https:\/\/diariodelsurdigital.com.ar\/wp-content\/uploads\/2025\/02\/ola-de-calor-en-mexico-1593198.jpg","contentUrl":"https:\/\/diariodelsurdigital.com.ar\/wp-content\/uploads\/2025\/02\/ola-de-calor-en-mexico-1593198.jpg","width":493,"height":277},{"@type":"BreadcrumbList","@id":"https:\/\/diariodelsurdigital.com.ar\/?p=1118#breadcrumb","itemListElement":[{"@type":"ListItem","position":1,"name":"Portada","item":"https:\/\/diariodelsurdigital.com.ar\/"},{"@type":"ListItem","position":2,"name":"Se viene otra ola de calor en la regi\u00f3n"}]},{"@type":"WebSite","@id":"https:\/\/diariodelsurdigital.com.ar\/#website","url":"https:\/\/diariodelsurdigital.com.ar\/","name":"Diario del Sur","description":"Digital","potentialAction":[{"@type":"SearchAction","target":{"@type":"EntryPoint","urlTemplate":"https:\/\/diariodelsurdigital.com.ar\/?s={search_term_string}"},"query-input":{"@type":"PropertyValueSpecification","valueRequired":true,"valueName":"search_term_string"}}],"inLanguage":"es"},{"@type":"Person","@id":"https:\/\/diariodelsurdigital.com.ar\/#\/schema\/person\/6136a32571657f7dba980b88b04c5465","name":"Diario del Sur Digital","image":{"@type":"ImageObject","inLanguage":"es","@id":"https:\/\/secure.gravatar.com\/avatar\/4c29ceac98541dd42460b2474aaa5dd37594d6ce6cb3cf2c101d09b48ee287ba?s=96&d=mm&r=g","url":"https:\/\/secure.gravatar.com\/avatar\/4c29ceac98541dd42460b2474aaa5dd37594d6ce6cb3cf2c101d09b48ee287ba?s=96&d=mm&r=g","contentUrl":"https:\/\/secure.gravatar.com\/avatar\/4c29ceac98541dd42460b2474aaa5dd37594d6ce6cb3cf2c101d09b48ee287ba?s=96&d=mm&r=g","caption":"Diario del Sur Digital"},"url":"https:\/\/diariodelsurdigital.com.ar\/?author=2"}]}},"_links":{"self":[{"href":"https:\/\/diariodelsurdigital.com.ar\/index.php?rest_route=\/wp\/v2\/posts\/1118","targetHints":{"allow":["GET"]}}],"collection":[{"href":"https:\/\/diariodelsurdigital.com.ar\/index.php?rest_route=\/wp\/v2\/posts"}],"about":[{"href":"https:\/\/diariodelsurdigital.com.ar\/index.php?rest_route=\/wp\/v2\/types\/post"}],"author":[{"embeddable":true,"href":"https:\/\/diariodelsurdigital.com.ar\/index.php?rest_route=\/wp\/v2\/users\/2"}],"replies":[{"embeddable":true,"href":"https:\/\/diariodelsurdigital.com.ar\/index.php?rest_route=%2Fwp%2Fv2%2Fcomments&post=1118"}],"version-history":[{"count":1,"href":"https:\/\/diariodelsurdigital.com.ar\/index.php?rest_route=\/wp\/v2\/posts\/1118\/revisions"}],"predecessor-version":[{"id":1120,"href":"https:\/\/diariodelsurdigital.com.ar\/index.php?rest_route=\/wp\/v2\/posts\/1118\/revisions\/1120"}],"wp:featuredmedia":[{"embeddable":true,"href":"https:\/\/diariodelsurdigital.com.ar\/index.php?rest_route=\/wp\/v2\/media\/1119"}],"wp:attachment":[{"href":"https:\/\/diariodelsurdigital.com.ar\/index.php?rest_route=%2Fwp%2Fv2%2Fmedia&parent=1118"}],"wp:term":[{"taxonomy":"category","embeddable":true,"href":"https:\/\/diariodelsurdigital.com.ar\/index.php?rest_route=%2Fwp%2Fv2%2Fcategories&post=1118"},{"taxonomy":"post_tag","embeddable":true,"href":"https:\/\/diariodelsurdigital.com.ar\/index.php?rest_route=%2Fwp%2Fv2%2Ftags&post=1118"}],"curies":[{"name":"wp","href":"https:\/\/api.w.org\/{rel}","templated":true}]}}