{"id":1121,"date":"2025-02-21T21:06:46","date_gmt":"2025-02-22T00:06:46","guid":{"rendered":"https:\/\/diariodelsurdigital.com.ar\/?p=1121"},"modified":"2025-02-21T21:06:47","modified_gmt":"2025-02-22T00:06:47","slug":"agmer-ratifico-el-rechazo-a-la-propuesta-salarial-del-gobierno-provincial","status":"publish","type":"post","link":"https:\/\/diariodelsurdigital.com.ar\/?p=1121","title":{"rendered":"Agmer ratific\u00f3 el rechazo a la propuesta salarial del gobierno provincial"},"content":{"rendered":"\n<p>La propuesta consist\u00eda en la cobertura contra la inflaci\u00f3n anual; incremento del Fondo Provincial de Incentivo Docente (Fopid); compromiso para trabajar sobre el desachatamiento de la pir\u00e1mide salarial y avanzar en la implementaci\u00f3n de un boleto docente para transporte urbano con una bonificaci\u00f3n.<\/p>\n\n\n\n<p>Al respecto, el secretario general de Agmer, Marcelo Pagani, explic\u00f3 que el congreso gremial \u201cratific\u00f3 la necesidad de tener una propuesta con porcentajes por encima de la inflaci\u00f3n, la actualizaci\u00f3n de la base de c\u00e1lculo y una oferta que ayude a corregir las distorsiones del escalaf\u00f3n\u201d.<\/p>\n\n\n\n<p>De acuerdo con lo que comunic\u00f3, los paritarios docentes acudir\u00e1n el martes 25, a las 11, a una audiencia de conciliaci\u00f3n convocada por la secretar\u00eda provincial de Trabajo.<\/p>\n\n\n\n<p>\u201cSi en la reuni\u00f3n hubiera una propuesta superadora, la discutiremos en asambleas en las escuelas y en congreso; pero si el Gobierno provincial ratifica lo que ya rechazamos, el congreso facult\u00f3 a la Comisi\u00f3n Directiva Central a definir acciones en caso de que no haya una propuesta\u201d, explic\u00f3 Pagani.<br>El gremialista dio cuenta de la \u00abpreocupaci\u00f3n porque, luego de tres encuentros paritarios, nunca se dio cuenta de los planteos de los trabajadores\u201d; y acus\u00f3: \u201cNo hay voluntad pol\u00edtica de parte del gobierno provincial de presentar una propuesta para recuperar gradualmente el salario docente, que est\u00e1 ante una situaci\u00f3n absolutamente delicada\u201d.<\/p>\n\n\n\n<p>Finalmente, confirm\u00f3 la adhesi\u00f3n de Agmer a la convocatoria al paro nacional y movilizaci\u00f3n docente para este lunes, en coincidencia con el comienzo del ciclo lectivo 2025.<\/p>\n\n\n\n<p>\u201cLas razones son m\u00faltiples; la motosierra pas\u00f3 por Educaci\u00f3n y afect\u00f3 al 43% de los recursos previstos, la p\u00e9rdida del Fonid y de una paritaria salarial nacional que nos otorgue un piso que permit\u00eda romper con las asimetr\u00edas salariales del pa\u00eds\u201d, argument\u00f3.<\/p>\n\n\n\n<p><\/p>\n\n\n\n<p><strong>Fuente:<\/strong>\u00a0Elonce.com<\/p>\n","protected":false},"excerpt":{"rendered":"<p>La propuesta consist\u00eda en la cobertura contra la inflaci\u00f3n anual; incremento del Fondo Provincial de Incentivo Docente (Fopid); compromiso para trabajar sobre el desachatamiento de la pir\u00e1mide salarial y avanzar en la implementaci\u00f3n de un boleto docente para transporte urbano con una bonificaci\u00f3n. Al respecto, el secretario general de Agmer, Marcelo Pagani, explic\u00f3 que el [&hellip;]<\/p>\n","protected":false},"author":2,"featured_media":1122,"comment_status":"open","ping_status":"open","sticky":false,"template":"","format":"standard","meta":{"footnotes":""},"categories":[17],"tags":[],"class_list":{"0":"post-1121","1":"post","2":"type-post","3":"status-publish","4":"format-standard","5":"has-post-thumbnail","7":"category-provinciales"},"yoast_head":"<!-- This site is optimized with the Yoast SEO plugin v27.4 - https:\/\/yoast.com\/product\/yoast-seo-wordpress\/ -->\n<title>Agmer ratific\u00f3 el rechazo a la propuesta salarial del gobierno provincial - Diario del Sur<\/title>\n<meta name=\"robots\" content=\"index, follow, max-snippet:-1, max-image-preview:large, max-video-preview:-1\" \/>\n<link rel=\"canonical\" href=\"https:\/\/diariodelsurdigital.com.ar\/?p=1121\" \/>\n<meta property=\"og:locale\" content=\"es_ES\" \/>\n<meta property=\"og:type\" content=\"article\" \/>\n<meta property=\"og:title\" content=\"Agmer ratific\u00f3 el rechazo a la propuesta salarial del gobierno provincial - Diario del Sur\" \/>\n<meta property=\"og:description\" content=\"La propuesta consist\u00eda en la cobertura contra la inflaci\u00f3n anual; incremento del Fondo Provincial de Incentivo Docente (Fopid); compromiso para trabajar sobre el desachatamiento de la pir\u00e1mide salarial y avanzar en la implementaci\u00f3n de un boleto docente para transporte urbano con una bonificaci\u00f3n. Al respecto, el secretario general de Agmer, Marcelo Pagani, explic\u00f3 que el [&hellip;]\" \/>\n<meta property=\"og:url\" content=\"https:\/\/diariodelsurdigital.com.ar\/?p=1121\" \/>\n<meta property=\"og:site_name\" content=\"Diario del Sur\" \/>\n<meta property=\"article:published_time\" content=\"2025-02-22T00:06:46+00:00\" \/>\n<meta property=\"article:modified_time\" content=\"2025-02-22T00:06:47+00:00\" \/>\n<meta property=\"og:image\" content=\"https:\/\/diariodelsurdigital.com.ar\/wp-content\/uploads\/2025\/02\/l_1740170181.jpg\" \/>\n\t<meta property=\"og:image:width\" content=\"511\" \/>\n\t<meta property=\"og:image:height\" content=\"317\" \/>\n\t<meta property=\"og:image:type\" content=\"image\/jpeg\" \/>\n<meta name=\"author\" content=\"Diario del Sur Digital\" \/>\n<meta name=\"twitter:card\" content=\"summary_large_image\" \/>\n<meta name=\"twitter:label1\" content=\"Escrito por\" \/>\n\t<meta name=\"twitter:data1\" content=\"Diario del Sur Digital\" \/>\n\t<meta name=\"twitter:label2\" content=\"Tiempo de lectura\" \/>\n\t<meta name=\"twitter:data2\" content=\"2 minutos\" \/>\n<script type=\"application\/ld+json\" class=\"yoast-schema-graph\">{\"@context\":\"https:\\\/\\\/schema.org\",\"@graph\":[{\"@type\":\"Article\",\"@id\":\"https:\\\/\\\/diariodelsurdigital.com.ar\\\/?p=1121#article\",\"isPartOf\":{\"@id\":\"https:\\\/\\\/diariodelsurdigital.com.ar\\\/?p=1121\"},\"author\":{\"name\":\"Diario del Sur Digital\",\"@id\":\"https:\\\/\\\/diariodelsurdigital.com.ar\\\/#\\\/schema\\\/person\\\/6136a32571657f7dba980b88b04c5465\"},\"headline\":\"Agmer ratific\u00f3 el rechazo a la propuesta salarial del gobierno provincial\",\"datePublished\":\"2025-02-22T00:06:46+00:00\",\"dateModified\":\"2025-02-22T00:06:47+00:00\",\"mainEntityOfPage\":{\"@id\":\"https:\\\/\\\/diariodelsurdigital.com.ar\\\/?p=1121\"},\"wordCount\":321,\"commentCount\":0,\"image\":{\"@id\":\"https:\\\/\\\/diariodelsurdigital.com.ar\\\/?p=1121#primaryimage\"},\"thumbnailUrl\":\"https:\\\/\\\/diariodelsurdigital.com.ar\\\/wp-content\\\/uploads\\\/2025\\\/02\\\/l_1740170181.jpg\",\"articleSection\":[\"Provinciales\"],\"inLanguage\":\"es\",\"potentialAction\":[{\"@type\":\"CommentAction\",\"name\":\"Comment\",\"target\":[\"https:\\\/\\\/diariodelsurdigital.com.ar\\\/?p=1121#respond\"]}]},{\"@type\":\"WebPage\",\"@id\":\"https:\\\/\\\/diariodelsurdigital.com.ar\\\/?p=1121\",\"url\":\"https:\\\/\\\/diariodelsurdigital.com.ar\\\/?p=1121\",\"name\":\"Agmer ratific\u00f3 el rechazo a la propuesta salarial del gobierno provincial - Diario del Sur\",\"isPartOf\":{\"@id\":\"https:\\\/\\\/diariodelsurdigital.com.ar\\\/#website\"},\"primaryImageOfPage\":{\"@id\":\"https:\\\/\\\/diariodelsurdigital.com.ar\\\/?p=1121#primaryimage\"},\"image\":{\"@id\":\"https:\\\/\\\/diariodelsurdigital.com.ar\\\/?p=1121#primaryimage\"},\"thumbnailUrl\":\"https:\\\/\\\/diariodelsurdigital.com.ar\\\/wp-content\\\/uploads\\\/2025\\\/02\\\/l_1740170181.jpg\",\"datePublished\":\"2025-02-22T00:06:46+00:00\",\"dateModified\":\"2025-02-22T00:06:47+00:00\",\"author\":{\"@id\":\"https:\\\/\\\/diariodelsurdigital.com.ar\\\/#\\\/schema\\\/person\\\/6136a32571657f7dba980b88b04c5465\"},\"breadcrumb\":{\"@id\":\"https:\\\/\\\/diariodelsurdigital.com.ar\\\/?p=1121#breadcrumb\"},\"inLanguage\":\"es\",\"potentialAction\":[{\"@type\":\"ReadAction\",\"target\":[\"https:\\\/\\\/diariodelsurdigital.com.ar\\\/?p=1121\"]}]},{\"@type\":\"ImageObject\",\"inLanguage\":\"es\",\"@id\":\"https:\\\/\\\/diariodelsurdigital.com.ar\\\/?p=1121#primaryimage\",\"url\":\"https:\\\/\\\/diariodelsurdigital.com.ar\\\/wp-content\\\/uploads\\\/2025\\\/02\\\/l_1740170181.jpg\",\"contentUrl\":\"https:\\\/\\\/diariodelsurdigital.com.ar\\\/wp-content\\\/uploads\\\/2025\\\/02\\\/l_1740170181.jpg\",\"width\":511,\"height\":317},{\"@type\":\"BreadcrumbList\",\"@id\":\"https:\\\/\\\/diariodelsurdigital.com.ar\\\/?p=1121#breadcrumb\",\"itemListElement\":[{\"@type\":\"ListItem\",\"position\":1,\"name\":\"Portada\",\"item\":\"https:\\\/\\\/diariodelsurdigital.com.ar\\\/\"},{\"@type\":\"ListItem\",\"position\":2,\"name\":\"Agmer ratific\u00f3 el rechazo a la propuesta salarial del gobierno provincial\"}]},{\"@type\":\"WebSite\",\"@id\":\"https:\\\/\\\/diariodelsurdigital.com.ar\\\/#website\",\"url\":\"https:\\\/\\\/diariodelsurdigital.com.ar\\\/\",\"name\":\"Diario del Sur\",\"description\":\"Digital\",\"potentialAction\":[{\"@type\":\"SearchAction\",\"target\":{\"@type\":\"EntryPoint\",\"urlTemplate\":\"https:\\\/\\\/diariodelsurdigital.com.ar\\\/?s={search_term_string}\"},\"query-input\":{\"@type\":\"PropertyValueSpecification\",\"valueRequired\":true,\"valueName\":\"search_term_string\"}}],\"inLanguage\":\"es\"},{\"@type\":\"Person\",\"@id\":\"https:\\\/\\\/diariodelsurdigital.com.ar\\\/#\\\/schema\\\/person\\\/6136a32571657f7dba980b88b04c5465\",\"name\":\"Diario del Sur Digital\",\"image\":{\"@type\":\"ImageObject\",\"inLanguage\":\"es\",\"@id\":\"https:\\\/\\\/secure.gravatar.com\\\/avatar\\\/4c29ceac98541dd42460b2474aaa5dd37594d6ce6cb3cf2c101d09b48ee287ba?s=96&d=mm&r=g\",\"url\":\"https:\\\/\\\/secure.gravatar.com\\\/avatar\\\/4c29ceac98541dd42460b2474aaa5dd37594d6ce6cb3cf2c101d09b48ee287ba?s=96&d=mm&r=g\",\"contentUrl\":\"https:\\\/\\\/secure.gravatar.com\\\/avatar\\\/4c29ceac98541dd42460b2474aaa5dd37594d6ce6cb3cf2c101d09b48ee287ba?s=96&d=mm&r=g\",\"caption\":\"Diario del Sur Digital\"},\"url\":\"https:\\\/\\\/diariodelsurdigital.com.ar\\\/?author=2\"}]}<\/script>\n<!-- \/ Yoast SEO plugin. -->","yoast_head_json":{"title":"Agmer ratific\u00f3 el rechazo a la propuesta salarial del gobierno provincial - Diario del Sur","robots":{"index":"index","follow":"follow","max-snippet":"max-snippet:-1","max-image-preview":"max-image-preview:large","max-video-preview":"max-video-preview:-1"},"canonical":"https:\/\/diariodelsurdigital.com.ar\/?p=1121","og_locale":"es_ES","og_type":"article","og_title":"Agmer ratific\u00f3 el rechazo a la propuesta salarial del gobierno provincial - Diario del Sur","og_description":"La propuesta consist\u00eda en la cobertura contra la inflaci\u00f3n anual; incremento del Fondo Provincial de Incentivo Docente (Fopid); compromiso para trabajar sobre el desachatamiento de la pir\u00e1mide salarial y avanzar en la implementaci\u00f3n de un boleto docente para transporte urbano con una bonificaci\u00f3n. Al respecto, el secretario general de Agmer, Marcelo Pagani, explic\u00f3 que el [&hellip;]","og_url":"https:\/\/diariodelsurdigital.com.ar\/?p=1121","og_site_name":"Diario del Sur","article_published_time":"2025-02-22T00:06:46+00:00","article_modified_time":"2025-02-22T00:06:47+00:00","og_image":[{"width":511,"height":317,"url":"https:\/\/diariodelsurdigital.com.ar\/wp-content\/uploads\/2025\/02\/l_1740170181.jpg","type":"image\/jpeg"}],"author":"Diario del Sur Digital","twitter_card":"summary_large_image","twitter_misc":{"Escrito por":"Diario del Sur Digital","Tiempo de lectura":"2 minutos"},"schema":{"@context":"https:\/\/schema.org","@graph":[{"@type":"Article","@id":"https:\/\/diariodelsurdigital.com.ar\/?p=1121#article","isPartOf":{"@id":"https:\/\/diariodelsurdigital.com.ar\/?p=1121"},"author":{"name":"Diario del Sur Digital","@id":"https:\/\/diariodelsurdigital.com.ar\/#\/schema\/person\/6136a32571657f7dba980b88b04c5465"},"headline":"Agmer ratific\u00f3 el rechazo a la propuesta salarial del gobierno provincial","datePublished":"2025-02-22T00:06:46+00:00","dateModified":"2025-02-22T00:06:47+00:00","mainEntityOfPage":{"@id":"https:\/\/diariodelsurdigital.com.ar\/?p=1121"},"wordCount":321,"commentCount":0,"image":{"@id":"https:\/\/diariodelsurdigital.com.ar\/?p=1121#primaryimage"},"thumbnailUrl":"https:\/\/diariodelsurdigital.com.ar\/wp-content\/uploads\/2025\/02\/l_1740170181.jpg","articleSection":["Provinciales"],"inLanguage":"es","potentialAction":[{"@type":"CommentAction","name":"Comment","target":["https:\/\/diariodelsurdigital.com.ar\/?p=1121#respond"]}]},{"@type":"WebPage","@id":"https:\/\/diariodelsurdigital.com.ar\/?p=1121","url":"https:\/\/diariodelsurdigital.com.ar\/?p=1121","name":"Agmer ratific\u00f3 el rechazo a la propuesta salarial del gobierno provincial - Diario del Sur","isPartOf":{"@id":"https:\/\/diariodelsurdigital.com.ar\/#website"},"primaryImageOfPage":{"@id":"https:\/\/diariodelsurdigital.com.ar\/?p=1121#primaryimage"},"image":{"@id":"https:\/\/diariodelsurdigital.com.ar\/?p=1121#primaryimage"},"thumbnailUrl":"https:\/\/diariodelsurdigital.com.ar\/wp-content\/uploads\/2025\/02\/l_1740170181.jpg","datePublished":"2025-02-22T00:06:46+00:00","dateModified":"2025-02-22T00:06:47+00:00","author":{"@id":"https:\/\/diariodelsurdigital.com.ar\/#\/schema\/person\/6136a32571657f7dba980b88b04c5465"},"breadcrumb":{"@id":"https:\/\/diariodelsurdigital.com.ar\/?p=1121#breadcrumb"},"inLanguage":"es","potentialAction":[{"@type":"ReadAction","target":["https:\/\/diariodelsurdigital.com.ar\/?p=1121"]}]},{"@type":"ImageObject","inLanguage":"es","@id":"https:\/\/diariodelsurdigital.com.ar\/?p=1121#primaryimage","url":"https:\/\/diariodelsurdigital.com.ar\/wp-content\/uploads\/2025\/02\/l_1740170181.jpg","contentUrl":"https:\/\/diariodelsurdigital.com.ar\/wp-content\/uploads\/2025\/02\/l_1740170181.jpg","width":511,"height":317},{"@type":"BreadcrumbList","@id":"https:\/\/diariodelsurdigital.com.ar\/?p=1121#breadcrumb","itemListElement":[{"@type":"ListItem","position":1,"name":"Portada","item":"https:\/\/diariodelsurdigital.com.ar\/"},{"@type":"ListItem","position":2,"name":"Agmer ratific\u00f3 el rechazo a la propuesta salarial del gobierno provincial"}]},{"@type":"WebSite","@id":"https:\/\/diariodelsurdigital.com.ar\/#website","url":"https:\/\/diariodelsurdigital.com.ar\/","name":"Diario del Sur","description":"Digital","potentialAction":[{"@type":"SearchAction","target":{"@type":"EntryPoint","urlTemplate":"https:\/\/diariodelsurdigital.com.ar\/?s={search_term_string}"},"query-input":{"@type":"PropertyValueSpecification","valueRequired":true,"valueName":"search_term_string"}}],"inLanguage":"es"},{"@type":"Person","@id":"https:\/\/diariodelsurdigital.com.ar\/#\/schema\/person\/6136a32571657f7dba980b88b04c5465","name":"Diario del Sur Digital","image":{"@type":"ImageObject","inLanguage":"es","@id":"https:\/\/secure.gravatar.com\/avatar\/4c29ceac98541dd42460b2474aaa5dd37594d6ce6cb3cf2c101d09b48ee287ba?s=96&d=mm&r=g","url":"https:\/\/secure.gravatar.com\/avatar\/4c29ceac98541dd42460b2474aaa5dd37594d6ce6cb3cf2c101d09b48ee287ba?s=96&d=mm&r=g","contentUrl":"https:\/\/secure.gravatar.com\/avatar\/4c29ceac98541dd42460b2474aaa5dd37594d6ce6cb3cf2c101d09b48ee287ba?s=96&d=mm&r=g","caption":"Diario del Sur Digital"},"url":"https:\/\/diariodelsurdigital.com.ar\/?author=2"}]}},"_links":{"self":[{"href":"https:\/\/diariodelsurdigital.com.ar\/index.php?rest_route=\/wp\/v2\/posts\/1121","targetHints":{"allow":["GET"]}}],"collection":[{"href":"https:\/\/diariodelsurdigital.com.ar\/index.php?rest_route=\/wp\/v2\/posts"}],"about":[{"href":"https:\/\/diariodelsurdigital.com.ar\/index.php?rest_route=\/wp\/v2\/types\/post"}],"author":[{"embeddable":true,"href":"https:\/\/diariodelsurdigital.com.ar\/index.php?rest_route=\/wp\/v2\/users\/2"}],"replies":[{"embeddable":true,"href":"https:\/\/diariodelsurdigital.com.ar\/index.php?rest_route=%2Fwp%2Fv2%2Fcomments&post=1121"}],"version-history":[{"count":1,"href":"https:\/\/diariodelsurdigital.com.ar\/index.php?rest_route=\/wp\/v2\/posts\/1121\/revisions"}],"predecessor-version":[{"id":1123,"href":"https:\/\/diariodelsurdigital.com.ar\/index.php?rest_route=\/wp\/v2\/posts\/1121\/revisions\/1123"}],"wp:featuredmedia":[{"embeddable":true,"href":"https:\/\/diariodelsurdigital.com.ar\/index.php?rest_route=\/wp\/v2\/media\/1122"}],"wp:attachment":[{"href":"https:\/\/diariodelsurdigital.com.ar\/index.php?rest_route=%2Fwp%2Fv2%2Fmedia&parent=1121"}],"wp:term":[{"taxonomy":"category","embeddable":true,"href":"https:\/\/diariodelsurdigital.com.ar\/index.php?rest_route=%2Fwp%2Fv2%2Fcategories&post=1121"},{"taxonomy":"post_tag","embeddable":true,"href":"https:\/\/diariodelsurdigital.com.ar\/index.php?rest_route=%2Fwp%2Fv2%2Ftags&post=1121"}],"curies":[{"name":"wp","href":"https:\/\/api.w.org\/{rel}","templated":true}]}}