{"id":1130,"date":"2025-02-21T21:30:18","date_gmt":"2025-02-22T00:30:18","guid":{"rendered":"https:\/\/diariodelsurdigital.com.ar\/?p=1130"},"modified":"2025-02-21T21:30:19","modified_gmt":"2025-02-22T00:30:19","slug":"victoria-del-gobierno-en-pleno-criptoescandalo-el-senado-sanciono-la-suspension-de-las-paso","status":"publish","type":"post","link":"https:\/\/diariodelsurdigital.com.ar\/?p=1130","title":{"rendered":"Victoria del Gobierno en pleno criptoesc\u00e1ndalo: el Senado sancion\u00f3 la suspensi\u00f3n de las PASO"},"content":{"rendered":"\n<p>Javier Milei se anot\u00f3 dos triunfos pol\u00edticos: la eliminaci\u00f3n de las PASO para 2025 y la neutralizaci\u00f3n de la creaci\u00f3n de una comisi\u00f3n investigadora por el caso $Libra. El pliego de Ariel Lijo se planch\u00f3 y no se tratar\u00e1 el viernes.<\/p>\n\n\n\n<p>El Gobierno transpir\u00f3 hasta \u00faltimo momento, pero finalmente lo logr\u00f3: con 43 votos a favor, 20 en contra y 6 abstenciones, sancion\u00f3 la suspensi\u00f3n de las PASO para 2025. Fue as\u00ed que, con votos peronistas, radicales y PRO, Javier Milei logr\u00f3 anotarse un triunfo pol\u00edtico en medio del criptoesc\u00e1ndalo que derrama sobre los tres v\u00e9rtices del tri\u00e1ngulo de hierro. Tuvo, incluso,\u00a0<strong>una victoria doble, ya que adem\u00e1s de sancionar sus leyes, el oficialismo logr\u00f3 desactivar la creaci\u00f3n de una comisi\u00f3n que investigue la responsabilidad de Milei en el esc\u00e1ndalo $Libra.<\/strong>\u00a0Tuvo, para ello, ayuda de un sector del radicalismo.<\/p>\n\n\n\n<p>Fue una de cal y otra de arena. Para poder conseguir qu\u00f3rum, el presidente provisional del Senado,&nbsp;<strong>Bartolom\u00e9 Abdala<\/strong>, tuvo que ceder a las presiones del bloque radical y&nbsp;<strong>bajar la sesi\u00f3n del viernes para tratar el pliego de Ariel Lijo<\/strong>.&nbsp;<strong>No fue dif\u00edcil convencerlo<\/strong>: mientras que el proyecto de suspensi\u00f3n de las PASO ten\u00eda el n\u00famero asegurado, el pliego de Lijo era una moneda en el aire.&nbsp;<strong>Cristina Fern\u00e1ndez de Kirchner&nbsp;<\/strong>le hab\u00eda bajado el pulgar a su candidatura y, sin sus votos, el Gobierno dif\u00edcilmente pod\u00eda hacerse con los dos tercios. No val\u00eda la pena arriesgarse.&nbsp;<\/p>\n\n\n\n<p><strong>M\u00e1s dif\u00edcil, en cambio, fue convencer a los propios radicales<\/strong>. El bloque estaba envuelto en una batalla campal interna, motorizada por el cambio de postura de un grupo de senadores radicales respecto a la comisi\u00f3n investigadora.&nbsp;<strong>Mart\u00edn Lousteau<\/strong>&nbsp;y&nbsp;<strong>Pablo Blanco&nbsp;<\/strong>estaban furiosos con el jefe de bloque,&nbsp;<strong>Eduardo Vischi<\/strong>, que hab\u00eda firmado el proyecto pero hab\u00eda decidido, apenas se confirm\u00f3 que el peronismo acompa\u00f1ar\u00eda, que no lo votar\u00eda en el recinto. \u00bfEl motivo?&nbsp;<strong>Casa Rosada se hab\u00eda puesto a llamar gobernadores<\/strong>.<\/p>\n\n\n\n<p><\/p>\n","protected":false},"excerpt":{"rendered":"<p>Javier Milei se anot\u00f3 dos triunfos pol\u00edticos: la eliminaci\u00f3n de las PASO para 2025 y la neutralizaci\u00f3n de la creaci\u00f3n de una comisi\u00f3n investigadora por el caso $Libra. El pliego de Ariel Lijo se planch\u00f3 y no se tratar\u00e1 el viernes. El Gobierno transpir\u00f3 hasta \u00faltimo momento, pero finalmente lo logr\u00f3: con 43 votos a [&hellip;]<\/p>\n","protected":false},"author":4,"featured_media":1131,"comment_status":"open","ping_status":"open","sticky":false,"template":"","format":"standard","meta":{"footnotes":""},"categories":[18,22],"tags":[],"class_list":{"0":"post-1130","1":"post","2":"type-post","3":"status-publish","4":"format-standard","5":"has-post-thumbnail","7":"category-nacionales","8":"category-politica"},"yoast_head":"<!-- This site is optimized with the Yoast SEO plugin v27.4 - https:\/\/yoast.com\/product\/yoast-seo-wordpress\/ -->\n<title>Victoria del Gobierno en pleno criptoesc\u00e1ndalo: el Senado sancion\u00f3 la suspensi\u00f3n de las PASO - Diario del Sur<\/title>\n<meta name=\"robots\" content=\"index, follow, max-snippet:-1, max-image-preview:large, max-video-preview:-1\" \/>\n<link rel=\"canonical\" href=\"https:\/\/diariodelsurdigital.com.ar\/?p=1130\" \/>\n<meta property=\"og:locale\" content=\"es_ES\" \/>\n<meta property=\"og:type\" content=\"article\" \/>\n<meta property=\"og:title\" content=\"Victoria del Gobierno en pleno criptoesc\u00e1ndalo: el Senado sancion\u00f3 la suspensi\u00f3n de las PASO - Diario del Sur\" \/>\n<meta property=\"og:description\" content=\"Javier Milei se anot\u00f3 dos triunfos pol\u00edticos: la eliminaci\u00f3n de las PASO para 2025 y la neutralizaci\u00f3n de la creaci\u00f3n de una comisi\u00f3n investigadora por el caso $Libra. El pliego de Ariel Lijo se planch\u00f3 y no se tratar\u00e1 el viernes. El Gobierno transpir\u00f3 hasta \u00faltimo momento, pero finalmente lo logr\u00f3: con 43 votos a [&hellip;]\" \/>\n<meta property=\"og:url\" content=\"https:\/\/diariodelsurdigital.com.ar\/?p=1130\" \/>\n<meta property=\"og:site_name\" content=\"Diario del Sur\" \/>\n<meta property=\"article:published_time\" content=\"2025-02-22T00:30:18+00:00\" \/>\n<meta property=\"article:modified_time\" content=\"2025-02-22T00:30:19+00:00\" \/>\n<meta property=\"og:image\" content=\"https:\/\/diariodelsurdigital.com.ar\/wp-content\/uploads\/2025\/02\/2712f285-61d8-4a11-9e9d-6e2fab7ae7ca_16-9-discover-aspect-ratio_50p_0.webp\" \/>\n\t<meta property=\"og:image:width\" content=\"600\" \/>\n\t<meta property=\"og:image:height\" content=\"338\" \/>\n\t<meta property=\"og:image:type\" content=\"image\/webp\" \/>\n<meta name=\"author\" content=\"Diario del Sur Digital\" \/>\n<meta name=\"twitter:card\" content=\"summary_large_image\" \/>\n<meta name=\"twitter:label1\" content=\"Escrito por\" \/>\n\t<meta name=\"twitter:data1\" content=\"Diario del Sur Digital\" \/>\n\t<meta name=\"twitter:label2\" content=\"Tiempo de lectura\" \/>\n\t<meta name=\"twitter:data2\" content=\"2 minutos\" \/>\n<script type=\"application\/ld+json\" class=\"yoast-schema-graph\">{\"@context\":\"https:\\\/\\\/schema.org\",\"@graph\":[{\"@type\":\"Article\",\"@id\":\"https:\\\/\\\/diariodelsurdigital.com.ar\\\/?p=1130#article\",\"isPartOf\":{\"@id\":\"https:\\\/\\\/diariodelsurdigital.com.ar\\\/?p=1130\"},\"author\":{\"name\":\"Diario del Sur Digital\",\"@id\":\"https:\\\/\\\/diariodelsurdigital.com.ar\\\/#\\\/schema\\\/person\\\/1a4992532ed62965c968031b49195c81\"},\"headline\":\"Victoria del Gobierno en pleno criptoesc\u00e1ndalo: el Senado sancion\u00f3 la suspensi\u00f3n de las PASO\",\"datePublished\":\"2025-02-22T00:30:18+00:00\",\"dateModified\":\"2025-02-22T00:30:19+00:00\",\"mainEntityOfPage\":{\"@id\":\"https:\\\/\\\/diariodelsurdigital.com.ar\\\/?p=1130\"},\"wordCount\":378,\"commentCount\":0,\"image\":{\"@id\":\"https:\\\/\\\/diariodelsurdigital.com.ar\\\/?p=1130#primaryimage\"},\"thumbnailUrl\":\"https:\\\/\\\/diariodelsurdigital.com.ar\\\/wp-content\\\/uploads\\\/2025\\\/02\\\/2712f285-61d8-4a11-9e9d-6e2fab7ae7ca_16-9-discover-aspect-ratio_50p_0.webp\",\"articleSection\":[\"Nacionales\",\"Pol\u00edtica\"],\"inLanguage\":\"es\",\"potentialAction\":[{\"@type\":\"CommentAction\",\"name\":\"Comment\",\"target\":[\"https:\\\/\\\/diariodelsurdigital.com.ar\\\/?p=1130#respond\"]}]},{\"@type\":\"WebPage\",\"@id\":\"https:\\\/\\\/diariodelsurdigital.com.ar\\\/?p=1130\",\"url\":\"https:\\\/\\\/diariodelsurdigital.com.ar\\\/?p=1130\",\"name\":\"Victoria del Gobierno en pleno criptoesc\u00e1ndalo: el Senado sancion\u00f3 la suspensi\u00f3n de las PASO - Diario del Sur\",\"isPartOf\":{\"@id\":\"https:\\\/\\\/diariodelsurdigital.com.ar\\\/#website\"},\"primaryImageOfPage\":{\"@id\":\"https:\\\/\\\/diariodelsurdigital.com.ar\\\/?p=1130#primaryimage\"},\"image\":{\"@id\":\"https:\\\/\\\/diariodelsurdigital.com.ar\\\/?p=1130#primaryimage\"},\"thumbnailUrl\":\"https:\\\/\\\/diariodelsurdigital.com.ar\\\/wp-content\\\/uploads\\\/2025\\\/02\\\/2712f285-61d8-4a11-9e9d-6e2fab7ae7ca_16-9-discover-aspect-ratio_50p_0.webp\",\"datePublished\":\"2025-02-22T00:30:18+00:00\",\"dateModified\":\"2025-02-22T00:30:19+00:00\",\"author\":{\"@id\":\"https:\\\/\\\/diariodelsurdigital.com.ar\\\/#\\\/schema\\\/person\\\/1a4992532ed62965c968031b49195c81\"},\"breadcrumb\":{\"@id\":\"https:\\\/\\\/diariodelsurdigital.com.ar\\\/?p=1130#breadcrumb\"},\"inLanguage\":\"es\",\"potentialAction\":[{\"@type\":\"ReadAction\",\"target\":[\"https:\\\/\\\/diariodelsurdigital.com.ar\\\/?p=1130\"]}]},{\"@type\":\"ImageObject\",\"inLanguage\":\"es\",\"@id\":\"https:\\\/\\\/diariodelsurdigital.com.ar\\\/?p=1130#primaryimage\",\"url\":\"https:\\\/\\\/diariodelsurdigital.com.ar\\\/wp-content\\\/uploads\\\/2025\\\/02\\\/2712f285-61d8-4a11-9e9d-6e2fab7ae7ca_16-9-discover-aspect-ratio_50p_0.webp\",\"contentUrl\":\"https:\\\/\\\/diariodelsurdigital.com.ar\\\/wp-content\\\/uploads\\\/2025\\\/02\\\/2712f285-61d8-4a11-9e9d-6e2fab7ae7ca_16-9-discover-aspect-ratio_50p_0.webp\",\"width\":600,\"height\":338},{\"@type\":\"BreadcrumbList\",\"@id\":\"https:\\\/\\\/diariodelsurdigital.com.ar\\\/?p=1130#breadcrumb\",\"itemListElement\":[{\"@type\":\"ListItem\",\"position\":1,\"name\":\"Portada\",\"item\":\"https:\\\/\\\/diariodelsurdigital.com.ar\\\/\"},{\"@type\":\"ListItem\",\"position\":2,\"name\":\"Victoria del Gobierno en pleno criptoesc\u00e1ndalo: el Senado sancion\u00f3 la suspensi\u00f3n de las PASO\"}]},{\"@type\":\"WebSite\",\"@id\":\"https:\\\/\\\/diariodelsurdigital.com.ar\\\/#website\",\"url\":\"https:\\\/\\\/diariodelsurdigital.com.ar\\\/\",\"name\":\"Diario del Sur\",\"description\":\"Digital\",\"potentialAction\":[{\"@type\":\"SearchAction\",\"target\":{\"@type\":\"EntryPoint\",\"urlTemplate\":\"https:\\\/\\\/diariodelsurdigital.com.ar\\\/?s={search_term_string}\"},\"query-input\":{\"@type\":\"PropertyValueSpecification\",\"valueRequired\":true,\"valueName\":\"search_term_string\"}}],\"inLanguage\":\"es\"},{\"@type\":\"Person\",\"@id\":\"https:\\\/\\\/diariodelsurdigital.com.ar\\\/#\\\/schema\\\/person\\\/1a4992532ed62965c968031b49195c81\",\"name\":\"Diario del Sur Digital\",\"image\":{\"@type\":\"ImageObject\",\"inLanguage\":\"es\",\"@id\":\"https:\\\/\\\/secure.gravatar.com\\\/avatar\\\/f0c7c47fc7146d19828273b9b8eda651c9c7ab583767e6338d3d3bee825adf76?s=96&d=mm&r=g\",\"url\":\"https:\\\/\\\/secure.gravatar.com\\\/avatar\\\/f0c7c47fc7146d19828273b9b8eda651c9c7ab583767e6338d3d3bee825adf76?s=96&d=mm&r=g\",\"contentUrl\":\"https:\\\/\\\/secure.gravatar.com\\\/avatar\\\/f0c7c47fc7146d19828273b9b8eda651c9c7ab583767e6338d3d3bee825adf76?s=96&d=mm&r=g\",\"caption\":\"Diario del Sur Digital\"},\"url\":\"https:\\\/\\\/diariodelsurdigital.com.ar\\\/?author=4\"}]}<\/script>\n<!-- \/ Yoast SEO plugin. -->","yoast_head_json":{"title":"Victoria del Gobierno en pleno criptoesc\u00e1ndalo: el Senado sancion\u00f3 la suspensi\u00f3n de las PASO - Diario del Sur","robots":{"index":"index","follow":"follow","max-snippet":"max-snippet:-1","max-image-preview":"max-image-preview:large","max-video-preview":"max-video-preview:-1"},"canonical":"https:\/\/diariodelsurdigital.com.ar\/?p=1130","og_locale":"es_ES","og_type":"article","og_title":"Victoria del Gobierno en pleno criptoesc\u00e1ndalo: el Senado sancion\u00f3 la suspensi\u00f3n de las PASO - Diario del Sur","og_description":"Javier Milei se anot\u00f3 dos triunfos pol\u00edticos: la eliminaci\u00f3n de las PASO para 2025 y la neutralizaci\u00f3n de la creaci\u00f3n de una comisi\u00f3n investigadora por el caso $Libra. El pliego de Ariel Lijo se planch\u00f3 y no se tratar\u00e1 el viernes. El Gobierno transpir\u00f3 hasta \u00faltimo momento, pero finalmente lo logr\u00f3: con 43 votos a [&hellip;]","og_url":"https:\/\/diariodelsurdigital.com.ar\/?p=1130","og_site_name":"Diario del Sur","article_published_time":"2025-02-22T00:30:18+00:00","article_modified_time":"2025-02-22T00:30:19+00:00","og_image":[{"width":600,"height":338,"url":"https:\/\/diariodelsurdigital.com.ar\/wp-content\/uploads\/2025\/02\/2712f285-61d8-4a11-9e9d-6e2fab7ae7ca_16-9-discover-aspect-ratio_50p_0.webp","type":"image\/webp"}],"author":"Diario del Sur Digital","twitter_card":"summary_large_image","twitter_misc":{"Escrito por":"Diario del Sur Digital","Tiempo de lectura":"2 minutos"},"schema":{"@context":"https:\/\/schema.org","@graph":[{"@type":"Article","@id":"https:\/\/diariodelsurdigital.com.ar\/?p=1130#article","isPartOf":{"@id":"https:\/\/diariodelsurdigital.com.ar\/?p=1130"},"author":{"name":"Diario del Sur Digital","@id":"https:\/\/diariodelsurdigital.com.ar\/#\/schema\/person\/1a4992532ed62965c968031b49195c81"},"headline":"Victoria del Gobierno en pleno criptoesc\u00e1ndalo: el Senado sancion\u00f3 la suspensi\u00f3n de las PASO","datePublished":"2025-02-22T00:30:18+00:00","dateModified":"2025-02-22T00:30:19+00:00","mainEntityOfPage":{"@id":"https:\/\/diariodelsurdigital.com.ar\/?p=1130"},"wordCount":378,"commentCount":0,"image":{"@id":"https:\/\/diariodelsurdigital.com.ar\/?p=1130#primaryimage"},"thumbnailUrl":"https:\/\/diariodelsurdigital.com.ar\/wp-content\/uploads\/2025\/02\/2712f285-61d8-4a11-9e9d-6e2fab7ae7ca_16-9-discover-aspect-ratio_50p_0.webp","articleSection":["Nacionales","Pol\u00edtica"],"inLanguage":"es","potentialAction":[{"@type":"CommentAction","name":"Comment","target":["https:\/\/diariodelsurdigital.com.ar\/?p=1130#respond"]}]},{"@type":"WebPage","@id":"https:\/\/diariodelsurdigital.com.ar\/?p=1130","url":"https:\/\/diariodelsurdigital.com.ar\/?p=1130","name":"Victoria del Gobierno en pleno criptoesc\u00e1ndalo: el Senado sancion\u00f3 la suspensi\u00f3n de las PASO - Diario del Sur","isPartOf":{"@id":"https:\/\/diariodelsurdigital.com.ar\/#website"},"primaryImageOfPage":{"@id":"https:\/\/diariodelsurdigital.com.ar\/?p=1130#primaryimage"},"image":{"@id":"https:\/\/diariodelsurdigital.com.ar\/?p=1130#primaryimage"},"thumbnailUrl":"https:\/\/diariodelsurdigital.com.ar\/wp-content\/uploads\/2025\/02\/2712f285-61d8-4a11-9e9d-6e2fab7ae7ca_16-9-discover-aspect-ratio_50p_0.webp","datePublished":"2025-02-22T00:30:18+00:00","dateModified":"2025-02-22T00:30:19+00:00","author":{"@id":"https:\/\/diariodelsurdigital.com.ar\/#\/schema\/person\/1a4992532ed62965c968031b49195c81"},"breadcrumb":{"@id":"https:\/\/diariodelsurdigital.com.ar\/?p=1130#breadcrumb"},"inLanguage":"es","potentialAction":[{"@type":"ReadAction","target":["https:\/\/diariodelsurdigital.com.ar\/?p=1130"]}]},{"@type":"ImageObject","inLanguage":"es","@id":"https:\/\/diariodelsurdigital.com.ar\/?p=1130#primaryimage","url":"https:\/\/diariodelsurdigital.com.ar\/wp-content\/uploads\/2025\/02\/2712f285-61d8-4a11-9e9d-6e2fab7ae7ca_16-9-discover-aspect-ratio_50p_0.webp","contentUrl":"https:\/\/diariodelsurdigital.com.ar\/wp-content\/uploads\/2025\/02\/2712f285-61d8-4a11-9e9d-6e2fab7ae7ca_16-9-discover-aspect-ratio_50p_0.webp","width":600,"height":338},{"@type":"BreadcrumbList","@id":"https:\/\/diariodelsurdigital.com.ar\/?p=1130#breadcrumb","itemListElement":[{"@type":"ListItem","position":1,"name":"Portada","item":"https:\/\/diariodelsurdigital.com.ar\/"},{"@type":"ListItem","position":2,"name":"Victoria del Gobierno en pleno criptoesc\u00e1ndalo: el Senado sancion\u00f3 la suspensi\u00f3n de las PASO"}]},{"@type":"WebSite","@id":"https:\/\/diariodelsurdigital.com.ar\/#website","url":"https:\/\/diariodelsurdigital.com.ar\/","name":"Diario del Sur","description":"Digital","potentialAction":[{"@type":"SearchAction","target":{"@type":"EntryPoint","urlTemplate":"https:\/\/diariodelsurdigital.com.ar\/?s={search_term_string}"},"query-input":{"@type":"PropertyValueSpecification","valueRequired":true,"valueName":"search_term_string"}}],"inLanguage":"es"},{"@type":"Person","@id":"https:\/\/diariodelsurdigital.com.ar\/#\/schema\/person\/1a4992532ed62965c968031b49195c81","name":"Diario del Sur Digital","image":{"@type":"ImageObject","inLanguage":"es","@id":"https:\/\/secure.gravatar.com\/avatar\/f0c7c47fc7146d19828273b9b8eda651c9c7ab583767e6338d3d3bee825adf76?s=96&d=mm&r=g","url":"https:\/\/secure.gravatar.com\/avatar\/f0c7c47fc7146d19828273b9b8eda651c9c7ab583767e6338d3d3bee825adf76?s=96&d=mm&r=g","contentUrl":"https:\/\/secure.gravatar.com\/avatar\/f0c7c47fc7146d19828273b9b8eda651c9c7ab583767e6338d3d3bee825adf76?s=96&d=mm&r=g","caption":"Diario del Sur Digital"},"url":"https:\/\/diariodelsurdigital.com.ar\/?author=4"}]}},"_links":{"self":[{"href":"https:\/\/diariodelsurdigital.com.ar\/index.php?rest_route=\/wp\/v2\/posts\/1130","targetHints":{"allow":["GET"]}}],"collection":[{"href":"https:\/\/diariodelsurdigital.com.ar\/index.php?rest_route=\/wp\/v2\/posts"}],"about":[{"href":"https:\/\/diariodelsurdigital.com.ar\/index.php?rest_route=\/wp\/v2\/types\/post"}],"author":[{"embeddable":true,"href":"https:\/\/diariodelsurdigital.com.ar\/index.php?rest_route=\/wp\/v2\/users\/4"}],"replies":[{"embeddable":true,"href":"https:\/\/diariodelsurdigital.com.ar\/index.php?rest_route=%2Fwp%2Fv2%2Fcomments&post=1130"}],"version-history":[{"count":1,"href":"https:\/\/diariodelsurdigital.com.ar\/index.php?rest_route=\/wp\/v2\/posts\/1130\/revisions"}],"predecessor-version":[{"id":1132,"href":"https:\/\/diariodelsurdigital.com.ar\/index.php?rest_route=\/wp\/v2\/posts\/1130\/revisions\/1132"}],"wp:featuredmedia":[{"embeddable":true,"href":"https:\/\/diariodelsurdigital.com.ar\/index.php?rest_route=\/wp\/v2\/media\/1131"}],"wp:attachment":[{"href":"https:\/\/diariodelsurdigital.com.ar\/index.php?rest_route=%2Fwp%2Fv2%2Fmedia&parent=1130"}],"wp:term":[{"taxonomy":"category","embeddable":true,"href":"https:\/\/diariodelsurdigital.com.ar\/index.php?rest_route=%2Fwp%2Fv2%2Fcategories&post=1130"},{"taxonomy":"post_tag","embeddable":true,"href":"https:\/\/diariodelsurdigital.com.ar\/index.php?rest_route=%2Fwp%2Fv2%2Ftags&post=1130"}],"curies":[{"name":"wp","href":"https:\/\/api.w.org\/{rel}","templated":true}]}}