{"id":1133,"date":"2025-02-21T21:32:58","date_gmt":"2025-02-22T00:32:58","guid":{"rendered":"https:\/\/diariodelsurdigital.com.ar\/?p=1133"},"modified":"2025-02-21T21:32:59","modified_gmt":"2025-02-22T00:32:59","slug":"el-fiscal-taiano-abrio-la-investigacion-contra-javier-milei-y-empresarios-por-presunta-estafa-y-trafico-de-influencias","status":"publish","type":"post","link":"https:\/\/diariodelsurdigital.com.ar\/?p=1133","title":{"rendered":"El fiscal Taiano abri\u00f3 la investigaci\u00f3n contra Javier Milei y empresarios por presunta estafa y tr\u00e1fico de influencias"},"content":{"rendered":"\n<p>Es por la causa de $LIBRA. Se solicitaron informes a distintos organismos p\u00fablicos y privados vinculados con la investigaci\u00f3n, mientras se eval\u00faan nuevas medidas que podr\u00edan adoptarse en los pr\u00f3ximos d\u00edas para esclarecer los hechos denunciados.<\/p>\n\n\n\n<p>El presidente\u00a0<strong>Javier Milei<\/strong>, se encuentra bajo investigaci\u00f3n judicial tras la promoci\u00f3n y posterior desplome de la criptomoneda $LIBRA, lo que ha generado denuncias por presunta estafa y tr\u00e1fico de influencias. El fiscal federal\u00a0<strong>Eduardo Taiano<\/strong>\u00a0inici\u00f3 una serie de medidas para esclarecer los hechos y determinar la participaci\u00f3n de Milei y otros empresarios en el caso.<\/p>\n\n\n\n<p><strong>El fiscal solicit\u00f3 informes al Banco Central, la Comisi\u00f3n Nacional de Valores y la Inspecci\u00f3n General de Justicia para obtener detalles sobre las empresas involucradas en la comercializaci\u00f3n de $LIBRA<\/strong>. Asimismo, dio intervenci\u00f3n a la Unidad Fiscal Especializada en Ciberdelincuencia para colaborar en la preservaci\u00f3n y recuperaci\u00f3n de evidencia digital relacionada con el caso.<\/p>\n\n\n\n<p>La justicia federal investiga la creaci\u00f3n y promoci\u00f3n de la criptomoneda $LIBRA, tras una denuncia presentada por Claudio Lozano el 17 de febrero de 2025 ante la C\u00e1mara Federal de Apelaciones. La causa, registrada como expediente 574\/25, involucra al presidente Javier Milei y otras figuras del \u00e1mbito financiero y tecnol\u00f3gico.<\/p>\n","protected":false},"excerpt":{"rendered":"<p>Es por la causa de $LIBRA. Se solicitaron informes a distintos organismos p\u00fablicos y privados vinculados con la investigaci\u00f3n, mientras se eval\u00faan nuevas medidas que podr\u00edan adoptarse en los pr\u00f3ximos d\u00edas para esclarecer los hechos denunciados. El presidente\u00a0Javier Milei, se encuentra bajo investigaci\u00f3n judicial tras la promoci\u00f3n y posterior desplome de la criptomoneda $LIBRA, lo [&hellip;]<\/p>\n","protected":false},"author":4,"featured_media":1134,"comment_status":"open","ping_status":"open","sticky":false,"template":"","format":"standard","meta":{"footnotes":""},"categories":[18,22],"tags":[],"class_list":{"0":"post-1133","1":"post","2":"type-post","3":"status-publish","4":"format-standard","5":"has-post-thumbnail","7":"category-nacionales","8":"category-politica"},"yoast_head":"<!-- This site is optimized with the Yoast SEO plugin v27.4 - https:\/\/yoast.com\/product\/yoast-seo-wordpress\/ -->\n<title>El fiscal Taiano abri\u00f3 la investigaci\u00f3n contra Javier Milei y empresarios por presunta estafa y tr\u00e1fico de influencias - Diario del Sur<\/title>\n<meta name=\"robots\" content=\"index, follow, max-snippet:-1, max-image-preview:large, max-video-preview:-1\" \/>\n<link rel=\"canonical\" href=\"https:\/\/diariodelsurdigital.com.ar\/?p=1133\" \/>\n<meta property=\"og:locale\" content=\"es_ES\" \/>\n<meta property=\"og:type\" content=\"article\" \/>\n<meta property=\"og:title\" content=\"El fiscal Taiano abri\u00f3 la investigaci\u00f3n contra Javier Milei y empresarios por presunta estafa y tr\u00e1fico de influencias - Diario del Sur\" \/>\n<meta property=\"og:description\" content=\"Es por la causa de $LIBRA. Se solicitaron informes a distintos organismos p\u00fablicos y privados vinculados con la investigaci\u00f3n, mientras se eval\u00faan nuevas medidas que podr\u00edan adoptarse en los pr\u00f3ximos d\u00edas para esclarecer los hechos denunciados. El presidente\u00a0Javier Milei, se encuentra bajo investigaci\u00f3n judicial tras la promoci\u00f3n y posterior desplome de la criptomoneda $LIBRA, lo [&hellip;]\" \/>\n<meta property=\"og:url\" content=\"https:\/\/diariodelsurdigital.com.ar\/?p=1133\" \/>\n<meta property=\"og:site_name\" content=\"Diario del Sur\" \/>\n<meta property=\"article:published_time\" content=\"2025-02-22T00:32:58+00:00\" \/>\n<meta property=\"article:modified_time\" content=\"2025-02-22T00:32:59+00:00\" \/>\n<meta property=\"og:image\" content=\"https:\/\/diariodelsurdigital.com.ar\/wp-content\/uploads\/2025\/02\/a2b61c28-d887-4ee6-ae9d-c2b9cf189649_16-9-discover-aspect-ratio_50p_0.webp\" \/>\n\t<meta property=\"og:image:width\" content=\"600\" \/>\n\t<meta property=\"og:image:height\" content=\"338\" \/>\n\t<meta property=\"og:image:type\" content=\"image\/webp\" \/>\n<meta name=\"author\" content=\"Diario del Sur Digital\" \/>\n<meta name=\"twitter:card\" content=\"summary_large_image\" \/>\n<meta name=\"twitter:label1\" content=\"Escrito por\" \/>\n\t<meta name=\"twitter:data1\" content=\"Diario del Sur Digital\" \/>\n\t<meta name=\"twitter:label2\" content=\"Tiempo de lectura\" \/>\n\t<meta name=\"twitter:data2\" content=\"2 minutos\" \/>\n<script type=\"application\/ld+json\" class=\"yoast-schema-graph\">{\"@context\":\"https:\\\/\\\/schema.org\",\"@graph\":[{\"@type\":\"Article\",\"@id\":\"https:\\\/\\\/diariodelsurdigital.com.ar\\\/?p=1133#article\",\"isPartOf\":{\"@id\":\"https:\\\/\\\/diariodelsurdigital.com.ar\\\/?p=1133\"},\"author\":{\"name\":\"Diario del Sur Digital\",\"@id\":\"https:\\\/\\\/diariodelsurdigital.com.ar\\\/#\\\/schema\\\/person\\\/1a4992532ed62965c968031b49195c81\"},\"headline\":\"El fiscal Taiano abri\u00f3 la investigaci\u00f3n contra Javier Milei y empresarios por presunta estafa y tr\u00e1fico de influencias\",\"datePublished\":\"2025-02-22T00:32:58+00:00\",\"dateModified\":\"2025-02-22T00:32:59+00:00\",\"mainEntityOfPage\":{\"@id\":\"https:\\\/\\\/diariodelsurdigital.com.ar\\\/?p=1133\"},\"wordCount\":234,\"commentCount\":0,\"image\":{\"@id\":\"https:\\\/\\\/diariodelsurdigital.com.ar\\\/?p=1133#primaryimage\"},\"thumbnailUrl\":\"https:\\\/\\\/diariodelsurdigital.com.ar\\\/wp-content\\\/uploads\\\/2025\\\/02\\\/a2b61c28-d887-4ee6-ae9d-c2b9cf189649_16-9-discover-aspect-ratio_50p_0.webp\",\"articleSection\":[\"Nacionales\",\"Pol\u00edtica\"],\"inLanguage\":\"es\",\"potentialAction\":[{\"@type\":\"CommentAction\",\"name\":\"Comment\",\"target\":[\"https:\\\/\\\/diariodelsurdigital.com.ar\\\/?p=1133#respond\"]}]},{\"@type\":\"WebPage\",\"@id\":\"https:\\\/\\\/diariodelsurdigital.com.ar\\\/?p=1133\",\"url\":\"https:\\\/\\\/diariodelsurdigital.com.ar\\\/?p=1133\",\"name\":\"El fiscal Taiano abri\u00f3 la investigaci\u00f3n contra Javier Milei y empresarios por presunta estafa y tr\u00e1fico de influencias - Diario del Sur\",\"isPartOf\":{\"@id\":\"https:\\\/\\\/diariodelsurdigital.com.ar\\\/#website\"},\"primaryImageOfPage\":{\"@id\":\"https:\\\/\\\/diariodelsurdigital.com.ar\\\/?p=1133#primaryimage\"},\"image\":{\"@id\":\"https:\\\/\\\/diariodelsurdigital.com.ar\\\/?p=1133#primaryimage\"},\"thumbnailUrl\":\"https:\\\/\\\/diariodelsurdigital.com.ar\\\/wp-content\\\/uploads\\\/2025\\\/02\\\/a2b61c28-d887-4ee6-ae9d-c2b9cf189649_16-9-discover-aspect-ratio_50p_0.webp\",\"datePublished\":\"2025-02-22T00:32:58+00:00\",\"dateModified\":\"2025-02-22T00:32:59+00:00\",\"author\":{\"@id\":\"https:\\\/\\\/diariodelsurdigital.com.ar\\\/#\\\/schema\\\/person\\\/1a4992532ed62965c968031b49195c81\"},\"breadcrumb\":{\"@id\":\"https:\\\/\\\/diariodelsurdigital.com.ar\\\/?p=1133#breadcrumb\"},\"inLanguage\":\"es\",\"potentialAction\":[{\"@type\":\"ReadAction\",\"target\":[\"https:\\\/\\\/diariodelsurdigital.com.ar\\\/?p=1133\"]}]},{\"@type\":\"ImageObject\",\"inLanguage\":\"es\",\"@id\":\"https:\\\/\\\/diariodelsurdigital.com.ar\\\/?p=1133#primaryimage\",\"url\":\"https:\\\/\\\/diariodelsurdigital.com.ar\\\/wp-content\\\/uploads\\\/2025\\\/02\\\/a2b61c28-d887-4ee6-ae9d-c2b9cf189649_16-9-discover-aspect-ratio_50p_0.webp\",\"contentUrl\":\"https:\\\/\\\/diariodelsurdigital.com.ar\\\/wp-content\\\/uploads\\\/2025\\\/02\\\/a2b61c28-d887-4ee6-ae9d-c2b9cf189649_16-9-discover-aspect-ratio_50p_0.webp\",\"width\":600,\"height\":338},{\"@type\":\"BreadcrumbList\",\"@id\":\"https:\\\/\\\/diariodelsurdigital.com.ar\\\/?p=1133#breadcrumb\",\"itemListElement\":[{\"@type\":\"ListItem\",\"position\":1,\"name\":\"Portada\",\"item\":\"https:\\\/\\\/diariodelsurdigital.com.ar\\\/\"},{\"@type\":\"ListItem\",\"position\":2,\"name\":\"El fiscal Taiano abri\u00f3 la investigaci\u00f3n contra Javier Milei y empresarios por presunta estafa y tr\u00e1fico de influencias\"}]},{\"@type\":\"WebSite\",\"@id\":\"https:\\\/\\\/diariodelsurdigital.com.ar\\\/#website\",\"url\":\"https:\\\/\\\/diariodelsurdigital.com.ar\\\/\",\"name\":\"Diario del Sur\",\"description\":\"Digital\",\"potentialAction\":[{\"@type\":\"SearchAction\",\"target\":{\"@type\":\"EntryPoint\",\"urlTemplate\":\"https:\\\/\\\/diariodelsurdigital.com.ar\\\/?s={search_term_string}\"},\"query-input\":{\"@type\":\"PropertyValueSpecification\",\"valueRequired\":true,\"valueName\":\"search_term_string\"}}],\"inLanguage\":\"es\"},{\"@type\":\"Person\",\"@id\":\"https:\\\/\\\/diariodelsurdigital.com.ar\\\/#\\\/schema\\\/person\\\/1a4992532ed62965c968031b49195c81\",\"name\":\"Diario del Sur Digital\",\"image\":{\"@type\":\"ImageObject\",\"inLanguage\":\"es\",\"@id\":\"https:\\\/\\\/secure.gravatar.com\\\/avatar\\\/f0c7c47fc7146d19828273b9b8eda651c9c7ab583767e6338d3d3bee825adf76?s=96&d=mm&r=g\",\"url\":\"https:\\\/\\\/secure.gravatar.com\\\/avatar\\\/f0c7c47fc7146d19828273b9b8eda651c9c7ab583767e6338d3d3bee825adf76?s=96&d=mm&r=g\",\"contentUrl\":\"https:\\\/\\\/secure.gravatar.com\\\/avatar\\\/f0c7c47fc7146d19828273b9b8eda651c9c7ab583767e6338d3d3bee825adf76?s=96&d=mm&r=g\",\"caption\":\"Diario del Sur Digital\"},\"url\":\"https:\\\/\\\/diariodelsurdigital.com.ar\\\/?author=4\"}]}<\/script>\n<!-- \/ Yoast SEO plugin. -->","yoast_head_json":{"title":"El fiscal Taiano abri\u00f3 la investigaci\u00f3n contra Javier Milei y empresarios por presunta estafa y tr\u00e1fico de influencias - Diario del Sur","robots":{"index":"index","follow":"follow","max-snippet":"max-snippet:-1","max-image-preview":"max-image-preview:large","max-video-preview":"max-video-preview:-1"},"canonical":"https:\/\/diariodelsurdigital.com.ar\/?p=1133","og_locale":"es_ES","og_type":"article","og_title":"El fiscal Taiano abri\u00f3 la investigaci\u00f3n contra Javier Milei y empresarios por presunta estafa y tr\u00e1fico de influencias - Diario del Sur","og_description":"Es por la causa de $LIBRA. Se solicitaron informes a distintos organismos p\u00fablicos y privados vinculados con la investigaci\u00f3n, mientras se eval\u00faan nuevas medidas que podr\u00edan adoptarse en los pr\u00f3ximos d\u00edas para esclarecer los hechos denunciados. El presidente\u00a0Javier Milei, se encuentra bajo investigaci\u00f3n judicial tras la promoci\u00f3n y posterior desplome de la criptomoneda $LIBRA, lo [&hellip;]","og_url":"https:\/\/diariodelsurdigital.com.ar\/?p=1133","og_site_name":"Diario del Sur","article_published_time":"2025-02-22T00:32:58+00:00","article_modified_time":"2025-02-22T00:32:59+00:00","og_image":[{"width":600,"height":338,"url":"https:\/\/diariodelsurdigital.com.ar\/wp-content\/uploads\/2025\/02\/a2b61c28-d887-4ee6-ae9d-c2b9cf189649_16-9-discover-aspect-ratio_50p_0.webp","type":"image\/webp"}],"author":"Diario del Sur Digital","twitter_card":"summary_large_image","twitter_misc":{"Escrito por":"Diario del Sur Digital","Tiempo de lectura":"2 minutos"},"schema":{"@context":"https:\/\/schema.org","@graph":[{"@type":"Article","@id":"https:\/\/diariodelsurdigital.com.ar\/?p=1133#article","isPartOf":{"@id":"https:\/\/diariodelsurdigital.com.ar\/?p=1133"},"author":{"name":"Diario del Sur Digital","@id":"https:\/\/diariodelsurdigital.com.ar\/#\/schema\/person\/1a4992532ed62965c968031b49195c81"},"headline":"El fiscal Taiano abri\u00f3 la investigaci\u00f3n contra Javier Milei y empresarios por presunta estafa y tr\u00e1fico de influencias","datePublished":"2025-02-22T00:32:58+00:00","dateModified":"2025-02-22T00:32:59+00:00","mainEntityOfPage":{"@id":"https:\/\/diariodelsurdigital.com.ar\/?p=1133"},"wordCount":234,"commentCount":0,"image":{"@id":"https:\/\/diariodelsurdigital.com.ar\/?p=1133#primaryimage"},"thumbnailUrl":"https:\/\/diariodelsurdigital.com.ar\/wp-content\/uploads\/2025\/02\/a2b61c28-d887-4ee6-ae9d-c2b9cf189649_16-9-discover-aspect-ratio_50p_0.webp","articleSection":["Nacionales","Pol\u00edtica"],"inLanguage":"es","potentialAction":[{"@type":"CommentAction","name":"Comment","target":["https:\/\/diariodelsurdigital.com.ar\/?p=1133#respond"]}]},{"@type":"WebPage","@id":"https:\/\/diariodelsurdigital.com.ar\/?p=1133","url":"https:\/\/diariodelsurdigital.com.ar\/?p=1133","name":"El fiscal Taiano abri\u00f3 la investigaci\u00f3n contra Javier Milei y empresarios por presunta estafa y tr\u00e1fico de influencias - Diario del Sur","isPartOf":{"@id":"https:\/\/diariodelsurdigital.com.ar\/#website"},"primaryImageOfPage":{"@id":"https:\/\/diariodelsurdigital.com.ar\/?p=1133#primaryimage"},"image":{"@id":"https:\/\/diariodelsurdigital.com.ar\/?p=1133#primaryimage"},"thumbnailUrl":"https:\/\/diariodelsurdigital.com.ar\/wp-content\/uploads\/2025\/02\/a2b61c28-d887-4ee6-ae9d-c2b9cf189649_16-9-discover-aspect-ratio_50p_0.webp","datePublished":"2025-02-22T00:32:58+00:00","dateModified":"2025-02-22T00:32:59+00:00","author":{"@id":"https:\/\/diariodelsurdigital.com.ar\/#\/schema\/person\/1a4992532ed62965c968031b49195c81"},"breadcrumb":{"@id":"https:\/\/diariodelsurdigital.com.ar\/?p=1133#breadcrumb"},"inLanguage":"es","potentialAction":[{"@type":"ReadAction","target":["https:\/\/diariodelsurdigital.com.ar\/?p=1133"]}]},{"@type":"ImageObject","inLanguage":"es","@id":"https:\/\/diariodelsurdigital.com.ar\/?p=1133#primaryimage","url":"https:\/\/diariodelsurdigital.com.ar\/wp-content\/uploads\/2025\/02\/a2b61c28-d887-4ee6-ae9d-c2b9cf189649_16-9-discover-aspect-ratio_50p_0.webp","contentUrl":"https:\/\/diariodelsurdigital.com.ar\/wp-content\/uploads\/2025\/02\/a2b61c28-d887-4ee6-ae9d-c2b9cf189649_16-9-discover-aspect-ratio_50p_0.webp","width":600,"height":338},{"@type":"BreadcrumbList","@id":"https:\/\/diariodelsurdigital.com.ar\/?p=1133#breadcrumb","itemListElement":[{"@type":"ListItem","position":1,"name":"Portada","item":"https:\/\/diariodelsurdigital.com.ar\/"},{"@type":"ListItem","position":2,"name":"El fiscal Taiano abri\u00f3 la investigaci\u00f3n contra Javier Milei y empresarios por presunta estafa y tr\u00e1fico de influencias"}]},{"@type":"WebSite","@id":"https:\/\/diariodelsurdigital.com.ar\/#website","url":"https:\/\/diariodelsurdigital.com.ar\/","name":"Diario del Sur","description":"Digital","potentialAction":[{"@type":"SearchAction","target":{"@type":"EntryPoint","urlTemplate":"https:\/\/diariodelsurdigital.com.ar\/?s={search_term_string}"},"query-input":{"@type":"PropertyValueSpecification","valueRequired":true,"valueName":"search_term_string"}}],"inLanguage":"es"},{"@type":"Person","@id":"https:\/\/diariodelsurdigital.com.ar\/#\/schema\/person\/1a4992532ed62965c968031b49195c81","name":"Diario del Sur Digital","image":{"@type":"ImageObject","inLanguage":"es","@id":"https:\/\/secure.gravatar.com\/avatar\/f0c7c47fc7146d19828273b9b8eda651c9c7ab583767e6338d3d3bee825adf76?s=96&d=mm&r=g","url":"https:\/\/secure.gravatar.com\/avatar\/f0c7c47fc7146d19828273b9b8eda651c9c7ab583767e6338d3d3bee825adf76?s=96&d=mm&r=g","contentUrl":"https:\/\/secure.gravatar.com\/avatar\/f0c7c47fc7146d19828273b9b8eda651c9c7ab583767e6338d3d3bee825adf76?s=96&d=mm&r=g","caption":"Diario del Sur Digital"},"url":"https:\/\/diariodelsurdigital.com.ar\/?author=4"}]}},"_links":{"self":[{"href":"https:\/\/diariodelsurdigital.com.ar\/index.php?rest_route=\/wp\/v2\/posts\/1133","targetHints":{"allow":["GET"]}}],"collection":[{"href":"https:\/\/diariodelsurdigital.com.ar\/index.php?rest_route=\/wp\/v2\/posts"}],"about":[{"href":"https:\/\/diariodelsurdigital.com.ar\/index.php?rest_route=\/wp\/v2\/types\/post"}],"author":[{"embeddable":true,"href":"https:\/\/diariodelsurdigital.com.ar\/index.php?rest_route=\/wp\/v2\/users\/4"}],"replies":[{"embeddable":true,"href":"https:\/\/diariodelsurdigital.com.ar\/index.php?rest_route=%2Fwp%2Fv2%2Fcomments&post=1133"}],"version-history":[{"count":1,"href":"https:\/\/diariodelsurdigital.com.ar\/index.php?rest_route=\/wp\/v2\/posts\/1133\/revisions"}],"predecessor-version":[{"id":1135,"href":"https:\/\/diariodelsurdigital.com.ar\/index.php?rest_route=\/wp\/v2\/posts\/1133\/revisions\/1135"}],"wp:featuredmedia":[{"embeddable":true,"href":"https:\/\/diariodelsurdigital.com.ar\/index.php?rest_route=\/wp\/v2\/media\/1134"}],"wp:attachment":[{"href":"https:\/\/diariodelsurdigital.com.ar\/index.php?rest_route=%2Fwp%2Fv2%2Fmedia&parent=1133"}],"wp:term":[{"taxonomy":"category","embeddable":true,"href":"https:\/\/diariodelsurdigital.com.ar\/index.php?rest_route=%2Fwp%2Fv2%2Fcategories&post=1133"},{"taxonomy":"post_tag","embeddable":true,"href":"https:\/\/diariodelsurdigital.com.ar\/index.php?rest_route=%2Fwp%2Fv2%2Ftags&post=1133"}],"curies":[{"name":"wp","href":"https:\/\/api.w.org\/{rel}","templated":true}]}}