{"id":1137,"date":"2025-02-22T13:50:16","date_gmt":"2025-02-22T16:50:16","guid":{"rendered":"https:\/\/diariodelsurdigital.com.ar\/?p=1137"},"modified":"2025-02-22T13:50:17","modified_gmt":"2025-02-22T16:50:17","slug":"agmer-sostuvo-que-el-arsenal-de-acciones-coercitivas-del-gobierno-provincial-exhibe-su-caracter-antipopular","status":"publish","type":"post","link":"https:\/\/diariodelsurdigital.com.ar\/?p=1137","title":{"rendered":"Agmer sostuvo que el \u201carsenal de acciones\u201d coercitivas del gobierno provincial exhibe su car\u00e1cter antipopular"},"content":{"rendered":"\n<p>Ante el anuncio del gobierno de Rogelio Frigerio de descontar los d\u00edas de paro y realizar un relevamiento de prestaci\u00f3n de servicios en las escuelas el 24, 25 y 26, el secretario gremial de Agmer, Guillermo Sampedri, rechaz\u00f3 las iniciativas oficiales y consider\u00f3 que revelan \u201cun solo objetivo y es coercitivo para tratar de limitar la huelga del lunes, tratando de amedrentar a los docentes y a los directivos\u201d. Record\u00f3 las demandas, tanto nacionales como provinciales, sin respuestas.<\/p>\n\n\n\n<p>El anuncio del gobierno de Rogelio Frigerio de hacer efectivo el \u201cdecreto N\u00ba 4940\/2008\u201d que \u201cestablece que el haber de los empleados debe abonarse \u00fanicamente\u201d por los d\u00edas \u00abefectivamente trabajados\u00bb y de recordar que \u201clos directivos deben cumplir con la obligaci\u00f3n de comunicar cualquier licencia o inasistencia del personal\u201d, la Asociaci\u00f3n Gremial del Magisterio de Entre R\u00edos (Agmer) rechaz\u00f3 las medidas por considerarlas coercitivas y amedrentadoras para desalentar el paro y movilizaci\u00f3n decretado por Ctera para el lunes 24 de febrero.<\/p>\n\n\n\n<p>El Congreso de Agmer resolvi\u00f3 el viernes 21 \u201cratificar todo lo actuado por las y los paritarios de Agmer, quienes en la audiencia del mi\u00e9rcoles 19 de febrero rechazaron la propuesta salarial por considerar que no cumpl\u00eda las demandas realizadas por nuestro Congreso Extraordinario, declarando la situaci\u00f3n de conflicto y requiriendo la audiencia que prev\u00e9 el art\u00edculo 16\u00ba de la Ley N\u00ba 9.624\u201d y ratific\u00f3 \u201cla movilizaci\u00f3n provincial a Paran\u00e1 en el marco del paro docente nacional convocado por la CTERA para el 24 de febrero\u201d, en el contexto de las demandas nacionales que comprenden la reapertura de la paritaria y actualizaci\u00f3n del Fonid y Conectividad, inversi\u00f3n en infraestructura nacional, refuerzo de las partidas para comedores escolares y refuerzo alimentario. El Congreso tambi\u00e9n resolvi\u00f3 otorgar mandato \u201ca las y los paritarios a concurrir a la audiencia del martes 25 de febrero, insistiendo con la demanda de una propuesta salarial\u201d.<\/p>\n\n\n\n<p><strong>Arsenal<\/strong><\/p>\n\n\n\n<p>Guillermo Sampedri, secretario general de Agmer, manifest\u00f3 que \u201ctodos esos dispositivos que define la patronal tienen un solo objetivo y es coercitivo para tratar de limitar la huelga del lunes, tratando de amedrentar a los docentes y a los directivos. Amenazando con descuentos y con que si no cargan la declaraci\u00f3n jurada establecida en la 2771, pretenden amedrentar, limitar el derecho de huelga\u201d.<\/p>\n\n\n\n<p>El dirigente sindical entendi\u00f3 que se trata de \u201ctodo un arsenal de acciones que manifiestan el car\u00e1cter del gobierno de Frigerio, un gobierno fuertemente anti obrero, antipopular y neoliberal que persigue la lucha de los trabajadores, que en lugar de hacer el esfuerzo de reconocer la tarea de los trabajadores de la educaci\u00f3n con un salario digno, nos persigue en una huelga que tiene un pliego reivindicativo de car\u00e1cter nacional\u201d.<\/p>\n\n\n\n<p><strong>Pliego reivindicativo<\/strong><\/p>\n\n\n\n<p>Sampedri record\u00f3 que \u201cla huelga del lunes es nacional convocada por Ctera por la restituci\u00f3n y actualizaci\u00f3n del Fonid, restituci\u00f3n de la paritaria nacional, por el Fondo compensador, por las partidas de refuerzo alimentario y copa de leche, por las partidas para infraestructura, por todo esto la huelga del lunes, pese a todas las herramientas coercitivas y de presi\u00f3n y amedrentamiento que plantea el gobierno nacional, va ser tremendamente categ\u00f3rica, tanto la huelga como la movilizaci\u00f3n provincial\u201d.<\/p>\n","protected":false},"excerpt":{"rendered":"<p>Ante el anuncio del gobierno de Rogelio Frigerio de descontar los d\u00edas de paro y realizar un relevamiento de prestaci\u00f3n de servicios en las escuelas el 24, 25 y 26, el secretario gremial de Agmer, Guillermo Sampedri, rechaz\u00f3 las iniciativas oficiales y consider\u00f3 que revelan \u201cun solo objetivo y es coercitivo para tratar de limitar [&hellip;]<\/p>\n","protected":false},"author":4,"featured_media":1138,"comment_status":"open","ping_status":"open","sticky":false,"template":"","format":"standard","meta":{"footnotes":""},"categories":[17],"tags":[],"class_list":{"0":"post-1137","1":"post","2":"type-post","3":"status-publish","4":"format-standard","5":"has-post-thumbnail","7":"category-provinciales"},"yoast_head":"<!-- This site is optimized with the Yoast SEO plugin v27.4 - https:\/\/yoast.com\/product\/yoast-seo-wordpress\/ -->\n<title>Agmer sostuvo que el \u201carsenal de acciones\u201d coercitivas del gobierno provincial exhibe su car\u00e1cter antipopular - Diario del Sur<\/title>\n<meta name=\"robots\" content=\"index, follow, max-snippet:-1, max-image-preview:large, max-video-preview:-1\" \/>\n<link rel=\"canonical\" href=\"https:\/\/diariodelsurdigital.com.ar\/?p=1137\" \/>\n<meta property=\"og:locale\" content=\"es_ES\" \/>\n<meta property=\"og:type\" content=\"article\" \/>\n<meta property=\"og:title\" content=\"Agmer sostuvo que el \u201carsenal de acciones\u201d coercitivas del gobierno provincial exhibe su car\u00e1cter antipopular - Diario del Sur\" \/>\n<meta property=\"og:description\" content=\"Ante el anuncio del gobierno de Rogelio Frigerio de descontar los d\u00edas de paro y realizar un relevamiento de prestaci\u00f3n de servicios en las escuelas el 24, 25 y 26, el secretario gremial de Agmer, Guillermo Sampedri, rechaz\u00f3 las iniciativas oficiales y consider\u00f3 que revelan \u201cun solo objetivo y es coercitivo para tratar de limitar [&hellip;]\" \/>\n<meta property=\"og:url\" content=\"https:\/\/diariodelsurdigital.com.ar\/?p=1137\" \/>\n<meta property=\"og:site_name\" content=\"Diario del Sur\" \/>\n<meta property=\"article:published_time\" content=\"2025-02-22T16:50:16+00:00\" \/>\n<meta property=\"article:modified_time\" content=\"2025-02-22T16:50:17+00:00\" \/>\n<meta property=\"og:image\" content=\"https:\/\/diariodelsurdigital.com.ar\/wp-content\/uploads\/2025\/02\/md.webp\" \/>\n\t<meta property=\"og:image:width\" content=\"992\" \/>\n\t<meta property=\"og:image:height\" content=\"661\" \/>\n\t<meta property=\"og:image:type\" content=\"image\/webp\" \/>\n<meta name=\"author\" content=\"Diario del Sur Digital\" \/>\n<meta name=\"twitter:card\" content=\"summary_large_image\" \/>\n<meta name=\"twitter:label1\" content=\"Escrito por\" \/>\n\t<meta name=\"twitter:data1\" content=\"Diario del Sur Digital\" \/>\n\t<meta name=\"twitter:label2\" content=\"Tiempo de lectura\" \/>\n\t<meta name=\"twitter:data2\" content=\"3 minutos\" \/>\n<script type=\"application\/ld+json\" class=\"yoast-schema-graph\">{\"@context\":\"https:\\\/\\\/schema.org\",\"@graph\":[{\"@type\":\"Article\",\"@id\":\"https:\\\/\\\/diariodelsurdigital.com.ar\\\/?p=1137#article\",\"isPartOf\":{\"@id\":\"https:\\\/\\\/diariodelsurdigital.com.ar\\\/?p=1137\"},\"author\":{\"name\":\"Diario del Sur Digital\",\"@id\":\"https:\\\/\\\/diariodelsurdigital.com.ar\\\/#\\\/schema\\\/person\\\/1a4992532ed62965c968031b49195c81\"},\"headline\":\"Agmer sostuvo que el \u201carsenal de acciones\u201d coercitivas del gobierno provincial exhibe su car\u00e1cter antipopular\",\"datePublished\":\"2025-02-22T16:50:16+00:00\",\"dateModified\":\"2025-02-22T16:50:17+00:00\",\"mainEntityOfPage\":{\"@id\":\"https:\\\/\\\/diariodelsurdigital.com.ar\\\/?p=1137\"},\"wordCount\":550,\"commentCount\":0,\"image\":{\"@id\":\"https:\\\/\\\/diariodelsurdigital.com.ar\\\/?p=1137#primaryimage\"},\"thumbnailUrl\":\"https:\\\/\\\/diariodelsurdigital.com.ar\\\/wp-content\\\/uploads\\\/2025\\\/02\\\/md.webp\",\"articleSection\":[\"Provinciales\"],\"inLanguage\":\"es\",\"potentialAction\":[{\"@type\":\"CommentAction\",\"name\":\"Comment\",\"target\":[\"https:\\\/\\\/diariodelsurdigital.com.ar\\\/?p=1137#respond\"]}]},{\"@type\":\"WebPage\",\"@id\":\"https:\\\/\\\/diariodelsurdigital.com.ar\\\/?p=1137\",\"url\":\"https:\\\/\\\/diariodelsurdigital.com.ar\\\/?p=1137\",\"name\":\"Agmer sostuvo que el \u201carsenal de acciones\u201d coercitivas del gobierno provincial exhibe su car\u00e1cter antipopular - Diario del Sur\",\"isPartOf\":{\"@id\":\"https:\\\/\\\/diariodelsurdigital.com.ar\\\/#website\"},\"primaryImageOfPage\":{\"@id\":\"https:\\\/\\\/diariodelsurdigital.com.ar\\\/?p=1137#primaryimage\"},\"image\":{\"@id\":\"https:\\\/\\\/diariodelsurdigital.com.ar\\\/?p=1137#primaryimage\"},\"thumbnailUrl\":\"https:\\\/\\\/diariodelsurdigital.com.ar\\\/wp-content\\\/uploads\\\/2025\\\/02\\\/md.webp\",\"datePublished\":\"2025-02-22T16:50:16+00:00\",\"dateModified\":\"2025-02-22T16:50:17+00:00\",\"author\":{\"@id\":\"https:\\\/\\\/diariodelsurdigital.com.ar\\\/#\\\/schema\\\/person\\\/1a4992532ed62965c968031b49195c81\"},\"breadcrumb\":{\"@id\":\"https:\\\/\\\/diariodelsurdigital.com.ar\\\/?p=1137#breadcrumb\"},\"inLanguage\":\"es\",\"potentialAction\":[{\"@type\":\"ReadAction\",\"target\":[\"https:\\\/\\\/diariodelsurdigital.com.ar\\\/?p=1137\"]}]},{\"@type\":\"ImageObject\",\"inLanguage\":\"es\",\"@id\":\"https:\\\/\\\/diariodelsurdigital.com.ar\\\/?p=1137#primaryimage\",\"url\":\"https:\\\/\\\/diariodelsurdigital.com.ar\\\/wp-content\\\/uploads\\\/2025\\\/02\\\/md.webp\",\"contentUrl\":\"https:\\\/\\\/diariodelsurdigital.com.ar\\\/wp-content\\\/uploads\\\/2025\\\/02\\\/md.webp\",\"width\":992,\"height\":661},{\"@type\":\"BreadcrumbList\",\"@id\":\"https:\\\/\\\/diariodelsurdigital.com.ar\\\/?p=1137#breadcrumb\",\"itemListElement\":[{\"@type\":\"ListItem\",\"position\":1,\"name\":\"Portada\",\"item\":\"https:\\\/\\\/diariodelsurdigital.com.ar\\\/\"},{\"@type\":\"ListItem\",\"position\":2,\"name\":\"Agmer sostuvo que el \u201carsenal de acciones\u201d coercitivas del gobierno provincial exhibe su car\u00e1cter antipopular\"}]},{\"@type\":\"WebSite\",\"@id\":\"https:\\\/\\\/diariodelsurdigital.com.ar\\\/#website\",\"url\":\"https:\\\/\\\/diariodelsurdigital.com.ar\\\/\",\"name\":\"Diario del Sur\",\"description\":\"Digital\",\"potentialAction\":[{\"@type\":\"SearchAction\",\"target\":{\"@type\":\"EntryPoint\",\"urlTemplate\":\"https:\\\/\\\/diariodelsurdigital.com.ar\\\/?s={search_term_string}\"},\"query-input\":{\"@type\":\"PropertyValueSpecification\",\"valueRequired\":true,\"valueName\":\"search_term_string\"}}],\"inLanguage\":\"es\"},{\"@type\":\"Person\",\"@id\":\"https:\\\/\\\/diariodelsurdigital.com.ar\\\/#\\\/schema\\\/person\\\/1a4992532ed62965c968031b49195c81\",\"name\":\"Diario del Sur Digital\",\"image\":{\"@type\":\"ImageObject\",\"inLanguage\":\"es\",\"@id\":\"https:\\\/\\\/secure.gravatar.com\\\/avatar\\\/f0c7c47fc7146d19828273b9b8eda651c9c7ab583767e6338d3d3bee825adf76?s=96&d=mm&r=g\",\"url\":\"https:\\\/\\\/secure.gravatar.com\\\/avatar\\\/f0c7c47fc7146d19828273b9b8eda651c9c7ab583767e6338d3d3bee825adf76?s=96&d=mm&r=g\",\"contentUrl\":\"https:\\\/\\\/secure.gravatar.com\\\/avatar\\\/f0c7c47fc7146d19828273b9b8eda651c9c7ab583767e6338d3d3bee825adf76?s=96&d=mm&r=g\",\"caption\":\"Diario del Sur Digital\"},\"url\":\"https:\\\/\\\/diariodelsurdigital.com.ar\\\/?author=4\"}]}<\/script>\n<!-- \/ Yoast SEO plugin. -->","yoast_head_json":{"title":"Agmer sostuvo que el \u201carsenal de acciones\u201d coercitivas del gobierno provincial exhibe su car\u00e1cter antipopular - Diario del Sur","robots":{"index":"index","follow":"follow","max-snippet":"max-snippet:-1","max-image-preview":"max-image-preview:large","max-video-preview":"max-video-preview:-1"},"canonical":"https:\/\/diariodelsurdigital.com.ar\/?p=1137","og_locale":"es_ES","og_type":"article","og_title":"Agmer sostuvo que el \u201carsenal de acciones\u201d coercitivas del gobierno provincial exhibe su car\u00e1cter antipopular - Diario del Sur","og_description":"Ante el anuncio del gobierno de Rogelio Frigerio de descontar los d\u00edas de paro y realizar un relevamiento de prestaci\u00f3n de servicios en las escuelas el 24, 25 y 26, el secretario gremial de Agmer, Guillermo Sampedri, rechaz\u00f3 las iniciativas oficiales y consider\u00f3 que revelan \u201cun solo objetivo y es coercitivo para tratar de limitar [&hellip;]","og_url":"https:\/\/diariodelsurdigital.com.ar\/?p=1137","og_site_name":"Diario del Sur","article_published_time":"2025-02-22T16:50:16+00:00","article_modified_time":"2025-02-22T16:50:17+00:00","og_image":[{"width":992,"height":661,"url":"https:\/\/diariodelsurdigital.com.ar\/wp-content\/uploads\/2025\/02\/md.webp","type":"image\/webp"}],"author":"Diario del Sur Digital","twitter_card":"summary_large_image","twitter_misc":{"Escrito por":"Diario del Sur Digital","Tiempo de lectura":"3 minutos"},"schema":{"@context":"https:\/\/schema.org","@graph":[{"@type":"Article","@id":"https:\/\/diariodelsurdigital.com.ar\/?p=1137#article","isPartOf":{"@id":"https:\/\/diariodelsurdigital.com.ar\/?p=1137"},"author":{"name":"Diario del Sur Digital","@id":"https:\/\/diariodelsurdigital.com.ar\/#\/schema\/person\/1a4992532ed62965c968031b49195c81"},"headline":"Agmer sostuvo que el \u201carsenal de acciones\u201d coercitivas del gobierno provincial exhibe su car\u00e1cter antipopular","datePublished":"2025-02-22T16:50:16+00:00","dateModified":"2025-02-22T16:50:17+00:00","mainEntityOfPage":{"@id":"https:\/\/diariodelsurdigital.com.ar\/?p=1137"},"wordCount":550,"commentCount":0,"image":{"@id":"https:\/\/diariodelsurdigital.com.ar\/?p=1137#primaryimage"},"thumbnailUrl":"https:\/\/diariodelsurdigital.com.ar\/wp-content\/uploads\/2025\/02\/md.webp","articleSection":["Provinciales"],"inLanguage":"es","potentialAction":[{"@type":"CommentAction","name":"Comment","target":["https:\/\/diariodelsurdigital.com.ar\/?p=1137#respond"]}]},{"@type":"WebPage","@id":"https:\/\/diariodelsurdigital.com.ar\/?p=1137","url":"https:\/\/diariodelsurdigital.com.ar\/?p=1137","name":"Agmer sostuvo que el \u201carsenal de acciones\u201d coercitivas del gobierno provincial exhibe su car\u00e1cter antipopular - Diario del Sur","isPartOf":{"@id":"https:\/\/diariodelsurdigital.com.ar\/#website"},"primaryImageOfPage":{"@id":"https:\/\/diariodelsurdigital.com.ar\/?p=1137#primaryimage"},"image":{"@id":"https:\/\/diariodelsurdigital.com.ar\/?p=1137#primaryimage"},"thumbnailUrl":"https:\/\/diariodelsurdigital.com.ar\/wp-content\/uploads\/2025\/02\/md.webp","datePublished":"2025-02-22T16:50:16+00:00","dateModified":"2025-02-22T16:50:17+00:00","author":{"@id":"https:\/\/diariodelsurdigital.com.ar\/#\/schema\/person\/1a4992532ed62965c968031b49195c81"},"breadcrumb":{"@id":"https:\/\/diariodelsurdigital.com.ar\/?p=1137#breadcrumb"},"inLanguage":"es","potentialAction":[{"@type":"ReadAction","target":["https:\/\/diariodelsurdigital.com.ar\/?p=1137"]}]},{"@type":"ImageObject","inLanguage":"es","@id":"https:\/\/diariodelsurdigital.com.ar\/?p=1137#primaryimage","url":"https:\/\/diariodelsurdigital.com.ar\/wp-content\/uploads\/2025\/02\/md.webp","contentUrl":"https:\/\/diariodelsurdigital.com.ar\/wp-content\/uploads\/2025\/02\/md.webp","width":992,"height":661},{"@type":"BreadcrumbList","@id":"https:\/\/diariodelsurdigital.com.ar\/?p=1137#breadcrumb","itemListElement":[{"@type":"ListItem","position":1,"name":"Portada","item":"https:\/\/diariodelsurdigital.com.ar\/"},{"@type":"ListItem","position":2,"name":"Agmer sostuvo que el \u201carsenal de acciones\u201d coercitivas del gobierno provincial exhibe su car\u00e1cter antipopular"}]},{"@type":"WebSite","@id":"https:\/\/diariodelsurdigital.com.ar\/#website","url":"https:\/\/diariodelsurdigital.com.ar\/","name":"Diario del Sur","description":"Digital","potentialAction":[{"@type":"SearchAction","target":{"@type":"EntryPoint","urlTemplate":"https:\/\/diariodelsurdigital.com.ar\/?s={search_term_string}"},"query-input":{"@type":"PropertyValueSpecification","valueRequired":true,"valueName":"search_term_string"}}],"inLanguage":"es"},{"@type":"Person","@id":"https:\/\/diariodelsurdigital.com.ar\/#\/schema\/person\/1a4992532ed62965c968031b49195c81","name":"Diario del Sur Digital","image":{"@type":"ImageObject","inLanguage":"es","@id":"https:\/\/secure.gravatar.com\/avatar\/f0c7c47fc7146d19828273b9b8eda651c9c7ab583767e6338d3d3bee825adf76?s=96&d=mm&r=g","url":"https:\/\/secure.gravatar.com\/avatar\/f0c7c47fc7146d19828273b9b8eda651c9c7ab583767e6338d3d3bee825adf76?s=96&d=mm&r=g","contentUrl":"https:\/\/secure.gravatar.com\/avatar\/f0c7c47fc7146d19828273b9b8eda651c9c7ab583767e6338d3d3bee825adf76?s=96&d=mm&r=g","caption":"Diario del Sur Digital"},"url":"https:\/\/diariodelsurdigital.com.ar\/?author=4"}]}},"_links":{"self":[{"href":"https:\/\/diariodelsurdigital.com.ar\/index.php?rest_route=\/wp\/v2\/posts\/1137","targetHints":{"allow":["GET"]}}],"collection":[{"href":"https:\/\/diariodelsurdigital.com.ar\/index.php?rest_route=\/wp\/v2\/posts"}],"about":[{"href":"https:\/\/diariodelsurdigital.com.ar\/index.php?rest_route=\/wp\/v2\/types\/post"}],"author":[{"embeddable":true,"href":"https:\/\/diariodelsurdigital.com.ar\/index.php?rest_route=\/wp\/v2\/users\/4"}],"replies":[{"embeddable":true,"href":"https:\/\/diariodelsurdigital.com.ar\/index.php?rest_route=%2Fwp%2Fv2%2Fcomments&post=1137"}],"version-history":[{"count":1,"href":"https:\/\/diariodelsurdigital.com.ar\/index.php?rest_route=\/wp\/v2\/posts\/1137\/revisions"}],"predecessor-version":[{"id":1139,"href":"https:\/\/diariodelsurdigital.com.ar\/index.php?rest_route=\/wp\/v2\/posts\/1137\/revisions\/1139"}],"wp:featuredmedia":[{"embeddable":true,"href":"https:\/\/diariodelsurdigital.com.ar\/index.php?rest_route=\/wp\/v2\/media\/1138"}],"wp:attachment":[{"href":"https:\/\/diariodelsurdigital.com.ar\/index.php?rest_route=%2Fwp%2Fv2%2Fmedia&parent=1137"}],"wp:term":[{"taxonomy":"category","embeddable":true,"href":"https:\/\/diariodelsurdigital.com.ar\/index.php?rest_route=%2Fwp%2Fv2%2Fcategories&post=1137"},{"taxonomy":"post_tag","embeddable":true,"href":"https:\/\/diariodelsurdigital.com.ar\/index.php?rest_route=%2Fwp%2Fv2%2Ftags&post=1137"}],"curies":[{"name":"wp","href":"https:\/\/api.w.org\/{rel}","templated":true}]}}