{"id":1143,"date":"2025-02-22T13:58:47","date_gmt":"2025-02-22T16:58:47","guid":{"rendered":"https:\/\/diariodelsurdigital.com.ar\/?p=1143"},"modified":"2025-02-22T13:58:48","modified_gmt":"2025-02-22T16:58:48","slug":"concordia-el-sector-de-ambulancias-se-encuentra-realizando-asambleas","status":"publish","type":"post","link":"https:\/\/diariodelsurdigital.com.ar\/?p=1143","title":{"rendered":"Concordia: El sector de ambulancias se encuentra realizando asambleas"},"content":{"rendered":"\n<p>Cristian Selva, integrante de la conducci\u00f3n de ATE Concordia, inform\u00f3 que existe un \u00e1rea municipal en \u00abasamblea\u00bb, tras los pedidos infructuosos a debatir una recomposici\u00f3n salarial. Adem\u00e1s renov\u00f3 las cr\u00edticas a la actual gesti\u00f3n.<\/p>\n\n\n\n<p>El referente de ATE Concordia explic\u00f3 nuevamente que se ha solicitado a la actual gesti\u00f3n municipal una \u00abconvocatoria de una mesa salarial para acordar una recomposici\u00f3n, como se hab\u00eda discutido a finales de 2024\u00bb.<\/p>\n\n\n\n<p>En ese sentido, Selva destac\u00f3 que \u00ablos bonos de enero y febrero no son remunerativos ni bonificables y no alcanzan a los jubilados\u00bb.<\/p>\n\n\n\n<p>Asamblea<\/p>\n\n\n\n<p>El gremialista detall\u00f3 que recientemente \u00abenviamos una nota al se\u00f1or intendente para que convoque una mesa de discusi\u00f3n salarial, independientemente de los bonos cobrados en enero y febrero, tal como se acord\u00f3 el a\u00f1o pasado\u00bb.<\/p>\n\n\n\n<p>Seg\u00fan anticip\u00f3, \u00abinsistiremos porque hay asamblea en el sector de ambulancias\u00bb, el \u00e1rea donde \u00ablos compa\u00f1eros est\u00e1n muy molestos por la falta de cumplimiento\u00bb, seg\u00fan apunt\u00f3.Adem\u00e1s, subray\u00f3 que \u00aben enero se deb\u00eda comenzar a recuperar lo perdido durante el a\u00f1o pasado, que ronda entre un 25 % y un 30 %\u00bb. Sin embargo, acot\u00f3, \u00abesto no se ha cumplido debido a problemas en varios sectores, relacionados con convenios\u00bb.<\/p>\n\n\n\n<p>En ese contexto, Selva insisti\u00f3 en que uno de los reclamos \u00abque tambi\u00e9n hicimos en octubre del a\u00f1o pasado es que todos los gremios podamos participar y discutir conjuntamente con los trabajadores\u00bb, ya que \u00abestas decisiones se toman en secreto y los compa\u00f1eros no tienen acceso a la informaci\u00f3n p\u00fablica que les concierne\u00bb.<\/p>\n\n\n\n<p>Seg\u00fan el referente de ATE Concordia, hasta el momento \u00abno hemos recibido respuesta del Ejecutivo, por eso la semana pasada enviamos la nota, reclamamos al secretario de Gobierno y a\u00fan no tenemos novedades\u00bb, public\u00f3 Diario R\u00edo Uruguay.<\/p>\n","protected":false},"excerpt":{"rendered":"<p>Cristian Selva, integrante de la conducci\u00f3n de ATE Concordia, inform\u00f3 que existe un \u00e1rea municipal en \u00abasamblea\u00bb, tras los pedidos infructuosos a debatir una recomposici\u00f3n salarial. Adem\u00e1s renov\u00f3 las cr\u00edticas a la actual gesti\u00f3n. El referente de ATE Concordia explic\u00f3 nuevamente que se ha solicitado a la actual gesti\u00f3n municipal una \u00abconvocatoria de una mesa [&hellip;]<\/p>\n","protected":false},"author":4,"featured_media":1144,"comment_status":"open","ping_status":"open","sticky":false,"template":"","format":"standard","meta":{"footnotes":""},"categories":[16],"tags":[],"class_list":{"0":"post-1143","1":"post","2":"type-post","3":"status-publish","4":"format-standard","5":"has-post-thumbnail","7":"category-locales"},"yoast_head":"<!-- This site is optimized with the Yoast SEO plugin v27.4 - https:\/\/yoast.com\/product\/yoast-seo-wordpress\/ -->\n<title>Concordia: El sector de ambulancias se encuentra realizando asambleas - Diario del Sur<\/title>\n<meta name=\"robots\" content=\"index, follow, max-snippet:-1, max-image-preview:large, max-video-preview:-1\" \/>\n<link rel=\"canonical\" href=\"https:\/\/diariodelsurdigital.com.ar\/?p=1143\" \/>\n<meta property=\"og:locale\" content=\"es_ES\" \/>\n<meta property=\"og:type\" content=\"article\" \/>\n<meta property=\"og:title\" content=\"Concordia: El sector de ambulancias se encuentra realizando asambleas - Diario del Sur\" \/>\n<meta property=\"og:description\" content=\"Cristian Selva, integrante de la conducci\u00f3n de ATE Concordia, inform\u00f3 que existe un \u00e1rea municipal en \u00abasamblea\u00bb, tras los pedidos infructuosos a debatir una recomposici\u00f3n salarial. Adem\u00e1s renov\u00f3 las cr\u00edticas a la actual gesti\u00f3n. El referente de ATE Concordia explic\u00f3 nuevamente que se ha solicitado a la actual gesti\u00f3n municipal una \u00abconvocatoria de una mesa [&hellip;]\" \/>\n<meta property=\"og:url\" content=\"https:\/\/diariodelsurdigital.com.ar\/?p=1143\" \/>\n<meta property=\"og:site_name\" content=\"Diario del Sur\" \/>\n<meta property=\"article:published_time\" content=\"2025-02-22T16:58:47+00:00\" \/>\n<meta property=\"article:modified_time\" content=\"2025-02-22T16:58:48+00:00\" \/>\n<meta property=\"og:image\" content=\"https:\/\/diariodelsurdigital.com.ar\/wp-content\/uploads\/2025\/02\/md-2.webp\" \/>\n\t<meta property=\"og:image:width\" content=\"992\" \/>\n\t<meta property=\"og:image:height\" content=\"661\" \/>\n\t<meta property=\"og:image:type\" content=\"image\/webp\" \/>\n<meta name=\"author\" content=\"Diario del Sur Digital\" \/>\n<meta name=\"twitter:card\" content=\"summary_large_image\" \/>\n<meta name=\"twitter:label1\" content=\"Escrito por\" \/>\n\t<meta name=\"twitter:data1\" content=\"Diario del Sur Digital\" \/>\n\t<meta name=\"twitter:label2\" content=\"Tiempo de lectura\" \/>\n\t<meta name=\"twitter:data2\" content=\"2 minutos\" \/>\n<script type=\"application\/ld+json\" class=\"yoast-schema-graph\">{\"@context\":\"https:\\\/\\\/schema.org\",\"@graph\":[{\"@type\":\"Article\",\"@id\":\"https:\\\/\\\/diariodelsurdigital.com.ar\\\/?p=1143#article\",\"isPartOf\":{\"@id\":\"https:\\\/\\\/diariodelsurdigital.com.ar\\\/?p=1143\"},\"author\":{\"name\":\"Diario del Sur Digital\",\"@id\":\"https:\\\/\\\/diariodelsurdigital.com.ar\\\/#\\\/schema\\\/person\\\/1a4992532ed62965c968031b49195c81\"},\"headline\":\"Concordia: El sector de ambulancias se encuentra realizando asambleas\",\"datePublished\":\"2025-02-22T16:58:47+00:00\",\"dateModified\":\"2025-02-22T16:58:48+00:00\",\"mainEntityOfPage\":{\"@id\":\"https:\\\/\\\/diariodelsurdigital.com.ar\\\/?p=1143\"},\"wordCount\":316,\"commentCount\":0,\"image\":{\"@id\":\"https:\\\/\\\/diariodelsurdigital.com.ar\\\/?p=1143#primaryimage\"},\"thumbnailUrl\":\"https:\\\/\\\/diariodelsurdigital.com.ar\\\/wp-content\\\/uploads\\\/2025\\\/02\\\/md-2.webp\",\"articleSection\":[\"Locales\"],\"inLanguage\":\"es\",\"potentialAction\":[{\"@type\":\"CommentAction\",\"name\":\"Comment\",\"target\":[\"https:\\\/\\\/diariodelsurdigital.com.ar\\\/?p=1143#respond\"]}]},{\"@type\":\"WebPage\",\"@id\":\"https:\\\/\\\/diariodelsurdigital.com.ar\\\/?p=1143\",\"url\":\"https:\\\/\\\/diariodelsurdigital.com.ar\\\/?p=1143\",\"name\":\"Concordia: El sector de ambulancias se encuentra realizando asambleas - Diario del Sur\",\"isPartOf\":{\"@id\":\"https:\\\/\\\/diariodelsurdigital.com.ar\\\/#website\"},\"primaryImageOfPage\":{\"@id\":\"https:\\\/\\\/diariodelsurdigital.com.ar\\\/?p=1143#primaryimage\"},\"image\":{\"@id\":\"https:\\\/\\\/diariodelsurdigital.com.ar\\\/?p=1143#primaryimage\"},\"thumbnailUrl\":\"https:\\\/\\\/diariodelsurdigital.com.ar\\\/wp-content\\\/uploads\\\/2025\\\/02\\\/md-2.webp\",\"datePublished\":\"2025-02-22T16:58:47+00:00\",\"dateModified\":\"2025-02-22T16:58:48+00:00\",\"author\":{\"@id\":\"https:\\\/\\\/diariodelsurdigital.com.ar\\\/#\\\/schema\\\/person\\\/1a4992532ed62965c968031b49195c81\"},\"breadcrumb\":{\"@id\":\"https:\\\/\\\/diariodelsurdigital.com.ar\\\/?p=1143#breadcrumb\"},\"inLanguage\":\"es\",\"potentialAction\":[{\"@type\":\"ReadAction\",\"target\":[\"https:\\\/\\\/diariodelsurdigital.com.ar\\\/?p=1143\"]}]},{\"@type\":\"ImageObject\",\"inLanguage\":\"es\",\"@id\":\"https:\\\/\\\/diariodelsurdigital.com.ar\\\/?p=1143#primaryimage\",\"url\":\"https:\\\/\\\/diariodelsurdigital.com.ar\\\/wp-content\\\/uploads\\\/2025\\\/02\\\/md-2.webp\",\"contentUrl\":\"https:\\\/\\\/diariodelsurdigital.com.ar\\\/wp-content\\\/uploads\\\/2025\\\/02\\\/md-2.webp\",\"width\":992,\"height\":661},{\"@type\":\"BreadcrumbList\",\"@id\":\"https:\\\/\\\/diariodelsurdigital.com.ar\\\/?p=1143#breadcrumb\",\"itemListElement\":[{\"@type\":\"ListItem\",\"position\":1,\"name\":\"Portada\",\"item\":\"https:\\\/\\\/diariodelsurdigital.com.ar\\\/\"},{\"@type\":\"ListItem\",\"position\":2,\"name\":\"Concordia: El sector de ambulancias se encuentra realizando asambleas\"}]},{\"@type\":\"WebSite\",\"@id\":\"https:\\\/\\\/diariodelsurdigital.com.ar\\\/#website\",\"url\":\"https:\\\/\\\/diariodelsurdigital.com.ar\\\/\",\"name\":\"Diario del Sur\",\"description\":\"Digital\",\"potentialAction\":[{\"@type\":\"SearchAction\",\"target\":{\"@type\":\"EntryPoint\",\"urlTemplate\":\"https:\\\/\\\/diariodelsurdigital.com.ar\\\/?s={search_term_string}\"},\"query-input\":{\"@type\":\"PropertyValueSpecification\",\"valueRequired\":true,\"valueName\":\"search_term_string\"}}],\"inLanguage\":\"es\"},{\"@type\":\"Person\",\"@id\":\"https:\\\/\\\/diariodelsurdigital.com.ar\\\/#\\\/schema\\\/person\\\/1a4992532ed62965c968031b49195c81\",\"name\":\"Diario del Sur Digital\",\"image\":{\"@type\":\"ImageObject\",\"inLanguage\":\"es\",\"@id\":\"https:\\\/\\\/secure.gravatar.com\\\/avatar\\\/f0c7c47fc7146d19828273b9b8eda651c9c7ab583767e6338d3d3bee825adf76?s=96&d=mm&r=g\",\"url\":\"https:\\\/\\\/secure.gravatar.com\\\/avatar\\\/f0c7c47fc7146d19828273b9b8eda651c9c7ab583767e6338d3d3bee825adf76?s=96&d=mm&r=g\",\"contentUrl\":\"https:\\\/\\\/secure.gravatar.com\\\/avatar\\\/f0c7c47fc7146d19828273b9b8eda651c9c7ab583767e6338d3d3bee825adf76?s=96&d=mm&r=g\",\"caption\":\"Diario del Sur Digital\"},\"url\":\"https:\\\/\\\/diariodelsurdigital.com.ar\\\/?author=4\"}]}<\/script>\n<!-- \/ Yoast SEO plugin. -->","yoast_head_json":{"title":"Concordia: El sector de ambulancias se encuentra realizando asambleas - Diario del Sur","robots":{"index":"index","follow":"follow","max-snippet":"max-snippet:-1","max-image-preview":"max-image-preview:large","max-video-preview":"max-video-preview:-1"},"canonical":"https:\/\/diariodelsurdigital.com.ar\/?p=1143","og_locale":"es_ES","og_type":"article","og_title":"Concordia: El sector de ambulancias se encuentra realizando asambleas - Diario del Sur","og_description":"Cristian Selva, integrante de la conducci\u00f3n de ATE Concordia, inform\u00f3 que existe un \u00e1rea municipal en \u00abasamblea\u00bb, tras los pedidos infructuosos a debatir una recomposici\u00f3n salarial. Adem\u00e1s renov\u00f3 las cr\u00edticas a la actual gesti\u00f3n. El referente de ATE Concordia explic\u00f3 nuevamente que se ha solicitado a la actual gesti\u00f3n municipal una \u00abconvocatoria de una mesa [&hellip;]","og_url":"https:\/\/diariodelsurdigital.com.ar\/?p=1143","og_site_name":"Diario del Sur","article_published_time":"2025-02-22T16:58:47+00:00","article_modified_time":"2025-02-22T16:58:48+00:00","og_image":[{"width":992,"height":661,"url":"https:\/\/diariodelsurdigital.com.ar\/wp-content\/uploads\/2025\/02\/md-2.webp","type":"image\/webp"}],"author":"Diario del Sur Digital","twitter_card":"summary_large_image","twitter_misc":{"Escrito por":"Diario del Sur Digital","Tiempo de lectura":"2 minutos"},"schema":{"@context":"https:\/\/schema.org","@graph":[{"@type":"Article","@id":"https:\/\/diariodelsurdigital.com.ar\/?p=1143#article","isPartOf":{"@id":"https:\/\/diariodelsurdigital.com.ar\/?p=1143"},"author":{"name":"Diario del Sur Digital","@id":"https:\/\/diariodelsurdigital.com.ar\/#\/schema\/person\/1a4992532ed62965c968031b49195c81"},"headline":"Concordia: El sector de ambulancias se encuentra realizando asambleas","datePublished":"2025-02-22T16:58:47+00:00","dateModified":"2025-02-22T16:58:48+00:00","mainEntityOfPage":{"@id":"https:\/\/diariodelsurdigital.com.ar\/?p=1143"},"wordCount":316,"commentCount":0,"image":{"@id":"https:\/\/diariodelsurdigital.com.ar\/?p=1143#primaryimage"},"thumbnailUrl":"https:\/\/diariodelsurdigital.com.ar\/wp-content\/uploads\/2025\/02\/md-2.webp","articleSection":["Locales"],"inLanguage":"es","potentialAction":[{"@type":"CommentAction","name":"Comment","target":["https:\/\/diariodelsurdigital.com.ar\/?p=1143#respond"]}]},{"@type":"WebPage","@id":"https:\/\/diariodelsurdigital.com.ar\/?p=1143","url":"https:\/\/diariodelsurdigital.com.ar\/?p=1143","name":"Concordia: El sector de ambulancias se encuentra realizando asambleas - Diario del Sur","isPartOf":{"@id":"https:\/\/diariodelsurdigital.com.ar\/#website"},"primaryImageOfPage":{"@id":"https:\/\/diariodelsurdigital.com.ar\/?p=1143#primaryimage"},"image":{"@id":"https:\/\/diariodelsurdigital.com.ar\/?p=1143#primaryimage"},"thumbnailUrl":"https:\/\/diariodelsurdigital.com.ar\/wp-content\/uploads\/2025\/02\/md-2.webp","datePublished":"2025-02-22T16:58:47+00:00","dateModified":"2025-02-22T16:58:48+00:00","author":{"@id":"https:\/\/diariodelsurdigital.com.ar\/#\/schema\/person\/1a4992532ed62965c968031b49195c81"},"breadcrumb":{"@id":"https:\/\/diariodelsurdigital.com.ar\/?p=1143#breadcrumb"},"inLanguage":"es","potentialAction":[{"@type":"ReadAction","target":["https:\/\/diariodelsurdigital.com.ar\/?p=1143"]}]},{"@type":"ImageObject","inLanguage":"es","@id":"https:\/\/diariodelsurdigital.com.ar\/?p=1143#primaryimage","url":"https:\/\/diariodelsurdigital.com.ar\/wp-content\/uploads\/2025\/02\/md-2.webp","contentUrl":"https:\/\/diariodelsurdigital.com.ar\/wp-content\/uploads\/2025\/02\/md-2.webp","width":992,"height":661},{"@type":"BreadcrumbList","@id":"https:\/\/diariodelsurdigital.com.ar\/?p=1143#breadcrumb","itemListElement":[{"@type":"ListItem","position":1,"name":"Portada","item":"https:\/\/diariodelsurdigital.com.ar\/"},{"@type":"ListItem","position":2,"name":"Concordia: El sector de ambulancias se encuentra realizando asambleas"}]},{"@type":"WebSite","@id":"https:\/\/diariodelsurdigital.com.ar\/#website","url":"https:\/\/diariodelsurdigital.com.ar\/","name":"Diario del Sur","description":"Digital","potentialAction":[{"@type":"SearchAction","target":{"@type":"EntryPoint","urlTemplate":"https:\/\/diariodelsurdigital.com.ar\/?s={search_term_string}"},"query-input":{"@type":"PropertyValueSpecification","valueRequired":true,"valueName":"search_term_string"}}],"inLanguage":"es"},{"@type":"Person","@id":"https:\/\/diariodelsurdigital.com.ar\/#\/schema\/person\/1a4992532ed62965c968031b49195c81","name":"Diario del Sur Digital","image":{"@type":"ImageObject","inLanguage":"es","@id":"https:\/\/secure.gravatar.com\/avatar\/f0c7c47fc7146d19828273b9b8eda651c9c7ab583767e6338d3d3bee825adf76?s=96&d=mm&r=g","url":"https:\/\/secure.gravatar.com\/avatar\/f0c7c47fc7146d19828273b9b8eda651c9c7ab583767e6338d3d3bee825adf76?s=96&d=mm&r=g","contentUrl":"https:\/\/secure.gravatar.com\/avatar\/f0c7c47fc7146d19828273b9b8eda651c9c7ab583767e6338d3d3bee825adf76?s=96&d=mm&r=g","caption":"Diario del Sur Digital"},"url":"https:\/\/diariodelsurdigital.com.ar\/?author=4"}]}},"_links":{"self":[{"href":"https:\/\/diariodelsurdigital.com.ar\/index.php?rest_route=\/wp\/v2\/posts\/1143","targetHints":{"allow":["GET"]}}],"collection":[{"href":"https:\/\/diariodelsurdigital.com.ar\/index.php?rest_route=\/wp\/v2\/posts"}],"about":[{"href":"https:\/\/diariodelsurdigital.com.ar\/index.php?rest_route=\/wp\/v2\/types\/post"}],"author":[{"embeddable":true,"href":"https:\/\/diariodelsurdigital.com.ar\/index.php?rest_route=\/wp\/v2\/users\/4"}],"replies":[{"embeddable":true,"href":"https:\/\/diariodelsurdigital.com.ar\/index.php?rest_route=%2Fwp%2Fv2%2Fcomments&post=1143"}],"version-history":[{"count":1,"href":"https:\/\/diariodelsurdigital.com.ar\/index.php?rest_route=\/wp\/v2\/posts\/1143\/revisions"}],"predecessor-version":[{"id":1145,"href":"https:\/\/diariodelsurdigital.com.ar\/index.php?rest_route=\/wp\/v2\/posts\/1143\/revisions\/1145"}],"wp:featuredmedia":[{"embeddable":true,"href":"https:\/\/diariodelsurdigital.com.ar\/index.php?rest_route=\/wp\/v2\/media\/1144"}],"wp:attachment":[{"href":"https:\/\/diariodelsurdigital.com.ar\/index.php?rest_route=%2Fwp%2Fv2%2Fmedia&parent=1143"}],"wp:term":[{"taxonomy":"category","embeddable":true,"href":"https:\/\/diariodelsurdigital.com.ar\/index.php?rest_route=%2Fwp%2Fv2%2Fcategories&post=1143"},{"taxonomy":"post_tag","embeddable":true,"href":"https:\/\/diariodelsurdigital.com.ar\/index.php?rest_route=%2Fwp%2Fv2%2Ftags&post=1143"}],"curies":[{"name":"wp","href":"https:\/\/api.w.org\/{rel}","templated":true}]}}