{"id":1158,"date":"2025-02-24T11:34:04","date_gmt":"2025-02-24T14:34:04","guid":{"rendered":"https:\/\/diariodelsurdigital.com.ar\/?p=1158"},"modified":"2025-02-24T11:54:09","modified_gmt":"2025-02-24T14:54:09","slug":"una-alumna-se-descompenso-en-el-lanzamiento-del-ciclo-lectivo-en-concordia","status":"publish","type":"post","link":"https:\/\/diariodelsurdigital.com.ar\/?p=1158","title":{"rendered":"Una alumna se descompens\u00f3 en el lanzamiento del ciclo lectivo en Concordia"},"content":{"rendered":"\n<h2 class=\"wp-block-heading\" id=\"nota-title\">  <\/h2>\n\n\n\n<p>El incidente tuvo como escenario el inaugurado gimnasio de la escuela Comerio N\u00b0 1. La alumna, que formaba parte de la delegaci\u00f3n de otra escuela, debi\u00f3 ser trasladada en ambulancia porque golpe\u00f3 su cabeza contra un cuadro.<a href=\"whatsapp:\/\/send?text=DRU:%20Una%20alumna%20se%20descompens%C3%B3%20cuando%20se%20lanzaba%20el%20ciclo%20lectivo%20en%20Concordia%20y%20debi%C3%B3%20ser%20internada%20-%20https:\/\/www.diarioriouruguay.com.ar\/uid-85174\"><\/a><a href=\"https:\/\/www.diarioriouruguay.com.ar\/educacion\/una-alumna-se-descompens-cuando-se-lanzaba-el-ciclo-lectivo-en-concordia-y-debi-ser-internada.htm#\"><\/a><a href=\"https:\/\/www.diarioriouruguay.com.ar\/educacion\/una-alumna-se-descompens-cuando-se-lanzaba-el-ciclo-lectivo-en-concordia-y-debi-ser-internada.htm#\"><\/a><\/p>\n\n\n\n<p>La estudiante golpe\u00f3 su cabeza contra este elemento, rompi\u00f3 el vidrio y estuvo algunos minutos sin recuperar el conocimiento.<\/p>\n\n\n\n<p>En el lugar intervino personal del servicio de emergencia (107) y del servicio de la secretar\u00eda de Salud de la Municipalidad de Concordia, que llegaron al gimnasio y trasladaron a la menor hasta el hospital Masvernat, donde qued\u00f3 internada en observaci\u00f3n.<\/p>\n\n\n\n<p>Ante este hecho, los directivos y docentes de otras instituciones educativas de la ciudad decidieron retirar a sus alumnos del gimnasio, debido al intenso calor que se sent\u00eda adentro de dicha instalaci\u00f3n.<\/p>\n\n\n\n<p>El acto se interrumpi\u00f3 durante unos minutos y sigui\u00f3 luego con las alocuciones de las autoridades presentes, como el intendente Francisco Azcu\u00e9 y el Director Departamental de Escuelas, Julio Barrios.<\/p>\n\n\n\n<p>Fuente: Diario R\u00edo Uruguay<\/p>\n","protected":false},"excerpt":{"rendered":"<p>El incidente tuvo como escenario el inaugurado gimnasio de la escuela Comerio N\u00b0 1. La alumna, que formaba parte de la delegaci\u00f3n de otra escuela, debi\u00f3 ser trasladada en ambulancia porque golpe\u00f3 su cabeza contra un cuadro. La estudiante golpe\u00f3 su cabeza contra este elemento, rompi\u00f3 el vidrio y estuvo algunos minutos sin recuperar el [&hellip;]<\/p>\n","protected":false},"author":2,"featured_media":1167,"comment_status":"open","ping_status":"open","sticky":false,"template":"","format":"standard","meta":{"footnotes":""},"categories":[16],"tags":[],"class_list":{"0":"post-1158","1":"post","2":"type-post","3":"status-publish","4":"format-standard","5":"has-post-thumbnail","7":"category-locales"},"yoast_head":"<!-- This site is optimized with the Yoast SEO plugin v27.4 - https:\/\/yoast.com\/product\/yoast-seo-wordpress\/ -->\n<title>Una alumna se descompens\u00f3 en el lanzamiento del ciclo lectivo en Concordia - Diario del Sur<\/title>\n<meta name=\"robots\" content=\"index, follow, max-snippet:-1, max-image-preview:large, max-video-preview:-1\" \/>\n<link rel=\"canonical\" href=\"https:\/\/diariodelsurdigital.com.ar\/?p=1158\" \/>\n<meta property=\"og:locale\" content=\"es_ES\" \/>\n<meta property=\"og:type\" content=\"article\" \/>\n<meta property=\"og:title\" content=\"Una alumna se descompens\u00f3 en el lanzamiento del ciclo lectivo en Concordia - Diario del Sur\" \/>\n<meta property=\"og:description\" content=\"El incidente tuvo como escenario el inaugurado gimnasio de la escuela Comerio N\u00b0 1. La alumna, que formaba parte de la delegaci\u00f3n de otra escuela, debi\u00f3 ser trasladada en ambulancia porque golpe\u00f3 su cabeza contra un cuadro. La estudiante golpe\u00f3 su cabeza contra este elemento, rompi\u00f3 el vidrio y estuvo algunos minutos sin recuperar el [&hellip;]\" \/>\n<meta property=\"og:url\" content=\"https:\/\/diariodelsurdigital.com.ar\/?p=1158\" \/>\n<meta property=\"og:site_name\" content=\"Diario del Sur\" \/>\n<meta property=\"article:published_time\" content=\"2025-02-24T14:34:04+00:00\" \/>\n<meta property=\"article:modified_time\" content=\"2025-02-24T14:54:09+00:00\" \/>\n<meta property=\"og:image\" content=\"https:\/\/diariodelsurdigital.com.ar\/wp-content\/uploads\/2025\/02\/Imagen-de-WhatsApp-2025-02-24-a-las-11.48.32_ceebe6d1.jpg\" \/>\n\t<meta property=\"og:image:width\" content=\"448\" \/>\n\t<meta property=\"og:image:height\" content=\"318\" \/>\n\t<meta property=\"og:image:type\" content=\"image\/jpeg\" \/>\n<meta name=\"author\" content=\"Diario del Sur Digital\" \/>\n<meta name=\"twitter:card\" content=\"summary_large_image\" \/>\n<meta name=\"twitter:label1\" content=\"Escrito por\" \/>\n\t<meta name=\"twitter:data1\" content=\"Diario del Sur Digital\" \/>\n\t<meta name=\"twitter:label2\" content=\"Tiempo de lectura\" \/>\n\t<meta name=\"twitter:data2\" content=\"1 minuto\" \/>\n<script type=\"application\/ld+json\" class=\"yoast-schema-graph\">{\"@context\":\"https:\\\/\\\/schema.org\",\"@graph\":[{\"@type\":\"Article\",\"@id\":\"https:\\\/\\\/diariodelsurdigital.com.ar\\\/?p=1158#article\",\"isPartOf\":{\"@id\":\"https:\\\/\\\/diariodelsurdigital.com.ar\\\/?p=1158\"},\"author\":{\"name\":\"Diario del Sur Digital\",\"@id\":\"https:\\\/\\\/diariodelsurdigital.com.ar\\\/#\\\/schema\\\/person\\\/6136a32571657f7dba980b88b04c5465\"},\"headline\":\"Una alumna se descompens\u00f3 en el lanzamiento del ciclo lectivo en Concordia\",\"datePublished\":\"2025-02-24T14:34:04+00:00\",\"dateModified\":\"2025-02-24T14:54:09+00:00\",\"mainEntityOfPage\":{\"@id\":\"https:\\\/\\\/diariodelsurdigital.com.ar\\\/?p=1158\"},\"wordCount\":179,\"commentCount\":0,\"image\":{\"@id\":\"https:\\\/\\\/diariodelsurdigital.com.ar\\\/?p=1158#primaryimage\"},\"thumbnailUrl\":\"https:\\\/\\\/diariodelsurdigital.com.ar\\\/wp-content\\\/uploads\\\/2025\\\/02\\\/Imagen-de-WhatsApp-2025-02-24-a-las-11.48.32_ceebe6d1.jpg\",\"articleSection\":[\"Locales\"],\"inLanguage\":\"es\",\"potentialAction\":[{\"@type\":\"CommentAction\",\"name\":\"Comment\",\"target\":[\"https:\\\/\\\/diariodelsurdigital.com.ar\\\/?p=1158#respond\"]}]},{\"@type\":\"WebPage\",\"@id\":\"https:\\\/\\\/diariodelsurdigital.com.ar\\\/?p=1158\",\"url\":\"https:\\\/\\\/diariodelsurdigital.com.ar\\\/?p=1158\",\"name\":\"Una alumna se descompens\u00f3 en el lanzamiento del ciclo lectivo en Concordia - Diario del Sur\",\"isPartOf\":{\"@id\":\"https:\\\/\\\/diariodelsurdigital.com.ar\\\/#website\"},\"primaryImageOfPage\":{\"@id\":\"https:\\\/\\\/diariodelsurdigital.com.ar\\\/?p=1158#primaryimage\"},\"image\":{\"@id\":\"https:\\\/\\\/diariodelsurdigital.com.ar\\\/?p=1158#primaryimage\"},\"thumbnailUrl\":\"https:\\\/\\\/diariodelsurdigital.com.ar\\\/wp-content\\\/uploads\\\/2025\\\/02\\\/Imagen-de-WhatsApp-2025-02-24-a-las-11.48.32_ceebe6d1.jpg\",\"datePublished\":\"2025-02-24T14:34:04+00:00\",\"dateModified\":\"2025-02-24T14:54:09+00:00\",\"author\":{\"@id\":\"https:\\\/\\\/diariodelsurdigital.com.ar\\\/#\\\/schema\\\/person\\\/6136a32571657f7dba980b88b04c5465\"},\"breadcrumb\":{\"@id\":\"https:\\\/\\\/diariodelsurdigital.com.ar\\\/?p=1158#breadcrumb\"},\"inLanguage\":\"es\",\"potentialAction\":[{\"@type\":\"ReadAction\",\"target\":[\"https:\\\/\\\/diariodelsurdigital.com.ar\\\/?p=1158\"]}]},{\"@type\":\"ImageObject\",\"inLanguage\":\"es\",\"@id\":\"https:\\\/\\\/diariodelsurdigital.com.ar\\\/?p=1158#primaryimage\",\"url\":\"https:\\\/\\\/diariodelsurdigital.com.ar\\\/wp-content\\\/uploads\\\/2025\\\/02\\\/Imagen-de-WhatsApp-2025-02-24-a-las-11.48.32_ceebe6d1.jpg\",\"contentUrl\":\"https:\\\/\\\/diariodelsurdigital.com.ar\\\/wp-content\\\/uploads\\\/2025\\\/02\\\/Imagen-de-WhatsApp-2025-02-24-a-las-11.48.32_ceebe6d1.jpg\",\"width\":448,\"height\":318},{\"@type\":\"BreadcrumbList\",\"@id\":\"https:\\\/\\\/diariodelsurdigital.com.ar\\\/?p=1158#breadcrumb\",\"itemListElement\":[{\"@type\":\"ListItem\",\"position\":1,\"name\":\"Portada\",\"item\":\"https:\\\/\\\/diariodelsurdigital.com.ar\\\/\"},{\"@type\":\"ListItem\",\"position\":2,\"name\":\"Una alumna se descompens\u00f3 en el lanzamiento del ciclo lectivo en Concordia\"}]},{\"@type\":\"WebSite\",\"@id\":\"https:\\\/\\\/diariodelsurdigital.com.ar\\\/#website\",\"url\":\"https:\\\/\\\/diariodelsurdigital.com.ar\\\/\",\"name\":\"Diario del Sur\",\"description\":\"Digital\",\"potentialAction\":[{\"@type\":\"SearchAction\",\"target\":{\"@type\":\"EntryPoint\",\"urlTemplate\":\"https:\\\/\\\/diariodelsurdigital.com.ar\\\/?s={search_term_string}\"},\"query-input\":{\"@type\":\"PropertyValueSpecification\",\"valueRequired\":true,\"valueName\":\"search_term_string\"}}],\"inLanguage\":\"es\"},{\"@type\":\"Person\",\"@id\":\"https:\\\/\\\/diariodelsurdigital.com.ar\\\/#\\\/schema\\\/person\\\/6136a32571657f7dba980b88b04c5465\",\"name\":\"Diario del Sur Digital\",\"image\":{\"@type\":\"ImageObject\",\"inLanguage\":\"es\",\"@id\":\"https:\\\/\\\/secure.gravatar.com\\\/avatar\\\/4c29ceac98541dd42460b2474aaa5dd37594d6ce6cb3cf2c101d09b48ee287ba?s=96&d=mm&r=g\",\"url\":\"https:\\\/\\\/secure.gravatar.com\\\/avatar\\\/4c29ceac98541dd42460b2474aaa5dd37594d6ce6cb3cf2c101d09b48ee287ba?s=96&d=mm&r=g\",\"contentUrl\":\"https:\\\/\\\/secure.gravatar.com\\\/avatar\\\/4c29ceac98541dd42460b2474aaa5dd37594d6ce6cb3cf2c101d09b48ee287ba?s=96&d=mm&r=g\",\"caption\":\"Diario del Sur Digital\"},\"url\":\"https:\\\/\\\/diariodelsurdigital.com.ar\\\/?author=2\"}]}<\/script>\n<!-- \/ Yoast SEO plugin. -->","yoast_head_json":{"title":"Una alumna se descompens\u00f3 en el lanzamiento del ciclo lectivo en Concordia - Diario del Sur","robots":{"index":"index","follow":"follow","max-snippet":"max-snippet:-1","max-image-preview":"max-image-preview:large","max-video-preview":"max-video-preview:-1"},"canonical":"https:\/\/diariodelsurdigital.com.ar\/?p=1158","og_locale":"es_ES","og_type":"article","og_title":"Una alumna se descompens\u00f3 en el lanzamiento del ciclo lectivo en Concordia - Diario del Sur","og_description":"El incidente tuvo como escenario el inaugurado gimnasio de la escuela Comerio N\u00b0 1. La alumna, que formaba parte de la delegaci\u00f3n de otra escuela, debi\u00f3 ser trasladada en ambulancia porque golpe\u00f3 su cabeza contra un cuadro. La estudiante golpe\u00f3 su cabeza contra este elemento, rompi\u00f3 el vidrio y estuvo algunos minutos sin recuperar el [&hellip;]","og_url":"https:\/\/diariodelsurdigital.com.ar\/?p=1158","og_site_name":"Diario del Sur","article_published_time":"2025-02-24T14:34:04+00:00","article_modified_time":"2025-02-24T14:54:09+00:00","og_image":[{"width":448,"height":318,"url":"https:\/\/diariodelsurdigital.com.ar\/wp-content\/uploads\/2025\/02\/Imagen-de-WhatsApp-2025-02-24-a-las-11.48.32_ceebe6d1.jpg","type":"image\/jpeg"}],"author":"Diario del Sur Digital","twitter_card":"summary_large_image","twitter_misc":{"Escrito por":"Diario del Sur Digital","Tiempo de lectura":"1 minuto"},"schema":{"@context":"https:\/\/schema.org","@graph":[{"@type":"Article","@id":"https:\/\/diariodelsurdigital.com.ar\/?p=1158#article","isPartOf":{"@id":"https:\/\/diariodelsurdigital.com.ar\/?p=1158"},"author":{"name":"Diario del Sur Digital","@id":"https:\/\/diariodelsurdigital.com.ar\/#\/schema\/person\/6136a32571657f7dba980b88b04c5465"},"headline":"Una alumna se descompens\u00f3 en el lanzamiento del ciclo lectivo en Concordia","datePublished":"2025-02-24T14:34:04+00:00","dateModified":"2025-02-24T14:54:09+00:00","mainEntityOfPage":{"@id":"https:\/\/diariodelsurdigital.com.ar\/?p=1158"},"wordCount":179,"commentCount":0,"image":{"@id":"https:\/\/diariodelsurdigital.com.ar\/?p=1158#primaryimage"},"thumbnailUrl":"https:\/\/diariodelsurdigital.com.ar\/wp-content\/uploads\/2025\/02\/Imagen-de-WhatsApp-2025-02-24-a-las-11.48.32_ceebe6d1.jpg","articleSection":["Locales"],"inLanguage":"es","potentialAction":[{"@type":"CommentAction","name":"Comment","target":["https:\/\/diariodelsurdigital.com.ar\/?p=1158#respond"]}]},{"@type":"WebPage","@id":"https:\/\/diariodelsurdigital.com.ar\/?p=1158","url":"https:\/\/diariodelsurdigital.com.ar\/?p=1158","name":"Una alumna se descompens\u00f3 en el lanzamiento del ciclo lectivo en Concordia - Diario del Sur","isPartOf":{"@id":"https:\/\/diariodelsurdigital.com.ar\/#website"},"primaryImageOfPage":{"@id":"https:\/\/diariodelsurdigital.com.ar\/?p=1158#primaryimage"},"image":{"@id":"https:\/\/diariodelsurdigital.com.ar\/?p=1158#primaryimage"},"thumbnailUrl":"https:\/\/diariodelsurdigital.com.ar\/wp-content\/uploads\/2025\/02\/Imagen-de-WhatsApp-2025-02-24-a-las-11.48.32_ceebe6d1.jpg","datePublished":"2025-02-24T14:34:04+00:00","dateModified":"2025-02-24T14:54:09+00:00","author":{"@id":"https:\/\/diariodelsurdigital.com.ar\/#\/schema\/person\/6136a32571657f7dba980b88b04c5465"},"breadcrumb":{"@id":"https:\/\/diariodelsurdigital.com.ar\/?p=1158#breadcrumb"},"inLanguage":"es","potentialAction":[{"@type":"ReadAction","target":["https:\/\/diariodelsurdigital.com.ar\/?p=1158"]}]},{"@type":"ImageObject","inLanguage":"es","@id":"https:\/\/diariodelsurdigital.com.ar\/?p=1158#primaryimage","url":"https:\/\/diariodelsurdigital.com.ar\/wp-content\/uploads\/2025\/02\/Imagen-de-WhatsApp-2025-02-24-a-las-11.48.32_ceebe6d1.jpg","contentUrl":"https:\/\/diariodelsurdigital.com.ar\/wp-content\/uploads\/2025\/02\/Imagen-de-WhatsApp-2025-02-24-a-las-11.48.32_ceebe6d1.jpg","width":448,"height":318},{"@type":"BreadcrumbList","@id":"https:\/\/diariodelsurdigital.com.ar\/?p=1158#breadcrumb","itemListElement":[{"@type":"ListItem","position":1,"name":"Portada","item":"https:\/\/diariodelsurdigital.com.ar\/"},{"@type":"ListItem","position":2,"name":"Una alumna se descompens\u00f3 en el lanzamiento del ciclo lectivo en Concordia"}]},{"@type":"WebSite","@id":"https:\/\/diariodelsurdigital.com.ar\/#website","url":"https:\/\/diariodelsurdigital.com.ar\/","name":"Diario del Sur","description":"Digital","potentialAction":[{"@type":"SearchAction","target":{"@type":"EntryPoint","urlTemplate":"https:\/\/diariodelsurdigital.com.ar\/?s={search_term_string}"},"query-input":{"@type":"PropertyValueSpecification","valueRequired":true,"valueName":"search_term_string"}}],"inLanguage":"es"},{"@type":"Person","@id":"https:\/\/diariodelsurdigital.com.ar\/#\/schema\/person\/6136a32571657f7dba980b88b04c5465","name":"Diario del Sur Digital","image":{"@type":"ImageObject","inLanguage":"es","@id":"https:\/\/secure.gravatar.com\/avatar\/4c29ceac98541dd42460b2474aaa5dd37594d6ce6cb3cf2c101d09b48ee287ba?s=96&d=mm&r=g","url":"https:\/\/secure.gravatar.com\/avatar\/4c29ceac98541dd42460b2474aaa5dd37594d6ce6cb3cf2c101d09b48ee287ba?s=96&d=mm&r=g","contentUrl":"https:\/\/secure.gravatar.com\/avatar\/4c29ceac98541dd42460b2474aaa5dd37594d6ce6cb3cf2c101d09b48ee287ba?s=96&d=mm&r=g","caption":"Diario del Sur Digital"},"url":"https:\/\/diariodelsurdigital.com.ar\/?author=2"}]}},"_links":{"self":[{"href":"https:\/\/diariodelsurdigital.com.ar\/index.php?rest_route=\/wp\/v2\/posts\/1158","targetHints":{"allow":["GET"]}}],"collection":[{"href":"https:\/\/diariodelsurdigital.com.ar\/index.php?rest_route=\/wp\/v2\/posts"}],"about":[{"href":"https:\/\/diariodelsurdigital.com.ar\/index.php?rest_route=\/wp\/v2\/types\/post"}],"author":[{"embeddable":true,"href":"https:\/\/diariodelsurdigital.com.ar\/index.php?rest_route=\/wp\/v2\/users\/2"}],"replies":[{"embeddable":true,"href":"https:\/\/diariodelsurdigital.com.ar\/index.php?rest_route=%2Fwp%2Fv2%2Fcomments&post=1158"}],"version-history":[{"count":1,"href":"https:\/\/diariodelsurdigital.com.ar\/index.php?rest_route=\/wp\/v2\/posts\/1158\/revisions"}],"predecessor-version":[{"id":1160,"href":"https:\/\/diariodelsurdigital.com.ar\/index.php?rest_route=\/wp\/v2\/posts\/1158\/revisions\/1160"}],"wp:featuredmedia":[{"embeddable":true,"href":"https:\/\/diariodelsurdigital.com.ar\/index.php?rest_route=\/wp\/v2\/media\/1167"}],"wp:attachment":[{"href":"https:\/\/diariodelsurdigital.com.ar\/index.php?rest_route=%2Fwp%2Fv2%2Fmedia&parent=1158"}],"wp:term":[{"taxonomy":"category","embeddable":true,"href":"https:\/\/diariodelsurdigital.com.ar\/index.php?rest_route=%2Fwp%2Fv2%2Fcategories&post=1158"},{"taxonomy":"post_tag","embeddable":true,"href":"https:\/\/diariodelsurdigital.com.ar\/index.php?rest_route=%2Fwp%2Fv2%2Ftags&post=1158"}],"curies":[{"name":"wp","href":"https:\/\/api.w.org\/{rel}","templated":true}]}}