{"id":1161,"date":"2025-02-24T11:42:19","date_gmt":"2025-02-24T14:42:19","guid":{"rendered":"https:\/\/diariodelsurdigital.com.ar\/?p=1161"},"modified":"2025-02-24T11:42:21","modified_gmt":"2025-02-24T14:42:21","slug":"el-pueblo-salio-a-la-calle-en-apoyo-a-los-trabajadores-despedidos-por-granja-tres-arroyos","status":"publish","type":"post","link":"https:\/\/diariodelsurdigital.com.ar\/?p=1161","title":{"rendered":"El Pueblo sali\u00f3 a la calle en apoyo a los trabajadores despedidos por Granja Tres Arroyos"},"content":{"rendered":"\n<p><\/p>\n\n\n\n<p>\u201cNi despidos ni rebaja salarial\u201d, exig\u00eda la enorme bandera que encabez\u00f3 este domingo la manifestaci\u00f3n llevada a cabo en la avenida principal de Concepci\u00f3n del Uruguay, 9 de Julio, en el marco de una masiva movilizaci\u00f3n de ciudadanos en apoyo a los trabajadores de la Granja Tres Arroyos, la empresa l\u00edder en el sector av\u00edcola que pretender recortar salarios y amenaza con despedir a unos 400 trabajadores de la f\u00e1brica ubicada en esa ciudad.<\/p>\n\n\n\n<p>Con banderas, pancartas, luces y c\u00e1nticos, unas 4 mil personas marcharon esta tarde en Concepci\u00f3n del Uruguay, en reclamo por el pago de salarios adeudados y la conservaci\u00f3n de la fuente laboral de los trabajadores de Granja Tres Arroyos. La multitud parti\u00f3 desde la Avenida 9 de Julio y Los Constituyentes hasta la plaza General Francisco Ram\u00edrez, con parada en el Centro C\u00edvico de esa ciudad donde est\u00e1 la intendencia municipal y los juzgados.<\/p>\n\n\n\n<p>La movilizaci\u00f3n signific\u00f3 un fuerte apoyo para los obreros que esperan con incertidumbre la \u00faltima audiencia conciliatoria que se realizar\u00e1 este lunes 24 en Buenos Aires, entre directivos de la empresa y la dirigencia del Sindicato de Trabajadores de la Industria de la Alimentaci\u00f3n (STIA).<\/p>\n\n\n\n<p>Entre los manifestantes se encontraban familiares, trabajadores de otros frigor\u00edficos, personal municipal, docentes, artistas, estudiantes y referentes de organizaciones sociales y pol\u00edticas, entre ellos, el lider del Partido de Trabajadores por el Socialismo (PTS) , Nicol\u00e1s del Ca\u00f1o, qui\u00e9n escribi\u00f3 en sus redes sociales mientras marchaba: \u00abEstamos acompa\u00f1ando la enorme movilizaci\u00f3n de los trabajadores de Granja Tres Arroyos, sus familias y el pueblo de Concepci\u00f3n del Uruguay. No al chantaje de la patronal. Ning\u00fan despido ni reducci\u00f3n salarial\u00bb<\/p>\n\n\n\n<p>De esta manera, con frases como \u201cel salario no se corta\u201d y \u201ctodos adentro\u201d los uruguayenses hicieron escuchar su voz ante el intento de loa empresarios de bajar sueldos y quitar derechos a los trabajadores.<\/p>\n\n\n\n<p><strong>Plan de Ajuste<\/strong><\/p>\n\n\n\n<p>En enero, la empresa l\u00edder en la producci\u00f3n av\u00edcola de Argentina, ejecut\u00f3 el despido de 50 trabajadores en su planta de Concepci\u00f3n del Uruguay como parte de un plan de ajuste que comenz\u00f3 en diciembre con la solicitud de un Procedimiento Preventivo de Crisis (PPC).<\/p>\n\n\n\n<p>Esta medida fue presentada con el objetivo de reducir costos laborales, ya sea a trav\u00e9s de recortes salariales o achicando la plantilla de empleados. Desde el Sindicato de Trabajadores de la Industria de la Alimentaci\u00f3n (STIA) de Concepci\u00f3n del Uruguay cuestionaron la legitimidad de la crisis que argumenta la empresa.<\/p>\n\n\n\n<p>En diciembre, la Secretar\u00eda de Trabajo de la Naci\u00f3n aprob\u00f3 un recurso presentado por los propietarios de la firma, y contemplado en la Ley de Contrato de Trabajo, que permite a las empresas en dificultades econ\u00f3micas implementar ajustes que, de otro modo, estar\u00edan restringidos por convenios colectivos de trabajo. En principio, la firma del Grupo GTA hab\u00eda planteado la posibilidad de despedir a 700 empleados o aplicar una rebaja salarial que implicar\u00eda eliminar pagos adicionales equivalentes al 21% de los ingresos.<\/p>\n","protected":false},"excerpt":{"rendered":"<p>\u201cNi despidos ni rebaja salarial\u201d, exig\u00eda la enorme bandera que encabez\u00f3 este domingo la manifestaci\u00f3n llevada a cabo en la avenida principal de Concepci\u00f3n del Uruguay, 9 de Julio, en el marco de una masiva movilizaci\u00f3n de ciudadanos en apoyo a los trabajadores de la Granja Tres Arroyos, la empresa l\u00edder en el sector av\u00edcola [&hellip;]<\/p>\n","protected":false},"author":2,"featured_media":1164,"comment_status":"open","ping_status":"open","sticky":false,"template":"","format":"standard","meta":{"footnotes":""},"categories":[17],"tags":[],"class_list":{"0":"post-1161","1":"post","2":"type-post","3":"status-publish","4":"format-standard","5":"has-post-thumbnail","7":"category-provinciales"},"yoast_head":"<!-- This site is optimized with the Yoast SEO plugin v27.4 - https:\/\/yoast.com\/product\/yoast-seo-wordpress\/ -->\n<title>El Pueblo sali\u00f3 a la calle en apoyo a los trabajadores despedidos por Granja Tres Arroyos - Diario del Sur<\/title>\n<meta name=\"robots\" content=\"index, follow, max-snippet:-1, max-image-preview:large, max-video-preview:-1\" \/>\n<link rel=\"canonical\" href=\"https:\/\/diariodelsurdigital.com.ar\/?p=1161\" \/>\n<meta property=\"og:locale\" content=\"es_ES\" \/>\n<meta property=\"og:type\" content=\"article\" \/>\n<meta property=\"og:title\" content=\"El Pueblo sali\u00f3 a la calle en apoyo a los trabajadores despedidos por Granja Tres Arroyos - Diario del Sur\" \/>\n<meta property=\"og:description\" content=\"\u201cNi despidos ni rebaja salarial\u201d, exig\u00eda la enorme bandera que encabez\u00f3 este domingo la manifestaci\u00f3n llevada a cabo en la avenida principal de Concepci\u00f3n del Uruguay, 9 de Julio, en el marco de una masiva movilizaci\u00f3n de ciudadanos en apoyo a los trabajadores de la Granja Tres Arroyos, la empresa l\u00edder en el sector av\u00edcola [&hellip;]\" \/>\n<meta property=\"og:url\" content=\"https:\/\/diariodelsurdigital.com.ar\/?p=1161\" \/>\n<meta property=\"og:site_name\" content=\"Diario del Sur\" \/>\n<meta property=\"article:published_time\" content=\"2025-02-24T14:42:19+00:00\" \/>\n<meta property=\"article:modified_time\" content=\"2025-02-24T14:42:21+00:00\" \/>\n<meta property=\"og:image\" content=\"https:\/\/diariodelsurdigital.com.ar\/wp-content\/uploads\/2025\/02\/marcha1-2-8bba5.jpg\" \/>\n\t<meta property=\"og:image:width\" content=\"504\" \/>\n\t<meta property=\"og:image:height\" content=\"277\" \/>\n\t<meta property=\"og:image:type\" content=\"image\/jpeg\" \/>\n<meta name=\"author\" content=\"Diario del Sur Digital\" \/>\n<meta name=\"twitter:card\" content=\"summary_large_image\" \/>\n<meta name=\"twitter:label1\" content=\"Escrito por\" \/>\n\t<meta name=\"twitter:data1\" content=\"Diario del Sur Digital\" \/>\n\t<meta name=\"twitter:label2\" content=\"Tiempo de lectura\" \/>\n\t<meta name=\"twitter:data2\" content=\"3 minutos\" \/>\n<script type=\"application\/ld+json\" class=\"yoast-schema-graph\">{\"@context\":\"https:\\\/\\\/schema.org\",\"@graph\":[{\"@type\":\"Article\",\"@id\":\"https:\\\/\\\/diariodelsurdigital.com.ar\\\/?p=1161#article\",\"isPartOf\":{\"@id\":\"https:\\\/\\\/diariodelsurdigital.com.ar\\\/?p=1161\"},\"author\":{\"name\":\"Diario del Sur Digital\",\"@id\":\"https:\\\/\\\/diariodelsurdigital.com.ar\\\/#\\\/schema\\\/person\\\/6136a32571657f7dba980b88b04c5465\"},\"headline\":\"El Pueblo sali\u00f3 a la calle en apoyo a los trabajadores despedidos por Granja Tres Arroyos\",\"datePublished\":\"2025-02-24T14:42:19+00:00\",\"dateModified\":\"2025-02-24T14:42:21+00:00\",\"mainEntityOfPage\":{\"@id\":\"https:\\\/\\\/diariodelsurdigital.com.ar\\\/?p=1161\"},\"wordCount\":529,\"commentCount\":0,\"image\":{\"@id\":\"https:\\\/\\\/diariodelsurdigital.com.ar\\\/?p=1161#primaryimage\"},\"thumbnailUrl\":\"https:\\\/\\\/diariodelsurdigital.com.ar\\\/wp-content\\\/uploads\\\/2025\\\/02\\\/marcha1-2-8bba5.jpg\",\"articleSection\":[\"Provinciales\"],\"inLanguage\":\"es\",\"potentialAction\":[{\"@type\":\"CommentAction\",\"name\":\"Comment\",\"target\":[\"https:\\\/\\\/diariodelsurdigital.com.ar\\\/?p=1161#respond\"]}]},{\"@type\":\"WebPage\",\"@id\":\"https:\\\/\\\/diariodelsurdigital.com.ar\\\/?p=1161\",\"url\":\"https:\\\/\\\/diariodelsurdigital.com.ar\\\/?p=1161\",\"name\":\"El Pueblo sali\u00f3 a la calle en apoyo a los trabajadores despedidos por Granja Tres Arroyos - Diario del Sur\",\"isPartOf\":{\"@id\":\"https:\\\/\\\/diariodelsurdigital.com.ar\\\/#website\"},\"primaryImageOfPage\":{\"@id\":\"https:\\\/\\\/diariodelsurdigital.com.ar\\\/?p=1161#primaryimage\"},\"image\":{\"@id\":\"https:\\\/\\\/diariodelsurdigital.com.ar\\\/?p=1161#primaryimage\"},\"thumbnailUrl\":\"https:\\\/\\\/diariodelsurdigital.com.ar\\\/wp-content\\\/uploads\\\/2025\\\/02\\\/marcha1-2-8bba5.jpg\",\"datePublished\":\"2025-02-24T14:42:19+00:00\",\"dateModified\":\"2025-02-24T14:42:21+00:00\",\"author\":{\"@id\":\"https:\\\/\\\/diariodelsurdigital.com.ar\\\/#\\\/schema\\\/person\\\/6136a32571657f7dba980b88b04c5465\"},\"breadcrumb\":{\"@id\":\"https:\\\/\\\/diariodelsurdigital.com.ar\\\/?p=1161#breadcrumb\"},\"inLanguage\":\"es\",\"potentialAction\":[{\"@type\":\"ReadAction\",\"target\":[\"https:\\\/\\\/diariodelsurdigital.com.ar\\\/?p=1161\"]}]},{\"@type\":\"ImageObject\",\"inLanguage\":\"es\",\"@id\":\"https:\\\/\\\/diariodelsurdigital.com.ar\\\/?p=1161#primaryimage\",\"url\":\"https:\\\/\\\/diariodelsurdigital.com.ar\\\/wp-content\\\/uploads\\\/2025\\\/02\\\/marcha1-2-8bba5.jpg\",\"contentUrl\":\"https:\\\/\\\/diariodelsurdigital.com.ar\\\/wp-content\\\/uploads\\\/2025\\\/02\\\/marcha1-2-8bba5.jpg\",\"width\":504,\"height\":277},{\"@type\":\"BreadcrumbList\",\"@id\":\"https:\\\/\\\/diariodelsurdigital.com.ar\\\/?p=1161#breadcrumb\",\"itemListElement\":[{\"@type\":\"ListItem\",\"position\":1,\"name\":\"Portada\",\"item\":\"https:\\\/\\\/diariodelsurdigital.com.ar\\\/\"},{\"@type\":\"ListItem\",\"position\":2,\"name\":\"El Pueblo sali\u00f3 a la calle en apoyo a los trabajadores despedidos por Granja Tres Arroyos\"}]},{\"@type\":\"WebSite\",\"@id\":\"https:\\\/\\\/diariodelsurdigital.com.ar\\\/#website\",\"url\":\"https:\\\/\\\/diariodelsurdigital.com.ar\\\/\",\"name\":\"Diario del Sur\",\"description\":\"Digital\",\"potentialAction\":[{\"@type\":\"SearchAction\",\"target\":{\"@type\":\"EntryPoint\",\"urlTemplate\":\"https:\\\/\\\/diariodelsurdigital.com.ar\\\/?s={search_term_string}\"},\"query-input\":{\"@type\":\"PropertyValueSpecification\",\"valueRequired\":true,\"valueName\":\"search_term_string\"}}],\"inLanguage\":\"es\"},{\"@type\":\"Person\",\"@id\":\"https:\\\/\\\/diariodelsurdigital.com.ar\\\/#\\\/schema\\\/person\\\/6136a32571657f7dba980b88b04c5465\",\"name\":\"Diario del Sur Digital\",\"image\":{\"@type\":\"ImageObject\",\"inLanguage\":\"es\",\"@id\":\"https:\\\/\\\/secure.gravatar.com\\\/avatar\\\/4c29ceac98541dd42460b2474aaa5dd37594d6ce6cb3cf2c101d09b48ee287ba?s=96&d=mm&r=g\",\"url\":\"https:\\\/\\\/secure.gravatar.com\\\/avatar\\\/4c29ceac98541dd42460b2474aaa5dd37594d6ce6cb3cf2c101d09b48ee287ba?s=96&d=mm&r=g\",\"contentUrl\":\"https:\\\/\\\/secure.gravatar.com\\\/avatar\\\/4c29ceac98541dd42460b2474aaa5dd37594d6ce6cb3cf2c101d09b48ee287ba?s=96&d=mm&r=g\",\"caption\":\"Diario del Sur Digital\"},\"url\":\"https:\\\/\\\/diariodelsurdigital.com.ar\\\/?author=2\"}]}<\/script>\n<!-- \/ Yoast SEO plugin. -->","yoast_head_json":{"title":"El Pueblo sali\u00f3 a la calle en apoyo a los trabajadores despedidos por Granja Tres Arroyos - Diario del Sur","robots":{"index":"index","follow":"follow","max-snippet":"max-snippet:-1","max-image-preview":"max-image-preview:large","max-video-preview":"max-video-preview:-1"},"canonical":"https:\/\/diariodelsurdigital.com.ar\/?p=1161","og_locale":"es_ES","og_type":"article","og_title":"El Pueblo sali\u00f3 a la calle en apoyo a los trabajadores despedidos por Granja Tres Arroyos - Diario del Sur","og_description":"\u201cNi despidos ni rebaja salarial\u201d, exig\u00eda la enorme bandera que encabez\u00f3 este domingo la manifestaci\u00f3n llevada a cabo en la avenida principal de Concepci\u00f3n del Uruguay, 9 de Julio, en el marco de una masiva movilizaci\u00f3n de ciudadanos en apoyo a los trabajadores de la Granja Tres Arroyos, la empresa l\u00edder en el sector av\u00edcola [&hellip;]","og_url":"https:\/\/diariodelsurdigital.com.ar\/?p=1161","og_site_name":"Diario del Sur","article_published_time":"2025-02-24T14:42:19+00:00","article_modified_time":"2025-02-24T14:42:21+00:00","og_image":[{"width":504,"height":277,"url":"https:\/\/diariodelsurdigital.com.ar\/wp-content\/uploads\/2025\/02\/marcha1-2-8bba5.jpg","type":"image\/jpeg"}],"author":"Diario del Sur Digital","twitter_card":"summary_large_image","twitter_misc":{"Escrito por":"Diario del Sur Digital","Tiempo de lectura":"3 minutos"},"schema":{"@context":"https:\/\/schema.org","@graph":[{"@type":"Article","@id":"https:\/\/diariodelsurdigital.com.ar\/?p=1161#article","isPartOf":{"@id":"https:\/\/diariodelsurdigital.com.ar\/?p=1161"},"author":{"name":"Diario del Sur Digital","@id":"https:\/\/diariodelsurdigital.com.ar\/#\/schema\/person\/6136a32571657f7dba980b88b04c5465"},"headline":"El Pueblo sali\u00f3 a la calle en apoyo a los trabajadores despedidos por Granja Tres Arroyos","datePublished":"2025-02-24T14:42:19+00:00","dateModified":"2025-02-24T14:42:21+00:00","mainEntityOfPage":{"@id":"https:\/\/diariodelsurdigital.com.ar\/?p=1161"},"wordCount":529,"commentCount":0,"image":{"@id":"https:\/\/diariodelsurdigital.com.ar\/?p=1161#primaryimage"},"thumbnailUrl":"https:\/\/diariodelsurdigital.com.ar\/wp-content\/uploads\/2025\/02\/marcha1-2-8bba5.jpg","articleSection":["Provinciales"],"inLanguage":"es","potentialAction":[{"@type":"CommentAction","name":"Comment","target":["https:\/\/diariodelsurdigital.com.ar\/?p=1161#respond"]}]},{"@type":"WebPage","@id":"https:\/\/diariodelsurdigital.com.ar\/?p=1161","url":"https:\/\/diariodelsurdigital.com.ar\/?p=1161","name":"El Pueblo sali\u00f3 a la calle en apoyo a los trabajadores despedidos por Granja Tres Arroyos - Diario del Sur","isPartOf":{"@id":"https:\/\/diariodelsurdigital.com.ar\/#website"},"primaryImageOfPage":{"@id":"https:\/\/diariodelsurdigital.com.ar\/?p=1161#primaryimage"},"image":{"@id":"https:\/\/diariodelsurdigital.com.ar\/?p=1161#primaryimage"},"thumbnailUrl":"https:\/\/diariodelsurdigital.com.ar\/wp-content\/uploads\/2025\/02\/marcha1-2-8bba5.jpg","datePublished":"2025-02-24T14:42:19+00:00","dateModified":"2025-02-24T14:42:21+00:00","author":{"@id":"https:\/\/diariodelsurdigital.com.ar\/#\/schema\/person\/6136a32571657f7dba980b88b04c5465"},"breadcrumb":{"@id":"https:\/\/diariodelsurdigital.com.ar\/?p=1161#breadcrumb"},"inLanguage":"es","potentialAction":[{"@type":"ReadAction","target":["https:\/\/diariodelsurdigital.com.ar\/?p=1161"]}]},{"@type":"ImageObject","inLanguage":"es","@id":"https:\/\/diariodelsurdigital.com.ar\/?p=1161#primaryimage","url":"https:\/\/diariodelsurdigital.com.ar\/wp-content\/uploads\/2025\/02\/marcha1-2-8bba5.jpg","contentUrl":"https:\/\/diariodelsurdigital.com.ar\/wp-content\/uploads\/2025\/02\/marcha1-2-8bba5.jpg","width":504,"height":277},{"@type":"BreadcrumbList","@id":"https:\/\/diariodelsurdigital.com.ar\/?p=1161#breadcrumb","itemListElement":[{"@type":"ListItem","position":1,"name":"Portada","item":"https:\/\/diariodelsurdigital.com.ar\/"},{"@type":"ListItem","position":2,"name":"El Pueblo sali\u00f3 a la calle en apoyo a los trabajadores despedidos por Granja Tres Arroyos"}]},{"@type":"WebSite","@id":"https:\/\/diariodelsurdigital.com.ar\/#website","url":"https:\/\/diariodelsurdigital.com.ar\/","name":"Diario del Sur","description":"Digital","potentialAction":[{"@type":"SearchAction","target":{"@type":"EntryPoint","urlTemplate":"https:\/\/diariodelsurdigital.com.ar\/?s={search_term_string}"},"query-input":{"@type":"PropertyValueSpecification","valueRequired":true,"valueName":"search_term_string"}}],"inLanguage":"es"},{"@type":"Person","@id":"https:\/\/diariodelsurdigital.com.ar\/#\/schema\/person\/6136a32571657f7dba980b88b04c5465","name":"Diario del Sur Digital","image":{"@type":"ImageObject","inLanguage":"es","@id":"https:\/\/secure.gravatar.com\/avatar\/4c29ceac98541dd42460b2474aaa5dd37594d6ce6cb3cf2c101d09b48ee287ba?s=96&d=mm&r=g","url":"https:\/\/secure.gravatar.com\/avatar\/4c29ceac98541dd42460b2474aaa5dd37594d6ce6cb3cf2c101d09b48ee287ba?s=96&d=mm&r=g","contentUrl":"https:\/\/secure.gravatar.com\/avatar\/4c29ceac98541dd42460b2474aaa5dd37594d6ce6cb3cf2c101d09b48ee287ba?s=96&d=mm&r=g","caption":"Diario del Sur Digital"},"url":"https:\/\/diariodelsurdigital.com.ar\/?author=2"}]}},"_links":{"self":[{"href":"https:\/\/diariodelsurdigital.com.ar\/index.php?rest_route=\/wp\/v2\/posts\/1161","targetHints":{"allow":["GET"]}}],"collection":[{"href":"https:\/\/diariodelsurdigital.com.ar\/index.php?rest_route=\/wp\/v2\/posts"}],"about":[{"href":"https:\/\/diariodelsurdigital.com.ar\/index.php?rest_route=\/wp\/v2\/types\/post"}],"author":[{"embeddable":true,"href":"https:\/\/diariodelsurdigital.com.ar\/index.php?rest_route=\/wp\/v2\/users\/2"}],"replies":[{"embeddable":true,"href":"https:\/\/diariodelsurdigital.com.ar\/index.php?rest_route=%2Fwp%2Fv2%2Fcomments&post=1161"}],"version-history":[{"count":1,"href":"https:\/\/diariodelsurdigital.com.ar\/index.php?rest_route=\/wp\/v2\/posts\/1161\/revisions"}],"predecessor-version":[{"id":1165,"href":"https:\/\/diariodelsurdigital.com.ar\/index.php?rest_route=\/wp\/v2\/posts\/1161\/revisions\/1165"}],"wp:featuredmedia":[{"embeddable":true,"href":"https:\/\/diariodelsurdigital.com.ar\/index.php?rest_route=\/wp\/v2\/media\/1164"}],"wp:attachment":[{"href":"https:\/\/diariodelsurdigital.com.ar\/index.php?rest_route=%2Fwp%2Fv2%2Fmedia&parent=1161"}],"wp:term":[{"taxonomy":"category","embeddable":true,"href":"https:\/\/diariodelsurdigital.com.ar\/index.php?rest_route=%2Fwp%2Fv2%2Fcategories&post=1161"},{"taxonomy":"post_tag","embeddable":true,"href":"https:\/\/diariodelsurdigital.com.ar\/index.php?rest_route=%2Fwp%2Fv2%2Ftags&post=1161"}],"curies":[{"name":"wp","href":"https:\/\/api.w.org\/{rel}","templated":true}]}}