{"id":1172,"date":"2025-02-24T15:29:53","date_gmt":"2025-02-24T18:29:53","guid":{"rendered":"https:\/\/diariodelsurdigital.com.ar\/?p=1172"},"modified":"2025-02-24T15:29:55","modified_gmt":"2025-02-24T18:29:55","slug":"el-gobierno-convirtio-a-yacimientos-carboniferos-rio-turbio-en-sociedad-anonima","status":"publish","type":"post","link":"https:\/\/diariodelsurdigital.com.ar\/?p=1172","title":{"rendered":"El Gobierno convirti\u00f3 a Yacimientos Carbon\u00edferos R\u00edo Turbio en sociedad an\u00f3nima"},"content":{"rendered":"\n<p>La mina de carb\u00f3n santacruce\u00f1a es parte de las empresas autorizadas a ser vendidas por la Ley Bases. La Casa Rosada insistir\u00e1 en desprenderse de otras 60 compa\u00f1\u00edas.<\/p>\n\n\n\n<figure class=\"wp-block-image\"><img decoding=\"async\" src=\"https:\/\/apfdigital-s3.cdn.net.ar\/s3i233\/2024\/10\/apfdigital\/files\/88\/8832\/0bf8a98e16d6a6bc92e05f6920e0c74d122c3ea70402aa59bc06aa6d4d8a0974.gif\" alt=\"Publicidad\"\/><\/figure>\n\n\n\n<figure class=\"wp-block-image\"><img decoding=\"async\" src=\"https:\/\/apfdigital-s3.cdn.net.ar\/s3i233\/2025\/02\/apfdigital\/images\/01\/57\/27\/1572738_d0092b79ce6754f3c468907df7b36267850adac65bb85d5b2f51a14570d7eba8\/md.webp\" alt=\"\"\/><\/figure>\n\n\n\n<p>Tras hacerlo con el Banco Naci\u00f3n, el Gobierno dispuso la transformaci\u00f3n de Yacimientos Carbon\u00edferos R\u00edo Turbio (YCRT) en una sociedad an\u00f3nima y otros 60 organismos podr\u00edan seguir el mismo camino. La medida fue publicada en el Bolet\u00edn Oficial el lunes a la medianoche en el decreto 115\/25.<\/p>\n\n\n\n<p>Con esto, la empresa nacional ubicada en Santa Cruz est\u00e1 un paso m\u00e1s cerca de ser privatizada, algo que est\u00e1 contemplado en la Ley Bases. YCRT es una de las nueve empresas \u2013el Gobierno hab\u00eda propuesto 41\u2013 que quedaron en la lista de privatizables.<\/p>\n\n\n\n<p>Si bien el paso de YCRT de sociedad del Estado en sociedad an\u00f3nima es uno m\u00e1s en la larga lista que tiene el Gobierno, desde Balcarce 50 hubo recaudos especiales con el gobierno provincial, que encabeza Claudio Vidal. El santacruce\u00f1o tiene buena sinton\u00eda con la jefatura de Gabinete, a cargo de Guillermo Francos, y su administraci\u00f3n fue informada previamente sobre el decreto que se publica este lunes, seg\u00fan explicaron fuentes de la Casa Rosada.<\/p>\n\n\n\n<p>YCRT es un \u00edcono del kirchnerismo en Santa Cruz y tambi\u00e9n eje de fuertes controversias por su funcionamiento deficitario y las inversiones millonarias que recibi\u00f3 durante las gestiones de N\u00e9stor y Cristina Kirchner. Su caso tiene poco que ver con el Banco Naci\u00f3n, cuya transformaci\u00f3n fue comunicada sorpresivamente por el Gobierno en medio de un raid de anuncios que buscaron quitar el foco de atenci\u00f3n sobre el esc\u00e1ndalo de la criptomoneda $LIBRA.<\/p>\n\n\n\n<p>En diciembre se conoci\u00f3 un informe lapidario de la Sindicatura General de la Naci\u00f3n sobre el funcionamiento de YCRT. Al cierre del tercer trimestre de 2024, YCRT tuvo un resultado econ\u00f3mico negativo de $8728 millones pese a haber recibido fondos nacionales por $53.837 millones. Seg\u00fan la SIGEN, su d\u00e9ficit operativo fue de $62.565 millones en los primeros nueve meses del a\u00f1o. Seg\u00fan estimaciones del Gobierno, el d\u00e9ficit final de 2024 se ubicar\u00e1 entre los 80 y 100 millones de d\u00f3lares. En 2023 hab\u00eda sido de 140 millones de d\u00f3lares.<\/p>\n\n\n\n<p>La planta de YCRT tiene unos 2100 empleados, en gran medida administrativos. La ciudad de R\u00edo Turbio vive alrededor del funcionamiento del yacimiento y de la Central Termoel\u00e9ctrica, en la que el kirchnerismo invirti\u00f3 sumas millonarias y por las que enfrent\u00f3 varias denuncias en tiempos de la administraci\u00f3n macrista.<\/p>\n\n\n\n<p>En 2004, en el lugar fallecieron 14 mineros al quedar atrapados cuando se produjo un derrumbe seguido de incendio.<\/p>\n\n\n\n<p>Desde octubre del a\u00f1o pasado, el interventor de YCRT es Pablo Sebasti\u00e1n Gordillo Arriagada, exgerente general de Servicios P\u00fablicos Sociedad del Estado en esa provincia y hombre de confianza del gobernador Vidal. Su llegada al cargo se produjo luego de que el presidente Javier Milei echara a Thierry Decoud, en el marco de una investigaci\u00f3n por presunto \u201cpedido de coimas\u201d.<\/p>\n\n\n\n<p>La denuncia contra Decoud hab\u00eda sido presentada por el gobierno de Santa Cruz, tras un presunto pedido de coimas de dos intermediarios entre la minera y la empresa Tegi Limited, que estaba en negociaciones para comprar carb\u00f3n.<\/p>\n\n\n\n<p>El Gobierno hizo saber que hay interesados en comprar la mina y desliz\u00f3 que las ofertas por adquirirla rondan los US$400 millones. Hace un mes, sin embargo, la firma intent\u00f3 subastar a trav\u00e9s del Banco Ciudad 30.000 toneladas de carb\u00f3n, pero la operaci\u00f3n se cay\u00f3 por falta de oferentes.<\/p>\n","protected":false},"excerpt":{"rendered":"<p>La mina de carb\u00f3n santacruce\u00f1a es parte de las empresas autorizadas a ser vendidas por la Ley Bases. La Casa Rosada insistir\u00e1 en desprenderse de otras 60 compa\u00f1\u00edas. Tras hacerlo con el Banco Naci\u00f3n, el Gobierno dispuso la transformaci\u00f3n de Yacimientos Carbon\u00edferos R\u00edo Turbio (YCRT) en una sociedad an\u00f3nima y otros 60 organismos podr\u00edan seguir [&hellip;]<\/p>\n","protected":false},"author":4,"featured_media":1173,"comment_status":"open","ping_status":"open","sticky":false,"template":"","format":"standard","meta":{"footnotes":""},"categories":[18],"tags":[],"class_list":{"0":"post-1172","1":"post","2":"type-post","3":"status-publish","4":"format-standard","5":"has-post-thumbnail","7":"category-nacionales"},"yoast_head":"<!-- This site is optimized with the Yoast SEO plugin v27.4 - https:\/\/yoast.com\/product\/yoast-seo-wordpress\/ -->\n<title>El Gobierno convirti\u00f3 a Yacimientos Carbon\u00edferos R\u00edo Turbio en sociedad an\u00f3nima - Diario del Sur<\/title>\n<meta name=\"robots\" content=\"index, follow, max-snippet:-1, max-image-preview:large, max-video-preview:-1\" \/>\n<link rel=\"canonical\" href=\"https:\/\/diariodelsurdigital.com.ar\/?p=1172\" \/>\n<meta property=\"og:locale\" content=\"es_ES\" \/>\n<meta property=\"og:type\" content=\"article\" \/>\n<meta property=\"og:title\" content=\"El Gobierno convirti\u00f3 a Yacimientos Carbon\u00edferos R\u00edo Turbio en sociedad an\u00f3nima - Diario del Sur\" \/>\n<meta property=\"og:description\" content=\"La mina de carb\u00f3n santacruce\u00f1a es parte de las empresas autorizadas a ser vendidas por la Ley Bases. La Casa Rosada insistir\u00e1 en desprenderse de otras 60 compa\u00f1\u00edas. Tras hacerlo con el Banco Naci\u00f3n, el Gobierno dispuso la transformaci\u00f3n de Yacimientos Carbon\u00edferos R\u00edo Turbio (YCRT) en una sociedad an\u00f3nima y otros 60 organismos podr\u00edan seguir [&hellip;]\" \/>\n<meta property=\"og:url\" content=\"https:\/\/diariodelsurdigital.com.ar\/?p=1172\" \/>\n<meta property=\"og:site_name\" content=\"Diario del Sur\" \/>\n<meta property=\"article:published_time\" content=\"2025-02-24T18:29:53+00:00\" \/>\n<meta property=\"article:modified_time\" content=\"2025-02-24T18:29:55+00:00\" \/>\n<meta property=\"og:image\" content=\"https:\/\/diariodelsurdigital.com.ar\/wp-content\/uploads\/2025\/02\/md-5.webp\" \/>\n\t<meta property=\"og:image:width\" content=\"992\" \/>\n\t<meta property=\"og:image:height\" content=\"656\" \/>\n\t<meta property=\"og:image:type\" content=\"image\/webp\" \/>\n<meta name=\"author\" content=\"Diario del Sur Digital\" \/>\n<meta name=\"twitter:card\" content=\"summary_large_image\" \/>\n<meta name=\"twitter:label1\" content=\"Escrito por\" \/>\n\t<meta name=\"twitter:data1\" content=\"Diario del Sur Digital\" \/>\n\t<meta name=\"twitter:label2\" content=\"Tiempo de lectura\" \/>\n\t<meta name=\"twitter:data2\" content=\"4 minutos\" \/>\n<script type=\"application\/ld+json\" class=\"yoast-schema-graph\">{\"@context\":\"https:\\\/\\\/schema.org\",\"@graph\":[{\"@type\":\"Article\",\"@id\":\"https:\\\/\\\/diariodelsurdigital.com.ar\\\/?p=1172#article\",\"isPartOf\":{\"@id\":\"https:\\\/\\\/diariodelsurdigital.com.ar\\\/?p=1172\"},\"author\":{\"name\":\"Diario del Sur Digital\",\"@id\":\"https:\\\/\\\/diariodelsurdigital.com.ar\\\/#\\\/schema\\\/person\\\/1a4992532ed62965c968031b49195c81\"},\"headline\":\"El Gobierno convirti\u00f3 a Yacimientos Carbon\u00edferos R\u00edo Turbio en sociedad an\u00f3nima\",\"datePublished\":\"2025-02-24T18:29:53+00:00\",\"dateModified\":\"2025-02-24T18:29:55+00:00\",\"mainEntityOfPage\":{\"@id\":\"https:\\\/\\\/diariodelsurdigital.com.ar\\\/?p=1172\"},\"wordCount\":610,\"commentCount\":0,\"image\":{\"@id\":\"https:\\\/\\\/diariodelsurdigital.com.ar\\\/?p=1172#primaryimage\"},\"thumbnailUrl\":\"https:\\\/\\\/diariodelsurdigital.com.ar\\\/wp-content\\\/uploads\\\/2025\\\/02\\\/md-5.webp\",\"articleSection\":[\"Nacionales\"],\"inLanguage\":\"es\",\"potentialAction\":[{\"@type\":\"CommentAction\",\"name\":\"Comment\",\"target\":[\"https:\\\/\\\/diariodelsurdigital.com.ar\\\/?p=1172#respond\"]}]},{\"@type\":\"WebPage\",\"@id\":\"https:\\\/\\\/diariodelsurdigital.com.ar\\\/?p=1172\",\"url\":\"https:\\\/\\\/diariodelsurdigital.com.ar\\\/?p=1172\",\"name\":\"El Gobierno convirti\u00f3 a Yacimientos Carbon\u00edferos R\u00edo Turbio en sociedad an\u00f3nima - Diario del Sur\",\"isPartOf\":{\"@id\":\"https:\\\/\\\/diariodelsurdigital.com.ar\\\/#website\"},\"primaryImageOfPage\":{\"@id\":\"https:\\\/\\\/diariodelsurdigital.com.ar\\\/?p=1172#primaryimage\"},\"image\":{\"@id\":\"https:\\\/\\\/diariodelsurdigital.com.ar\\\/?p=1172#primaryimage\"},\"thumbnailUrl\":\"https:\\\/\\\/diariodelsurdigital.com.ar\\\/wp-content\\\/uploads\\\/2025\\\/02\\\/md-5.webp\",\"datePublished\":\"2025-02-24T18:29:53+00:00\",\"dateModified\":\"2025-02-24T18:29:55+00:00\",\"author\":{\"@id\":\"https:\\\/\\\/diariodelsurdigital.com.ar\\\/#\\\/schema\\\/person\\\/1a4992532ed62965c968031b49195c81\"},\"breadcrumb\":{\"@id\":\"https:\\\/\\\/diariodelsurdigital.com.ar\\\/?p=1172#breadcrumb\"},\"inLanguage\":\"es\",\"potentialAction\":[{\"@type\":\"ReadAction\",\"target\":[\"https:\\\/\\\/diariodelsurdigital.com.ar\\\/?p=1172\"]}]},{\"@type\":\"ImageObject\",\"inLanguage\":\"es\",\"@id\":\"https:\\\/\\\/diariodelsurdigital.com.ar\\\/?p=1172#primaryimage\",\"url\":\"https:\\\/\\\/diariodelsurdigital.com.ar\\\/wp-content\\\/uploads\\\/2025\\\/02\\\/md-5.webp\",\"contentUrl\":\"https:\\\/\\\/diariodelsurdigital.com.ar\\\/wp-content\\\/uploads\\\/2025\\\/02\\\/md-5.webp\",\"width\":992,\"height\":656},{\"@type\":\"BreadcrumbList\",\"@id\":\"https:\\\/\\\/diariodelsurdigital.com.ar\\\/?p=1172#breadcrumb\",\"itemListElement\":[{\"@type\":\"ListItem\",\"position\":1,\"name\":\"Portada\",\"item\":\"https:\\\/\\\/diariodelsurdigital.com.ar\\\/\"},{\"@type\":\"ListItem\",\"position\":2,\"name\":\"El Gobierno convirti\u00f3 a Yacimientos Carbon\u00edferos R\u00edo Turbio en sociedad an\u00f3nima\"}]},{\"@type\":\"WebSite\",\"@id\":\"https:\\\/\\\/diariodelsurdigital.com.ar\\\/#website\",\"url\":\"https:\\\/\\\/diariodelsurdigital.com.ar\\\/\",\"name\":\"Diario del Sur\",\"description\":\"Digital\",\"potentialAction\":[{\"@type\":\"SearchAction\",\"target\":{\"@type\":\"EntryPoint\",\"urlTemplate\":\"https:\\\/\\\/diariodelsurdigital.com.ar\\\/?s={search_term_string}\"},\"query-input\":{\"@type\":\"PropertyValueSpecification\",\"valueRequired\":true,\"valueName\":\"search_term_string\"}}],\"inLanguage\":\"es\"},{\"@type\":\"Person\",\"@id\":\"https:\\\/\\\/diariodelsurdigital.com.ar\\\/#\\\/schema\\\/person\\\/1a4992532ed62965c968031b49195c81\",\"name\":\"Diario del Sur Digital\",\"image\":{\"@type\":\"ImageObject\",\"inLanguage\":\"es\",\"@id\":\"https:\\\/\\\/secure.gravatar.com\\\/avatar\\\/f0c7c47fc7146d19828273b9b8eda651c9c7ab583767e6338d3d3bee825adf76?s=96&d=mm&r=g\",\"url\":\"https:\\\/\\\/secure.gravatar.com\\\/avatar\\\/f0c7c47fc7146d19828273b9b8eda651c9c7ab583767e6338d3d3bee825adf76?s=96&d=mm&r=g\",\"contentUrl\":\"https:\\\/\\\/secure.gravatar.com\\\/avatar\\\/f0c7c47fc7146d19828273b9b8eda651c9c7ab583767e6338d3d3bee825adf76?s=96&d=mm&r=g\",\"caption\":\"Diario del Sur Digital\"},\"url\":\"https:\\\/\\\/diariodelsurdigital.com.ar\\\/?author=4\"}]}<\/script>\n<!-- \/ Yoast SEO plugin. -->","yoast_head_json":{"title":"El Gobierno convirti\u00f3 a Yacimientos Carbon\u00edferos R\u00edo Turbio en sociedad an\u00f3nima - Diario del Sur","robots":{"index":"index","follow":"follow","max-snippet":"max-snippet:-1","max-image-preview":"max-image-preview:large","max-video-preview":"max-video-preview:-1"},"canonical":"https:\/\/diariodelsurdigital.com.ar\/?p=1172","og_locale":"es_ES","og_type":"article","og_title":"El Gobierno convirti\u00f3 a Yacimientos Carbon\u00edferos R\u00edo Turbio en sociedad an\u00f3nima - Diario del Sur","og_description":"La mina de carb\u00f3n santacruce\u00f1a es parte de las empresas autorizadas a ser vendidas por la Ley Bases. La Casa Rosada insistir\u00e1 en desprenderse de otras 60 compa\u00f1\u00edas. Tras hacerlo con el Banco Naci\u00f3n, el Gobierno dispuso la transformaci\u00f3n de Yacimientos Carbon\u00edferos R\u00edo Turbio (YCRT) en una sociedad an\u00f3nima y otros 60 organismos podr\u00edan seguir [&hellip;]","og_url":"https:\/\/diariodelsurdigital.com.ar\/?p=1172","og_site_name":"Diario del Sur","article_published_time":"2025-02-24T18:29:53+00:00","article_modified_time":"2025-02-24T18:29:55+00:00","og_image":[{"width":992,"height":656,"url":"https:\/\/diariodelsurdigital.com.ar\/wp-content\/uploads\/2025\/02\/md-5.webp","type":"image\/webp"}],"author":"Diario del Sur Digital","twitter_card":"summary_large_image","twitter_misc":{"Escrito por":"Diario del Sur Digital","Tiempo de lectura":"4 minutos"},"schema":{"@context":"https:\/\/schema.org","@graph":[{"@type":"Article","@id":"https:\/\/diariodelsurdigital.com.ar\/?p=1172#article","isPartOf":{"@id":"https:\/\/diariodelsurdigital.com.ar\/?p=1172"},"author":{"name":"Diario del Sur Digital","@id":"https:\/\/diariodelsurdigital.com.ar\/#\/schema\/person\/1a4992532ed62965c968031b49195c81"},"headline":"El Gobierno convirti\u00f3 a Yacimientos Carbon\u00edferos R\u00edo Turbio en sociedad an\u00f3nima","datePublished":"2025-02-24T18:29:53+00:00","dateModified":"2025-02-24T18:29:55+00:00","mainEntityOfPage":{"@id":"https:\/\/diariodelsurdigital.com.ar\/?p=1172"},"wordCount":610,"commentCount":0,"image":{"@id":"https:\/\/diariodelsurdigital.com.ar\/?p=1172#primaryimage"},"thumbnailUrl":"https:\/\/diariodelsurdigital.com.ar\/wp-content\/uploads\/2025\/02\/md-5.webp","articleSection":["Nacionales"],"inLanguage":"es","potentialAction":[{"@type":"CommentAction","name":"Comment","target":["https:\/\/diariodelsurdigital.com.ar\/?p=1172#respond"]}]},{"@type":"WebPage","@id":"https:\/\/diariodelsurdigital.com.ar\/?p=1172","url":"https:\/\/diariodelsurdigital.com.ar\/?p=1172","name":"El Gobierno convirti\u00f3 a Yacimientos Carbon\u00edferos R\u00edo Turbio en sociedad an\u00f3nima - Diario del Sur","isPartOf":{"@id":"https:\/\/diariodelsurdigital.com.ar\/#website"},"primaryImageOfPage":{"@id":"https:\/\/diariodelsurdigital.com.ar\/?p=1172#primaryimage"},"image":{"@id":"https:\/\/diariodelsurdigital.com.ar\/?p=1172#primaryimage"},"thumbnailUrl":"https:\/\/diariodelsurdigital.com.ar\/wp-content\/uploads\/2025\/02\/md-5.webp","datePublished":"2025-02-24T18:29:53+00:00","dateModified":"2025-02-24T18:29:55+00:00","author":{"@id":"https:\/\/diariodelsurdigital.com.ar\/#\/schema\/person\/1a4992532ed62965c968031b49195c81"},"breadcrumb":{"@id":"https:\/\/diariodelsurdigital.com.ar\/?p=1172#breadcrumb"},"inLanguage":"es","potentialAction":[{"@type":"ReadAction","target":["https:\/\/diariodelsurdigital.com.ar\/?p=1172"]}]},{"@type":"ImageObject","inLanguage":"es","@id":"https:\/\/diariodelsurdigital.com.ar\/?p=1172#primaryimage","url":"https:\/\/diariodelsurdigital.com.ar\/wp-content\/uploads\/2025\/02\/md-5.webp","contentUrl":"https:\/\/diariodelsurdigital.com.ar\/wp-content\/uploads\/2025\/02\/md-5.webp","width":992,"height":656},{"@type":"BreadcrumbList","@id":"https:\/\/diariodelsurdigital.com.ar\/?p=1172#breadcrumb","itemListElement":[{"@type":"ListItem","position":1,"name":"Portada","item":"https:\/\/diariodelsurdigital.com.ar\/"},{"@type":"ListItem","position":2,"name":"El Gobierno convirti\u00f3 a Yacimientos Carbon\u00edferos R\u00edo Turbio en sociedad an\u00f3nima"}]},{"@type":"WebSite","@id":"https:\/\/diariodelsurdigital.com.ar\/#website","url":"https:\/\/diariodelsurdigital.com.ar\/","name":"Diario del Sur","description":"Digital","potentialAction":[{"@type":"SearchAction","target":{"@type":"EntryPoint","urlTemplate":"https:\/\/diariodelsurdigital.com.ar\/?s={search_term_string}"},"query-input":{"@type":"PropertyValueSpecification","valueRequired":true,"valueName":"search_term_string"}}],"inLanguage":"es"},{"@type":"Person","@id":"https:\/\/diariodelsurdigital.com.ar\/#\/schema\/person\/1a4992532ed62965c968031b49195c81","name":"Diario del Sur Digital","image":{"@type":"ImageObject","inLanguage":"es","@id":"https:\/\/secure.gravatar.com\/avatar\/f0c7c47fc7146d19828273b9b8eda651c9c7ab583767e6338d3d3bee825adf76?s=96&d=mm&r=g","url":"https:\/\/secure.gravatar.com\/avatar\/f0c7c47fc7146d19828273b9b8eda651c9c7ab583767e6338d3d3bee825adf76?s=96&d=mm&r=g","contentUrl":"https:\/\/secure.gravatar.com\/avatar\/f0c7c47fc7146d19828273b9b8eda651c9c7ab583767e6338d3d3bee825adf76?s=96&d=mm&r=g","caption":"Diario del Sur Digital"},"url":"https:\/\/diariodelsurdigital.com.ar\/?author=4"}]}},"_links":{"self":[{"href":"https:\/\/diariodelsurdigital.com.ar\/index.php?rest_route=\/wp\/v2\/posts\/1172","targetHints":{"allow":["GET"]}}],"collection":[{"href":"https:\/\/diariodelsurdigital.com.ar\/index.php?rest_route=\/wp\/v2\/posts"}],"about":[{"href":"https:\/\/diariodelsurdigital.com.ar\/index.php?rest_route=\/wp\/v2\/types\/post"}],"author":[{"embeddable":true,"href":"https:\/\/diariodelsurdigital.com.ar\/index.php?rest_route=\/wp\/v2\/users\/4"}],"replies":[{"embeddable":true,"href":"https:\/\/diariodelsurdigital.com.ar\/index.php?rest_route=%2Fwp%2Fv2%2Fcomments&post=1172"}],"version-history":[{"count":1,"href":"https:\/\/diariodelsurdigital.com.ar\/index.php?rest_route=\/wp\/v2\/posts\/1172\/revisions"}],"predecessor-version":[{"id":1174,"href":"https:\/\/diariodelsurdigital.com.ar\/index.php?rest_route=\/wp\/v2\/posts\/1172\/revisions\/1174"}],"wp:featuredmedia":[{"embeddable":true,"href":"https:\/\/diariodelsurdigital.com.ar\/index.php?rest_route=\/wp\/v2\/media\/1173"}],"wp:attachment":[{"href":"https:\/\/diariodelsurdigital.com.ar\/index.php?rest_route=%2Fwp%2Fv2%2Fmedia&parent=1172"}],"wp:term":[{"taxonomy":"category","embeddable":true,"href":"https:\/\/diariodelsurdigital.com.ar\/index.php?rest_route=%2Fwp%2Fv2%2Fcategories&post=1172"},{"taxonomy":"post_tag","embeddable":true,"href":"https:\/\/diariodelsurdigital.com.ar\/index.php?rest_route=%2Fwp%2Fv2%2Ftags&post=1172"}],"curies":[{"name":"wp","href":"https:\/\/api.w.org\/{rel}","templated":true}]}}