{"id":1175,"date":"2025-02-24T15:32:33","date_gmt":"2025-02-24T18:32:33","guid":{"rendered":"https:\/\/diariodelsurdigital.com.ar\/?p=1175"},"modified":"2025-02-24T15:32:35","modified_gmt":"2025-02-24T18:32:35","slug":"hay-alerta-rojo-por-extremo-calor-en-el-noroeste-de-entre-rios","status":"publish","type":"post","link":"https:\/\/diariodelsurdigital.com.ar\/?p=1175","title":{"rendered":"Hay alerta rojo por extremo calor en el noroeste de Entre R\u00edos"},"content":{"rendered":"\n<p>Paran\u00e1, La Paz, Villaguay, Diamante y Nogoy\u00e1 se encuentran en alerta nivel rojo este lunes debido a las altas temperaturas, que podr\u00edan afectar la salud de las personas. En Federal, Feliciano, Federaci\u00f3n, Concordia y San Salvador hay alerta amarillo.<\/p>\n\n\n\n<p>Defensa Civil de la provincia inform\u00f3 que existe una alerta por altas temperaturas, emitida por el Servicio Meteorol\u00f3gico Nacional (SMN). En Entre R\u00edos, cinco departamentos est\u00e1n afectados por un alerta de nivel rojo.<\/p>\n\n\n\n<p>Esta zona registrar\u00e1 temperaturas extremas este lunes, que pueden ser muy peligrosas y afectar a todas las personas, incluso a las saludables. Se esperan posibles valores m\u00e1ximos entre 38\u00b0 y 42\u00b0C y m\u00ednimos entre 26\u00ba y 28 \u00b0C. El martes 25 se prev\u00e9 que las temperaturas comiencen a descender. <\/p>\n\n\n\n<p>Recomendaciones<\/p>\n\n\n\n<p>Ante esta situaci\u00f3n el gobierno provincial recomienda a la poblaci\u00f3n:Evitar exponerse al sol entre las 10 y las 16, horario en que los rayos solares son m\u00e1s directos y es mayor el riesgo de causar da\u00f1os y quemaduras en la piel.Mantenerse hidratado y evitar las comidas pesadas, beber abundante agua regularmente, incluso sin tener sed.Evitar las actividades f\u00edsicas intensas, realizarlas en las horas m\u00e1s frescas del d\u00eda.Utilizar ropa ligera y de colores claros, favorece la ventilaci\u00f3n y protege de los rayos solares.Buscar lugares frescos. Permanecer en ambientes ventilados o acondicionados.Prestar especial atenci\u00f3n a los grupos de riesgo, personas mayores, ni\u00f1os y enfermos cr\u00f3nicos. Ofrecerles agua de manera frecuente y no interrumpir la lactancia materna.Prestar especial atenci\u00f3n a los s\u00edntomas y consultar al establecimiento de salud m\u00e1s cercano. El agotamiento por calor se manifiesta ante sudoraci\u00f3n excesiva, piel p\u00e1lida y fresca, sensaci\u00f3n de calor sofocante, sed intensa y sequedad en la boca, cansancio o debilidad, dolor de est\u00f3mago y cabeza, n\u00e1useas o v\u00f3mitos, mareos o desmayo y calambres musculares. El golpe de calor es reconocible por un dolor palpitante de cabeza, la piel roja (caliente y seca), el v\u00e9rtigo, los mareos y confusi\u00f3n, entre otros.<\/p>\n\n\n\n<p><\/p>\n","protected":false},"excerpt":{"rendered":"<p>Paran\u00e1, La Paz, Villaguay, Diamante y Nogoy\u00e1 se encuentran en alerta nivel rojo este lunes debido a las altas temperaturas, que podr\u00edan afectar la salud de las personas. En Federal, Feliciano, Federaci\u00f3n, Concordia y San Salvador hay alerta amarillo. Defensa Civil de la provincia inform\u00f3 que existe una alerta por altas temperaturas, emitida por el [&hellip;]<\/p>\n","protected":false},"author":4,"featured_media":1176,"comment_status":"open","ping_status":"open","sticky":false,"template":"","format":"standard","meta":{"footnotes":""},"categories":[17],"tags":[],"class_list":{"0":"post-1175","1":"post","2":"type-post","3":"status-publish","4":"format-standard","5":"has-post-thumbnail","7":"category-provinciales"},"yoast_head":"<!-- This site is optimized with the Yoast SEO plugin v27.4 - https:\/\/yoast.com\/product\/yoast-seo-wordpress\/ -->\n<title>Hay alerta rojo por extremo calor en el noroeste de Entre R\u00edos - Diario del Sur<\/title>\n<meta name=\"robots\" content=\"index, follow, max-snippet:-1, max-image-preview:large, max-video-preview:-1\" \/>\n<link rel=\"canonical\" href=\"https:\/\/diariodelsurdigital.com.ar\/?p=1175\" \/>\n<meta property=\"og:locale\" content=\"es_ES\" \/>\n<meta property=\"og:type\" content=\"article\" \/>\n<meta property=\"og:title\" content=\"Hay alerta rojo por extremo calor en el noroeste de Entre R\u00edos - Diario del Sur\" \/>\n<meta property=\"og:description\" content=\"Paran\u00e1, La Paz, Villaguay, Diamante y Nogoy\u00e1 se encuentran en alerta nivel rojo este lunes debido a las altas temperaturas, que podr\u00edan afectar la salud de las personas. En Federal, Feliciano, Federaci\u00f3n, Concordia y San Salvador hay alerta amarillo. Defensa Civil de la provincia inform\u00f3 que existe una alerta por altas temperaturas, emitida por el [&hellip;]\" \/>\n<meta property=\"og:url\" content=\"https:\/\/diariodelsurdigital.com.ar\/?p=1175\" \/>\n<meta property=\"og:site_name\" content=\"Diario del Sur\" \/>\n<meta property=\"article:published_time\" content=\"2025-02-24T18:32:33+00:00\" \/>\n<meta property=\"article:modified_time\" content=\"2025-02-24T18:32:35+00:00\" \/>\n<meta property=\"og:image\" content=\"https:\/\/diariodelsurdigital.com.ar\/wp-content\/uploads\/2025\/02\/md-6.webp\" \/>\n\t<meta property=\"og:image:width\" content=\"992\" \/>\n\t<meta property=\"og:image:height\" content=\"578\" \/>\n\t<meta property=\"og:image:type\" content=\"image\/webp\" \/>\n<meta name=\"author\" content=\"Diario del Sur Digital\" \/>\n<meta name=\"twitter:card\" content=\"summary_large_image\" \/>\n<meta name=\"twitter:label1\" content=\"Escrito por\" \/>\n\t<meta name=\"twitter:data1\" content=\"Diario del Sur Digital\" \/>\n\t<meta name=\"twitter:label2\" content=\"Tiempo de lectura\" \/>\n\t<meta name=\"twitter:data2\" content=\"2 minutos\" \/>\n<script type=\"application\/ld+json\" class=\"yoast-schema-graph\">{\"@context\":\"https:\\\/\\\/schema.org\",\"@graph\":[{\"@type\":\"Article\",\"@id\":\"https:\\\/\\\/diariodelsurdigital.com.ar\\\/?p=1175#article\",\"isPartOf\":{\"@id\":\"https:\\\/\\\/diariodelsurdigital.com.ar\\\/?p=1175\"},\"author\":{\"name\":\"Diario del Sur Digital\",\"@id\":\"https:\\\/\\\/diariodelsurdigital.com.ar\\\/#\\\/schema\\\/person\\\/1a4992532ed62965c968031b49195c81\"},\"headline\":\"Hay alerta rojo por extremo calor en el noroeste de Entre R\u00edos\",\"datePublished\":\"2025-02-24T18:32:33+00:00\",\"dateModified\":\"2025-02-24T18:32:35+00:00\",\"mainEntityOfPage\":{\"@id\":\"https:\\\/\\\/diariodelsurdigital.com.ar\\\/?p=1175\"},\"wordCount\":359,\"commentCount\":0,\"image\":{\"@id\":\"https:\\\/\\\/diariodelsurdigital.com.ar\\\/?p=1175#primaryimage\"},\"thumbnailUrl\":\"https:\\\/\\\/diariodelsurdigital.com.ar\\\/wp-content\\\/uploads\\\/2025\\\/02\\\/md-6.webp\",\"articleSection\":[\"Provinciales\"],\"inLanguage\":\"es\",\"potentialAction\":[{\"@type\":\"CommentAction\",\"name\":\"Comment\",\"target\":[\"https:\\\/\\\/diariodelsurdigital.com.ar\\\/?p=1175#respond\"]}]},{\"@type\":\"WebPage\",\"@id\":\"https:\\\/\\\/diariodelsurdigital.com.ar\\\/?p=1175\",\"url\":\"https:\\\/\\\/diariodelsurdigital.com.ar\\\/?p=1175\",\"name\":\"Hay alerta rojo por extremo calor en el noroeste de Entre R\u00edos - Diario del Sur\",\"isPartOf\":{\"@id\":\"https:\\\/\\\/diariodelsurdigital.com.ar\\\/#website\"},\"primaryImageOfPage\":{\"@id\":\"https:\\\/\\\/diariodelsurdigital.com.ar\\\/?p=1175#primaryimage\"},\"image\":{\"@id\":\"https:\\\/\\\/diariodelsurdigital.com.ar\\\/?p=1175#primaryimage\"},\"thumbnailUrl\":\"https:\\\/\\\/diariodelsurdigital.com.ar\\\/wp-content\\\/uploads\\\/2025\\\/02\\\/md-6.webp\",\"datePublished\":\"2025-02-24T18:32:33+00:00\",\"dateModified\":\"2025-02-24T18:32:35+00:00\",\"author\":{\"@id\":\"https:\\\/\\\/diariodelsurdigital.com.ar\\\/#\\\/schema\\\/person\\\/1a4992532ed62965c968031b49195c81\"},\"breadcrumb\":{\"@id\":\"https:\\\/\\\/diariodelsurdigital.com.ar\\\/?p=1175#breadcrumb\"},\"inLanguage\":\"es\",\"potentialAction\":[{\"@type\":\"ReadAction\",\"target\":[\"https:\\\/\\\/diariodelsurdigital.com.ar\\\/?p=1175\"]}]},{\"@type\":\"ImageObject\",\"inLanguage\":\"es\",\"@id\":\"https:\\\/\\\/diariodelsurdigital.com.ar\\\/?p=1175#primaryimage\",\"url\":\"https:\\\/\\\/diariodelsurdigital.com.ar\\\/wp-content\\\/uploads\\\/2025\\\/02\\\/md-6.webp\",\"contentUrl\":\"https:\\\/\\\/diariodelsurdigital.com.ar\\\/wp-content\\\/uploads\\\/2025\\\/02\\\/md-6.webp\",\"width\":992,\"height\":578},{\"@type\":\"BreadcrumbList\",\"@id\":\"https:\\\/\\\/diariodelsurdigital.com.ar\\\/?p=1175#breadcrumb\",\"itemListElement\":[{\"@type\":\"ListItem\",\"position\":1,\"name\":\"Portada\",\"item\":\"https:\\\/\\\/diariodelsurdigital.com.ar\\\/\"},{\"@type\":\"ListItem\",\"position\":2,\"name\":\"Hay alerta rojo por extremo calor en el noroeste de Entre R\u00edos\"}]},{\"@type\":\"WebSite\",\"@id\":\"https:\\\/\\\/diariodelsurdigital.com.ar\\\/#website\",\"url\":\"https:\\\/\\\/diariodelsurdigital.com.ar\\\/\",\"name\":\"Diario del Sur\",\"description\":\"Digital\",\"potentialAction\":[{\"@type\":\"SearchAction\",\"target\":{\"@type\":\"EntryPoint\",\"urlTemplate\":\"https:\\\/\\\/diariodelsurdigital.com.ar\\\/?s={search_term_string}\"},\"query-input\":{\"@type\":\"PropertyValueSpecification\",\"valueRequired\":true,\"valueName\":\"search_term_string\"}}],\"inLanguage\":\"es\"},{\"@type\":\"Person\",\"@id\":\"https:\\\/\\\/diariodelsurdigital.com.ar\\\/#\\\/schema\\\/person\\\/1a4992532ed62965c968031b49195c81\",\"name\":\"Diario del Sur Digital\",\"image\":{\"@type\":\"ImageObject\",\"inLanguage\":\"es\",\"@id\":\"https:\\\/\\\/secure.gravatar.com\\\/avatar\\\/f0c7c47fc7146d19828273b9b8eda651c9c7ab583767e6338d3d3bee825adf76?s=96&d=mm&r=g\",\"url\":\"https:\\\/\\\/secure.gravatar.com\\\/avatar\\\/f0c7c47fc7146d19828273b9b8eda651c9c7ab583767e6338d3d3bee825adf76?s=96&d=mm&r=g\",\"contentUrl\":\"https:\\\/\\\/secure.gravatar.com\\\/avatar\\\/f0c7c47fc7146d19828273b9b8eda651c9c7ab583767e6338d3d3bee825adf76?s=96&d=mm&r=g\",\"caption\":\"Diario del Sur Digital\"},\"url\":\"https:\\\/\\\/diariodelsurdigital.com.ar\\\/?author=4\"}]}<\/script>\n<!-- \/ Yoast SEO plugin. -->","yoast_head_json":{"title":"Hay alerta rojo por extremo calor en el noroeste de Entre R\u00edos - Diario del Sur","robots":{"index":"index","follow":"follow","max-snippet":"max-snippet:-1","max-image-preview":"max-image-preview:large","max-video-preview":"max-video-preview:-1"},"canonical":"https:\/\/diariodelsurdigital.com.ar\/?p=1175","og_locale":"es_ES","og_type":"article","og_title":"Hay alerta rojo por extremo calor en el noroeste de Entre R\u00edos - Diario del Sur","og_description":"Paran\u00e1, La Paz, Villaguay, Diamante y Nogoy\u00e1 se encuentran en alerta nivel rojo este lunes debido a las altas temperaturas, que podr\u00edan afectar la salud de las personas. En Federal, Feliciano, Federaci\u00f3n, Concordia y San Salvador hay alerta amarillo. Defensa Civil de la provincia inform\u00f3 que existe una alerta por altas temperaturas, emitida por el [&hellip;]","og_url":"https:\/\/diariodelsurdigital.com.ar\/?p=1175","og_site_name":"Diario del Sur","article_published_time":"2025-02-24T18:32:33+00:00","article_modified_time":"2025-02-24T18:32:35+00:00","og_image":[{"width":992,"height":578,"url":"https:\/\/diariodelsurdigital.com.ar\/wp-content\/uploads\/2025\/02\/md-6.webp","type":"image\/webp"}],"author":"Diario del Sur Digital","twitter_card":"summary_large_image","twitter_misc":{"Escrito por":"Diario del Sur Digital","Tiempo de lectura":"2 minutos"},"schema":{"@context":"https:\/\/schema.org","@graph":[{"@type":"Article","@id":"https:\/\/diariodelsurdigital.com.ar\/?p=1175#article","isPartOf":{"@id":"https:\/\/diariodelsurdigital.com.ar\/?p=1175"},"author":{"name":"Diario del Sur Digital","@id":"https:\/\/diariodelsurdigital.com.ar\/#\/schema\/person\/1a4992532ed62965c968031b49195c81"},"headline":"Hay alerta rojo por extremo calor en el noroeste de Entre R\u00edos","datePublished":"2025-02-24T18:32:33+00:00","dateModified":"2025-02-24T18:32:35+00:00","mainEntityOfPage":{"@id":"https:\/\/diariodelsurdigital.com.ar\/?p=1175"},"wordCount":359,"commentCount":0,"image":{"@id":"https:\/\/diariodelsurdigital.com.ar\/?p=1175#primaryimage"},"thumbnailUrl":"https:\/\/diariodelsurdigital.com.ar\/wp-content\/uploads\/2025\/02\/md-6.webp","articleSection":["Provinciales"],"inLanguage":"es","potentialAction":[{"@type":"CommentAction","name":"Comment","target":["https:\/\/diariodelsurdigital.com.ar\/?p=1175#respond"]}]},{"@type":"WebPage","@id":"https:\/\/diariodelsurdigital.com.ar\/?p=1175","url":"https:\/\/diariodelsurdigital.com.ar\/?p=1175","name":"Hay alerta rojo por extremo calor en el noroeste de Entre R\u00edos - Diario del Sur","isPartOf":{"@id":"https:\/\/diariodelsurdigital.com.ar\/#website"},"primaryImageOfPage":{"@id":"https:\/\/diariodelsurdigital.com.ar\/?p=1175#primaryimage"},"image":{"@id":"https:\/\/diariodelsurdigital.com.ar\/?p=1175#primaryimage"},"thumbnailUrl":"https:\/\/diariodelsurdigital.com.ar\/wp-content\/uploads\/2025\/02\/md-6.webp","datePublished":"2025-02-24T18:32:33+00:00","dateModified":"2025-02-24T18:32:35+00:00","author":{"@id":"https:\/\/diariodelsurdigital.com.ar\/#\/schema\/person\/1a4992532ed62965c968031b49195c81"},"breadcrumb":{"@id":"https:\/\/diariodelsurdigital.com.ar\/?p=1175#breadcrumb"},"inLanguage":"es","potentialAction":[{"@type":"ReadAction","target":["https:\/\/diariodelsurdigital.com.ar\/?p=1175"]}]},{"@type":"ImageObject","inLanguage":"es","@id":"https:\/\/diariodelsurdigital.com.ar\/?p=1175#primaryimage","url":"https:\/\/diariodelsurdigital.com.ar\/wp-content\/uploads\/2025\/02\/md-6.webp","contentUrl":"https:\/\/diariodelsurdigital.com.ar\/wp-content\/uploads\/2025\/02\/md-6.webp","width":992,"height":578},{"@type":"BreadcrumbList","@id":"https:\/\/diariodelsurdigital.com.ar\/?p=1175#breadcrumb","itemListElement":[{"@type":"ListItem","position":1,"name":"Portada","item":"https:\/\/diariodelsurdigital.com.ar\/"},{"@type":"ListItem","position":2,"name":"Hay alerta rojo por extremo calor en el noroeste de Entre R\u00edos"}]},{"@type":"WebSite","@id":"https:\/\/diariodelsurdigital.com.ar\/#website","url":"https:\/\/diariodelsurdigital.com.ar\/","name":"Diario del Sur","description":"Digital","potentialAction":[{"@type":"SearchAction","target":{"@type":"EntryPoint","urlTemplate":"https:\/\/diariodelsurdigital.com.ar\/?s={search_term_string}"},"query-input":{"@type":"PropertyValueSpecification","valueRequired":true,"valueName":"search_term_string"}}],"inLanguage":"es"},{"@type":"Person","@id":"https:\/\/diariodelsurdigital.com.ar\/#\/schema\/person\/1a4992532ed62965c968031b49195c81","name":"Diario del Sur Digital","image":{"@type":"ImageObject","inLanguage":"es","@id":"https:\/\/secure.gravatar.com\/avatar\/f0c7c47fc7146d19828273b9b8eda651c9c7ab583767e6338d3d3bee825adf76?s=96&d=mm&r=g","url":"https:\/\/secure.gravatar.com\/avatar\/f0c7c47fc7146d19828273b9b8eda651c9c7ab583767e6338d3d3bee825adf76?s=96&d=mm&r=g","contentUrl":"https:\/\/secure.gravatar.com\/avatar\/f0c7c47fc7146d19828273b9b8eda651c9c7ab583767e6338d3d3bee825adf76?s=96&d=mm&r=g","caption":"Diario del Sur Digital"},"url":"https:\/\/diariodelsurdigital.com.ar\/?author=4"}]}},"_links":{"self":[{"href":"https:\/\/diariodelsurdigital.com.ar\/index.php?rest_route=\/wp\/v2\/posts\/1175","targetHints":{"allow":["GET"]}}],"collection":[{"href":"https:\/\/diariodelsurdigital.com.ar\/index.php?rest_route=\/wp\/v2\/posts"}],"about":[{"href":"https:\/\/diariodelsurdigital.com.ar\/index.php?rest_route=\/wp\/v2\/types\/post"}],"author":[{"embeddable":true,"href":"https:\/\/diariodelsurdigital.com.ar\/index.php?rest_route=\/wp\/v2\/users\/4"}],"replies":[{"embeddable":true,"href":"https:\/\/diariodelsurdigital.com.ar\/index.php?rest_route=%2Fwp%2Fv2%2Fcomments&post=1175"}],"version-history":[{"count":1,"href":"https:\/\/diariodelsurdigital.com.ar\/index.php?rest_route=\/wp\/v2\/posts\/1175\/revisions"}],"predecessor-version":[{"id":1177,"href":"https:\/\/diariodelsurdigital.com.ar\/index.php?rest_route=\/wp\/v2\/posts\/1175\/revisions\/1177"}],"wp:featuredmedia":[{"embeddable":true,"href":"https:\/\/diariodelsurdigital.com.ar\/index.php?rest_route=\/wp\/v2\/media\/1176"}],"wp:attachment":[{"href":"https:\/\/diariodelsurdigital.com.ar\/index.php?rest_route=%2Fwp%2Fv2%2Fmedia&parent=1175"}],"wp:term":[{"taxonomy":"category","embeddable":true,"href":"https:\/\/diariodelsurdigital.com.ar\/index.php?rest_route=%2Fwp%2Fv2%2Fcategories&post=1175"},{"taxonomy":"post_tag","embeddable":true,"href":"https:\/\/diariodelsurdigital.com.ar\/index.php?rest_route=%2Fwp%2Fv2%2Ftags&post=1175"}],"curies":[{"name":"wp","href":"https:\/\/api.w.org\/{rel}","templated":true}]}}