{"id":1178,"date":"2025-02-24T15:35:03","date_gmt":"2025-02-24T18:35:03","guid":{"rendered":"https:\/\/diariodelsurdigital.com.ar\/?p=1178"},"modified":"2025-02-24T15:35:05","modified_gmt":"2025-02-24T18:35:05","slug":"docentes-entrerrianos-realizaron-el-primer-paro-del-ano-bajo-las-consigna-por-salarios-dignos","status":"publish","type":"post","link":"https:\/\/diariodelsurdigital.com.ar\/?p=1178","title":{"rendered":"Docentes entrerrianos realizaron el primer paro del a\u00f1o bajo las consigna \u201cpor salarios dignos\u201d"},"content":{"rendered":"\n<p>En sinton\u00eda con el paro nacional de Ctera, los trabajadores de la educaci\u00f3n nucleados en Agmer se movilizaron hasta la Casa de Gobierno. Uno de los cantos m\u00e1s escuchados en las calles de Paran\u00e1 fue \u201cno es con ajuste ni represi\u00f3n, es con trabajo, salud y educaci\u00f3n\u201d. Adem\u00e1s realizaron fuertes cr\u00edticas al presidente de la Naci\u00f3n, Javier Milei, y al gobernador de la Provincia, Rogelio Frigerio. El paro tuvo un 90% de acatamiento.<\/p>\n\n\n\n<p>La medida de fuerza se llev\u00f3 a cabo luego del rechazo a la \u00faltima propuesta salarial presentada por el Gobierno en el encuentro paritario. Como consecuencia, las clases no comenzaron en la provincia.&nbsp;<\/p>\n\n\n\n<p>Cerca de las 10:40, los docentes que se encontraban en la sede central de AGMER, ubicada en Alameda de la Federaci\u00f3n, comenzaron a desplazarse hacia la intersecci\u00f3n de Buenos Aires y Laprida, donde los esperaba la seccional Paran\u00e1.&nbsp;<\/p>\n\n\n\n<p>El recorrido de la movilizaci\u00f3n inici\u00f3 en Alameda y Buenos Aires, luego dobl\u00f3 por 25 de Junio, continu\u00f3 por Santa Fe, pas\u00f3 por Laprida frente a Tribunales hasta llegar al Consejo de Educaci\u00f3n y finaliz\u00f3 en la Casa Gris.&nbsp;<\/p>\n\n\n\n<p>Dadas las altas temperaturas, los manifestantes marcharon con sombreros, lentes de sol, abanicos y botellas de terer\u00e9, adem\u00e1s de portar los tradicionales bombos y carteles con consignas.&nbsp;<\/p>\n\n\n\n<p>Adem\u00e1s de Agmer, participaron dirigentes del Sindicato Argentino de Docentes Privados (SADOP), la Asociaci\u00f3n de Trabajadores del Estado (ATE) y la Central de Trabajadores de la Argentina (CTA) de Entre R\u00edos.&nbsp;<\/p>\n\n\n\n<p>Entre los c\u00e1nticos m\u00e1s repetidos se escucharon: \u201cNo es con ajuste ni represi\u00f3n, es con trabajo, salud y educaci\u00f3n\u201d, \u201cche, Frigerio, no te lo decimos m\u00e1s, si no hay salario digno, qu\u00e9 quilombo se va a armar\u201d y el cl\u00e1sico\u201cqueremos aumento ya\u201d.&nbsp;<\/p>\n\n\n\n<p>Al llegar a la Casa de Gobierno, los manifestantes fueron recibidos por un fuerte cord\u00f3n policial.&nbsp;<\/p>\n\n\n\n<p>Los oradores de la movilizaci\u00f3n tambi\u00e9n dedicaron c\u00e1nticos contra el gobernador Frigerio: \u201cNo es con cuchara y tenedor, a vos, Frigerio, te decimos empobrecedor\u201d. Adem\u00e1s, dirigieron cr\u00edticas a la presidenta del Consejo General de Educaci\u00f3n (CGE), Alicia Fregonese, insinuando que no estaba presente porque \u201cse encontraba en la Sociedad Rural\u201d.&nbsp;<\/p>\n\n\n\n<p>Una vez reunidos en la Plaza Mansilla, los docentes entonaron el Himno Nacional Argentino.&nbsp;<\/p>\n","protected":false},"excerpt":{"rendered":"<p>En sinton\u00eda con el paro nacional de Ctera, los trabajadores de la educaci\u00f3n nucleados en Agmer se movilizaron hasta la Casa de Gobierno. Uno de los cantos m\u00e1s escuchados en las calles de Paran\u00e1 fue \u201cno es con ajuste ni represi\u00f3n, es con trabajo, salud y educaci\u00f3n\u201d. Adem\u00e1s realizaron fuertes cr\u00edticas al presidente de la [&hellip;]<\/p>\n","protected":false},"author":4,"featured_media":1179,"comment_status":"open","ping_status":"open","sticky":false,"template":"","format":"standard","meta":{"footnotes":""},"categories":[17],"tags":[],"class_list":{"0":"post-1178","1":"post","2":"type-post","3":"status-publish","4":"format-standard","5":"has-post-thumbnail","7":"category-provinciales"},"yoast_head":"<!-- This site is optimized with the Yoast SEO plugin v27.4 - https:\/\/yoast.com\/product\/yoast-seo-wordpress\/ -->\n<title>Docentes entrerrianos realizaron el primer paro del a\u00f1o bajo las consigna \u201cpor salarios dignos\u201d - Diario del Sur<\/title>\n<meta name=\"robots\" content=\"index, follow, max-snippet:-1, max-image-preview:large, max-video-preview:-1\" \/>\n<link rel=\"canonical\" href=\"https:\/\/diariodelsurdigital.com.ar\/?p=1178\" \/>\n<meta property=\"og:locale\" content=\"es_ES\" \/>\n<meta property=\"og:type\" content=\"article\" \/>\n<meta property=\"og:title\" content=\"Docentes entrerrianos realizaron el primer paro del a\u00f1o bajo las consigna \u201cpor salarios dignos\u201d - Diario del Sur\" \/>\n<meta property=\"og:description\" content=\"En sinton\u00eda con el paro nacional de Ctera, los trabajadores de la educaci\u00f3n nucleados en Agmer se movilizaron hasta la Casa de Gobierno. Uno de los cantos m\u00e1s escuchados en las calles de Paran\u00e1 fue \u201cno es con ajuste ni represi\u00f3n, es con trabajo, salud y educaci\u00f3n\u201d. Adem\u00e1s realizaron fuertes cr\u00edticas al presidente de la [&hellip;]\" \/>\n<meta property=\"og:url\" content=\"https:\/\/diariodelsurdigital.com.ar\/?p=1178\" \/>\n<meta property=\"og:site_name\" content=\"Diario del Sur\" \/>\n<meta property=\"article:published_time\" content=\"2025-02-24T18:35:03+00:00\" \/>\n<meta property=\"article:modified_time\" content=\"2025-02-24T18:35:05+00:00\" \/>\n<meta property=\"og:image\" content=\"https:\/\/diariodelsurdigital.com.ar\/wp-content\/uploads\/2025\/02\/md-7.webp\" \/>\n\t<meta property=\"og:image:width\" content=\"992\" \/>\n\t<meta property=\"og:image:height\" content=\"558\" \/>\n\t<meta property=\"og:image:type\" content=\"image\/webp\" \/>\n<meta name=\"author\" content=\"Diario del Sur Digital\" \/>\n<meta name=\"twitter:card\" content=\"summary_large_image\" \/>\n<meta name=\"twitter:label1\" content=\"Escrito por\" \/>\n\t<meta name=\"twitter:data1\" content=\"Diario del Sur Digital\" \/>\n\t<meta name=\"twitter:label2\" content=\"Tiempo de lectura\" \/>\n\t<meta name=\"twitter:data2\" content=\"2 minutos\" \/>\n<script type=\"application\/ld+json\" class=\"yoast-schema-graph\">{\"@context\":\"https:\\\/\\\/schema.org\",\"@graph\":[{\"@type\":\"Article\",\"@id\":\"https:\\\/\\\/diariodelsurdigital.com.ar\\\/?p=1178#article\",\"isPartOf\":{\"@id\":\"https:\\\/\\\/diariodelsurdigital.com.ar\\\/?p=1178\"},\"author\":{\"name\":\"Diario del Sur Digital\",\"@id\":\"https:\\\/\\\/diariodelsurdigital.com.ar\\\/#\\\/schema\\\/person\\\/1a4992532ed62965c968031b49195c81\"},\"headline\":\"Docentes entrerrianos realizaron el primer paro del a\u00f1o bajo las consigna \u201cpor salarios dignos\u201d\",\"datePublished\":\"2025-02-24T18:35:03+00:00\",\"dateModified\":\"2025-02-24T18:35:05+00:00\",\"mainEntityOfPage\":{\"@id\":\"https:\\\/\\\/diariodelsurdigital.com.ar\\\/?p=1178\"},\"wordCount\":414,\"commentCount\":0,\"image\":{\"@id\":\"https:\\\/\\\/diariodelsurdigital.com.ar\\\/?p=1178#primaryimage\"},\"thumbnailUrl\":\"https:\\\/\\\/diariodelsurdigital.com.ar\\\/wp-content\\\/uploads\\\/2025\\\/02\\\/md-7.webp\",\"articleSection\":[\"Provinciales\"],\"inLanguage\":\"es\",\"potentialAction\":[{\"@type\":\"CommentAction\",\"name\":\"Comment\",\"target\":[\"https:\\\/\\\/diariodelsurdigital.com.ar\\\/?p=1178#respond\"]}]},{\"@type\":\"WebPage\",\"@id\":\"https:\\\/\\\/diariodelsurdigital.com.ar\\\/?p=1178\",\"url\":\"https:\\\/\\\/diariodelsurdigital.com.ar\\\/?p=1178\",\"name\":\"Docentes entrerrianos realizaron el primer paro del a\u00f1o bajo las consigna \u201cpor salarios dignos\u201d - Diario del Sur\",\"isPartOf\":{\"@id\":\"https:\\\/\\\/diariodelsurdigital.com.ar\\\/#website\"},\"primaryImageOfPage\":{\"@id\":\"https:\\\/\\\/diariodelsurdigital.com.ar\\\/?p=1178#primaryimage\"},\"image\":{\"@id\":\"https:\\\/\\\/diariodelsurdigital.com.ar\\\/?p=1178#primaryimage\"},\"thumbnailUrl\":\"https:\\\/\\\/diariodelsurdigital.com.ar\\\/wp-content\\\/uploads\\\/2025\\\/02\\\/md-7.webp\",\"datePublished\":\"2025-02-24T18:35:03+00:00\",\"dateModified\":\"2025-02-24T18:35:05+00:00\",\"author\":{\"@id\":\"https:\\\/\\\/diariodelsurdigital.com.ar\\\/#\\\/schema\\\/person\\\/1a4992532ed62965c968031b49195c81\"},\"breadcrumb\":{\"@id\":\"https:\\\/\\\/diariodelsurdigital.com.ar\\\/?p=1178#breadcrumb\"},\"inLanguage\":\"es\",\"potentialAction\":[{\"@type\":\"ReadAction\",\"target\":[\"https:\\\/\\\/diariodelsurdigital.com.ar\\\/?p=1178\"]}]},{\"@type\":\"ImageObject\",\"inLanguage\":\"es\",\"@id\":\"https:\\\/\\\/diariodelsurdigital.com.ar\\\/?p=1178#primaryimage\",\"url\":\"https:\\\/\\\/diariodelsurdigital.com.ar\\\/wp-content\\\/uploads\\\/2025\\\/02\\\/md-7.webp\",\"contentUrl\":\"https:\\\/\\\/diariodelsurdigital.com.ar\\\/wp-content\\\/uploads\\\/2025\\\/02\\\/md-7.webp\",\"width\":992,\"height\":558},{\"@type\":\"BreadcrumbList\",\"@id\":\"https:\\\/\\\/diariodelsurdigital.com.ar\\\/?p=1178#breadcrumb\",\"itemListElement\":[{\"@type\":\"ListItem\",\"position\":1,\"name\":\"Portada\",\"item\":\"https:\\\/\\\/diariodelsurdigital.com.ar\\\/\"},{\"@type\":\"ListItem\",\"position\":2,\"name\":\"Docentes entrerrianos realizaron el primer paro del a\u00f1o bajo las consigna \u201cpor salarios dignos\u201d\"}]},{\"@type\":\"WebSite\",\"@id\":\"https:\\\/\\\/diariodelsurdigital.com.ar\\\/#website\",\"url\":\"https:\\\/\\\/diariodelsurdigital.com.ar\\\/\",\"name\":\"Diario del Sur\",\"description\":\"Digital\",\"potentialAction\":[{\"@type\":\"SearchAction\",\"target\":{\"@type\":\"EntryPoint\",\"urlTemplate\":\"https:\\\/\\\/diariodelsurdigital.com.ar\\\/?s={search_term_string}\"},\"query-input\":{\"@type\":\"PropertyValueSpecification\",\"valueRequired\":true,\"valueName\":\"search_term_string\"}}],\"inLanguage\":\"es\"},{\"@type\":\"Person\",\"@id\":\"https:\\\/\\\/diariodelsurdigital.com.ar\\\/#\\\/schema\\\/person\\\/1a4992532ed62965c968031b49195c81\",\"name\":\"Diario del Sur Digital\",\"image\":{\"@type\":\"ImageObject\",\"inLanguage\":\"es\",\"@id\":\"https:\\\/\\\/secure.gravatar.com\\\/avatar\\\/f0c7c47fc7146d19828273b9b8eda651c9c7ab583767e6338d3d3bee825adf76?s=96&d=mm&r=g\",\"url\":\"https:\\\/\\\/secure.gravatar.com\\\/avatar\\\/f0c7c47fc7146d19828273b9b8eda651c9c7ab583767e6338d3d3bee825adf76?s=96&d=mm&r=g\",\"contentUrl\":\"https:\\\/\\\/secure.gravatar.com\\\/avatar\\\/f0c7c47fc7146d19828273b9b8eda651c9c7ab583767e6338d3d3bee825adf76?s=96&d=mm&r=g\",\"caption\":\"Diario del Sur Digital\"},\"url\":\"https:\\\/\\\/diariodelsurdigital.com.ar\\\/?author=4\"}]}<\/script>\n<!-- \/ Yoast SEO plugin. -->","yoast_head_json":{"title":"Docentes entrerrianos realizaron el primer paro del a\u00f1o bajo las consigna \u201cpor salarios dignos\u201d - Diario del Sur","robots":{"index":"index","follow":"follow","max-snippet":"max-snippet:-1","max-image-preview":"max-image-preview:large","max-video-preview":"max-video-preview:-1"},"canonical":"https:\/\/diariodelsurdigital.com.ar\/?p=1178","og_locale":"es_ES","og_type":"article","og_title":"Docentes entrerrianos realizaron el primer paro del a\u00f1o bajo las consigna \u201cpor salarios dignos\u201d - Diario del Sur","og_description":"En sinton\u00eda con el paro nacional de Ctera, los trabajadores de la educaci\u00f3n nucleados en Agmer se movilizaron hasta la Casa de Gobierno. Uno de los cantos m\u00e1s escuchados en las calles de Paran\u00e1 fue \u201cno es con ajuste ni represi\u00f3n, es con trabajo, salud y educaci\u00f3n\u201d. Adem\u00e1s realizaron fuertes cr\u00edticas al presidente de la [&hellip;]","og_url":"https:\/\/diariodelsurdigital.com.ar\/?p=1178","og_site_name":"Diario del Sur","article_published_time":"2025-02-24T18:35:03+00:00","article_modified_time":"2025-02-24T18:35:05+00:00","og_image":[{"width":992,"height":558,"url":"https:\/\/diariodelsurdigital.com.ar\/wp-content\/uploads\/2025\/02\/md-7.webp","type":"image\/webp"}],"author":"Diario del Sur Digital","twitter_card":"summary_large_image","twitter_misc":{"Escrito por":"Diario del Sur Digital","Tiempo de lectura":"2 minutos"},"schema":{"@context":"https:\/\/schema.org","@graph":[{"@type":"Article","@id":"https:\/\/diariodelsurdigital.com.ar\/?p=1178#article","isPartOf":{"@id":"https:\/\/diariodelsurdigital.com.ar\/?p=1178"},"author":{"name":"Diario del Sur Digital","@id":"https:\/\/diariodelsurdigital.com.ar\/#\/schema\/person\/1a4992532ed62965c968031b49195c81"},"headline":"Docentes entrerrianos realizaron el primer paro del a\u00f1o bajo las consigna \u201cpor salarios dignos\u201d","datePublished":"2025-02-24T18:35:03+00:00","dateModified":"2025-02-24T18:35:05+00:00","mainEntityOfPage":{"@id":"https:\/\/diariodelsurdigital.com.ar\/?p=1178"},"wordCount":414,"commentCount":0,"image":{"@id":"https:\/\/diariodelsurdigital.com.ar\/?p=1178#primaryimage"},"thumbnailUrl":"https:\/\/diariodelsurdigital.com.ar\/wp-content\/uploads\/2025\/02\/md-7.webp","articleSection":["Provinciales"],"inLanguage":"es","potentialAction":[{"@type":"CommentAction","name":"Comment","target":["https:\/\/diariodelsurdigital.com.ar\/?p=1178#respond"]}]},{"@type":"WebPage","@id":"https:\/\/diariodelsurdigital.com.ar\/?p=1178","url":"https:\/\/diariodelsurdigital.com.ar\/?p=1178","name":"Docentes entrerrianos realizaron el primer paro del a\u00f1o bajo las consigna \u201cpor salarios dignos\u201d - Diario del Sur","isPartOf":{"@id":"https:\/\/diariodelsurdigital.com.ar\/#website"},"primaryImageOfPage":{"@id":"https:\/\/diariodelsurdigital.com.ar\/?p=1178#primaryimage"},"image":{"@id":"https:\/\/diariodelsurdigital.com.ar\/?p=1178#primaryimage"},"thumbnailUrl":"https:\/\/diariodelsurdigital.com.ar\/wp-content\/uploads\/2025\/02\/md-7.webp","datePublished":"2025-02-24T18:35:03+00:00","dateModified":"2025-02-24T18:35:05+00:00","author":{"@id":"https:\/\/diariodelsurdigital.com.ar\/#\/schema\/person\/1a4992532ed62965c968031b49195c81"},"breadcrumb":{"@id":"https:\/\/diariodelsurdigital.com.ar\/?p=1178#breadcrumb"},"inLanguage":"es","potentialAction":[{"@type":"ReadAction","target":["https:\/\/diariodelsurdigital.com.ar\/?p=1178"]}]},{"@type":"ImageObject","inLanguage":"es","@id":"https:\/\/diariodelsurdigital.com.ar\/?p=1178#primaryimage","url":"https:\/\/diariodelsurdigital.com.ar\/wp-content\/uploads\/2025\/02\/md-7.webp","contentUrl":"https:\/\/diariodelsurdigital.com.ar\/wp-content\/uploads\/2025\/02\/md-7.webp","width":992,"height":558},{"@type":"BreadcrumbList","@id":"https:\/\/diariodelsurdigital.com.ar\/?p=1178#breadcrumb","itemListElement":[{"@type":"ListItem","position":1,"name":"Portada","item":"https:\/\/diariodelsurdigital.com.ar\/"},{"@type":"ListItem","position":2,"name":"Docentes entrerrianos realizaron el primer paro del a\u00f1o bajo las consigna \u201cpor salarios dignos\u201d"}]},{"@type":"WebSite","@id":"https:\/\/diariodelsurdigital.com.ar\/#website","url":"https:\/\/diariodelsurdigital.com.ar\/","name":"Diario del Sur","description":"Digital","potentialAction":[{"@type":"SearchAction","target":{"@type":"EntryPoint","urlTemplate":"https:\/\/diariodelsurdigital.com.ar\/?s={search_term_string}"},"query-input":{"@type":"PropertyValueSpecification","valueRequired":true,"valueName":"search_term_string"}}],"inLanguage":"es"},{"@type":"Person","@id":"https:\/\/diariodelsurdigital.com.ar\/#\/schema\/person\/1a4992532ed62965c968031b49195c81","name":"Diario del Sur Digital","image":{"@type":"ImageObject","inLanguage":"es","@id":"https:\/\/secure.gravatar.com\/avatar\/f0c7c47fc7146d19828273b9b8eda651c9c7ab583767e6338d3d3bee825adf76?s=96&d=mm&r=g","url":"https:\/\/secure.gravatar.com\/avatar\/f0c7c47fc7146d19828273b9b8eda651c9c7ab583767e6338d3d3bee825adf76?s=96&d=mm&r=g","contentUrl":"https:\/\/secure.gravatar.com\/avatar\/f0c7c47fc7146d19828273b9b8eda651c9c7ab583767e6338d3d3bee825adf76?s=96&d=mm&r=g","caption":"Diario del Sur Digital"},"url":"https:\/\/diariodelsurdigital.com.ar\/?author=4"}]}},"_links":{"self":[{"href":"https:\/\/diariodelsurdigital.com.ar\/index.php?rest_route=\/wp\/v2\/posts\/1178","targetHints":{"allow":["GET"]}}],"collection":[{"href":"https:\/\/diariodelsurdigital.com.ar\/index.php?rest_route=\/wp\/v2\/posts"}],"about":[{"href":"https:\/\/diariodelsurdigital.com.ar\/index.php?rest_route=\/wp\/v2\/types\/post"}],"author":[{"embeddable":true,"href":"https:\/\/diariodelsurdigital.com.ar\/index.php?rest_route=\/wp\/v2\/users\/4"}],"replies":[{"embeddable":true,"href":"https:\/\/diariodelsurdigital.com.ar\/index.php?rest_route=%2Fwp%2Fv2%2Fcomments&post=1178"}],"version-history":[{"count":1,"href":"https:\/\/diariodelsurdigital.com.ar\/index.php?rest_route=\/wp\/v2\/posts\/1178\/revisions"}],"predecessor-version":[{"id":1180,"href":"https:\/\/diariodelsurdigital.com.ar\/index.php?rest_route=\/wp\/v2\/posts\/1178\/revisions\/1180"}],"wp:featuredmedia":[{"embeddable":true,"href":"https:\/\/diariodelsurdigital.com.ar\/index.php?rest_route=\/wp\/v2\/media\/1179"}],"wp:attachment":[{"href":"https:\/\/diariodelsurdigital.com.ar\/index.php?rest_route=%2Fwp%2Fv2%2Fmedia&parent=1178"}],"wp:term":[{"taxonomy":"category","embeddable":true,"href":"https:\/\/diariodelsurdigital.com.ar\/index.php?rest_route=%2Fwp%2Fv2%2Fcategories&post=1178"},{"taxonomy":"post_tag","embeddable":true,"href":"https:\/\/diariodelsurdigital.com.ar\/index.php?rest_route=%2Fwp%2Fv2%2Ftags&post=1178"}],"curies":[{"name":"wp","href":"https:\/\/api.w.org\/{rel}","templated":true}]}}