{"id":1181,"date":"2025-02-24T17:15:06","date_gmt":"2025-02-24T20:15:06","guid":{"rendered":"https:\/\/diariodelsurdigital.com.ar\/?p=1181"},"modified":"2025-02-24T17:27:48","modified_gmt":"2025-02-24T20:27:48","slug":"maldito-presidente-un-ex-combatiente-de-malvinas-se-suicido-por-carecer-de-medicacion","status":"publish","type":"post","link":"https:\/\/diariodelsurdigital.com.ar\/?p=1181","title":{"rendered":"MILEI LO HIZO: Un ex combatiente de Malvinas se suicid\u00f3 por carecer de medicaci\u00f3n"},"content":{"rendered":"\n<p>Un excombatiente de Malvinas se quit\u00f3 la vida en las \u00faltimas horas arroj\u00e1ndose debajo de una formaci\u00f3n del Ferrocarril Roca a la altura de Monte Grande, localidad bonaerense donde estaba viviendo.<\/p>\n\n\n\n<p>La <a><\/a>v\u00edctima era Pedro Roberto Bevans, ex soldado conscripto en el Regimiento de Infanter\u00eda 12 de Mercedes, provincia de Corrientes, que tras volver de Malvinas tuvo que mudarse a Buenos Aires. Desde el CECIM afirmaron que sufria una entermedad cronica y un cuadro depresivo \u00abagravado por la pol\u00edtica de abandono implementada por la obra social PAMI\u00bb.<\/p>\n\n\n\n<p>Seg\u00fan se pudo saber de parte del Centro de Ex Combatientes Islas Malvinas (CECIM) La Plata, el PAMI le hab\u00eda quitado los remedios que necesitaba para continuar su tratamiento depresivo. Ante esta situaci\u00f3n, y la falta de respuestas del organismo estatal, el excombatiente decidi\u00f3 terminar con su vida.<\/p>\n\n\n\n<p>Este caso hizo sonar las alarmas en las organizaciones de excombatientes, ya que \u00aben los \u00faltimos a\u00f1os no se registraban casos de suicidios\u00bb, alert\u00f3 el CECIM, que junto al CEVECIM Berisso present\u00f3 un amparo para que se restituya la cobertura del 100% en los medicamentos para los excombatientes.<\/p>\n\n\n\n<p>\u00abEs lamentable que PAMI niegue esta situaci\u00f3n, ya que todos los d\u00edas recibimos reclamos de todo el pa\u00eds\u00bb, cuestion\u00f3 la organizaci\u00f3n platense\u00bb. El comunicado cierra con una fuerte acusaci\u00f3n del organismo:<\/p>\n\n\n\n<p>\u00abHacemos responsable al Director Ejecutivo de PAMI Dr Esteban Legizamo por el abandono y las consecuencias que trajo esta pol\u00edtica nacional de desidia y entrega\u00bb.<\/p>\n\n\n\n<p>Tiempo Argentino\/Agenda Malvinas<\/p>\n","protected":false},"excerpt":{"rendered":"<p>Un excombatiente de Malvinas se quit\u00f3 la vida en las \u00faltimas horas arroj\u00e1ndose debajo de una formaci\u00f3n del Ferrocarril Roca a la altura de Monte Grande, localidad bonaerense donde estaba viviendo. La v\u00edctima era Pedro Roberto Bevans, ex soldado conscripto en el Regimiento de Infanter\u00eda 12 de Mercedes, provincia de Corrientes, que tras volver de [&hellip;]<\/p>\n","protected":false},"author":2,"featured_media":1182,"comment_status":"open","ping_status":"open","sticky":false,"template":"","format":"standard","meta":{"footnotes":""},"categories":[18],"tags":[],"class_list":{"0":"post-1181","1":"post","2":"type-post","3":"status-publish","4":"format-standard","5":"has-post-thumbnail","7":"category-nacionales"},"yoast_head":"<!-- This site is optimized with the Yoast SEO plugin v27.4 - https:\/\/yoast.com\/product\/yoast-seo-wordpress\/ -->\n<title>MILEI LO HIZO: Un ex combatiente de Malvinas se suicid\u00f3 por carecer de medicaci\u00f3n - Diario del Sur<\/title>\n<meta name=\"robots\" content=\"index, follow, max-snippet:-1, max-image-preview:large, max-video-preview:-1\" \/>\n<link rel=\"canonical\" href=\"https:\/\/diariodelsurdigital.com.ar\/?p=1181\" \/>\n<meta property=\"og:locale\" content=\"es_ES\" \/>\n<meta property=\"og:type\" content=\"article\" \/>\n<meta property=\"og:title\" content=\"MILEI LO HIZO: Un ex combatiente de Malvinas se suicid\u00f3 por carecer de medicaci\u00f3n - Diario del Sur\" \/>\n<meta property=\"og:description\" content=\"Un excombatiente de Malvinas se quit\u00f3 la vida en las \u00faltimas horas arroj\u00e1ndose debajo de una formaci\u00f3n del Ferrocarril Roca a la altura de Monte Grande, localidad bonaerense donde estaba viviendo. La v\u00edctima era Pedro Roberto Bevans, ex soldado conscripto en el Regimiento de Infanter\u00eda 12 de Mercedes, provincia de Corrientes, que tras volver de [&hellip;]\" \/>\n<meta property=\"og:url\" content=\"https:\/\/diariodelsurdigital.com.ar\/?p=1181\" \/>\n<meta property=\"og:site_name\" content=\"Diario del Sur\" \/>\n<meta property=\"article:published_time\" content=\"2025-02-24T20:15:06+00:00\" \/>\n<meta property=\"article:modified_time\" content=\"2025-02-24T20:27:48+00:00\" \/>\n<meta property=\"og:image\" content=\"https:\/\/diariodelsurdigital.com.ar\/wp-content\/uploads\/2025\/02\/480791637_1199411255518635_744835814821663529_n.jpg\" \/>\n\t<meta property=\"og:image:width\" content=\"420\" \/>\n\t<meta property=\"og:image:height\" content=\"328\" \/>\n\t<meta property=\"og:image:type\" content=\"image\/jpeg\" \/>\n<meta name=\"author\" content=\"Diario del Sur Digital\" \/>\n<meta name=\"twitter:card\" content=\"summary_large_image\" \/>\n<meta name=\"twitter:label1\" content=\"Escrito por\" \/>\n\t<meta name=\"twitter:data1\" content=\"Diario del Sur Digital\" \/>\n\t<meta name=\"twitter:label2\" content=\"Tiempo de lectura\" \/>\n\t<meta name=\"twitter:data2\" content=\"2 minutos\" \/>\n<script type=\"application\/ld+json\" class=\"yoast-schema-graph\">{\"@context\":\"https:\\\/\\\/schema.org\",\"@graph\":[{\"@type\":\"Article\",\"@id\":\"https:\\\/\\\/diariodelsurdigital.com.ar\\\/?p=1181#article\",\"isPartOf\":{\"@id\":\"https:\\\/\\\/diariodelsurdigital.com.ar\\\/?p=1181\"},\"author\":{\"name\":\"Diario del Sur Digital\",\"@id\":\"https:\\\/\\\/diariodelsurdigital.com.ar\\\/#\\\/schema\\\/person\\\/6136a32571657f7dba980b88b04c5465\"},\"headline\":\"MILEI LO HIZO: Un ex combatiente de Malvinas se suicid\u00f3 por carecer de medicaci\u00f3n\",\"datePublished\":\"2025-02-24T20:15:06+00:00\",\"dateModified\":\"2025-02-24T20:27:48+00:00\",\"mainEntityOfPage\":{\"@id\":\"https:\\\/\\\/diariodelsurdigital.com.ar\\\/?p=1181\"},\"wordCount\":271,\"commentCount\":0,\"image\":{\"@id\":\"https:\\\/\\\/diariodelsurdigital.com.ar\\\/?p=1181#primaryimage\"},\"thumbnailUrl\":\"https:\\\/\\\/diariodelsurdigital.com.ar\\\/wp-content\\\/uploads\\\/2025\\\/02\\\/480791637_1199411255518635_744835814821663529_n.jpg\",\"articleSection\":[\"Nacionales\"],\"inLanguage\":\"es\",\"potentialAction\":[{\"@type\":\"CommentAction\",\"name\":\"Comment\",\"target\":[\"https:\\\/\\\/diariodelsurdigital.com.ar\\\/?p=1181#respond\"]}]},{\"@type\":\"WebPage\",\"@id\":\"https:\\\/\\\/diariodelsurdigital.com.ar\\\/?p=1181\",\"url\":\"https:\\\/\\\/diariodelsurdigital.com.ar\\\/?p=1181\",\"name\":\"MILEI LO HIZO: Un ex combatiente de Malvinas se suicid\u00f3 por carecer de medicaci\u00f3n - Diario del Sur\",\"isPartOf\":{\"@id\":\"https:\\\/\\\/diariodelsurdigital.com.ar\\\/#website\"},\"primaryImageOfPage\":{\"@id\":\"https:\\\/\\\/diariodelsurdigital.com.ar\\\/?p=1181#primaryimage\"},\"image\":{\"@id\":\"https:\\\/\\\/diariodelsurdigital.com.ar\\\/?p=1181#primaryimage\"},\"thumbnailUrl\":\"https:\\\/\\\/diariodelsurdigital.com.ar\\\/wp-content\\\/uploads\\\/2025\\\/02\\\/480791637_1199411255518635_744835814821663529_n.jpg\",\"datePublished\":\"2025-02-24T20:15:06+00:00\",\"dateModified\":\"2025-02-24T20:27:48+00:00\",\"author\":{\"@id\":\"https:\\\/\\\/diariodelsurdigital.com.ar\\\/#\\\/schema\\\/person\\\/6136a32571657f7dba980b88b04c5465\"},\"breadcrumb\":{\"@id\":\"https:\\\/\\\/diariodelsurdigital.com.ar\\\/?p=1181#breadcrumb\"},\"inLanguage\":\"es\",\"potentialAction\":[{\"@type\":\"ReadAction\",\"target\":[\"https:\\\/\\\/diariodelsurdigital.com.ar\\\/?p=1181\"]}]},{\"@type\":\"ImageObject\",\"inLanguage\":\"es\",\"@id\":\"https:\\\/\\\/diariodelsurdigital.com.ar\\\/?p=1181#primaryimage\",\"url\":\"https:\\\/\\\/diariodelsurdigital.com.ar\\\/wp-content\\\/uploads\\\/2025\\\/02\\\/480791637_1199411255518635_744835814821663529_n.jpg\",\"contentUrl\":\"https:\\\/\\\/diariodelsurdigital.com.ar\\\/wp-content\\\/uploads\\\/2025\\\/02\\\/480791637_1199411255518635_744835814821663529_n.jpg\",\"width\":420,\"height\":328},{\"@type\":\"BreadcrumbList\",\"@id\":\"https:\\\/\\\/diariodelsurdigital.com.ar\\\/?p=1181#breadcrumb\",\"itemListElement\":[{\"@type\":\"ListItem\",\"position\":1,\"name\":\"Portada\",\"item\":\"https:\\\/\\\/diariodelsurdigital.com.ar\\\/\"},{\"@type\":\"ListItem\",\"position\":2,\"name\":\"MILEI LO HIZO: Un ex combatiente de Malvinas se suicid\u00f3 por carecer de medicaci\u00f3n\"}]},{\"@type\":\"WebSite\",\"@id\":\"https:\\\/\\\/diariodelsurdigital.com.ar\\\/#website\",\"url\":\"https:\\\/\\\/diariodelsurdigital.com.ar\\\/\",\"name\":\"Diario del Sur\",\"description\":\"Digital\",\"potentialAction\":[{\"@type\":\"SearchAction\",\"target\":{\"@type\":\"EntryPoint\",\"urlTemplate\":\"https:\\\/\\\/diariodelsurdigital.com.ar\\\/?s={search_term_string}\"},\"query-input\":{\"@type\":\"PropertyValueSpecification\",\"valueRequired\":true,\"valueName\":\"search_term_string\"}}],\"inLanguage\":\"es\"},{\"@type\":\"Person\",\"@id\":\"https:\\\/\\\/diariodelsurdigital.com.ar\\\/#\\\/schema\\\/person\\\/6136a32571657f7dba980b88b04c5465\",\"name\":\"Diario del Sur Digital\",\"image\":{\"@type\":\"ImageObject\",\"inLanguage\":\"es\",\"@id\":\"https:\\\/\\\/secure.gravatar.com\\\/avatar\\\/4c29ceac98541dd42460b2474aaa5dd37594d6ce6cb3cf2c101d09b48ee287ba?s=96&d=mm&r=g\",\"url\":\"https:\\\/\\\/secure.gravatar.com\\\/avatar\\\/4c29ceac98541dd42460b2474aaa5dd37594d6ce6cb3cf2c101d09b48ee287ba?s=96&d=mm&r=g\",\"contentUrl\":\"https:\\\/\\\/secure.gravatar.com\\\/avatar\\\/4c29ceac98541dd42460b2474aaa5dd37594d6ce6cb3cf2c101d09b48ee287ba?s=96&d=mm&r=g\",\"caption\":\"Diario del Sur Digital\"},\"url\":\"https:\\\/\\\/diariodelsurdigital.com.ar\\\/?author=2\"}]}<\/script>\n<!-- \/ Yoast SEO plugin. -->","yoast_head_json":{"title":"MILEI LO HIZO: Un ex combatiente de Malvinas se suicid\u00f3 por carecer de medicaci\u00f3n - Diario del Sur","robots":{"index":"index","follow":"follow","max-snippet":"max-snippet:-1","max-image-preview":"max-image-preview:large","max-video-preview":"max-video-preview:-1"},"canonical":"https:\/\/diariodelsurdigital.com.ar\/?p=1181","og_locale":"es_ES","og_type":"article","og_title":"MILEI LO HIZO: Un ex combatiente de Malvinas se suicid\u00f3 por carecer de medicaci\u00f3n - Diario del Sur","og_description":"Un excombatiente de Malvinas se quit\u00f3 la vida en las \u00faltimas horas arroj\u00e1ndose debajo de una formaci\u00f3n del Ferrocarril Roca a la altura de Monte Grande, localidad bonaerense donde estaba viviendo. La v\u00edctima era Pedro Roberto Bevans, ex soldado conscripto en el Regimiento de Infanter\u00eda 12 de Mercedes, provincia de Corrientes, que tras volver de [&hellip;]","og_url":"https:\/\/diariodelsurdigital.com.ar\/?p=1181","og_site_name":"Diario del Sur","article_published_time":"2025-02-24T20:15:06+00:00","article_modified_time":"2025-02-24T20:27:48+00:00","og_image":[{"width":420,"height":328,"url":"https:\/\/diariodelsurdigital.com.ar\/wp-content\/uploads\/2025\/02\/480791637_1199411255518635_744835814821663529_n.jpg","type":"image\/jpeg"}],"author":"Diario del Sur Digital","twitter_card":"summary_large_image","twitter_misc":{"Escrito por":"Diario del Sur Digital","Tiempo de lectura":"2 minutos"},"schema":{"@context":"https:\/\/schema.org","@graph":[{"@type":"Article","@id":"https:\/\/diariodelsurdigital.com.ar\/?p=1181#article","isPartOf":{"@id":"https:\/\/diariodelsurdigital.com.ar\/?p=1181"},"author":{"name":"Diario del Sur Digital","@id":"https:\/\/diariodelsurdigital.com.ar\/#\/schema\/person\/6136a32571657f7dba980b88b04c5465"},"headline":"MILEI LO HIZO: Un ex combatiente de Malvinas se suicid\u00f3 por carecer de medicaci\u00f3n","datePublished":"2025-02-24T20:15:06+00:00","dateModified":"2025-02-24T20:27:48+00:00","mainEntityOfPage":{"@id":"https:\/\/diariodelsurdigital.com.ar\/?p=1181"},"wordCount":271,"commentCount":0,"image":{"@id":"https:\/\/diariodelsurdigital.com.ar\/?p=1181#primaryimage"},"thumbnailUrl":"https:\/\/diariodelsurdigital.com.ar\/wp-content\/uploads\/2025\/02\/480791637_1199411255518635_744835814821663529_n.jpg","articleSection":["Nacionales"],"inLanguage":"es","potentialAction":[{"@type":"CommentAction","name":"Comment","target":["https:\/\/diariodelsurdigital.com.ar\/?p=1181#respond"]}]},{"@type":"WebPage","@id":"https:\/\/diariodelsurdigital.com.ar\/?p=1181","url":"https:\/\/diariodelsurdigital.com.ar\/?p=1181","name":"MILEI LO HIZO: Un ex combatiente de Malvinas se suicid\u00f3 por carecer de medicaci\u00f3n - Diario del Sur","isPartOf":{"@id":"https:\/\/diariodelsurdigital.com.ar\/#website"},"primaryImageOfPage":{"@id":"https:\/\/diariodelsurdigital.com.ar\/?p=1181#primaryimage"},"image":{"@id":"https:\/\/diariodelsurdigital.com.ar\/?p=1181#primaryimage"},"thumbnailUrl":"https:\/\/diariodelsurdigital.com.ar\/wp-content\/uploads\/2025\/02\/480791637_1199411255518635_744835814821663529_n.jpg","datePublished":"2025-02-24T20:15:06+00:00","dateModified":"2025-02-24T20:27:48+00:00","author":{"@id":"https:\/\/diariodelsurdigital.com.ar\/#\/schema\/person\/6136a32571657f7dba980b88b04c5465"},"breadcrumb":{"@id":"https:\/\/diariodelsurdigital.com.ar\/?p=1181#breadcrumb"},"inLanguage":"es","potentialAction":[{"@type":"ReadAction","target":["https:\/\/diariodelsurdigital.com.ar\/?p=1181"]}]},{"@type":"ImageObject","inLanguage":"es","@id":"https:\/\/diariodelsurdigital.com.ar\/?p=1181#primaryimage","url":"https:\/\/diariodelsurdigital.com.ar\/wp-content\/uploads\/2025\/02\/480791637_1199411255518635_744835814821663529_n.jpg","contentUrl":"https:\/\/diariodelsurdigital.com.ar\/wp-content\/uploads\/2025\/02\/480791637_1199411255518635_744835814821663529_n.jpg","width":420,"height":328},{"@type":"BreadcrumbList","@id":"https:\/\/diariodelsurdigital.com.ar\/?p=1181#breadcrumb","itemListElement":[{"@type":"ListItem","position":1,"name":"Portada","item":"https:\/\/diariodelsurdigital.com.ar\/"},{"@type":"ListItem","position":2,"name":"MILEI LO HIZO: Un ex combatiente de Malvinas se suicid\u00f3 por carecer de medicaci\u00f3n"}]},{"@type":"WebSite","@id":"https:\/\/diariodelsurdigital.com.ar\/#website","url":"https:\/\/diariodelsurdigital.com.ar\/","name":"Diario del Sur","description":"Digital","potentialAction":[{"@type":"SearchAction","target":{"@type":"EntryPoint","urlTemplate":"https:\/\/diariodelsurdigital.com.ar\/?s={search_term_string}"},"query-input":{"@type":"PropertyValueSpecification","valueRequired":true,"valueName":"search_term_string"}}],"inLanguage":"es"},{"@type":"Person","@id":"https:\/\/diariodelsurdigital.com.ar\/#\/schema\/person\/6136a32571657f7dba980b88b04c5465","name":"Diario del Sur Digital","image":{"@type":"ImageObject","inLanguage":"es","@id":"https:\/\/secure.gravatar.com\/avatar\/4c29ceac98541dd42460b2474aaa5dd37594d6ce6cb3cf2c101d09b48ee287ba?s=96&d=mm&r=g","url":"https:\/\/secure.gravatar.com\/avatar\/4c29ceac98541dd42460b2474aaa5dd37594d6ce6cb3cf2c101d09b48ee287ba?s=96&d=mm&r=g","contentUrl":"https:\/\/secure.gravatar.com\/avatar\/4c29ceac98541dd42460b2474aaa5dd37594d6ce6cb3cf2c101d09b48ee287ba?s=96&d=mm&r=g","caption":"Diario del Sur Digital"},"url":"https:\/\/diariodelsurdigital.com.ar\/?author=2"}]}},"_links":{"self":[{"href":"https:\/\/diariodelsurdigital.com.ar\/index.php?rest_route=\/wp\/v2\/posts\/1181","targetHints":{"allow":["GET"]}}],"collection":[{"href":"https:\/\/diariodelsurdigital.com.ar\/index.php?rest_route=\/wp\/v2\/posts"}],"about":[{"href":"https:\/\/diariodelsurdigital.com.ar\/index.php?rest_route=\/wp\/v2\/types\/post"}],"author":[{"embeddable":true,"href":"https:\/\/diariodelsurdigital.com.ar\/index.php?rest_route=\/wp\/v2\/users\/2"}],"replies":[{"embeddable":true,"href":"https:\/\/diariodelsurdigital.com.ar\/index.php?rest_route=%2Fwp%2Fv2%2Fcomments&post=1181"}],"version-history":[{"count":2,"href":"https:\/\/diariodelsurdigital.com.ar\/index.php?rest_route=\/wp\/v2\/posts\/1181\/revisions"}],"predecessor-version":[{"id":1184,"href":"https:\/\/diariodelsurdigital.com.ar\/index.php?rest_route=\/wp\/v2\/posts\/1181\/revisions\/1184"}],"wp:featuredmedia":[{"embeddable":true,"href":"https:\/\/diariodelsurdigital.com.ar\/index.php?rest_route=\/wp\/v2\/media\/1182"}],"wp:attachment":[{"href":"https:\/\/diariodelsurdigital.com.ar\/index.php?rest_route=%2Fwp%2Fv2%2Fmedia&parent=1181"}],"wp:term":[{"taxonomy":"category","embeddable":true,"href":"https:\/\/diariodelsurdigital.com.ar\/index.php?rest_route=%2Fwp%2Fv2%2Fcategories&post=1181"},{"taxonomy":"post_tag","embeddable":true,"href":"https:\/\/diariodelsurdigital.com.ar\/index.php?rest_route=%2Fwp%2Fv2%2Ftags&post=1181"}],"curies":[{"name":"wp","href":"https:\/\/api.w.org\/{rel}","templated":true}]}}