{"id":1185,"date":"2025-02-24T22:48:30","date_gmt":"2025-02-25T01:48:30","guid":{"rendered":"https:\/\/diariodelsurdigital.com.ar\/?p=1185"},"modified":"2025-02-24T22:48:31","modified_gmt":"2025-02-25T01:48:31","slug":"carnaval-de-concordia-2025-ultima-noche-casi-final","status":"publish","type":"post","link":"https:\/\/diariodelsurdigital.com.ar\/?p=1185","title":{"rendered":"Carnaval de Concordia 2025, \u00faltima noche, casi final\u2026"},"content":{"rendered":"\n<p><strong>Por<\/strong> <strong>Tomas Ferrer (*)<\/strong><\/p>\n\n\n\n<p>El mejor escenario: Tribunas llenas, y la \u00faltima pasada.<\/p>\n\n\n\n<p>Este s\u00e1bado, fue el \u00faltimo desfile de competencia del carnaval de Concordia, \u00faltima noche de convivencia carnavalera, donde otra vez el clima, en una jugada impecable, nos volvi\u00f3 a gambetear, nos embarr\u00f3 un poco la cancha, pero no m\u00e1s que eso, porque a las 17 hs. ya estaba circulando el comunicado oficial que el desfile se realizaba, hab\u00eda que salir a darlo todo. Hoy utilizo algunos t\u00e9rminos m\u00e1s cercanos al f\u00fatbol, y aclaro, no es casual, porque las tribunas eran lo m\u00e1s parecido al mejor escenario futbol\u00edstico que se pueda ver, de otro lugar, y queda claro, el carnaval de Concordia mueve m\u00e1s gente que el f\u00fatbol, o cualquier otro evento en la actualidad.<\/p>\n\n\n\n<p>El acceso en ambas latitudes eran interminables filas de personas que llegaron para no perderse nada, entre el sistema digital de acceso (que demanda tiempo) y quienes llegan sobre la hora (no son pocos), sumado a que comenzaban a sonar los tambores de la \u201cNota mil\u201d (sal\u00edan primeros), hicieron que en algunos sectores gane la ansiedad, y as\u00ed entre apurados, colgados, y \u201ccolados\u201d, colapse el ingreso, si hasta en alg\u00fan momento tuvieron que \u201clevantar\u201d el control. Pero as\u00ed mismo el p\u00fablico fue al lugar deseado, o al que pudo, pero estuvo.<\/p>\n\n\n\n<p>Por fin se vio al \u201cAtanasio\u201d como m\u00e1s nos gusta, con esa \u201cfiesta aparte\u201d de cada hinchada, que inundaron el cors\u00f3dromo de banderas, camisetas, gorros, humo y todo el merchandising de los colores que los representa o hinchan, donde se canta y baila hasta cuando no pasan las comparsas. El VIP tambi\u00e9n hizo su aporte, superpoblado de espectadores, que no se sab\u00edan si eran palcos, plateas, vip o popular, mucho canto y baile, coreando a tono con las tribunas, rompiendo los m\u00e1rgenes.<\/p>\n\n\n\n<p>El desfile comienza con R\u00e1faga, seguida por Bella Samba, tercera Imperio, y cierra Emperatriz, que por supuesto, ahondar o profundizar con palabras o comentarios sobre el hecho art\u00edstico no creo que haga falta, impecables todas, pero esa conjunci\u00f3n de estar \u00f3ptimos, m\u00e1s el p\u00fablico ocupando hasta el \u00faltimo rinc\u00f3n, m\u00e1s la m\u00edstica y a la vez \u00e9pica \u00faltima noche, crean la mejor de todas las obras, la ideal, la deseada, la que amamos, la que nos apasiona, la que nunca olvidamos, la que nos invita a volver cada a\u00f1o.<\/p>\n\n\n\n<p>Ser testigo de la concentraci\u00f3n, la \u201cEsquenta\u201d, la salida, al principio del \u00faltimo desfile, es muy complejo de explicar, te encontr\u00e1s de todo, a veces al mismo tiempo, de c\u00e1balas, enormes rondas, abrazos, rezos de todo tipo, ofrendas, palo santo, agua bendita, saludos a la distancia, saludos al cielo, y el famoso: Vamooooos!!! Genera una adrenalina inexplicable, te contagia, te genera una sensaci\u00f3n \u00fanica, y parafraseando al f\u00fatbol, me animo a decir que es la final del mundial, pero ac\u00e1 es carnaval, es todos los a\u00f1os, y muchos m\u00e1s que 11 (0 23) jugadores.<\/p>\n\n\n\n<p><a><\/a>La noche fue ideal, ni calor ni fr\u00edo, ya nadie se acordaba que horas antes la ciudad recib\u00eda tama\u00f1a tormenta y lluvia, salvo algunos sectores donde se ve\u00eda alguno que otro charco, pero quedar\u00e1n como una huella, y algunos dir\u00e1n que llovi\u00f3 ese d\u00eda, pero otros, dir\u00e1n que por ser el \u00faltimo desfile, quedaron l\u00e1grimas de felicidad, l\u00e1grimas de amor, de pasi\u00f3n, de amistad, y quedaron por todos lados, al principio, y al final.<\/p>\n\n\n\n<p><em>Comparto con esta nota una imagen, una simple foto, de propia autor\u00eda, la fui a buscar sabiendo que la iba a encontrar, que intenta representar lo que las palabras no saben decir: \u201cLa primera del \u00faltimo\u201d (primer pasista en salir de la manga el \u00faltimo desfile: Agustina Barrio, Embajadora de comparsa R\u00e1faga, recibida por su madre: Gloria Preste, adem\u00e1s es coordinadora y fiscal de la misma comparsa, se que no estaban solas en ese abrazo, lo se muy bien\u2026 y lo dem\u00e1s, les quede a ellas, les quedar\u00e1 para ustedes).<\/em><\/p>\n\n\n\n<figure class=\"wp-block-image size-full\"><img loading=\"lazy\" decoding=\"async\" width=\"471\" height=\"374\" src=\"https:\/\/diariodelsurdigital.com.ar\/wp-content\/uploads\/2025\/02\/Imagen-de-WhatsApp-2025-02-24-a-las-20.09.34_c5668218-1.jpg\" alt=\"\" class=\"wp-image-1187\" srcset=\"https:\/\/diariodelsurdigital.com.ar\/wp-content\/uploads\/2025\/02\/Imagen-de-WhatsApp-2025-02-24-a-las-20.09.34_c5668218-1.jpg 471w, https:\/\/diariodelsurdigital.com.ar\/wp-content\/uploads\/2025\/02\/Imagen-de-WhatsApp-2025-02-24-a-las-20.09.34_c5668218-1-300x238.jpg 300w\" sizes=\"auto, (max-width: 471px) 100vw, 471px\" \/><\/figure>\n\n\n\n<p>El resultado de la competencia vendr\u00e1 pronto, dem\u00e1s est\u00e1 desearles lo mejor para todos los integrantes de cada comparsa, cada figura en competencia, cada bater\u00eda, cada grupo de carroceros, esp\u00e9renlo donde mejor se sientan, donde est\u00e9 esa persona que puedan abrazar, o tener la foto a mano de aquellos que ya no est\u00e1n, sea un buen resultado o el no esperado, nunca es bueno estar en soledad, sigan sus c\u00e1balas, sus rezos, sus rondas, porque el resultado es otra historia, es el final, habr\u00e1 m\u00e1s y m\u00e1s l\u00e1grimas, de los que ganan y de los que o ganan, pero nunca, jam\u00e1s, el resultado ser\u00e1 m\u00e1s importante que el recorrido, lo vivido.<\/p>\n\n\n\n<p>El a\u00f1o que viene seguro nos veremos otra vez, adentro de la manga, afuera, en alg\u00fan ensayo, en el taller, en el galp\u00f3n, brindando, amaneciendo, o alg\u00fan encuentro de invierno, en alguna roda, pero siempre con nuestros relatos, nuestras an\u00e9cdotas, nuestros proyectos, nuestros triunfos, nuestros fracasos, hablando sobre nosotros, como intent\u00e9 con estos relatos virtuales, estas \u201ccr\u00f3nicas\u201d de carnaval, este hallazgo, otro lugar m\u00e1s donde encontrarme con el pueblo carnavalero, sabiendo que no estoy a la altura de los que realmente hacen, pero con el respeto de saber c\u00f3mo es hacer, de haber estado en alg\u00fan rinc\u00f3n de la \u201ccocina\u201d del carnaval.<\/p>\n\n\n\n<p>Para terminar: GRACIAS, gracias, y m\u00e1s que gracias a quienes fueron leyendo, a quienes aportaron, a quienes con muy buenas intenciones criticaron los escritos, a quienes dieron nuevas ideas, a los medios de comunicaci\u00f3n que lo compartieron, y sobre todo a cada comparsero. Hasta la pr\u00f3xima edici\u00f3n, y nos vemos en los corsos. Salud!!!<\/p>\n\n\n\n<figure class=\"wp-block-image size-full\"><img loading=\"lazy\" decoding=\"async\" width=\"720\" height=\"480\" src=\"https:\/\/diariodelsurdigital.com.ar\/wp-content\/uploads\/2025\/02\/Imagen-de-WhatsApp-2025-02-24-a-las-22.12.33_141c26c5.jpg\" alt=\"\" class=\"wp-image-1188\" srcset=\"https:\/\/diariodelsurdigital.com.ar\/wp-content\/uploads\/2025\/02\/Imagen-de-WhatsApp-2025-02-24-a-las-22.12.33_141c26c5.jpg 720w, https:\/\/diariodelsurdigital.com.ar\/wp-content\/uploads\/2025\/02\/Imagen-de-WhatsApp-2025-02-24-a-las-22.12.33_141c26c5-300x200.jpg 300w, https:\/\/diariodelsurdigital.com.ar\/wp-content\/uploads\/2025\/02\/Imagen-de-WhatsApp-2025-02-24-a-las-22.12.33_141c26c5-630x420.jpg 630w, https:\/\/diariodelsurdigital.com.ar\/wp-content\/uploads\/2025\/02\/Imagen-de-WhatsApp-2025-02-24-a-las-22.12.33_141c26c5-696x464.jpg 696w\" sizes=\"auto, (max-width: 720px) 100vw, 720px\" \/><\/figure>\n\n\n\n<p><strong>(*) Profesor de Artes en Teatro. Actor. Escen\u00f3grafo\u2026 \u00a1Carnavalero de ley!<\/strong><\/p>\n\n\n\n<p><\/p>\n","protected":false},"excerpt":{"rendered":"<p>Por Tomas Ferrer (*) El mejor escenario: Tribunas llenas, y la \u00faltima pasada. Este s\u00e1bado, fue el \u00faltimo desfile de competencia del carnaval de Concordia, \u00faltima noche de convivencia carnavalera, donde otra vez el clima, en una jugada impecable, nos volvi\u00f3 a gambetear, nos embarr\u00f3 un poco la cancha, pero no m\u00e1s que eso, porque [&hellip;]<\/p>\n","protected":false},"author":2,"featured_media":1186,"comment_status":"open","ping_status":"open","sticky":false,"template":"","format":"standard","meta":{"footnotes":""},"categories":[16],"tags":[],"class_list":{"0":"post-1185","1":"post","2":"type-post","3":"status-publish","4":"format-standard","5":"has-post-thumbnail","7":"category-locales"},"yoast_head":"<!-- This site is optimized with the Yoast SEO plugin v27.4 - https:\/\/yoast.com\/product\/yoast-seo-wordpress\/ -->\n<title>Carnaval de Concordia 2025, \u00faltima noche, casi final\u2026 - Diario del Sur<\/title>\n<meta name=\"robots\" content=\"index, follow, max-snippet:-1, max-image-preview:large, max-video-preview:-1\" \/>\n<link rel=\"canonical\" href=\"https:\/\/diariodelsurdigital.com.ar\/?p=1185\" \/>\n<meta property=\"og:locale\" content=\"es_ES\" \/>\n<meta property=\"og:type\" content=\"article\" \/>\n<meta property=\"og:title\" content=\"Carnaval de Concordia 2025, \u00faltima noche, casi final\u2026 - Diario del Sur\" \/>\n<meta property=\"og:description\" content=\"Por Tomas Ferrer (*) El mejor escenario: Tribunas llenas, y la \u00faltima pasada. Este s\u00e1bado, fue el \u00faltimo desfile de competencia del carnaval de Concordia, \u00faltima noche de convivencia carnavalera, donde otra vez el clima, en una jugada impecable, nos volvi\u00f3 a gambetear, nos embarr\u00f3 un poco la cancha, pero no m\u00e1s que eso, porque [&hellip;]\" \/>\n<meta property=\"og:url\" content=\"https:\/\/diariodelsurdigital.com.ar\/?p=1185\" \/>\n<meta property=\"og:site_name\" content=\"Diario del Sur\" \/>\n<meta property=\"article:published_time\" content=\"2025-02-25T01:48:30+00:00\" \/>\n<meta property=\"article:modified_time\" content=\"2025-02-25T01:48:31+00:00\" \/>\n<meta property=\"og:image\" content=\"https:\/\/diariodelsurdigital.com.ar\/wp-content\/uploads\/2025\/02\/Imagen-de-WhatsApp-2025-02-24-a-las-20.09.34_c5668218.jpg\" \/>\n\t<meta property=\"og:image:width\" content=\"471\" \/>\n\t<meta property=\"og:image:height\" content=\"374\" \/>\n\t<meta property=\"og:image:type\" content=\"image\/jpeg\" \/>\n<meta name=\"author\" content=\"Diario del Sur Digital\" \/>\n<meta name=\"twitter:card\" content=\"summary_large_image\" \/>\n<meta name=\"twitter:label1\" content=\"Escrito por\" \/>\n\t<meta name=\"twitter:data1\" content=\"Diario del Sur Digital\" \/>\n\t<meta name=\"twitter:label2\" content=\"Tiempo de lectura\" \/>\n\t<meta name=\"twitter:data2\" content=\"5 minutos\" \/>\n<script type=\"application\/ld+json\" class=\"yoast-schema-graph\">{\"@context\":\"https:\\\/\\\/schema.org\",\"@graph\":[{\"@type\":\"Article\",\"@id\":\"https:\\\/\\\/diariodelsurdigital.com.ar\\\/?p=1185#article\",\"isPartOf\":{\"@id\":\"https:\\\/\\\/diariodelsurdigital.com.ar\\\/?p=1185\"},\"author\":{\"name\":\"Diario del Sur Digital\",\"@id\":\"https:\\\/\\\/diariodelsurdigital.com.ar\\\/#\\\/schema\\\/person\\\/6136a32571657f7dba980b88b04c5465\"},\"headline\":\"Carnaval de Concordia 2025, \u00faltima noche, casi final\u2026\",\"datePublished\":\"2025-02-25T01:48:30+00:00\",\"dateModified\":\"2025-02-25T01:48:31+00:00\",\"mainEntityOfPage\":{\"@id\":\"https:\\\/\\\/diariodelsurdigital.com.ar\\\/?p=1185\"},\"wordCount\":1000,\"commentCount\":0,\"image\":{\"@id\":\"https:\\\/\\\/diariodelsurdigital.com.ar\\\/?p=1185#primaryimage\"},\"thumbnailUrl\":\"https:\\\/\\\/diariodelsurdigital.com.ar\\\/wp-content\\\/uploads\\\/2025\\\/02\\\/Imagen-de-WhatsApp-2025-02-24-a-las-20.09.34_c5668218.jpg\",\"articleSection\":[\"Locales\"],\"inLanguage\":\"es\",\"potentialAction\":[{\"@type\":\"CommentAction\",\"name\":\"Comment\",\"target\":[\"https:\\\/\\\/diariodelsurdigital.com.ar\\\/?p=1185#respond\"]}]},{\"@type\":\"WebPage\",\"@id\":\"https:\\\/\\\/diariodelsurdigital.com.ar\\\/?p=1185\",\"url\":\"https:\\\/\\\/diariodelsurdigital.com.ar\\\/?p=1185\",\"name\":\"Carnaval de Concordia 2025, \u00faltima noche, casi final\u2026 - Diario del Sur\",\"isPartOf\":{\"@id\":\"https:\\\/\\\/diariodelsurdigital.com.ar\\\/#website\"},\"primaryImageOfPage\":{\"@id\":\"https:\\\/\\\/diariodelsurdigital.com.ar\\\/?p=1185#primaryimage\"},\"image\":{\"@id\":\"https:\\\/\\\/diariodelsurdigital.com.ar\\\/?p=1185#primaryimage\"},\"thumbnailUrl\":\"https:\\\/\\\/diariodelsurdigital.com.ar\\\/wp-content\\\/uploads\\\/2025\\\/02\\\/Imagen-de-WhatsApp-2025-02-24-a-las-20.09.34_c5668218.jpg\",\"datePublished\":\"2025-02-25T01:48:30+00:00\",\"dateModified\":\"2025-02-25T01:48:31+00:00\",\"author\":{\"@id\":\"https:\\\/\\\/diariodelsurdigital.com.ar\\\/#\\\/schema\\\/person\\\/6136a32571657f7dba980b88b04c5465\"},\"breadcrumb\":{\"@id\":\"https:\\\/\\\/diariodelsurdigital.com.ar\\\/?p=1185#breadcrumb\"},\"inLanguage\":\"es\",\"potentialAction\":[{\"@type\":\"ReadAction\",\"target\":[\"https:\\\/\\\/diariodelsurdigital.com.ar\\\/?p=1185\"]}]},{\"@type\":\"ImageObject\",\"inLanguage\":\"es\",\"@id\":\"https:\\\/\\\/diariodelsurdigital.com.ar\\\/?p=1185#primaryimage\",\"url\":\"https:\\\/\\\/diariodelsurdigital.com.ar\\\/wp-content\\\/uploads\\\/2025\\\/02\\\/Imagen-de-WhatsApp-2025-02-24-a-las-20.09.34_c5668218.jpg\",\"contentUrl\":\"https:\\\/\\\/diariodelsurdigital.com.ar\\\/wp-content\\\/uploads\\\/2025\\\/02\\\/Imagen-de-WhatsApp-2025-02-24-a-las-20.09.34_c5668218.jpg\",\"width\":471,\"height\":374},{\"@type\":\"BreadcrumbList\",\"@id\":\"https:\\\/\\\/diariodelsurdigital.com.ar\\\/?p=1185#breadcrumb\",\"itemListElement\":[{\"@type\":\"ListItem\",\"position\":1,\"name\":\"Portada\",\"item\":\"https:\\\/\\\/diariodelsurdigital.com.ar\\\/\"},{\"@type\":\"ListItem\",\"position\":2,\"name\":\"Carnaval de Concordia 2025, \u00faltima noche, casi final\u2026\"}]},{\"@type\":\"WebSite\",\"@id\":\"https:\\\/\\\/diariodelsurdigital.com.ar\\\/#website\",\"url\":\"https:\\\/\\\/diariodelsurdigital.com.ar\\\/\",\"name\":\"Diario del Sur\",\"description\":\"Digital\",\"potentialAction\":[{\"@type\":\"SearchAction\",\"target\":{\"@type\":\"EntryPoint\",\"urlTemplate\":\"https:\\\/\\\/diariodelsurdigital.com.ar\\\/?s={search_term_string}\"},\"query-input\":{\"@type\":\"PropertyValueSpecification\",\"valueRequired\":true,\"valueName\":\"search_term_string\"}}],\"inLanguage\":\"es\"},{\"@type\":\"Person\",\"@id\":\"https:\\\/\\\/diariodelsurdigital.com.ar\\\/#\\\/schema\\\/person\\\/6136a32571657f7dba980b88b04c5465\",\"name\":\"Diario del Sur Digital\",\"image\":{\"@type\":\"ImageObject\",\"inLanguage\":\"es\",\"@id\":\"https:\\\/\\\/secure.gravatar.com\\\/avatar\\\/4c29ceac98541dd42460b2474aaa5dd37594d6ce6cb3cf2c101d09b48ee287ba?s=96&d=mm&r=g\",\"url\":\"https:\\\/\\\/secure.gravatar.com\\\/avatar\\\/4c29ceac98541dd42460b2474aaa5dd37594d6ce6cb3cf2c101d09b48ee287ba?s=96&d=mm&r=g\",\"contentUrl\":\"https:\\\/\\\/secure.gravatar.com\\\/avatar\\\/4c29ceac98541dd42460b2474aaa5dd37594d6ce6cb3cf2c101d09b48ee287ba?s=96&d=mm&r=g\",\"caption\":\"Diario del Sur Digital\"},\"url\":\"https:\\\/\\\/diariodelsurdigital.com.ar\\\/?author=2\"}]}<\/script>\n<!-- \/ Yoast SEO plugin. -->","yoast_head_json":{"title":"Carnaval de Concordia 2025, \u00faltima noche, casi final\u2026 - Diario del Sur","robots":{"index":"index","follow":"follow","max-snippet":"max-snippet:-1","max-image-preview":"max-image-preview:large","max-video-preview":"max-video-preview:-1"},"canonical":"https:\/\/diariodelsurdigital.com.ar\/?p=1185","og_locale":"es_ES","og_type":"article","og_title":"Carnaval de Concordia 2025, \u00faltima noche, casi final\u2026 - Diario del Sur","og_description":"Por Tomas Ferrer (*) El mejor escenario: Tribunas llenas, y la \u00faltima pasada. Este s\u00e1bado, fue el \u00faltimo desfile de competencia del carnaval de Concordia, \u00faltima noche de convivencia carnavalera, donde otra vez el clima, en una jugada impecable, nos volvi\u00f3 a gambetear, nos embarr\u00f3 un poco la cancha, pero no m\u00e1s que eso, porque [&hellip;]","og_url":"https:\/\/diariodelsurdigital.com.ar\/?p=1185","og_site_name":"Diario del Sur","article_published_time":"2025-02-25T01:48:30+00:00","article_modified_time":"2025-02-25T01:48:31+00:00","og_image":[{"width":471,"height":374,"url":"https:\/\/diariodelsurdigital.com.ar\/wp-content\/uploads\/2025\/02\/Imagen-de-WhatsApp-2025-02-24-a-las-20.09.34_c5668218.jpg","type":"image\/jpeg"}],"author":"Diario del Sur Digital","twitter_card":"summary_large_image","twitter_misc":{"Escrito por":"Diario del Sur Digital","Tiempo de lectura":"5 minutos"},"schema":{"@context":"https:\/\/schema.org","@graph":[{"@type":"Article","@id":"https:\/\/diariodelsurdigital.com.ar\/?p=1185#article","isPartOf":{"@id":"https:\/\/diariodelsurdigital.com.ar\/?p=1185"},"author":{"name":"Diario del Sur Digital","@id":"https:\/\/diariodelsurdigital.com.ar\/#\/schema\/person\/6136a32571657f7dba980b88b04c5465"},"headline":"Carnaval de Concordia 2025, \u00faltima noche, casi final\u2026","datePublished":"2025-02-25T01:48:30+00:00","dateModified":"2025-02-25T01:48:31+00:00","mainEntityOfPage":{"@id":"https:\/\/diariodelsurdigital.com.ar\/?p=1185"},"wordCount":1000,"commentCount":0,"image":{"@id":"https:\/\/diariodelsurdigital.com.ar\/?p=1185#primaryimage"},"thumbnailUrl":"https:\/\/diariodelsurdigital.com.ar\/wp-content\/uploads\/2025\/02\/Imagen-de-WhatsApp-2025-02-24-a-las-20.09.34_c5668218.jpg","articleSection":["Locales"],"inLanguage":"es","potentialAction":[{"@type":"CommentAction","name":"Comment","target":["https:\/\/diariodelsurdigital.com.ar\/?p=1185#respond"]}]},{"@type":"WebPage","@id":"https:\/\/diariodelsurdigital.com.ar\/?p=1185","url":"https:\/\/diariodelsurdigital.com.ar\/?p=1185","name":"Carnaval de Concordia 2025, \u00faltima noche, casi final\u2026 - Diario del Sur","isPartOf":{"@id":"https:\/\/diariodelsurdigital.com.ar\/#website"},"primaryImageOfPage":{"@id":"https:\/\/diariodelsurdigital.com.ar\/?p=1185#primaryimage"},"image":{"@id":"https:\/\/diariodelsurdigital.com.ar\/?p=1185#primaryimage"},"thumbnailUrl":"https:\/\/diariodelsurdigital.com.ar\/wp-content\/uploads\/2025\/02\/Imagen-de-WhatsApp-2025-02-24-a-las-20.09.34_c5668218.jpg","datePublished":"2025-02-25T01:48:30+00:00","dateModified":"2025-02-25T01:48:31+00:00","author":{"@id":"https:\/\/diariodelsurdigital.com.ar\/#\/schema\/person\/6136a32571657f7dba980b88b04c5465"},"breadcrumb":{"@id":"https:\/\/diariodelsurdigital.com.ar\/?p=1185#breadcrumb"},"inLanguage":"es","potentialAction":[{"@type":"ReadAction","target":["https:\/\/diariodelsurdigital.com.ar\/?p=1185"]}]},{"@type":"ImageObject","inLanguage":"es","@id":"https:\/\/diariodelsurdigital.com.ar\/?p=1185#primaryimage","url":"https:\/\/diariodelsurdigital.com.ar\/wp-content\/uploads\/2025\/02\/Imagen-de-WhatsApp-2025-02-24-a-las-20.09.34_c5668218.jpg","contentUrl":"https:\/\/diariodelsurdigital.com.ar\/wp-content\/uploads\/2025\/02\/Imagen-de-WhatsApp-2025-02-24-a-las-20.09.34_c5668218.jpg","width":471,"height":374},{"@type":"BreadcrumbList","@id":"https:\/\/diariodelsurdigital.com.ar\/?p=1185#breadcrumb","itemListElement":[{"@type":"ListItem","position":1,"name":"Portada","item":"https:\/\/diariodelsurdigital.com.ar\/"},{"@type":"ListItem","position":2,"name":"Carnaval de Concordia 2025, \u00faltima noche, casi final\u2026"}]},{"@type":"WebSite","@id":"https:\/\/diariodelsurdigital.com.ar\/#website","url":"https:\/\/diariodelsurdigital.com.ar\/","name":"Diario del Sur","description":"Digital","potentialAction":[{"@type":"SearchAction","target":{"@type":"EntryPoint","urlTemplate":"https:\/\/diariodelsurdigital.com.ar\/?s={search_term_string}"},"query-input":{"@type":"PropertyValueSpecification","valueRequired":true,"valueName":"search_term_string"}}],"inLanguage":"es"},{"@type":"Person","@id":"https:\/\/diariodelsurdigital.com.ar\/#\/schema\/person\/6136a32571657f7dba980b88b04c5465","name":"Diario del Sur Digital","image":{"@type":"ImageObject","inLanguage":"es","@id":"https:\/\/secure.gravatar.com\/avatar\/4c29ceac98541dd42460b2474aaa5dd37594d6ce6cb3cf2c101d09b48ee287ba?s=96&d=mm&r=g","url":"https:\/\/secure.gravatar.com\/avatar\/4c29ceac98541dd42460b2474aaa5dd37594d6ce6cb3cf2c101d09b48ee287ba?s=96&d=mm&r=g","contentUrl":"https:\/\/secure.gravatar.com\/avatar\/4c29ceac98541dd42460b2474aaa5dd37594d6ce6cb3cf2c101d09b48ee287ba?s=96&d=mm&r=g","caption":"Diario del Sur Digital"},"url":"https:\/\/diariodelsurdigital.com.ar\/?author=2"}]}},"_links":{"self":[{"href":"https:\/\/diariodelsurdigital.com.ar\/index.php?rest_route=\/wp\/v2\/posts\/1185","targetHints":{"allow":["GET"]}}],"collection":[{"href":"https:\/\/diariodelsurdigital.com.ar\/index.php?rest_route=\/wp\/v2\/posts"}],"about":[{"href":"https:\/\/diariodelsurdigital.com.ar\/index.php?rest_route=\/wp\/v2\/types\/post"}],"author":[{"embeddable":true,"href":"https:\/\/diariodelsurdigital.com.ar\/index.php?rest_route=\/wp\/v2\/users\/2"}],"replies":[{"embeddable":true,"href":"https:\/\/diariodelsurdigital.com.ar\/index.php?rest_route=%2Fwp%2Fv2%2Fcomments&post=1185"}],"version-history":[{"count":1,"href":"https:\/\/diariodelsurdigital.com.ar\/index.php?rest_route=\/wp\/v2\/posts\/1185\/revisions"}],"predecessor-version":[{"id":1189,"href":"https:\/\/diariodelsurdigital.com.ar\/index.php?rest_route=\/wp\/v2\/posts\/1185\/revisions\/1189"}],"wp:featuredmedia":[{"embeddable":true,"href":"https:\/\/diariodelsurdigital.com.ar\/index.php?rest_route=\/wp\/v2\/media\/1186"}],"wp:attachment":[{"href":"https:\/\/diariodelsurdigital.com.ar\/index.php?rest_route=%2Fwp%2Fv2%2Fmedia&parent=1185"}],"wp:term":[{"taxonomy":"category","embeddable":true,"href":"https:\/\/diariodelsurdigital.com.ar\/index.php?rest_route=%2Fwp%2Fv2%2Fcategories&post=1185"},{"taxonomy":"post_tag","embeddable":true,"href":"https:\/\/diariodelsurdigital.com.ar\/index.php?rest_route=%2Fwp%2Fv2%2Ftags&post=1185"}],"curies":[{"name":"wp","href":"https:\/\/api.w.org\/{rel}","templated":true}]}}