{"id":1191,"date":"2025-02-25T14:53:21","date_gmt":"2025-02-25T17:53:21","guid":{"rendered":"https:\/\/diariodelsurdigital.com.ar\/?p=1191"},"modified":"2025-02-25T14:53:22","modified_gmt":"2025-02-25T17:53:22","slug":"entre-rios-suspende-el-aumento-en-la-tarifa-electrica-hasta-abril","status":"publish","type":"post","link":"https:\/\/diariodelsurdigital.com.ar\/?p=1191","title":{"rendered":"Entre R\u00edos suspende el aumento en la tarifa el\u00e9ctrica hasta abril"},"content":{"rendered":"\n<p>El Ente Provincial Regulador de la Energ\u00eda (EPRE) de Entre R\u00edos emiti\u00f3 una reoluci\u00f3n que dej\u00f3 sin efecto los incrementos en la tarifa el\u00e9ctrica previstos para el trimestre febrero-abril de 2025, supo APFDigital. La medida responde a la decisi\u00f3n de la Secretar\u00eda de Energ\u00eda de la Provincia, que dispuso la suspensi\u00f3n transitoria del traslado de aumentos a los usuarios finales.<\/p>\n\n\n\n<p>Seg\u00fan el documento, \u201cse establece como cuadro tarifario que deber\u00e1n aplicar las distribuidoras del servicio p\u00fablico de distribuci\u00f3n de energ\u00eda el\u00e9ctrica de la Provincia de Entre R\u00edos, para los meses de febrero, marzo y abril del a\u00f1o 2025, el aprobado oportunamente por Resoluci\u00f3n EPRE N\u00b0 215 del 4 de noviembre de 2024\u201d.<\/p>\n\n\n\n<p>De esta manera, se mantendr\u00e1n los valores tarifarios anteriores, evitando as\u00ed el impacto de los aumentos en el costo mayorista de la energ\u00eda y la reducci\u00f3n de subsidios dispuesta por el Gobierno Nacional. La medida beneficiar\u00e1 especialmente a los hogares categorizados en los niveles 2 y 3 del Registro de Acceso a los Subsidios Energ\u00e9ticos (RASE), es decir, aquellos con bajos y medianos ingresos.<\/p>\n\n\n\n<p>La Resoluci\u00f3n N\u00b0 30\/25 fue emitida en el Bolet\u00edn Oficial N\u00ba 28.044, al que esta Agencia accedi\u00f3.<\/p>\n\n\n\n<p>En este sentido, el interventor del EPRE, Juan Domingo Zacar\u00edas, se\u00f1al\u00f3 que la decisi\u00f3n responde a la necesidad de proteger a los usuarios en un contexto de aumento de costos: \u201cAnte la resoluci\u00f3n de la Secretar\u00eda de Energ\u00eda de la provincia, corresponde dictar la presente norma legal, dejando sin efecto la Resoluci\u00f3n EPRE N\u00b0 27\/25 y restableciendo la vigencia del anterior cuadro tarifario\u201d.<\/p>\n\n\n\n<p>Asimismo, el EPRE instruy\u00f3 a las empresas distribuidoras a aplicar el cuadro tarifario vigente previo a los aumentos y estableci\u00f3 mecanismos de compensaci\u00f3n para estas por la diferencia de costos. \u201cLa Secretar\u00eda de Energ\u00eda de Entre R\u00edos, en coordinaci\u00f3n con la Oficina Provincial de Presupuesto, deber\u00e1 adoptar las medidas necesarias a los fines de restituir o compensar a las distribuidoras el\u00e9ctricas de la provincia toda diferencia entre el costo abonado y el que hab\u00eda dispuesto el Gobierno Nacional\u201d, indica la resoluci\u00f3n.<\/p>\n\n\n\n<p>La medida ya fue comunicada a las distribuidoras y publicada en el Bolet\u00edn Oficial. Con esta decisi\u00f3n, el gobierno provincial busca mitigar el impacto econ\u00f3mico de los aumentos en la energ\u00eda el\u00e9ctrica en los sectores m\u00e1s vulnerables, al menos hasta el 30 de abril de 2025.<\/p>\n","protected":false},"excerpt":{"rendered":"<p>El Ente Provincial Regulador de la Energ\u00eda (EPRE) de Entre R\u00edos emiti\u00f3 una reoluci\u00f3n que dej\u00f3 sin efecto los incrementos en la tarifa el\u00e9ctrica previstos para el trimestre febrero-abril de 2025, supo APFDigital. La medida responde a la decisi\u00f3n de la Secretar\u00eda de Energ\u00eda de la Provincia, que dispuso la suspensi\u00f3n transitoria del traslado de [&hellip;]<\/p>\n","protected":false},"author":4,"featured_media":1192,"comment_status":"open","ping_status":"open","sticky":false,"template":"","format":"standard","meta":{"footnotes":""},"categories":[17],"tags":[],"class_list":{"0":"post-1191","1":"post","2":"type-post","3":"status-publish","4":"format-standard","5":"has-post-thumbnail","7":"category-provinciales"},"yoast_head":"<!-- This site is optimized with the Yoast SEO plugin v27.4 - https:\/\/yoast.com\/product\/yoast-seo-wordpress\/ -->\n<title>Entre R\u00edos suspende el aumento en la tarifa el\u00e9ctrica hasta abril - Diario del Sur<\/title>\n<meta name=\"robots\" content=\"index, follow, max-snippet:-1, max-image-preview:large, max-video-preview:-1\" \/>\n<link rel=\"canonical\" href=\"https:\/\/diariodelsurdigital.com.ar\/?p=1191\" \/>\n<meta property=\"og:locale\" content=\"es_ES\" \/>\n<meta property=\"og:type\" content=\"article\" \/>\n<meta property=\"og:title\" content=\"Entre R\u00edos suspende el aumento en la tarifa el\u00e9ctrica hasta abril - Diario del Sur\" \/>\n<meta property=\"og:description\" content=\"El Ente Provincial Regulador de la Energ\u00eda (EPRE) de Entre R\u00edos emiti\u00f3 una reoluci\u00f3n que dej\u00f3 sin efecto los incrementos en la tarifa el\u00e9ctrica previstos para el trimestre febrero-abril de 2025, supo APFDigital. La medida responde a la decisi\u00f3n de la Secretar\u00eda de Energ\u00eda de la Provincia, que dispuso la suspensi\u00f3n transitoria del traslado de [&hellip;]\" \/>\n<meta property=\"og:url\" content=\"https:\/\/diariodelsurdigital.com.ar\/?p=1191\" \/>\n<meta property=\"og:site_name\" content=\"Diario del Sur\" \/>\n<meta property=\"article:published_time\" content=\"2025-02-25T17:53:21+00:00\" \/>\n<meta property=\"article:modified_time\" content=\"2025-02-25T17:53:22+00:00\" \/>\n<meta property=\"og:image\" content=\"https:\/\/diariodelsurdigital.com.ar\/wp-content\/uploads\/2025\/02\/md-8.webp\" \/>\n\t<meta property=\"og:image:width\" content=\"992\" \/>\n\t<meta property=\"og:image:height\" content=\"559\" \/>\n\t<meta property=\"og:image:type\" content=\"image\/webp\" \/>\n<meta name=\"author\" content=\"Diario del Sur Digital\" \/>\n<meta name=\"twitter:card\" content=\"summary_large_image\" \/>\n<meta name=\"twitter:label1\" content=\"Escrito por\" \/>\n\t<meta name=\"twitter:data1\" content=\"Diario del Sur Digital\" \/>\n\t<meta name=\"twitter:label2\" content=\"Tiempo de lectura\" \/>\n\t<meta name=\"twitter:data2\" content=\"2 minutos\" \/>\n<script type=\"application\/ld+json\" class=\"yoast-schema-graph\">{\"@context\":\"https:\\\/\\\/schema.org\",\"@graph\":[{\"@type\":\"Article\",\"@id\":\"https:\\\/\\\/diariodelsurdigital.com.ar\\\/?p=1191#article\",\"isPartOf\":{\"@id\":\"https:\\\/\\\/diariodelsurdigital.com.ar\\\/?p=1191\"},\"author\":{\"name\":\"Diario del Sur Digital\",\"@id\":\"https:\\\/\\\/diariodelsurdigital.com.ar\\\/#\\\/schema\\\/person\\\/1a4992532ed62965c968031b49195c81\"},\"headline\":\"Entre R\u00edos suspende el aumento en la tarifa el\u00e9ctrica hasta abril\",\"datePublished\":\"2025-02-25T17:53:21+00:00\",\"dateModified\":\"2025-02-25T17:53:22+00:00\",\"mainEntityOfPage\":{\"@id\":\"https:\\\/\\\/diariodelsurdigital.com.ar\\\/?p=1191\"},\"wordCount\":428,\"commentCount\":0,\"image\":{\"@id\":\"https:\\\/\\\/diariodelsurdigital.com.ar\\\/?p=1191#primaryimage\"},\"thumbnailUrl\":\"https:\\\/\\\/diariodelsurdigital.com.ar\\\/wp-content\\\/uploads\\\/2025\\\/02\\\/md-8.webp\",\"articleSection\":[\"Provinciales\"],\"inLanguage\":\"es\",\"potentialAction\":[{\"@type\":\"CommentAction\",\"name\":\"Comment\",\"target\":[\"https:\\\/\\\/diariodelsurdigital.com.ar\\\/?p=1191#respond\"]}]},{\"@type\":\"WebPage\",\"@id\":\"https:\\\/\\\/diariodelsurdigital.com.ar\\\/?p=1191\",\"url\":\"https:\\\/\\\/diariodelsurdigital.com.ar\\\/?p=1191\",\"name\":\"Entre R\u00edos suspende el aumento en la tarifa el\u00e9ctrica hasta abril - Diario del Sur\",\"isPartOf\":{\"@id\":\"https:\\\/\\\/diariodelsurdigital.com.ar\\\/#website\"},\"primaryImageOfPage\":{\"@id\":\"https:\\\/\\\/diariodelsurdigital.com.ar\\\/?p=1191#primaryimage\"},\"image\":{\"@id\":\"https:\\\/\\\/diariodelsurdigital.com.ar\\\/?p=1191#primaryimage\"},\"thumbnailUrl\":\"https:\\\/\\\/diariodelsurdigital.com.ar\\\/wp-content\\\/uploads\\\/2025\\\/02\\\/md-8.webp\",\"datePublished\":\"2025-02-25T17:53:21+00:00\",\"dateModified\":\"2025-02-25T17:53:22+00:00\",\"author\":{\"@id\":\"https:\\\/\\\/diariodelsurdigital.com.ar\\\/#\\\/schema\\\/person\\\/1a4992532ed62965c968031b49195c81\"},\"breadcrumb\":{\"@id\":\"https:\\\/\\\/diariodelsurdigital.com.ar\\\/?p=1191#breadcrumb\"},\"inLanguage\":\"es\",\"potentialAction\":[{\"@type\":\"ReadAction\",\"target\":[\"https:\\\/\\\/diariodelsurdigital.com.ar\\\/?p=1191\"]}]},{\"@type\":\"ImageObject\",\"inLanguage\":\"es\",\"@id\":\"https:\\\/\\\/diariodelsurdigital.com.ar\\\/?p=1191#primaryimage\",\"url\":\"https:\\\/\\\/diariodelsurdigital.com.ar\\\/wp-content\\\/uploads\\\/2025\\\/02\\\/md-8.webp\",\"contentUrl\":\"https:\\\/\\\/diariodelsurdigital.com.ar\\\/wp-content\\\/uploads\\\/2025\\\/02\\\/md-8.webp\",\"width\":992,\"height\":559},{\"@type\":\"BreadcrumbList\",\"@id\":\"https:\\\/\\\/diariodelsurdigital.com.ar\\\/?p=1191#breadcrumb\",\"itemListElement\":[{\"@type\":\"ListItem\",\"position\":1,\"name\":\"Portada\",\"item\":\"https:\\\/\\\/diariodelsurdigital.com.ar\\\/\"},{\"@type\":\"ListItem\",\"position\":2,\"name\":\"Entre R\u00edos suspende el aumento en la tarifa el\u00e9ctrica hasta abril\"}]},{\"@type\":\"WebSite\",\"@id\":\"https:\\\/\\\/diariodelsurdigital.com.ar\\\/#website\",\"url\":\"https:\\\/\\\/diariodelsurdigital.com.ar\\\/\",\"name\":\"Diario del Sur\",\"description\":\"Digital\",\"potentialAction\":[{\"@type\":\"SearchAction\",\"target\":{\"@type\":\"EntryPoint\",\"urlTemplate\":\"https:\\\/\\\/diariodelsurdigital.com.ar\\\/?s={search_term_string}\"},\"query-input\":{\"@type\":\"PropertyValueSpecification\",\"valueRequired\":true,\"valueName\":\"search_term_string\"}}],\"inLanguage\":\"es\"},{\"@type\":\"Person\",\"@id\":\"https:\\\/\\\/diariodelsurdigital.com.ar\\\/#\\\/schema\\\/person\\\/1a4992532ed62965c968031b49195c81\",\"name\":\"Diario del Sur Digital\",\"image\":{\"@type\":\"ImageObject\",\"inLanguage\":\"es\",\"@id\":\"https:\\\/\\\/secure.gravatar.com\\\/avatar\\\/f0c7c47fc7146d19828273b9b8eda651c9c7ab583767e6338d3d3bee825adf76?s=96&d=mm&r=g\",\"url\":\"https:\\\/\\\/secure.gravatar.com\\\/avatar\\\/f0c7c47fc7146d19828273b9b8eda651c9c7ab583767e6338d3d3bee825adf76?s=96&d=mm&r=g\",\"contentUrl\":\"https:\\\/\\\/secure.gravatar.com\\\/avatar\\\/f0c7c47fc7146d19828273b9b8eda651c9c7ab583767e6338d3d3bee825adf76?s=96&d=mm&r=g\",\"caption\":\"Diario del Sur Digital\"},\"url\":\"https:\\\/\\\/diariodelsurdigital.com.ar\\\/?author=4\"}]}<\/script>\n<!-- \/ Yoast SEO plugin. -->","yoast_head_json":{"title":"Entre R\u00edos suspende el aumento en la tarifa el\u00e9ctrica hasta abril - Diario del Sur","robots":{"index":"index","follow":"follow","max-snippet":"max-snippet:-1","max-image-preview":"max-image-preview:large","max-video-preview":"max-video-preview:-1"},"canonical":"https:\/\/diariodelsurdigital.com.ar\/?p=1191","og_locale":"es_ES","og_type":"article","og_title":"Entre R\u00edos suspende el aumento en la tarifa el\u00e9ctrica hasta abril - Diario del Sur","og_description":"El Ente Provincial Regulador de la Energ\u00eda (EPRE) de Entre R\u00edos emiti\u00f3 una reoluci\u00f3n que dej\u00f3 sin efecto los incrementos en la tarifa el\u00e9ctrica previstos para el trimestre febrero-abril de 2025, supo APFDigital. La medida responde a la decisi\u00f3n de la Secretar\u00eda de Energ\u00eda de la Provincia, que dispuso la suspensi\u00f3n transitoria del traslado de [&hellip;]","og_url":"https:\/\/diariodelsurdigital.com.ar\/?p=1191","og_site_name":"Diario del Sur","article_published_time":"2025-02-25T17:53:21+00:00","article_modified_time":"2025-02-25T17:53:22+00:00","og_image":[{"width":992,"height":559,"url":"https:\/\/diariodelsurdigital.com.ar\/wp-content\/uploads\/2025\/02\/md-8.webp","type":"image\/webp"}],"author":"Diario del Sur Digital","twitter_card":"summary_large_image","twitter_misc":{"Escrito por":"Diario del Sur Digital","Tiempo de lectura":"2 minutos"},"schema":{"@context":"https:\/\/schema.org","@graph":[{"@type":"Article","@id":"https:\/\/diariodelsurdigital.com.ar\/?p=1191#article","isPartOf":{"@id":"https:\/\/diariodelsurdigital.com.ar\/?p=1191"},"author":{"name":"Diario del Sur Digital","@id":"https:\/\/diariodelsurdigital.com.ar\/#\/schema\/person\/1a4992532ed62965c968031b49195c81"},"headline":"Entre R\u00edos suspende el aumento en la tarifa el\u00e9ctrica hasta abril","datePublished":"2025-02-25T17:53:21+00:00","dateModified":"2025-02-25T17:53:22+00:00","mainEntityOfPage":{"@id":"https:\/\/diariodelsurdigital.com.ar\/?p=1191"},"wordCount":428,"commentCount":0,"image":{"@id":"https:\/\/diariodelsurdigital.com.ar\/?p=1191#primaryimage"},"thumbnailUrl":"https:\/\/diariodelsurdigital.com.ar\/wp-content\/uploads\/2025\/02\/md-8.webp","articleSection":["Provinciales"],"inLanguage":"es","potentialAction":[{"@type":"CommentAction","name":"Comment","target":["https:\/\/diariodelsurdigital.com.ar\/?p=1191#respond"]}]},{"@type":"WebPage","@id":"https:\/\/diariodelsurdigital.com.ar\/?p=1191","url":"https:\/\/diariodelsurdigital.com.ar\/?p=1191","name":"Entre R\u00edos suspende el aumento en la tarifa el\u00e9ctrica hasta abril - Diario del Sur","isPartOf":{"@id":"https:\/\/diariodelsurdigital.com.ar\/#website"},"primaryImageOfPage":{"@id":"https:\/\/diariodelsurdigital.com.ar\/?p=1191#primaryimage"},"image":{"@id":"https:\/\/diariodelsurdigital.com.ar\/?p=1191#primaryimage"},"thumbnailUrl":"https:\/\/diariodelsurdigital.com.ar\/wp-content\/uploads\/2025\/02\/md-8.webp","datePublished":"2025-02-25T17:53:21+00:00","dateModified":"2025-02-25T17:53:22+00:00","author":{"@id":"https:\/\/diariodelsurdigital.com.ar\/#\/schema\/person\/1a4992532ed62965c968031b49195c81"},"breadcrumb":{"@id":"https:\/\/diariodelsurdigital.com.ar\/?p=1191#breadcrumb"},"inLanguage":"es","potentialAction":[{"@type":"ReadAction","target":["https:\/\/diariodelsurdigital.com.ar\/?p=1191"]}]},{"@type":"ImageObject","inLanguage":"es","@id":"https:\/\/diariodelsurdigital.com.ar\/?p=1191#primaryimage","url":"https:\/\/diariodelsurdigital.com.ar\/wp-content\/uploads\/2025\/02\/md-8.webp","contentUrl":"https:\/\/diariodelsurdigital.com.ar\/wp-content\/uploads\/2025\/02\/md-8.webp","width":992,"height":559},{"@type":"BreadcrumbList","@id":"https:\/\/diariodelsurdigital.com.ar\/?p=1191#breadcrumb","itemListElement":[{"@type":"ListItem","position":1,"name":"Portada","item":"https:\/\/diariodelsurdigital.com.ar\/"},{"@type":"ListItem","position":2,"name":"Entre R\u00edos suspende el aumento en la tarifa el\u00e9ctrica hasta abril"}]},{"@type":"WebSite","@id":"https:\/\/diariodelsurdigital.com.ar\/#website","url":"https:\/\/diariodelsurdigital.com.ar\/","name":"Diario del Sur","description":"Digital","potentialAction":[{"@type":"SearchAction","target":{"@type":"EntryPoint","urlTemplate":"https:\/\/diariodelsurdigital.com.ar\/?s={search_term_string}"},"query-input":{"@type":"PropertyValueSpecification","valueRequired":true,"valueName":"search_term_string"}}],"inLanguage":"es"},{"@type":"Person","@id":"https:\/\/diariodelsurdigital.com.ar\/#\/schema\/person\/1a4992532ed62965c968031b49195c81","name":"Diario del Sur Digital","image":{"@type":"ImageObject","inLanguage":"es","@id":"https:\/\/secure.gravatar.com\/avatar\/f0c7c47fc7146d19828273b9b8eda651c9c7ab583767e6338d3d3bee825adf76?s=96&d=mm&r=g","url":"https:\/\/secure.gravatar.com\/avatar\/f0c7c47fc7146d19828273b9b8eda651c9c7ab583767e6338d3d3bee825adf76?s=96&d=mm&r=g","contentUrl":"https:\/\/secure.gravatar.com\/avatar\/f0c7c47fc7146d19828273b9b8eda651c9c7ab583767e6338d3d3bee825adf76?s=96&d=mm&r=g","caption":"Diario del Sur Digital"},"url":"https:\/\/diariodelsurdigital.com.ar\/?author=4"}]}},"_links":{"self":[{"href":"https:\/\/diariodelsurdigital.com.ar\/index.php?rest_route=\/wp\/v2\/posts\/1191","targetHints":{"allow":["GET"]}}],"collection":[{"href":"https:\/\/diariodelsurdigital.com.ar\/index.php?rest_route=\/wp\/v2\/posts"}],"about":[{"href":"https:\/\/diariodelsurdigital.com.ar\/index.php?rest_route=\/wp\/v2\/types\/post"}],"author":[{"embeddable":true,"href":"https:\/\/diariodelsurdigital.com.ar\/index.php?rest_route=\/wp\/v2\/users\/4"}],"replies":[{"embeddable":true,"href":"https:\/\/diariodelsurdigital.com.ar\/index.php?rest_route=%2Fwp%2Fv2%2Fcomments&post=1191"}],"version-history":[{"count":1,"href":"https:\/\/diariodelsurdigital.com.ar\/index.php?rest_route=\/wp\/v2\/posts\/1191\/revisions"}],"predecessor-version":[{"id":1193,"href":"https:\/\/diariodelsurdigital.com.ar\/index.php?rest_route=\/wp\/v2\/posts\/1191\/revisions\/1193"}],"wp:featuredmedia":[{"embeddable":true,"href":"https:\/\/diariodelsurdigital.com.ar\/index.php?rest_route=\/wp\/v2\/media\/1192"}],"wp:attachment":[{"href":"https:\/\/diariodelsurdigital.com.ar\/index.php?rest_route=%2Fwp%2Fv2%2Fmedia&parent=1191"}],"wp:term":[{"taxonomy":"category","embeddable":true,"href":"https:\/\/diariodelsurdigital.com.ar\/index.php?rest_route=%2Fwp%2Fv2%2Fcategories&post=1191"},{"taxonomy":"post_tag","embeddable":true,"href":"https:\/\/diariodelsurdigital.com.ar\/index.php?rest_route=%2Fwp%2Fv2%2Ftags&post=1191"}],"curies":[{"name":"wp","href":"https:\/\/api.w.org\/{rel}","templated":true}]}}